{"id":8651,"date":"2025-05-10T21:31:46","date_gmt":"2025-05-10T19:31:46","guid":{"rendered":"https:\/\/sarmacjabedzin.pl\/?p=8651"},"modified":"2025-05-10T21:31:46","modified_gmt":"2025-05-10T19:31:46","slug":"derby-dla-sarmacji","status":"publish","type":"post","link":"https:\/\/sarmacjabedzin.pl\/index.php\/2025\/05\/10\/derby-dla-sarmacji\/","title":{"rendered":"Derby dla Sarmacji!"},"content":{"rendered":"<p class=\"\" data-start=\"219\" data-end=\"562\">Dnia 10.05.2025 roku o godz. 17:00 pi\u0142karze Sarmacji B\u0119dzin w kolejnym meczu ligowym zmierzyli si\u0119 na wyje\u017adzie w \u201eDerbach B\u0119dzina\u201d z dru\u017cyn\u0105 SKS \u0141agisza. Gospodarze po 23 kolejkach z dorobkiem 15 punkt\u00f3w zajmowali ostatnie miejsce w tabeli, natomiast b\u0119dzinianie po 22 kolejkach plasowali si\u0119 na 9 miejscu, gromadz\u0105c na swoim koncie 32 oczka.<\/p>\n<p class=\"\" data-start=\"564\" data-end=\"881\">W ostatniej kolejce SKS \u0141agisza na wyje\u017adzie uleg\u0142a dru\u017cynie Jastrz\u0105b Bielszowice 0:1, a Sarmaci przed w\u0142asn\u0105 publiczno\u015bci\u0105 ulegli liderowi GKS II Katowice 0:2. W rundzie jesiennej Sarmaci na w\u0142asnym stadionie pokonali SKS \u0141agisz\u0119 3:1 (0:0). Gole dla b\u0119dzinian zdobyli: \u0141ukasz \u017bmuda, \u0141ukasz Ignalski oraz Karol G\u00f3ral.<\/p>\n<p class=\"\" data-start=\"883\" data-end=\"1404\">Po ostatnich dw\u00f3ch pora\u017ckach Sarmaci starali si\u0119 prze\u0142ama\u0107. Pierwsze zagro\u017cenie pod bramk\u0105 gospodarzy uda\u0142o si\u0119 b\u0119dzinianom stworzy\u0107 w 6. minucie. Wtedy to pi\u0142ka, po g\u0142\u00f3wce Dylana Carballo, a nast\u0119pnie Karola G\u00f3rala, min\u0119\u0142a \u015bwiat\u0142o bramki miejscowych. Przez kolejne d\u0142ugie minuty futbol\u00f3wka przewa\u017cnie kr\u0105\u017cy\u0142a w \u015brodkowej strefie boiska. \u017badnej z dru\u017cyn nie uda\u0142o si\u0119 przeprowadzi\u0107 skutecznej akcji podbramkowej. Dopiero w 32. minucie pi\u0142ka, po g\u0142\u00f3wce, tym razem zawodnika \u0142agiszan, poszybowa\u0142a daleko obok naszej bramki.<\/p>\n<p class=\"\" data-start=\"1406\" data-end=\"1936\">Chwil\u0119 potem Karol G\u00f3ral pr\u00f3bowa\u0142 z rzutu wolnego zaskoczy\u0107 golkipera gospodarzy. Ten jednak by\u0142 na posterunku, wy\u0142apuj\u0105c futbol\u00f3wk\u0119. W 41. minucie Dylan Carballo popisa\u0142 si\u0119 ciekawym podaniem do Karola G\u00f3rala. Niestety ten w ostatniej chwili zosta\u0142 uprzedzony przez golkipera SKS. Dwie minuty potem, po drugiej stronie boiska Rafa\u0142 Dawid zdo\u0142a\u0142 wybroni\u0107 strza\u0142 zza pola karnego. Chwil\u0119 potem Sarmaci odpowiedzieli tym samym \u2013 tym razem strza\u0142 Karola G\u00f3rala zdo\u0142a\u0142 wybroni\u0107 bramkarz miejscowych. Do przerwy pad\u0142 bezbramkowy remis.<\/p>\n<p class=\"\" data-start=\"1938\" data-end=\"2419\">R\u00f3\u017cnica dziel\u0105ca obie dru\u017cyny w tabeli by\u0142a niezauwa\u017calna. Broni\u0105cy si\u0119 przed spadkiem \u0142agiszanie skutecznie przeciwstawili si\u0119 podopiecznym trenera Micha\u0142a Pluty. W drugiej po\u0142owie gra go\u015bci wygl\u0105da\u0142a ju\u017c zdecydowanie lepiej. Ju\u017c w 46. minucie pi\u0142ka po strzale Dylana Carballo poszybowa\u0142a nad bramk\u0105 rywala. Trzy minuty potem Maciej Widurski zmusi\u0142 golkipera gospodarzy do sporego wysi\u0142ku. Ten jednak nie da\u0142 si\u0119 zaskoczy\u0107. W 58. minucie Rafa\u0142 Dawid wybroni\u0142 strza\u0142 zawodnika SKS.<\/p>\n<p class=\"\" data-start=\"2421\" data-end=\"2927\">W 63. minucie, zaledwie po trzech minutach przebywania na boisku, Piotr Samborski da\u0142 naszej dru\u017cynie prowadzenie. Pi\u0142ka po jego uderzeniu z dystansu wyl\u0105dowa\u0142a w siatce miejscowych. Strata gola sporo kosztowa\u0142a \u0142agiszan, kt\u00f3rzy zaledwie dwie minuty potem przegrywali ju\u017c 0:2. Tym razem zaskakuj\u0105cym strza\u0142em w polu karnym gospodarzy popisa\u0142 si\u0119 Jakub Kulesza. Maj\u0105cy dwa gole przewagi przyjezdni nastawieni byli ju\u017c na szybkie kontry. Niestety mimo kilku dogodnych okazji w ko\u0144c\u00f3wce brakowa\u0142o wyko\u0144czenia.<\/p>\n<p class=\"\" data-start=\"2929\" data-end=\"3371\">Ostatecznie kolejne \u201eDerby B\u0119dzina\u201d zn\u00f3w zako\u0144czy\u0142y si\u0119 zwyci\u0119stwem Sarmacji. Tym razem 2:0 (0:0). Mecz jak przysta\u0142o na derby, obfitowa\u0142 w szybk\u0105 i ostr\u0105 gr\u0119. Nikt nie odk\u0142ada\u0142 nogi z obu stron. Broni\u0105cy si\u0119 przed spadkiem miejscowi w\u0142o\u017cyli sporo wysi\u0142ku, by powalczy\u0107 o bezcenne dla nich punkty. Jednak to Sarmaci, mimo s\u0142abszej pierwszej po\u0142owy, ostatecznie swoj\u0105 determinacj\u0105 zdo\u0142ali prze\u0142ama\u0107 swoj\u0105 niemoc, odnosz\u0105c zas\u0142u\u017cone zwyci\u0119stwo.<\/p>\n<p class=\"\" data-start=\"3373\" data-end=\"3663\">Z ko\u0144cowego wyniku m\u00f3g\u0142 by\u0107 zadowolony trener b\u0119dzinian Micha\u0142 Pluta, kt\u00f3ry tego dnia obchodzi\u0142 swoje urodziny. Prezent, jaki mu sprawili jego podopieczni w postaci zwyci\u0119stwa, da\u0142 nam awans na 7 miejsce w tabeli. Naszemu szkoleniowcowi \u017cyczymy du\u017co zdrowia oraz samych sukces\u00f3w sportowych.<\/p>\n<p class=\"\" data-start=\"3665\" data-end=\"3845\">Ju\u017c w najbli\u017csz\u0105 \u015brod\u0119, 14 maja, Sarmaci rozegraj\u0105 zaleg\u0142y mecz z dru\u017cyn\u0105 G\u00f3rnika Wojkowice. B\u0119dzie to kolejny ci\u0119\u017cki sprawdzian. Liczymy, \u017ce i on przyniesie nam sporo zadowolenia.<\/p>\n<h3 data-start=\"3665\" data-end=\"3845\"><strong data-start=\"3852\" data-end=\"3895\">SKS \u0141agisza \u2013 Sarmacja B\u0119dzin 0:2 (0:0)<\/strong><\/h3>\n<p class=\"\" data-start=\"3665\" data-end=\"3845\"><strong data-start=\"3898\" data-end=\"3909\">Bramki:<\/strong><br data-start=\"3909\" data-end=\"3912\" \/>60&#8242; Samborski<br data-start=\"3925\" data-end=\"3928\" \/>63&#8242; Kulesza<\/p>\n<p class=\"\" data-start=\"3943\" data-end=\"3988\"><strong data-start=\"3943\" data-end=\"3960\">\u017b\u00f3\u0142te kartki:<\/strong><br data-start=\"3960\" data-end=\"3963\" \/>14&#8242; Sych<br data-start=\"3971\" data-end=\"3974\" \/>49&#8242; Carballo<\/p>\n<p class=\"\" data-start=\"3990\" data-end=\"4184\"><strong data-start=\"3990\" data-end=\"4010\">Sarmacja B\u0119dzin:<\/strong> Dawid \u2013 Habrat, Wnuk, Szumski, Sych (60&#8242; Machado), Rumi\u0144ski, Kulesza, \u017bmuda (60&#8242; Ugochukwu), Widurski (75&#8242; Koster), G\u00f3ral, Carballo (60&#8242; Samborski).<\/p>\n<p class=\"\" data-start=\"3990\" data-end=\"4184\"><strong data-start=\"4157\" data-end=\"4168\">Trener:<\/strong> Micha\u0142 Pluta.<\/p>\n","protected":false},"excerpt":{"rendered":"<p>Dnia 10.05.2025 roku o godz. 17:00 pi\u0142karze Sarmacji B\u0119dzin w kolejnym meczu ligowym zmierzyli si\u0119 na wyje\u017adzie w \u201eDerbach B\u0119dzina\u201d z dru\u017cyn\u0105 SKS \u0141agisza. Gospodarze po 23 kolejkach z dorobkiem 15 punkt\u00f3w zajmowali ostatnie miejsce w tabeli, natomiast b\u0119dzinianie po 22 kolejkach plasowali si\u0119 na 9 miejscu, gromadz\u0105c na swoim koncie 32 oczka. W ostatniej&#8230;<\/p>\n","protected":false},"author":1,"featured_media":8648,"comment_status":"closed","ping_status":"closed","sticky":false,"template":"","format":"standard","meta":{"footnotes":""},"categories":[64],"tags":[],"class_list":["post-8651","post","type-post","status-publish","format-standard","has-post-thumbnail","hentry","category-soccer"],"yoast_head":"<!-- This site is optimized with the Yoast SEO plugin v25.8 - https:\/\/yoast.com\/wordpress\/plugins\/seo\/ -->\n<title>Derby dla Sarmacji! | BKS Sarmacja B\u0119dzin<\/title>\n<meta name=\"robots\" content=\"index, follow, max-snippet:-1, max-image-preview:large, max-video-preview:-1\" \/>\n<link rel=\"canonical\" href=\"https:\/\/sarmacjabedzin.pl\/index.php\/2025\/05\/10\/derby-dla-sarmacji\/\" \/>\n<meta property=\"og:locale\" content=\"pl_PL\" \/>\n<meta property=\"og:type\" content=\"article\" \/>\n<meta property=\"og:title\" content=\"Derby dla Sarmacji! | BKS Sarmacja B\u0119dzin\" \/>\n<meta property=\"og:description\" content=\"Dnia 10.05.2025 roku o godz. 17:00 pi\u0142karze Sarmacji B\u0119dzin w kolejnym meczu ligowym zmierzyli si\u0119 na wyje\u017adzie w \u201eDerbach B\u0119dzina\u201d z dru\u017cyn\u0105 SKS \u0141agisza. Gospodarze po 23 kolejkach z dorobkiem 15 punkt\u00f3w zajmowali ostatnie miejsce w tabeli, natomiast b\u0119dzinianie po 22 kolejkach plasowali si\u0119 na 9 miejscu, gromadz\u0105c na swoim koncie 32 oczka. W ostatniej...\" \/>\n<meta property=\"og:url\" content=\"https:\/\/sarmacjabedzin.pl\/index.php\/2025\/05\/10\/derby-dla-sarmacji\/\" \/>\n<meta property=\"og:site_name\" content=\"BKS Sarmacja B\u0119dzin\" \/>\n<meta property=\"article:publisher\" content=\"https:\/\/www.facebook.com\/SarmacjaBedzin\" \/>\n<meta property=\"article:published_time\" content=\"2025-05-10T19:31:46+00:00\" \/>\n<meta property=\"og:image\" content=\"https:\/\/sarmacjabedzin.pl\/wp-content\/uploads\/2025\/05\/SKS_Lagisza-scaled.jpg\" \/>\n\t<meta property=\"og:image:width\" content=\"2560\" \/>\n\t<meta property=\"og:image:height\" content=\"1702\" \/>\n\t<meta property=\"og:image:type\" content=\"image\/jpeg\" \/>\n<meta name=\"author\" content=\"tyrtak\" \/>\n<meta name=\"twitter:card\" content=\"summary_large_image\" \/>\n<meta name=\"twitter:label1\" content=\"Napisane przez\" \/>\n\t<meta name=\"twitter:data1\" content=\"tyrtak\" \/>\n\t<meta name=\"twitter:label2\" content=\"Szacowany czas czytania\" \/>\n\t<meta name=\"twitter:data2\" content=\"3 minuty\" \/>\n<script type=\"application\/ld+json\" class=\"yoast-schema-graph\">{\"@context\":\"https:\/\/schema.org\",\"@graph\":[{\"@type\":\"WebPage\",\"@id\":\"https:\/\/sarmacjabedzin.pl\/index.php\/2025\/05\/10\/derby-dla-sarmacji\/\",\"url\":\"https:\/\/sarmacjabedzin.pl\/index.php\/2025\/05\/10\/derby-dla-sarmacji\/\",\"name\":\"Derby dla Sarmacji! | BKS Sarmacja B\u0119dzin\",\"isPartOf\":{\"@id\":\"https:\/\/sarmacjabedzin.pl\/#website\"},\"primaryImageOfPage\":{\"@id\":\"https:\/\/sarmacjabedzin.pl\/index.php\/2025\/05\/10\/derby-dla-sarmacji\/#primaryimage\"},\"image\":{\"@id\":\"https:\/\/sarmacjabedzin.pl\/index.php\/2025\/05\/10\/derby-dla-sarmacji\/#primaryimage\"},\"thumbnailUrl\":\"https:\/\/sarmacjabedzin.pl\/wp-content\/uploads\/2025\/05\/SKS_Lagisza-scaled.jpg\",\"datePublished\":\"2025-05-10T19:31:46+00:00\",\"author\":{\"@id\":\"https:\/\/sarmacjabedzin.pl\/#\/schema\/person\/5417ea7b03bcd9adf58298a2265ce03a\"},\"breadcrumb\":{\"@id\":\"https:\/\/sarmacjabedzin.pl\/index.php\/2025\/05\/10\/derby-dla-sarmacji\/#breadcrumb\"},\"inLanguage\":\"pl-PL\",\"potentialAction\":[{\"@type\":\"ReadAction\",\"target\":[\"https:\/\/sarmacjabedzin.pl\/index.php\/2025\/05\/10\/derby-dla-sarmacji\/\"]}]},{\"@type\":\"ImageObject\",\"inLanguage\":\"pl-PL\",\"@id\":\"https:\/\/sarmacjabedzin.pl\/index.php\/2025\/05\/10\/derby-dla-sarmacji\/#primaryimage\",\"url\":\"https:\/\/sarmacjabedzin.pl\/wp-content\/uploads\/2025\/05\/SKS_Lagisza-scaled.jpg\",\"contentUrl\":\"https:\/\/sarmacjabedzin.pl\/wp-content\/uploads\/2025\/05\/SKS_Lagisza-scaled.jpg\",\"width\":2560,\"height\":1702},{\"@type\":\"BreadcrumbList\",\"@id\":\"https:\/\/sarmacjabedzin.pl\/index.php\/2025\/05\/10\/derby-dla-sarmacji\/#breadcrumb\",\"itemListElement\":[{\"@type\":\"ListItem\",\"position\":1,\"name\":\"Strona g\u0142\u00f3wna\",\"item\":\"https:\/\/sarmacjabedzin.pl\/\"},{\"@type\":\"ListItem\",\"position\":2,\"name\":\"Derby dla Sarmacji!\"}]},{\"@type\":\"WebSite\",\"@id\":\"https:\/\/sarmacjabedzin.pl\/#website\",\"url\":\"https:\/\/sarmacjabedzin.pl\/\",\"name\":\"BKS Sarmacja B\u0119dzin \u2013 Nieoficjalny serwis\",\"description\":\"Nieoficjalny serwis B\u0119dzi\u0144skiego Klubu Sportowego &quot;Sarmacja&quot;\",\"potentialAction\":[{\"@type\":\"SearchAction\",\"target\":{\"@type\":\"EntryPoint\",\"urlTemplate\":\"https:\/\/sarmacjabedzin.pl\/?s={search_term_string}\"},\"query-input\":{\"@type\":\"PropertyValueSpecification\",\"valueRequired\":true,\"valueName\":\"search_term_string\"}}],\"inLanguage\":\"pl-PL\"},{\"@type\":\"Person\",\"@id\":\"https:\/\/sarmacjabedzin.pl\/#\/schema\/person\/5417ea7b03bcd9adf58298a2265ce03a\",\"name\":\"tyrtak\",\"image\":{\"@type\":\"ImageObject\",\"inLanguage\":\"pl-PL\",\"@id\":\"https:\/\/sarmacjabedzin.pl\/#\/schema\/person\/image\/\",\"url\":\"https:\/\/secure.gravatar.com\/avatar\/49b7734c6795cf524710e96813a9fedc1ae3816e479d92490236b4cfc47a5ae1?s=96&d=mm&r=g\",\"contentUrl\":\"https:\/\/secure.gravatar.com\/avatar\/49b7734c6795cf524710e96813a9fedc1ae3816e479d92490236b4cfc47a5ae1?s=96&d=mm&r=g\",\"caption\":\"tyrtak\"}}]}<\/script>\n<!-- \/ Yoast SEO plugin. -->","yoast_head_json":{"title":"Derby dla Sarmacji! | BKS Sarmacja B\u0119dzin","robots":{"index":"index","follow":"follow","max-snippet":"max-snippet:-1","max-image-preview":"max-image-preview:large","max-video-preview":"max-video-preview:-1"},"canonical":"https:\/\/sarmacjabedzin.pl\/index.php\/2025\/05\/10\/derby-dla-sarmacji\/","og_locale":"pl_PL","og_type":"article","og_title":"Derby dla Sarmacji! | BKS Sarmacja B\u0119dzin","og_description":"Dnia 10.05.2025 roku o godz. 17:00 pi\u0142karze Sarmacji B\u0119dzin w kolejnym meczu ligowym zmierzyli si\u0119 na wyje\u017adzie w \u201eDerbach B\u0119dzina\u201d z dru\u017cyn\u0105 SKS \u0141agisza. Gospodarze po 23 kolejkach z dorobkiem 15 punkt\u00f3w zajmowali ostatnie miejsce w tabeli, natomiast b\u0119dzinianie po 22 kolejkach plasowali si\u0119 na 9 miejscu, gromadz\u0105c na swoim koncie 32 oczka. W ostatniej...","og_url":"https:\/\/sarmacjabedzin.pl\/index.php\/2025\/05\/10\/derby-dla-sarmacji\/","og_site_name":"BKS Sarmacja B\u0119dzin","article_publisher":"https:\/\/www.facebook.com\/SarmacjaBedzin","article_published_time":"2025-05-10T19:31:46+00:00","og_image":[{"width":2560,"height":1702,"url":"https:\/\/sarmacjabedzin.pl\/wp-content\/uploads\/2025\/05\/SKS_Lagisza-scaled.jpg","type":"image\/jpeg"}],"author":"tyrtak","twitter_card":"summary_large_image","twitter_misc":{"Napisane przez":"tyrtak","Szacowany czas czytania":"3 minuty"},"schema":{"@context":"https:\/\/schema.org","@graph":[{"@type":"WebPage","@id":"https:\/\/sarmacjabedzin.pl\/index.php\/2025\/05\/10\/derby-dla-sarmacji\/","url":"https:\/\/sarmacjabedzin.pl\/index.php\/2025\/05\/10\/derby-dla-sarmacji\/","name":"Derby dla Sarmacji! | BKS Sarmacja B\u0119dzin","isPartOf":{"@id":"https:\/\/sarmacjabedzin.pl\/#website"},"primaryImageOfPage":{"@id":"https:\/\/sarmacjabedzin.pl\/index.php\/2025\/05\/10\/derby-dla-sarmacji\/#primaryimage"},"image":{"@id":"https:\/\/sarmacjabedzin.pl\/index.php\/2025\/05\/10\/derby-dla-sarmacji\/#primaryimage"},"thumbnailUrl":"https:\/\/sarmacjabedzin.pl\/wp-content\/uploads\/2025\/05\/SKS_Lagisza-scaled.jpg","datePublished":"2025-05-10T19:31:46+00:00","author":{"@id":"https:\/\/sarmacjabedzin.pl\/#\/schema\/person\/5417ea7b03bcd9adf58298a2265ce03a"},"breadcrumb":{"@id":"https:\/\/sarmacjabedzin.pl\/index.php\/2025\/05\/10\/derby-dla-sarmacji\/#breadcrumb"},"inLanguage":"pl-PL","potentialAction":[{"@type":"ReadAction","target":["https:\/\/sarmacjabedzin.pl\/index.php\/2025\/05\/10\/derby-dla-sarmacji\/"]}]},{"@type":"ImageObject","inLanguage":"pl-PL","@id":"https:\/\/sarmacjabedzin.pl\/index.php\/2025\/05\/10\/derby-dla-sarmacji\/#primaryimage","url":"https:\/\/sarmacjabedzin.pl\/wp-content\/uploads\/2025\/05\/SKS_Lagisza-scaled.jpg","contentUrl":"https:\/\/sarmacjabedzin.pl\/wp-content\/uploads\/2025\/05\/SKS_Lagisza-scaled.jpg","width":2560,"height":1702},{"@type":"BreadcrumbList","@id":"https:\/\/sarmacjabedzin.pl\/index.php\/2025\/05\/10\/derby-dla-sarmacji\/#breadcrumb","itemListElement":[{"@type":"ListItem","position":1,"name":"Strona g\u0142\u00f3wna","item":"https:\/\/sarmacjabedzin.pl\/"},{"@type":"ListItem","position":2,"name":"Derby dla Sarmacji!"}]},{"@type":"WebSite","@id":"https:\/\/sarmacjabedzin.pl\/#website","url":"https:\/\/sarmacjabedzin.pl\/","name":"BKS Sarmacja B\u0119dzin \u2013 Nieoficjalny serwis","description":"Nieoficjalny serwis B\u0119dzi\u0144skiego Klubu Sportowego &quot;Sarmacja&quot;","potentialAction":[{"@type":"SearchAction","target":{"@type":"EntryPoint","urlTemplate":"https:\/\/sarmacjabedzin.pl\/?s={search_term_string}"},"query-input":{"@type":"PropertyValueSpecification","valueRequired":true,"valueName":"search_term_string"}}],"inLanguage":"pl-PL"},{"@type":"Person","@id":"https:\/\/sarmacjabedzin.pl\/#\/schema\/person\/5417ea7b03bcd9adf58298a2265ce03a","name":"tyrtak","image":{"@type":"ImageObject","inLanguage":"pl-PL","@id":"https:\/\/sarmacjabedzin.pl\/#\/schema\/person\/image\/","url":"https:\/\/secure.gravatar.com\/avatar\/49b7734c6795cf524710e96813a9fedc1ae3816e479d92490236b4cfc47a5ae1?s=96&d=mm&r=g","contentUrl":"https:\/\/secure.gravatar.com\/avatar\/49b7734c6795cf524710e96813a9fedc1ae3816e479d92490236b4cfc47a5ae1?s=96&d=mm&r=g","caption":"tyrtak"}}]}},"rttpg_featured_image_url":{"full":["https:\/\/sarmacjabedzin.pl\/wp-content\/uploads\/2025\/05\/SKS_Lagisza-scaled.jpg",2560,1702,false],"landscape":["https:\/\/sarmacjabedzin.pl\/wp-content\/uploads\/2025\/05\/SKS_Lagisza-scaled.jpg",2560,1702,false],"portraits":["https:\/\/sarmacjabedzin.pl\/wp-content\/uploads\/2025\/05\/SKS_Lagisza-scaled.jpg",2560,1702,false],"thumbnail":["https:\/\/sarmacjabedzin.pl\/wp-content\/uploads\/2025\/05\/SKS_Lagisza-150x150.jpg",150,150,true],"medium":["https:\/\/sarmacjabedzin.pl\/wp-content\/uploads\/2025\/05\/SKS_Lagisza-300x199.jpg",300,199,true],"large":["https:\/\/sarmacjabedzin.pl\/wp-content\/uploads\/2025\/05\/SKS_Lagisza-1024x681.jpg",1024,681,true],"1536x1536":["https:\/\/sarmacjabedzin.pl\/wp-content\/uploads\/2025\/05\/SKS_Lagisza-1536x1021.jpg",1536,1021,true],"2048x2048":["https:\/\/sarmacjabedzin.pl\/wp-content\/uploads\/2025\/05\/SKS_Lagisza-2048x1362.jpg",2048,1362,true],"sportspress-crop-medium":["https:\/\/sarmacjabedzin.pl\/wp-content\/uploads\/2025\/05\/SKS_Lagisza-300x300.jpg",300,300,true],"sportspress-fit-medium":["https:\/\/sarmacjabedzin.pl\/wp-content\/uploads\/2025\/05\/SKS_Lagisza-300x199.jpg",300,199,true],"sportspress-fit-icon":["https:\/\/sarmacjabedzin.pl\/wp-content\/uploads\/2025\/05\/SKS_Lagisza-128x85.jpg",128,85,true],"sportspress-fit-mini":["https:\/\/sarmacjabedzin.pl\/wp-content\/uploads\/2025\/05\/SKS_Lagisza-32x21.jpg",32,21,true],"ultp_layout_landscape_large":["https:\/\/sarmacjabedzin.pl\/wp-content\/uploads\/2025\/05\/SKS_Lagisza-1200x800.jpg",1200,800,true],"ultp_layout_landscape":["https:\/\/sarmacjabedzin.pl\/wp-content\/uploads\/2025\/05\/SKS_Lagisza-870x570.jpg",870,570,true],"ultp_layout_portrait":["https:\/\/sarmacjabedzin.pl\/wp-content\/uploads\/2025\/05\/SKS_Lagisza-600x900.jpg",600,900,true],"ultp_layout_square":["https:\/\/sarmacjabedzin.pl\/wp-content\/uploads\/2025\/05\/SKS_Lagisza-600x600.jpg",600,600,true],"stm-1140-666":["https:\/\/sarmacjabedzin.pl\/wp-content\/uploads\/2025\/05\/SKS_Lagisza-1140x666.jpg",1140,666,true],"stm-1170-650":["https:\/\/sarmacjabedzin.pl\/wp-content\/uploads\/2025\/05\/SKS_Lagisza-1170x650.jpg",1170,650,true],"stm-570-350":["https:\/\/sarmacjabedzin.pl\/wp-content\/uploads\/2025\/05\/SKS_Lagisza-570x350.jpg",570,350,true],"stm-570-250":["https:\/\/sarmacjabedzin.pl\/wp-content\/uploads\/2025\/05\/SKS_Lagisza-570x250.jpg",570,250,true],"stm-270-370":["https:\/\/sarmacjabedzin.pl\/wp-content\/uploads\/2025\/05\/SKS_Lagisza-270x370.jpg",270,370,true],"stm-540-500":["https:\/\/sarmacjabedzin.pl\/wp-content\/uploads\/2025\/05\/SKS_Lagisza-540x500.jpg",540,500,true],"stm-270-530":["https:\/\/sarmacjabedzin.pl\/wp-content\/uploads\/2025\/05\/SKS_Lagisza-270x530.jpg",270,530,true],"stm-200-200":["https:\/\/sarmacjabedzin.pl\/wp-content\/uploads\/2025\/05\/SKS_Lagisza-200x200.jpg",200,200,true],"stm-85-105":["https:\/\/sarmacjabedzin.pl\/wp-content\/uploads\/2025\/05\/SKS_Lagisza-85x105.jpg",85,105,true],"stm-255-255":["https:\/\/sarmacjabedzin.pl\/wp-content\/uploads\/2025\/05\/SKS_Lagisza-255x255.jpg",255,255,true],"stm-360-240":["https:\/\/sarmacjabedzin.pl\/wp-content\/uploads\/2025\/05\/SKS_Lagisza-360x240.jpg",360,240,true],"stm-360-495":["https:\/\/sarmacjabedzin.pl\/wp-content\/uploads\/2025\/05\/SKS_Lagisza-360x495.jpg",360,495,true],"stm-445-400":["https:\/\/sarmacjabedzin.pl\/wp-content\/uploads\/2025\/05\/SKS_Lagisza-445x400.jpg",445,400,true],"stm-735-240":["https:\/\/sarmacjabedzin.pl\/wp-content\/uploads\/2025\/05\/SKS_Lagisza-735x240.jpg",735,240,true],"stm-255-183":["https:\/\/sarmacjabedzin.pl\/wp-content\/uploads\/2025\/05\/SKS_Lagisza-255x183.jpg",255,183,true],"stm-350-250":["https:\/\/sarmacjabedzin.pl\/wp-content\/uploads\/2025\/05\/SKS_Lagisza-350x250.jpg",350,250,true],"blog_list":["https:\/\/sarmacjabedzin.pl\/wp-content\/uploads\/2025\/05\/SKS_Lagisza-270x220.jpg",270,220,true],"blog_list_medium":["https:\/\/sarmacjabedzin.pl\/wp-content\/uploads\/2025\/05\/SKS_Lagisza-390x345.jpg",390,345,true],"gallery_thumbnail":["https:\/\/sarmacjabedzin.pl\/wp-content\/uploads\/2025\/05\/SKS_Lagisza-80x80.jpg",80,80,true],"gallery_image":["https:\/\/sarmacjabedzin.pl\/wp-content\/uploads\/2025\/05\/SKS_Lagisza-560x367.jpg",560,367,true],"gallery_image_mini":["https:\/\/sarmacjabedzin.pl\/wp-content\/uploads\/2025\/05\/SKS_Lagisza-143x116.jpg",143,116,true],"player_photo":["https:\/\/sarmacjabedzin.pl\/wp-content\/uploads\/2025\/05\/SKS_Lagisza-740x740.jpg",740,740,true],"team_logo":["https:\/\/sarmacjabedzin.pl\/wp-content\/uploads\/2025\/05\/SKS_Lagisza-98x65.jpg",98,65,true],"player_stat_ava":["https:\/\/sarmacjabedzin.pl\/wp-content\/uploads\/2025\/05\/SKS_Lagisza-550x580.jpg",550,580,true],"post-350-220":["https:\/\/sarmacjabedzin.pl\/wp-content\/uploads\/2025\/05\/SKS_Lagisza-350x220.jpg",350,220,true],"post-275-142":["https:\/\/sarmacjabedzin.pl\/wp-content\/uploads\/2025\/05\/SKS_Lagisza-275x142.jpg",275,142,true],"post-160-120":["https:\/\/sarmacjabedzin.pl\/wp-content\/uploads\/2025\/05\/SKS_Lagisza-160x120.jpg",160,120,true],"post-110-70":["https:\/\/sarmacjabedzin.pl\/wp-content\/uploads\/2025\/05\/SKS_Lagisza-110x70.jpg",110,70,true],"post-770-450":["https:\/\/sarmacjabedzin.pl\/wp-content\/uploads\/2025\/05\/SKS_Lagisza-770x450.jpg",770,450,true],"post-370-210":["https:\/\/sarmacjabedzin.pl\/wp-content\/uploads\/2025\/05\/SKS_Lagisza-370x210.jpg",370,210,true],"post-457-470":["https:\/\/sarmacjabedzin.pl\/wp-content\/uploads\/2025\/05\/SKS_Lagisza-457x470.jpg",457,470,true],"post-370-420":["https:\/\/sarmacjabedzin.pl\/wp-content\/uploads\/2025\/05\/SKS_Lagisza-370x420.jpg",370,420,true],"stm-445-445":["https:\/\/sarmacjabedzin.pl\/wp-content\/uploads\/2025\/05\/SKS_Lagisza-445x445.jpg",445,445,true],"stm-555-460":["https:\/\/sarmacjabedzin.pl\/wp-content\/uploads\/2025\/05\/SKS_Lagisza-555x460.jpg",555,460,true],"stm-350-450":["https:\/\/sarmacjabedzin.pl\/wp-content\/uploads\/2025\/05\/SKS_Lagisza-350x450.jpg",350,450,true],"stm-720-440":["https:\/\/sarmacjabedzin.pl\/wp-content\/uploads\/2025\/05\/SKS_Lagisza-720x440.jpg",720,440,true],"stm-270-270":["https:\/\/sarmacjabedzin.pl\/wp-content\/uploads\/2025\/05\/SKS_Lagisza-270x270.jpg",270,270,true],"stm-760-450":["https:\/\/sarmacjabedzin.pl\/wp-content\/uploads\/2025\/05\/SKS_Lagisza-760x450.jpg",760,450,true]},"rttpg_author":{"display_name":"tyrtak","author_link":false},"rttpg_comment":0,"rttpg_category":"<a href=\"https:\/\/sarmacjabedzin.pl\/index.php\/category\/soccer\/\" rel=\"category tag\">Liga<\/a>","rttpg_excerpt":"Dnia 10.05.2025 roku o godz. 17:00 pi\u0142karze Sarmacji B\u0119dzin w kolejnym meczu ligowym zmierzyli si\u0119 na wyje\u017adzie w \u201eDerbach B\u0119dzina\u201d z dru\u017cyn\u0105 SKS \u0141agisza. Gospodarze po 23 kolejkach z dorobkiem 15 punkt\u00f3w zajmowali ostatnie miejsce w tabeli, natomiast b\u0119dzinianie po 22 kolejkach plasowali si\u0119 na 9 miejscu, gromadz\u0105c na swoim koncie 32 oczka. W ostatniej...","_links":{"self":[{"href":"https:\/\/sarmacjabedzin.pl\/index.php\/wp-json\/wp\/v2\/posts\/8651","targetHints":{"allow":["GET"]}}],"collection":[{"href":"https:\/\/sarmacjabedzin.pl\/index.php\/wp-json\/wp\/v2\/posts"}],"about":[{"href":"https:\/\/sarmacjabedzin.pl\/index.php\/wp-json\/wp\/v2\/types\/post"}],"author":[{"embeddable":true,"href":"https:\/\/sarmacjabedzin.pl\/index.php\/wp-json\/wp\/v2\/users\/1"}],"replies":[{"embeddable":true,"href":"https:\/\/sarmacjabedzin.pl\/index.php\/wp-json\/wp\/v2\/comments?post=8651"}],"version-history":[{"count":1,"href":"https:\/\/sarmacjabedzin.pl\/index.php\/wp-json\/wp\/v2\/posts\/8651\/revisions"}],"predecessor-version":[{"id":8652,"href":"https:\/\/sarmacjabedzin.pl\/index.php\/wp-json\/wp\/v2\/posts\/8651\/revisions\/8652"}],"wp:featuredmedia":[{"embeddable":true,"href":"https:\/\/sarmacjabedzin.pl\/index.php\/wp-json\/wp\/v2\/media\/8648"}],"wp:attachment":[{"href":"https:\/\/sarmacjabedzin.pl\/index.php\/wp-json\/wp\/v2\/media?parent=8651"}],"wp:term":[{"taxonomy":"category","embeddable":true,"href":"https:\/\/sarmacjabedzin.pl\/index.php\/wp-json\/wp\/v2\/categories?post=8651"},{"taxonomy":"post_tag","embeddable":true,"href":"https:\/\/sarmacjabedzin.pl\/index.php\/wp-json\/wp\/v2\/tags?post=8651"}],"curies":[{"name":"wp","href":"https:\/\/api.w.org\/{rel}","templated":true}]}}