{"id":8792,"date":"2025-07-04T09:26:13","date_gmt":"2025-07-04T07:26:13","guid":{"rendered":"https:\/\/sarmacjabedzin.pl\/?p=8792"},"modified":"2025-07-16T16:53:41","modified_gmt":"2025-07-16T14:53:41","slug":"wznowienie-treningow-3","status":"publish","type":"post","link":"https:\/\/sarmacjabedzin.pl\/index.php\/2025\/07\/04\/wznowienie-treningow-3\/","title":{"rendered":"Wznowienie trening\u00f3w!"},"content":{"rendered":"<p>Ju\u017c w najbli\u017cszy poniedzia\u0142ek 7.07.2025 roku pi\u0142karze Sarmacji B\u0119dzin pod wodz\u0105 nowego trenera Jaros\u0142awa Raka wznowi\u0105 treningi przed nadchodz\u0105cym nowym sezonem 2024\/2025. Zapowiada si\u0119 ciekawy okres przygotowawczy.<\/p>\n<p>Ju\u017c od pierwszych mecz\u00f3w sparingowych powinni\u015bmy zobaczy\u0107 kilku nowych zawodnik\u00f3w testowanych. Opr\u00f3cz tego obecny szkoleniowiec b\u0119dzie mia\u0142 znakomit\u0105 okazj\u0119 na dok\u0142adne sprawdzenie dotychczasowej kadry. Mamy nadziej\u0119, \u017ce do rozpocz\u0119cia nowych rozgrywek uda mu si\u0119 dokona\u0107 kilku wzmocnie\u0144, kt\u00f3re na obecn\u0105 chwil\u0119 s\u0105 bardzo po\u017c\u0105dane.<\/p>\n<p>W okresie przygotowawczym Sarmaci rozegraj\u0105 kilka ciekawych sparing\u00f3w z mocnymi rywalami z wy\u017cszej p\u00f3\u0142ki:<\/p>\n<p><strong>12.07.2025<\/strong> GKS Szombierki Bytom (IV liga) \u2013 wyjazd 11.00<br \/>\n<strong>19.07.2025<\/strong> GKS \u015awit Krzeszowice (ma\u0142opolska okr\u0119g\u00f3wka) \u2013 wyjazd\u00a0 godz. do ustalenia<br \/>\n<strong>20.07.2025<\/strong> KS Unia D\u0105browa G\u00f3rnicza (V liga) \u2013 dom\u00a0 17.00<br \/>\n<strong>23.07.2025<\/strong> Orze\u0142 Rycz\u00f3w (IV liga ma\u0142opolska) \u2013 wyjazd\u00a0 18.30<br \/>\n<strong>26.07.2025<\/strong> RKS Grodziec (A klasa) \u2013 dom\u00a0 11.00<br \/>\n<strong>2.08.2025<\/strong> MKS Trzebinia (IV liga) \u2013 wyjazd\u00a0 11.00<\/p>\n","protected":false},"excerpt":{"rendered":"<p>Ju\u017c w najbli\u017cszy poniedzia\u0142ek 7.07.2025 roku pi\u0142karze Sarmacji B\u0119dzin pod wodz\u0105 nowego trenera Jaros\u0142awa Raka wznowi\u0105 treningi przed nadchodz\u0105cym nowym sezonem 2024\/2025. Zapowiada si\u0119 ciekawy okres przygotowawczy. Ju\u017c od pierwszych mecz\u00f3w sparingowych powinni\u015bmy zobaczy\u0107 kilku nowych zawodnik\u00f3w testowanych. Opr\u00f3cz tego obecny szkoleniowiec b\u0119dzie mia\u0142 znakomit\u0105 okazj\u0119 na dok\u0142adne sprawdzenie dotychczasowej kadry. Mamy nadziej\u0119, \u017ce do&#8230;<\/p>\n","protected":false},"author":1,"featured_media":5971,"comment_status":"closed","ping_status":"closed","sticky":false,"template":"","format":"standard","meta":{"footnotes":""},"categories":[1,59],"tags":[],"class_list":["post-8792","post","type-post","status-publish","format-standard","has-post-thumbnail","hentry","category-aktualnosci","category-blog"],"yoast_head":"<!-- This site is optimized with the Yoast SEO plugin v25.8 - https:\/\/yoast.com\/wordpress\/plugins\/seo\/ -->\n<title>Wznowienie trening\u00f3w! | BKS Sarmacja B\u0119dzin<\/title>\n<meta name=\"robots\" content=\"index, follow, max-snippet:-1, max-image-preview:large, max-video-preview:-1\" \/>\n<link rel=\"canonical\" href=\"https:\/\/sarmacjabedzin.pl\/index.php\/2025\/07\/04\/wznowienie-treningow-3\/\" \/>\n<meta property=\"og:locale\" content=\"pl_PL\" \/>\n<meta property=\"og:type\" content=\"article\" \/>\n<meta property=\"og:title\" content=\"Wznowienie trening\u00f3w! | BKS Sarmacja B\u0119dzin\" \/>\n<meta property=\"og:description\" content=\"Ju\u017c w najbli\u017cszy poniedzia\u0142ek 7.07.2025 roku pi\u0142karze Sarmacji B\u0119dzin pod wodz\u0105 nowego trenera Jaros\u0142awa Raka wznowi\u0105 treningi przed nadchodz\u0105cym nowym sezonem 2024\/2025. Zapowiada si\u0119 ciekawy okres przygotowawczy. Ju\u017c od pierwszych mecz\u00f3w sparingowych powinni\u015bmy zobaczy\u0107 kilku nowych zawodnik\u00f3w testowanych. Opr\u00f3cz tego obecny szkoleniowiec b\u0119dzie mia\u0142 znakomit\u0105 okazj\u0119 na dok\u0142adne sprawdzenie dotychczasowej kadry. Mamy nadziej\u0119, \u017ce do...\" \/>\n<meta property=\"og:url\" content=\"https:\/\/sarmacjabedzin.pl\/index.php\/2025\/07\/04\/wznowienie-treningow-3\/\" \/>\n<meta property=\"og:site_name\" content=\"BKS Sarmacja B\u0119dzin\" \/>\n<meta property=\"article:publisher\" content=\"https:\/\/www.facebook.com\/SarmacjaBedzin\" \/>\n<meta property=\"article:published_time\" content=\"2025-07-04T07:26:13+00:00\" \/>\n<meta property=\"article:modified_time\" content=\"2025-07-16T14:53:41+00:00\" \/>\n<meta property=\"og:image\" content=\"https:\/\/sarmacjabedzin.pl\/wp-content\/uploads\/2023\/06\/06_06_2023_AKS_Mikolow.jpg\" \/>\n\t<meta property=\"og:image:width\" content=\"1920\" \/>\n\t<meta property=\"og:image:height\" content=\"1080\" \/>\n\t<meta property=\"og:image:type\" content=\"image\/jpeg\" \/>\n<meta name=\"author\" content=\"tyrtak\" \/>\n<meta name=\"twitter:card\" content=\"summary_large_image\" \/>\n<meta name=\"twitter:label1\" content=\"Napisane przez\" \/>\n\t<meta name=\"twitter:data1\" content=\"tyrtak\" \/>\n\t<meta name=\"twitter:label2\" content=\"Szacowany czas czytania\" \/>\n\t<meta name=\"twitter:data2\" content=\"1 minuta\" \/>\n<script type=\"application\/ld+json\" class=\"yoast-schema-graph\">{\"@context\":\"https:\/\/schema.org\",\"@graph\":[{\"@type\":\"WebPage\",\"@id\":\"https:\/\/sarmacjabedzin.pl\/index.php\/2025\/07\/04\/wznowienie-treningow-3\/\",\"url\":\"https:\/\/sarmacjabedzin.pl\/index.php\/2025\/07\/04\/wznowienie-treningow-3\/\",\"name\":\"Wznowienie trening\u00f3w! | BKS Sarmacja B\u0119dzin\",\"isPartOf\":{\"@id\":\"https:\/\/sarmacjabedzin.pl\/#website\"},\"primaryImageOfPage\":{\"@id\":\"https:\/\/sarmacjabedzin.pl\/index.php\/2025\/07\/04\/wznowienie-treningow-3\/#primaryimage\"},\"image\":{\"@id\":\"https:\/\/sarmacjabedzin.pl\/index.php\/2025\/07\/04\/wznowienie-treningow-3\/#primaryimage\"},\"thumbnailUrl\":\"https:\/\/sarmacjabedzin.pl\/wp-content\/uploads\/2023\/06\/06_06_2023_AKS_Mikolow.jpg\",\"datePublished\":\"2025-07-04T07:26:13+00:00\",\"dateModified\":\"2025-07-16T14:53:41+00:00\",\"author\":{\"@id\":\"https:\/\/sarmacjabedzin.pl\/#\/schema\/person\/5417ea7b03bcd9adf58298a2265ce03a\"},\"breadcrumb\":{\"@id\":\"https:\/\/sarmacjabedzin.pl\/index.php\/2025\/07\/04\/wznowienie-treningow-3\/#breadcrumb\"},\"inLanguage\":\"pl-PL\",\"potentialAction\":[{\"@type\":\"ReadAction\",\"target\":[\"https:\/\/sarmacjabedzin.pl\/index.php\/2025\/07\/04\/wznowienie-treningow-3\/\"]}]},{\"@type\":\"ImageObject\",\"inLanguage\":\"pl-PL\",\"@id\":\"https:\/\/sarmacjabedzin.pl\/index.php\/2025\/07\/04\/wznowienie-treningow-3\/#primaryimage\",\"url\":\"https:\/\/sarmacjabedzin.pl\/wp-content\/uploads\/2023\/06\/06_06_2023_AKS_Mikolow.jpg\",\"contentUrl\":\"https:\/\/sarmacjabedzin.pl\/wp-content\/uploads\/2023\/06\/06_06_2023_AKS_Mikolow.jpg\",\"width\":1920,\"height\":1080},{\"@type\":\"BreadcrumbList\",\"@id\":\"https:\/\/sarmacjabedzin.pl\/index.php\/2025\/07\/04\/wznowienie-treningow-3\/#breadcrumb\",\"itemListElement\":[{\"@type\":\"ListItem\",\"position\":1,\"name\":\"Strona g\u0142\u00f3wna\",\"item\":\"https:\/\/sarmacjabedzin.pl\/\"},{\"@type\":\"ListItem\",\"position\":2,\"name\":\"Wznowienie trening\u00f3w!\"}]},{\"@type\":\"WebSite\",\"@id\":\"https:\/\/sarmacjabedzin.pl\/#website\",\"url\":\"https:\/\/sarmacjabedzin.pl\/\",\"name\":\"BKS Sarmacja B\u0119dzin \u2013 Nieoficjalny serwis\",\"description\":\"Nieoficjalny serwis B\u0119dzi\u0144skiego Klubu Sportowego &quot;Sarmacja&quot;\",\"potentialAction\":[{\"@type\":\"SearchAction\",\"target\":{\"@type\":\"EntryPoint\",\"urlTemplate\":\"https:\/\/sarmacjabedzin.pl\/?s={search_term_string}\"},\"query-input\":{\"@type\":\"PropertyValueSpecification\",\"valueRequired\":true,\"valueName\":\"search_term_string\"}}],\"inLanguage\":\"pl-PL\"},{\"@type\":\"Person\",\"@id\":\"https:\/\/sarmacjabedzin.pl\/#\/schema\/person\/5417ea7b03bcd9adf58298a2265ce03a\",\"name\":\"tyrtak\",\"image\":{\"@type\":\"ImageObject\",\"inLanguage\":\"pl-PL\",\"@id\":\"https:\/\/sarmacjabedzin.pl\/#\/schema\/person\/image\/\",\"url\":\"https:\/\/secure.gravatar.com\/avatar\/49b7734c6795cf524710e96813a9fedc1ae3816e479d92490236b4cfc47a5ae1?s=96&d=mm&r=g\",\"contentUrl\":\"https:\/\/secure.gravatar.com\/avatar\/49b7734c6795cf524710e96813a9fedc1ae3816e479d92490236b4cfc47a5ae1?s=96&d=mm&r=g\",\"caption\":\"tyrtak\"}}]}<\/script>\n<!-- \/ Yoast SEO plugin. -->","yoast_head_json":{"title":"Wznowienie trening\u00f3w! | BKS Sarmacja B\u0119dzin","robots":{"index":"index","follow":"follow","max-snippet":"max-snippet:-1","max-image-preview":"max-image-preview:large","max-video-preview":"max-video-preview:-1"},"canonical":"https:\/\/sarmacjabedzin.pl\/index.php\/2025\/07\/04\/wznowienie-treningow-3\/","og_locale":"pl_PL","og_type":"article","og_title":"Wznowienie trening\u00f3w! | BKS Sarmacja B\u0119dzin","og_description":"Ju\u017c w najbli\u017cszy poniedzia\u0142ek 7.07.2025 roku pi\u0142karze Sarmacji B\u0119dzin pod wodz\u0105 nowego trenera Jaros\u0142awa Raka wznowi\u0105 treningi przed nadchodz\u0105cym nowym sezonem 2024\/2025. Zapowiada si\u0119 ciekawy okres przygotowawczy. Ju\u017c od pierwszych mecz\u00f3w sparingowych powinni\u015bmy zobaczy\u0107 kilku nowych zawodnik\u00f3w testowanych. Opr\u00f3cz tego obecny szkoleniowiec b\u0119dzie mia\u0142 znakomit\u0105 okazj\u0119 na dok\u0142adne sprawdzenie dotychczasowej kadry. Mamy nadziej\u0119, \u017ce do...","og_url":"https:\/\/sarmacjabedzin.pl\/index.php\/2025\/07\/04\/wznowienie-treningow-3\/","og_site_name":"BKS Sarmacja B\u0119dzin","article_publisher":"https:\/\/www.facebook.com\/SarmacjaBedzin","article_published_time":"2025-07-04T07:26:13+00:00","article_modified_time":"2025-07-16T14:53:41+00:00","og_image":[{"width":1920,"height":1080,"url":"https:\/\/sarmacjabedzin.pl\/wp-content\/uploads\/2023\/06\/06_06_2023_AKS_Mikolow.jpg","type":"image\/jpeg"}],"author":"tyrtak","twitter_card":"summary_large_image","twitter_misc":{"Napisane przez":"tyrtak","Szacowany czas czytania":"1 minuta"},"schema":{"@context":"https:\/\/schema.org","@graph":[{"@type":"WebPage","@id":"https:\/\/sarmacjabedzin.pl\/index.php\/2025\/07\/04\/wznowienie-treningow-3\/","url":"https:\/\/sarmacjabedzin.pl\/index.php\/2025\/07\/04\/wznowienie-treningow-3\/","name":"Wznowienie trening\u00f3w! | BKS Sarmacja B\u0119dzin","isPartOf":{"@id":"https:\/\/sarmacjabedzin.pl\/#website"},"primaryImageOfPage":{"@id":"https:\/\/sarmacjabedzin.pl\/index.php\/2025\/07\/04\/wznowienie-treningow-3\/#primaryimage"},"image":{"@id":"https:\/\/sarmacjabedzin.pl\/index.php\/2025\/07\/04\/wznowienie-treningow-3\/#primaryimage"},"thumbnailUrl":"https:\/\/sarmacjabedzin.pl\/wp-content\/uploads\/2023\/06\/06_06_2023_AKS_Mikolow.jpg","datePublished":"2025-07-04T07:26:13+00:00","dateModified":"2025-07-16T14:53:41+00:00","author":{"@id":"https:\/\/sarmacjabedzin.pl\/#\/schema\/person\/5417ea7b03bcd9adf58298a2265ce03a"},"breadcrumb":{"@id":"https:\/\/sarmacjabedzin.pl\/index.php\/2025\/07\/04\/wznowienie-treningow-3\/#breadcrumb"},"inLanguage":"pl-PL","potentialAction":[{"@type":"ReadAction","target":["https:\/\/sarmacjabedzin.pl\/index.php\/2025\/07\/04\/wznowienie-treningow-3\/"]}]},{"@type":"ImageObject","inLanguage":"pl-PL","@id":"https:\/\/sarmacjabedzin.pl\/index.php\/2025\/07\/04\/wznowienie-treningow-3\/#primaryimage","url":"https:\/\/sarmacjabedzin.pl\/wp-content\/uploads\/2023\/06\/06_06_2023_AKS_Mikolow.jpg","contentUrl":"https:\/\/sarmacjabedzin.pl\/wp-content\/uploads\/2023\/06\/06_06_2023_AKS_Mikolow.jpg","width":1920,"height":1080},{"@type":"BreadcrumbList","@id":"https:\/\/sarmacjabedzin.pl\/index.php\/2025\/07\/04\/wznowienie-treningow-3\/#breadcrumb","itemListElement":[{"@type":"ListItem","position":1,"name":"Strona g\u0142\u00f3wna","item":"https:\/\/sarmacjabedzin.pl\/"},{"@type":"ListItem","position":2,"name":"Wznowienie trening\u00f3w!"}]},{"@type":"WebSite","@id":"https:\/\/sarmacjabedzin.pl\/#website","url":"https:\/\/sarmacjabedzin.pl\/","name":"BKS Sarmacja B\u0119dzin \u2013 Nieoficjalny serwis","description":"Nieoficjalny serwis B\u0119dzi\u0144skiego Klubu Sportowego &quot;Sarmacja&quot;","potentialAction":[{"@type":"SearchAction","target":{"@type":"EntryPoint","urlTemplate":"https:\/\/sarmacjabedzin.pl\/?s={search_term_string}"},"query-input":{"@type":"PropertyValueSpecification","valueRequired":true,"valueName":"search_term_string"}}],"inLanguage":"pl-PL"},{"@type":"Person","@id":"https:\/\/sarmacjabedzin.pl\/#\/schema\/person\/5417ea7b03bcd9adf58298a2265ce03a","name":"tyrtak","image":{"@type":"ImageObject","inLanguage":"pl-PL","@id":"https:\/\/sarmacjabedzin.pl\/#\/schema\/person\/image\/","url":"https:\/\/secure.gravatar.com\/avatar\/49b7734c6795cf524710e96813a9fedc1ae3816e479d92490236b4cfc47a5ae1?s=96&d=mm&r=g","contentUrl":"https:\/\/secure.gravatar.com\/avatar\/49b7734c6795cf524710e96813a9fedc1ae3816e479d92490236b4cfc47a5ae1?s=96&d=mm&r=g","caption":"tyrtak"}}]}},"rttpg_featured_image_url":{"full":["https:\/\/sarmacjabedzin.pl\/wp-content\/uploads\/2023\/06\/06_06_2023_AKS_Mikolow.jpg",1920,1080,false],"landscape":["https:\/\/sarmacjabedzin.pl\/wp-content\/uploads\/2023\/06\/06_06_2023_AKS_Mikolow.jpg",1920,1080,false],"portraits":["https:\/\/sarmacjabedzin.pl\/wp-content\/uploads\/2023\/06\/06_06_2023_AKS_Mikolow.jpg",1920,1080,false],"thumbnail":["https:\/\/sarmacjabedzin.pl\/wp-content\/uploads\/2023\/06\/06_06_2023_AKS_Mikolow-150x150.jpg",150,150,true],"medium":["https:\/\/sarmacjabedzin.pl\/wp-content\/uploads\/2023\/06\/06_06_2023_AKS_Mikolow-300x169.jpg",300,169,true],"large":["https:\/\/sarmacjabedzin.pl\/wp-content\/uploads\/2023\/06\/06_06_2023_AKS_Mikolow-1024x576.jpg",1024,576,true],"1536x1536":["https:\/\/sarmacjabedzin.pl\/wp-content\/uploads\/2023\/06\/06_06_2023_AKS_Mikolow-1536x864.jpg",1536,864,true],"2048x2048":["https:\/\/sarmacjabedzin.pl\/wp-content\/uploads\/2023\/06\/06_06_2023_AKS_Mikolow.jpg",1920,1080,false],"sportspress-crop-medium":["https:\/\/sarmacjabedzin.pl\/wp-content\/uploads\/2023\/06\/06_06_2023_AKS_Mikolow-300x300.jpg",300,300,true],"sportspress-fit-medium":["https:\/\/sarmacjabedzin.pl\/wp-content\/uploads\/2023\/06\/06_06_2023_AKS_Mikolow-300x169.jpg",300,169,true],"sportspress-fit-icon":["https:\/\/sarmacjabedzin.pl\/wp-content\/uploads\/2023\/06\/06_06_2023_AKS_Mikolow-128x72.jpg",128,72,true],"sportspress-fit-mini":["https:\/\/sarmacjabedzin.pl\/wp-content\/uploads\/2023\/06\/06_06_2023_AKS_Mikolow-32x18.jpg",32,18,true],"ultp_layout_landscape_large":["https:\/\/sarmacjabedzin.pl\/wp-content\/uploads\/2023\/06\/06_06_2023_AKS_Mikolow-1200x800.jpg",1200,800,true],"ultp_layout_landscape":["https:\/\/sarmacjabedzin.pl\/wp-content\/uploads\/2023\/06\/06_06_2023_AKS_Mikolow-870x570.jpg",870,570,true],"ultp_layout_portrait":["https:\/\/sarmacjabedzin.pl\/wp-content\/uploads\/2023\/06\/06_06_2023_AKS_Mikolow-600x900.jpg",600,900,true],"ultp_layout_square":["https:\/\/sarmacjabedzin.pl\/wp-content\/uploads\/2023\/06\/06_06_2023_AKS_Mikolow-600x600.jpg",600,600,true],"stm-1140-666":["https:\/\/sarmacjabedzin.pl\/wp-content\/uploads\/2023\/06\/06_06_2023_AKS_Mikolow-1140x666.jpg",1140,666,true],"stm-1170-650":["https:\/\/sarmacjabedzin.pl\/wp-content\/uploads\/2023\/06\/06_06_2023_AKS_Mikolow-1170x650.jpg",1170,650,true],"stm-570-350":["https:\/\/sarmacjabedzin.pl\/wp-content\/uploads\/2023\/06\/06_06_2023_AKS_Mikolow-570x350.jpg",570,350,true],"stm-570-250":["https:\/\/sarmacjabedzin.pl\/wp-content\/uploads\/2023\/06\/06_06_2023_AKS_Mikolow-570x250.jpg",570,250,true],"stm-270-370":["https:\/\/sarmacjabedzin.pl\/wp-content\/uploads\/2023\/06\/06_06_2023_AKS_Mikolow-270x370.jpg",270,370,true],"stm-540-500":["https:\/\/sarmacjabedzin.pl\/wp-content\/uploads\/2023\/06\/06_06_2023_AKS_Mikolow-540x500.jpg",540,500,true],"stm-270-530":["https:\/\/sarmacjabedzin.pl\/wp-content\/uploads\/2023\/06\/06_06_2023_AKS_Mikolow-270x530.jpg",270,530,true],"stm-200-200":["https:\/\/sarmacjabedzin.pl\/wp-content\/uploads\/2023\/06\/06_06_2023_AKS_Mikolow-200x200.jpg",200,200,true],"stm-85-105":["https:\/\/sarmacjabedzin.pl\/wp-content\/uploads\/2023\/06\/06_06_2023_AKS_Mikolow-85x105.jpg",85,105,true],"stm-255-255":["https:\/\/sarmacjabedzin.pl\/wp-content\/uploads\/2023\/06\/06_06_2023_AKS_Mikolow-255x255.jpg",255,255,true],"stm-360-240":["https:\/\/sarmacjabedzin.pl\/wp-content\/uploads\/2023\/06\/06_06_2023_AKS_Mikolow-360x240.jpg",360,240,true],"stm-360-495":["https:\/\/sarmacjabedzin.pl\/wp-content\/uploads\/2023\/06\/06_06_2023_AKS_Mikolow-360x495.jpg",360,495,true],"stm-445-400":["https:\/\/sarmacjabedzin.pl\/wp-content\/uploads\/2023\/06\/06_06_2023_AKS_Mikolow-445x400.jpg",445,400,true],"stm-735-240":["https:\/\/sarmacjabedzin.pl\/wp-content\/uploads\/2023\/06\/06_06_2023_AKS_Mikolow-735x240.jpg",735,240,true],"stm-255-183":["https:\/\/sarmacjabedzin.pl\/wp-content\/uploads\/2023\/06\/06_06_2023_AKS_Mikolow-255x183.jpg",255,183,true],"stm-350-250":["https:\/\/sarmacjabedzin.pl\/wp-content\/uploads\/2023\/06\/06_06_2023_AKS_Mikolow-350x250.jpg",350,250,true],"blog_list":["https:\/\/sarmacjabedzin.pl\/wp-content\/uploads\/2023\/06\/06_06_2023_AKS_Mikolow-270x220.jpg",270,220,true],"blog_list_medium":["https:\/\/sarmacjabedzin.pl\/wp-content\/uploads\/2023\/06\/06_06_2023_AKS_Mikolow-390x345.jpg",390,345,true],"gallery_thumbnail":["https:\/\/sarmacjabedzin.pl\/wp-content\/uploads\/2023\/06\/06_06_2023_AKS_Mikolow-80x80.jpg",80,80,true],"gallery_image":["https:\/\/sarmacjabedzin.pl\/wp-content\/uploads\/2023\/06\/06_06_2023_AKS_Mikolow-560x367.jpg",560,367,true],"gallery_image_mini":["https:\/\/sarmacjabedzin.pl\/wp-content\/uploads\/2023\/06\/06_06_2023_AKS_Mikolow-143x116.jpg",143,116,true],"player_photo":["https:\/\/sarmacjabedzin.pl\/wp-content\/uploads\/2023\/06\/06_06_2023_AKS_Mikolow-740x740.jpg",740,740,true],"team_logo":["https:\/\/sarmacjabedzin.pl\/wp-content\/uploads\/2023\/06\/06_06_2023_AKS_Mikolow-98x55.jpg",98,55,true],"player_stat_ava":["https:\/\/sarmacjabedzin.pl\/wp-content\/uploads\/2023\/06\/06_06_2023_AKS_Mikolow-550x580.jpg",550,580,true],"post-350-220":["https:\/\/sarmacjabedzin.pl\/wp-content\/uploads\/2023\/06\/06_06_2023_AKS_Mikolow-350x220.jpg",350,220,true],"post-275-142":["https:\/\/sarmacjabedzin.pl\/wp-content\/uploads\/2023\/06\/06_06_2023_AKS_Mikolow-275x142.jpg",275,142,true],"post-160-120":["https:\/\/sarmacjabedzin.pl\/wp-content\/uploads\/2023\/06\/06_06_2023_AKS_Mikolow-160x120.jpg",160,120,true],"post-110-70":["https:\/\/sarmacjabedzin.pl\/wp-content\/uploads\/2023\/06\/06_06_2023_AKS_Mikolow-110x70.jpg",110,70,true],"post-770-450":["https:\/\/sarmacjabedzin.pl\/wp-content\/uploads\/2023\/06\/06_06_2023_AKS_Mikolow-770x450.jpg",770,450,true],"post-370-210":["https:\/\/sarmacjabedzin.pl\/wp-content\/uploads\/2023\/06\/06_06_2023_AKS_Mikolow-370x210.jpg",370,210,true],"post-457-470":["https:\/\/sarmacjabedzin.pl\/wp-content\/uploads\/2023\/06\/06_06_2023_AKS_Mikolow-457x470.jpg",457,470,true],"post-370-420":["https:\/\/sarmacjabedzin.pl\/wp-content\/uploads\/2023\/06\/06_06_2023_AKS_Mikolow-370x420.jpg",370,420,true],"stm-445-445":["https:\/\/sarmacjabedzin.pl\/wp-content\/uploads\/2023\/06\/06_06_2023_AKS_Mikolow-445x445.jpg",445,445,true],"stm-555-460":["https:\/\/sarmacjabedzin.pl\/wp-content\/uploads\/2023\/06\/06_06_2023_AKS_Mikolow-555x460.jpg",555,460,true],"stm-350-450":["https:\/\/sarmacjabedzin.pl\/wp-content\/uploads\/2023\/06\/06_06_2023_AKS_Mikolow-350x450.jpg",350,450,true],"stm-720-440":["https:\/\/sarmacjabedzin.pl\/wp-content\/uploads\/2023\/06\/06_06_2023_AKS_Mikolow-720x440.jpg",720,440,true],"stm-270-270":["https:\/\/sarmacjabedzin.pl\/wp-content\/uploads\/2023\/06\/06_06_2023_AKS_Mikolow-270x270.jpg",270,270,true],"stm-760-450":["https:\/\/sarmacjabedzin.pl\/wp-content\/uploads\/2023\/06\/06_06_2023_AKS_Mikolow-760x450.jpg",760,450,true]},"rttpg_author":{"display_name":"tyrtak","author_link":false},"rttpg_comment":0,"rttpg_category":"<a href=\"https:\/\/sarmacjabedzin.pl\/index.php\/category\/aktualnosci\/\" rel=\"category tag\">Aktualno\u015bci<\/a> <a href=\"https:\/\/sarmacjabedzin.pl\/index.php\/category\/blog\/\" rel=\"category tag\">Sparingi<\/a>","rttpg_excerpt":"Ju\u017c w najbli\u017cszy poniedzia\u0142ek 7.07.2025 roku pi\u0142karze Sarmacji B\u0119dzin pod wodz\u0105 nowego trenera Jaros\u0142awa Raka wznowi\u0105 treningi przed nadchodz\u0105cym nowym sezonem 2024\/2025. Zapowiada si\u0119 ciekawy okres przygotowawczy. Ju\u017c od pierwszych mecz\u00f3w sparingowych powinni\u015bmy zobaczy\u0107 kilku nowych zawodnik\u00f3w testowanych. Opr\u00f3cz tego obecny szkoleniowiec b\u0119dzie mia\u0142 znakomit\u0105 okazj\u0119 na dok\u0142adne sprawdzenie dotychczasowej kadry. Mamy nadziej\u0119, \u017ce do...","_links":{"self":[{"href":"https:\/\/sarmacjabedzin.pl\/index.php\/wp-json\/wp\/v2\/posts\/8792","targetHints":{"allow":["GET"]}}],"collection":[{"href":"https:\/\/sarmacjabedzin.pl\/index.php\/wp-json\/wp\/v2\/posts"}],"about":[{"href":"https:\/\/sarmacjabedzin.pl\/index.php\/wp-json\/wp\/v2\/types\/post"}],"author":[{"embeddable":true,"href":"https:\/\/sarmacjabedzin.pl\/index.php\/wp-json\/wp\/v2\/users\/1"}],"replies":[{"embeddable":true,"href":"https:\/\/sarmacjabedzin.pl\/index.php\/wp-json\/wp\/v2\/comments?post=8792"}],"version-history":[{"count":2,"href":"https:\/\/sarmacjabedzin.pl\/index.php\/wp-json\/wp\/v2\/posts\/8792\/revisions"}],"predecessor-version":[{"id":8801,"href":"https:\/\/sarmacjabedzin.pl\/index.php\/wp-json\/wp\/v2\/posts\/8792\/revisions\/8801"}],"wp:featuredmedia":[{"embeddable":true,"href":"https:\/\/sarmacjabedzin.pl\/index.php\/wp-json\/wp\/v2\/media\/5971"}],"wp:attachment":[{"href":"https:\/\/sarmacjabedzin.pl\/index.php\/wp-json\/wp\/v2\/media?parent=8792"}],"wp:term":[{"taxonomy":"category","embeddable":true,"href":"https:\/\/sarmacjabedzin.pl\/index.php\/wp-json\/wp\/v2\/categories?post=8792"},{"taxonomy":"post_tag","embeddable":true,"href":"https:\/\/sarmacjabedzin.pl\/index.php\/wp-json\/wp\/v2\/tags?post=8792"}],"curies":[{"name":"wp","href":"https:\/\/api.w.org\/{rel}","templated":true}]}}