{"id":883,"date":"2016-08-15T09:57:27","date_gmt":"2016-08-15T07:57:27","guid":{"rendered":"http:\/\/sarmacjabedzin.pl\/index.php\/2016\/08\/15\/historia\/"},"modified":"2016-08-15T09:57:27","modified_gmt":"2016-08-15T07:57:27","slug":"historia","status":"publish","type":"post","link":"https:\/\/sarmacjabedzin.pl\/index.php\/2016\/08\/15\/historia\/","title":{"rendered":"Historia"},"content":{"rendered":"<table style=\"margin-left: auto; margin-right: auto;\">\n<tbody>\n<tr>\n<td><\/td>\n<\/tr>\n<\/tbody>\n<\/table>\n<h2 style=\"text-align: center;\"><strong>Daty i fakty z klubowych dziej\u00f3w:<\/strong><\/h2>\n<p>\u00a0<\/p>\n<h3 style=\"text-align: center;\"><strong>LATA 1917 &#8211; 1939:<\/strong><\/h3>\n<table style=\"margin-left: auto; margin-right: auto;\">\n<tbody>\n<tr>\n<td>\u00a0<img loading=\"lazy\" decoding=\"async\" class=\" size-full wp-image-875\" src=\"http:\/\/sarmacjabedzin.pl\/wp-content\/uploads\/2016\/08\/32-33.png\" alt=\"\" align=\"middle\" width=\"600\" height=\"455\" srcset=\"https:\/\/sarmacjabedzin.pl\/wp-content\/uploads\/2016\/08\/32-33.png 600w, https:\/\/sarmacjabedzin.pl\/wp-content\/uploads\/2016\/08\/32-33-300x228.png 300w, https:\/\/sarmacjabedzin.pl\/wp-content\/uploads\/2016\/08\/32-33-128x97.png 128w, https:\/\/sarmacjabedzin.pl\/wp-content\/uploads\/2016\/08\/32-33-32x24.png 32w, https:\/\/sarmacjabedzin.pl\/wp-content\/uploads\/2016\/08\/32-33-98x74.png 98w, https:\/\/sarmacjabedzin.pl\/wp-content\/uploads\/2016\/08\/32-33-160x120.png 160w\" sizes=\"auto, (max-width: 600px) 100vw, 600px\" \/><\/td>\n<\/tr>\n<\/tbody>\n<\/table>\n<p style=\"margin-bottom: 0cm; text-align: left;\"><strong>1917<\/strong> \u2013 Powstanie Towarzystwa Sportowego TS \u201eSARMACJA\u201d B\u0119dzin.<\/p>\n<p style=\"margin-bottom: 0cm; text-align: left;\"><strong>1924<\/strong> \u2013 Przyst\u0105pienie do PZPN (Krakowski Zwi\u0105zek Okr\u0119gowy Pi\u0142ki No\u017cnej).<br \/><strong>1925<\/strong> \u2013 Debiut Sarmacji w rozrywkach ligowych (klasa C podokr\u0119g Zag\u0142\u0119bie).<br \/><strong>1927<\/strong> \u2013 Wyst\u0105pienie z PZPN i przyst\u0105pienie do nowo-powsta\u0142ej Polskiej Ligi Pi\u0142ki No\u017cnej (PLPN).<br \/>\u00a0 \u00a0 \u00a0 \u00a0 \u00a0 \u00a0 \u00a0 Udzia\u0142 w rozgrywkach I ligi Zag\u0142\u0119bia D\u0105browskiego.<br \/><strong>1928<\/strong> \u2013 Powr\u00f3t do zreformowanych struktur PZPN (Kielecki Zwi\u0105zek Okr\u0119gowy Pi\u0142ki No\u017cnej).<br \/>\u00a0 \u00a0 \u00a0 \u00a0 \u00a0 \u00a0 \u00a0 Klasa A &#8211; Podokr\u0119g Zag\u0142\u0119bie. <br \/><strong>1931<\/strong> \u2013 Wygrane bara\u017ce o utrzymanie w A\u2013klasie ze \u015awitem Sosnowiec (1:1, 1:1, 2:1).<br \/><strong>1932<\/strong> \u2013 Mecze towarzyskie w Zakopanem ( Wis\u0142a Zakopane 9:0, KS My\u015blenice 5:2). <br \/>\u00a0 \u00a0 \u00a0 \u00a0 \u00a0 \u00a0 \u00a0 I Prezes i wsp\u00f3\u0142za\u0142o\u017cyciel \u201eSarmacji\u201d W\u0142adys\u0142aw Binkiewicz w uznaniu dotychczasowych<span style=\"font-size: 12.16px;\">\u00a0<br \/>\u00a0 \u00a0 \u00a0 \u00a0 \u00a0 \u00a0 \u00a0 \u00a0 \u00a0 <\/span>\u00a0zas\u0142ug odznaczony Honorow\u0105 Odznak\u0105 PZPN.<span style=\"font-size: 12.16px;\"><br \/><\/span><strong>1933<\/strong> \u2013 I miejsce w A\u2013klasie. Przegrany bara\u017c z Uni\u0105 Sosnowiec (1:3, 0:2) o mistrzostwo A\u2013klasy<br \/><span style=\"font-size: 12.16px;\">\u00a0 \u00a0 \u00a0 \u00a0 \u00a0 \u00a0 \u00a0 \u00a0 \u00a0 \u00a0<\/span>podokr\u0119gu Zag\u0142\u0119bie.\u00a0<span style=\"font-size: 12.16px;\"><br \/><\/span><strong>1934<\/strong> \u2013 Rozpocz\u0119cie budowy nowego boiska przy ulicy Ma\u0142ob\u0105dzkiej w B\u0119dzinie.<br \/><strong>1936\/1937<\/strong> \u2013 III miejsce w A\u2013klasie podokr\u0119gu Zag\u0142\u0119bia. Prezes W\u0142adys\u0142aw Binkiewicz zostaje<br \/><span style=\"font-size: 12.16px;\">\u00a0 \u00a0 \u00a0 \u00a0 \u00a0 \u00a0 \u00a0 \u00a0 \u00a0 \u00a0 \u00a0 \u00a0 \u00a0 <\/span>\u00a0 \u00a0 wiceprezesem nowo powsta\u0142ego Zag\u0142\u0119biowskiego ZOPN.<span style=\"font-size: 12.16px;\"><br \/><\/span><strong>1937\/1938<\/strong> \u2013 IV miejsce w nowo-powsta\u0142ej lidze okr\u0119gowej Zag\u0142\u0119biowskiego ZOPN. <br \/><strong>1939<\/strong> \u2013 W meczu reprezentacji Zag\u0142\u0119bia z reprezentacj\u0105 Polski barwy Sarmacji reprezentowa\u0142<br \/><span style=\"font-size: 12.16px;\">\u00a0 \u00a0 \u00a0 \u00a0 \u00a0 \u00a0 <\/span>\u00a0 \u00a0 \u00a0Boles\u0142aw Cicho\u0144.<\/p>\n<table style=\"margin-left: auto; margin-right: auto;\">\n<tbody>\n<tr style=\"height: 478.281px;\">\n<td style=\"height: 478.281px;\"><img loading=\"lazy\" decoding=\"async\" class=\" size-full wp-image-876\" style=\"display: block; margin-left: auto; margin-right: auto;\" src=\"http:\/\/sarmacjabedzin.pl\/wp-content\/uploads\/2016\/08\/38-39.png\" alt=\"\" width=\"600\" height=\"478\" srcset=\"https:\/\/sarmacjabedzin.pl\/wp-content\/uploads\/2016\/08\/38-39.png 600w, https:\/\/sarmacjabedzin.pl\/wp-content\/uploads\/2016\/08\/38-39-300x239.png 300w, https:\/\/sarmacjabedzin.pl\/wp-content\/uploads\/2016\/08\/38-39-128x102.png 128w, https:\/\/sarmacjabedzin.pl\/wp-content\/uploads\/2016\/08\/38-39-32x25.png 32w, https:\/\/sarmacjabedzin.pl\/wp-content\/uploads\/2016\/08\/38-39-98x78.png 98w\" sizes=\"auto, (max-width: 600px) 100vw, 600px\" \/><\/td>\n<\/tr>\n<\/tbody>\n<\/table>\n<h3 style=\"text-align: center;\"><strong>LATA 1945 &#8211; 1970:<\/strong><\/h3>\n<p>\u00a0<\/p>\n<p><strong>1945<\/strong> \u2013 reaktywacja Sarmacji pod nazw\u0105 RKS (Robotniczy Klub Sportowy) Sarmacja B\u0119dzin.<br \/><strong>1945\/1946<\/strong> \u2013 Awans do A\u2013klasy. <br \/><strong>1946\/1947<\/strong> \u2013 Mistrzostwo A\u2013klasy podokr\u0119gu Zag\u0142\u0119biowskiego. II Miejsce w eliminacjach do I<br \/>\u00a0 \u00a0 \u00a0 \u00a0 \u00a0 \u00a0 \u00a0 \u00a0 \u00a0 \u00a0 \u00a0 \u00a0 \u00a0ligi pa\u0144stwowej (Ruch Chorz\u00f3w, Sarmacja B\u0119dzin, Piast Gliwice, Victoria Wa\u0142brzych)<br \/><strong>1947\/1948<\/strong> \u2013 Doj\u015bcie do fina\u0142u Zimowego Turnieju o Puchar Katowickiego &#8220;SPORTU\u201d. <br \/>\u00a0 \u00a0 \u00a0 \u00a0 \u00a0 \u00a0 \u00a0 \u00a0 \u00a0 \u00a0 \u00a0 \u00a0 \u00a0I miejsce w A-klasie wraz z Zag\u0142\u0119biem D\u0105browa G\u00f3rnicza. Przegrany bara\u017c o<br \/>\u00a0 \u00a0 \u00a0 \u00a0 \u00a0 \u00a0 \u00a0 \u00a0 \u00a0 \u00a0 \u00a0 \u00a0 \u00a0nowo-powsta\u0142\u0105 II lig\u0119 0:1. Po\u0142\u0105czenie z hutniczym klubem ZKSM i zmiana nazwy na<br \/>\u00a0 \u00a0 \u00a0 \u00a0 \u00a0 \u00a0 \u00a0 \u00a0 \u00a0 \u00a0 \u00a0 \u00a0 \u00a0ZKSM (Zak\u0142adowy Klub Sportowy Metalowc\u00f3w) Sarmacja B\u0119dzin.<br \/><strong>1949<\/strong> \u2013 zmiana nazwy klubu na ZKS (Zwi\u0105zkowy Klub Sportowy) Stal B\u0119dzin.<br \/><strong>1952<\/strong> \u2013 Spadek do B\u2013klasy. Zmiana nazwy na Stal-Huta B\u0119dzin.<br \/><strong>1954<\/strong> \u2013 Awans do A\u2013klasy. Zdobycie Powiatowego Pucharu Polski.<br \/><strong>1955<\/strong> \u2013 Powr\u00f3t do nazwy historycznej \u201eSARMACJA\u201d. Pe\u0142ne brzmienie to: Terenowe Ko\u0142o<br \/>\u00a0 \u00a0 \u00a0 \u00a0 \u00a0 \u00a0 \u00a0Sportowe Z S (Zrzeszenia Stal) Sarmacja przy BZWME w B\u0119dzinie.<br \/><strong>1957<\/strong> \u2013 Reorganizacja rozgrywek i awans do III ligi Zag\u0142\u0119biowskiej po wygranych bara\u017cach z<br \/>\u00a0 \u00a0 \u00a0 \u00a0 \u00a0 \u00a0 \u00a0 G\u00f3rnikiem Wojkowice ( 5:0, 1:3 2:0).<br \/><strong>1958<\/strong> \u2013 Zmiana nazwy klubu na RKS (Robotniczy Klub Sportowy) Sarmacja B\u0119dzin.<br \/><strong>1959<\/strong> \u2013 Spadek do A-klasy.<br \/><strong>1960<\/strong> \u2013 Spadek do B-klasy<br \/><strong>1961<\/strong> \u2013 Nieudana pr\u00f3ba likwidacji klubu przez Miejski Komitet Kultury Fizycznej i Turystyki<br \/>\u00a0 \u00a0 \u00a0 \u00a0 \u00a0 \u00a0 \u00a0 w B\u0119dzinie. Zmiana nazwy na TKS (Terenowy Klub Sportowy) Sarmacja B\u0119dzin.<br \/><strong>1962\/1963<\/strong> \u2013 Awans do A-klasy po dodatkowym spotkaniu z trzecim w tabeli G\u00f3rnikiem Klimont\u00f3w<br \/>\u00a0 \u00a0 \u00a0 \u00a0 \u00a0 \u00a0 \u00a0 \u00a0 \u00a0 \u00a0 \u00a0 \u00a0 3:1, a nast\u0119pnie bara\u017cami ze Zniczem K\u0142obuck 4:3 i W\u0142\u00f3kniarzem Zawiercie 7:1.<br \/><strong>1964\/1965<\/strong> \u2013 Spadek do B-klasy<br \/><strong>1965\/1966<\/strong> &#8211; Dosz\u0142o do po\u0142\u0105czenia &#8220;Sarmacji&#8221; i Hutniczego Klubu Sportowego (HKS) &#8220;Stal&#8221;<br \/>\u00a0 \u00a0 \u00a0 \u00a0 \u00a0 \u00a0 \u00a0 \u00a0 \u00a0 \u00a0 \u00a0 \u00a0B\u0119dzin. Powo\u0142anie nowego klubu wi\u0105za\u0142o si\u0119 ze zmian\u0105 nazwy na B\u0119dzi\u0144ski Klub<br \/>\u00a0 \u00a0 \u00a0 \u00a0 \u00a0 \u00a0 \u00a0 \u00a0 \u00a0 \u00a0 \u00a0 \u00a0Sportowy (BKS), a nast\u0119pnie BKS &#8220;Husar&#8221;. Nazwa ta by\u0142a po\u0142\u0105czeniem s\u0142\u00f3w &#8220;Huta&#8221; i<br \/>\u00a0 \u00a0 \u00a0 \u00a0 \u00a0 \u00a0 \u00a0 \u00a0 \u00a0 \u00a0 \u00a0 \u00a0&#8220;Sarmacja&#8221;. Mimo braku awansu Sarmacji nowo-nazwany Husar zaj\u0105\u0142 miejsce<br \/>\u00a0 \u00a0 \u00a0 \u00a0 \u00a0 \u00a0 \u00a0 \u00a0 \u00a0 \u00a0 \u00a0 \u00a0graj\u0105cej w A-klasie Stali.\u00a0<\/p>\n<h3 style=\"text-align: center;\"><strong>LATA 1970 &#8211; 1980:<\/strong><\/h3>\n<table style=\"margin-left: auto; margin-right: auto;\">\n<tbody>\n<tr>\n<td>\n<p><img loading=\"lazy\" decoding=\"async\" class=\" size-full wp-image-877\" src=\"http:\/\/sarmacjabedzin.pl\/wp-content\/uploads\/2016\/08\/70.png\" alt=\"\" width=\"600\" height=\"290\" srcset=\"https:\/\/sarmacjabedzin.pl\/wp-content\/uploads\/2016\/08\/70.png 600w, https:\/\/sarmacjabedzin.pl\/wp-content\/uploads\/2016\/08\/70-300x145.png 300w, https:\/\/sarmacjabedzin.pl\/wp-content\/uploads\/2016\/08\/70-128x62.png 128w, https:\/\/sarmacjabedzin.pl\/wp-content\/uploads\/2016\/08\/70-32x15.png 32w, https:\/\/sarmacjabedzin.pl\/wp-content\/uploads\/2016\/08\/70-98x47.png 98w\" sizes=\"auto, (max-width: 600px) 100vw, 600px\" \/><\/p>\n<\/td>\n<\/tr>\n<\/tbody>\n<\/table>\n<p>\u00a0<\/p>\n<p><strong>1971\/1972 <\/strong>\u2013 Awans do III ligi (okr\u0119gowej) pod wodz\u0105 trenera Tadeusza Ma\u015blaka.<br \/><strong>1973\/1974<\/strong> \u2013 Spadek do klasy terenowej. Powr\u00f3t do historycznej nazwy BKS (B\u0119dzi\u0144ski Klub<br \/>\u00a0 \u00a0 \u00a0 \u00a0 \u00a0 \u00a0 \u00a0 \u00a0 \u00a0 \u00a0 \u00a0 \u00a0 \u00a0Sportowy) Sarmacja B\u0119dzin.<br \/><strong>1974\/1975<\/strong> \u2013 Awans do klasy wojew\u00f3dzkiej po dodatkowym meczu ze Zgod\u0105 Bielszowice 1:0.<br \/>\u00a0 \u00a0 \u00a0 \u00a0 \u00a0 \u00a0 \u00a0 \u00a0 \u00a0 \u00a0 \u00a0 \u00a0 \u00a0Zdobycie Pucharu Polski podokr\u0119gu sosnowieckiego. Zmiana nazwy na MBKS<br \/>\u00a0 \u00a0 \u00a0 \u00a0 \u00a0 \u00a0 \u00a0 \u00a0 \u00a0 \u00a0 \u00a0 \u00a0 \u00a0(Mi\u0119dzyzak\u0142adowy B\u0119dzi\u0144ski Klub Sportowy) Sarmacja B\u0119dzin<br \/><strong>1976\/1977<\/strong> \u2013 Awans do ligi mi\u0119dzywojew\u00f3dzkiej (III poziom rozgrywkowy).<br \/><strong>1977\/1978<\/strong> \u2013 Spadek do klasy wojew\u00f3dzkiej.\u00a0<\/p>\n<h3 style=\"text-align: center;\"><strong>LATA 1980 &#8211; 2000:<\/strong><\/h3>\n<table style=\"margin-left: auto; margin-right: auto;\">\n<tbody>\n<tr>\n<td><img loading=\"lazy\" decoding=\"async\" class=\" size-full wp-image-878\" src=\"http:\/\/sarmacjabedzin.pl\/wp-content\/uploads\/2016\/08\/1987.png\" alt=\"\" width=\"600\" height=\"276\" srcset=\"https:\/\/sarmacjabedzin.pl\/wp-content\/uploads\/2016\/08\/1987.png 600w, https:\/\/sarmacjabedzin.pl\/wp-content\/uploads\/2016\/08\/1987-300x138.png 300w, https:\/\/sarmacjabedzin.pl\/wp-content\/uploads\/2016\/08\/1987-128x59.png 128w, https:\/\/sarmacjabedzin.pl\/wp-content\/uploads\/2016\/08\/1987-32x15.png 32w, https:\/\/sarmacjabedzin.pl\/wp-content\/uploads\/2016\/08\/1987-98x45.png 98w\" sizes=\"auto, (max-width: 600px) 100vw, 600px\" \/><\/td>\n<\/tr>\n<\/tbody>\n<\/table>\n<p>\u00a0<\/p>\n<p><strong>1981\/1982<\/strong> \u2013 Spadek do klasy terenowej.<br \/><strong>1982\/1983<\/strong> \u2013 Spadek do A-klasy.<br \/><strong>1983\/1984<\/strong> \u2013 Awans do klasy terenowej.<br \/><strong>1986\/1987<\/strong> \u2013 Spadek do A-klasy.<br \/><strong>1987\/1988<\/strong> \u2013 Awans do klasy terenowej.<br \/>\u00a0 \u00a0 \u00a0 \u00a0 \u00a0 \u00a0 \u00a0 \u00a0 \u00a0 \u00a0 \u00a0 \u00a0 Zdobycie Pucharu Polski podokr\u0119gu sosnowieckiego.<br \/><strong>1991\/1992<\/strong> \u2013 W wyniku reorganizacji rozgrywek ligowych Sarmacj\u0119 przydzielono do ligi<br \/><span style=\"font-size: 12.16px;\">\u00a0 \u00a0 \u00a0 \u00a0 \u00a0 \u00a0 \u00a0 \u00a0 \u00a0 \u00a0 <\/span>\u00a0 \u00a0 \u00a0 \u00a0 \u00a0okr\u0119gowej. Zmiana nazwy na BKS (B\u0119dzi\u0144ski Klub Sportowy) Sarmacja B\u0119dzin.<span style=\"font-size: 12.16px;\"><br \/><\/span><strong>1992\/1993<\/strong> &#8211; Zdobycie Pucharu Polski podokr\u0119gu sosnowieckiego. \u00a0<br \/><strong>1996\/1997<\/strong> &#8211; II miejsce w lidze okr\u0119gowej.<\/p>\n<table style=\"margin-left: auto; margin-right: auto;\">\n<tbody>\n<tr>\n<td><img loading=\"lazy\" decoding=\"async\" class=\" size-full wp-image-879\" src=\"http:\/\/sarmacjabedzin.pl\/wp-content\/uploads\/2016\/08\/90%20lata.png\" alt=\"\" width=\"600\" height=\"366\" \/><\/td>\n<\/tr>\n<\/tbody>\n<\/table>\n<h3 style=\"text-align: center;\"><strong>LATA 2000\u00a0&#8211; 2010:<\/strong><\/h3>\n<table style=\"margin-left: auto; margin-right: auto;\">\n<tbody>\n<tr>\n<td><img loading=\"lazy\" decoding=\"async\" class=\" size-full wp-image-880\" src=\"http:\/\/sarmacjabedzin.pl\/wp-content\/uploads\/2016\/08\/awans.png\" alt=\"\" width=\"600\" height=\"373\" srcset=\"https:\/\/sarmacjabedzin.pl\/wp-content\/uploads\/2016\/08\/awans.png 600w, https:\/\/sarmacjabedzin.pl\/wp-content\/uploads\/2016\/08\/awans-300x187.png 300w, https:\/\/sarmacjabedzin.pl\/wp-content\/uploads\/2016\/08\/awans-128x80.png 128w, https:\/\/sarmacjabedzin.pl\/wp-content\/uploads\/2016\/08\/awans-32x20.png 32w, https:\/\/sarmacjabedzin.pl\/wp-content\/uploads\/2016\/08\/awans-98x61.png 98w\" sizes=\"auto, (max-width: 600px) 100vw, 600px\" \/><\/td>\n<\/tr>\n<\/tbody>\n<\/table>\n<p>\u00a0<\/p>\n<p><strong>2003\/2004 &#8211;\u00a0<\/strong>Zaj\u0119cie I miejsca w lidze okr\u0119gowej i awans do IV ligi pod wodz\u0105 trenera &#8211; Roberta Stanka.<br \/><strong>2005\/2006<\/strong> &#8211; Zdobycie Pucharu Polski podokr\u0119gu sosnowieckiego.<span style=\"font-size: 12.16px;\"><br \/><\/span><strong>2006\/2007<\/strong> &#8211; Zdobycie Pucharu Polski podokr\u0119gu sosnowieckiego.<br \/><strong>2008\/2009<\/strong> &#8211; Zdobycie Pucharu Polski podokr\u0119gu sosnowieckiego.<br \/><strong>2009\/2010<\/strong> &#8211; II miejsce w IV lidze<\/p>\n<p>\u00a0<\/p>\n<table style=\"margin-left: auto; margin-right: auto;\">\n<tbody>\n<tr>\n<td><img loading=\"lazy\" decoding=\"async\" class=\" size-full wp-image-881\" src=\"http:\/\/sarmacjabedzin.pl\/wp-content\/uploads\/2016\/08\/historia.png\" alt=\"\" width=\"600\" height=\"342\" srcset=\"https:\/\/sarmacjabedzin.pl\/wp-content\/uploads\/2016\/08\/historia.png 600w, https:\/\/sarmacjabedzin.pl\/wp-content\/uploads\/2016\/08\/historia-300x171.png 300w, https:\/\/sarmacjabedzin.pl\/wp-content\/uploads\/2016\/08\/historia-128x73.png 128w, https:\/\/sarmacjabedzin.pl\/wp-content\/uploads\/2016\/08\/historia-32x18.png 32w, https:\/\/sarmacjabedzin.pl\/wp-content\/uploads\/2016\/08\/historia-98x56.png 98w, https:\/\/sarmacjabedzin.pl\/wp-content\/uploads\/2016\/08\/historia-370x210.png 370w\" sizes=\"auto, (max-width: 600px) 100vw, 600px\" \/><\/td>\n<\/tr>\n<\/tbody>\n<\/table>\n<p>\u00a0<\/p>\n<h3 style=\"text-align: center;\"><strong>LATA 2010\u00a0&#8211; 2017:<\/strong><\/h3>\n<p><strong>2011\/2012<\/strong>\u00a0&#8211; Sarmacja zdobywa sw\u00f3j sz\u00f3sty Puchar polski podokr\u0119gu sosnowieckiego.<br \/><strong>2012\/2013\u00a0<\/strong>&#8211; Zdobycie si\u00f3dmego trofeum Pucharu Polski podokr\u0119gu sosnowieckiego.<br \/><strong>2013\/2014\u00a0<\/strong>&#8211; Zdobycie \u00f3smego\u00a0trofeum Pucharu Polski podokr\u0119gu sosnowieckiego.<br \/>\u00a0 \u00a0 \u00a0 \u00a0 \u00a0 \u00a0 \u00a0 \u00a0 \u00a0 \u00a0 \u00a0 \u00a0III &#8211; miejsce w IV lidze.<br \/><strong>2014\/2015<\/strong> &#8211; III &#8211; miejsce w IV lidze.<br \/><strong>2015\/2016<\/strong> &#8211; III &#8211; miejsce w IV lidze.<\/p>\n<table style=\"margin-left: auto; margin-right: auto;\">\n<tbody>\n<tr>\n<td><img loading=\"lazy\" decoding=\"async\" class=\" size-full wp-image-882\" src=\"http:\/\/sarmacjabedzin.pl\/wp-content\/uploads\/2016\/08\/new.png\" alt=\"\" width=\"600\" height=\"331\" srcset=\"https:\/\/sarmacjabedzin.pl\/wp-content\/uploads\/2016\/08\/new.png 600w, https:\/\/sarmacjabedzin.pl\/wp-content\/uploads\/2016\/08\/new-300x166.png 300w, https:\/\/sarmacjabedzin.pl\/wp-content\/uploads\/2016\/08\/new-128x71.png 128w, https:\/\/sarmacjabedzin.pl\/wp-content\/uploads\/2016\/08\/new-32x18.png 32w, https:\/\/sarmacjabedzin.pl\/wp-content\/uploads\/2016\/08\/new-98x54.png 98w\" sizes=\"auto, (max-width: 600px) 100vw, 600px\" \/><\/td>\n<\/tr>\n<\/tbody>\n<\/table>\n<p>\u00a0<\/p>\n<h3><strong>Wychowankowie:<\/strong><\/h3>\n<p><strong>Boles\u0142aw Cicho\u0144 <\/strong>(zaliczy\u0142 kilka spotka\u0144 w I ligowym 1FC Katowice, rozegra\u0142 mecz przeciwko rep. Polski w 1939 roku)<br \/><strong>W\u0142odzimierz Henryk Pasternak<\/strong> (w 1959 roku zagra\u0142 trzy spotkania w ekstraklasowej Cracovii Krak\u00f3w)<strong><br \/>Jerzy Zarychta<\/strong> (karier\u0119 pi\u0142karsk\u0105 kontynuowa\u0142 w Zag\u0142\u0119biu Sosnowiec rozgrywaj\u0105c 145 meczy)<br \/><strong>Adam Ba\u0142a<\/strong> (najpierw przeszed\u0142 do Szombierek Bytom, a p\u00f3\u017aniej do I ligowego GKS-u Katowice)<\/p>\n<p>\u00a0<\/p>\n<h3>W Sarmacji wyst\u0119powali te\u017c pi\u0142karze z I-ligow\u0105 przesz\u0142o\u015bci\u0105:<\/h3>\n<p><strong>Stefan Kredycki<\/strong> (Zag\u0142\u0119bie Sosnowiec)<br \/><strong>Zdzis\u0142aw Koch<\/strong> (Zag\u0142\u0119bie Sosnowiec)<br \/><strong>Jerzy Lula<\/strong> (Zag\u0142\u0119bie Sosnowiec)<br \/><strong>Bogus\u0142aw Trefon<\/strong> (Ruch Chorz\u00f3w)<br \/><strong>Jan Wo\u017anica<\/strong> (Zag\u0142\u0119bie Sosnowiec, Szombierki Bytom)<br \/><strong>Krzysztof Tochel<\/strong> (Zag\u0142\u0119bie Sosnowiec)<br \/><strong>Waldemar W\u0142osowicz<\/strong> (Zag\u0142\u0119bie Sosnowiec)<br \/><strong>Andrzej Kubica<\/strong> (G\u00f3rnik \u0141\u0119czna)<br \/><strong>Grzegorz Fusek<\/strong> (Szombierki Bytom)<\/p>\n<p>\u00a0<\/p>\n","protected":false},"excerpt":{"rendered":"<p>Daty i fakty z klubowych dziej\u00f3w: \u00a0 LATA 1917 &#8211; 1939: \u00a0 1917 \u2013 Powstanie Towarzystwa Sportowego TS \u201eSARMACJA\u201d B\u0119dzin. 1924 \u2013 Przyst\u0105pienie do PZPN (Krakowski Zwi\u0105zek Okr\u0119gowy Pi\u0142ki No\u017cnej).1925 \u2013 Debiut Sarmacji w rozrywkach ligowych (klasa C podokr\u0119g Zag\u0142\u0119bie).1927 \u2013 Wyst\u0105pienie z PZPN i przyst\u0105pienie do nowo-powsta\u0142ej Polskiej Ligi Pi\u0142ki No\u017cnej (PLPN).\u00a0 \u00a0 \u00a0&#8230;<\/p>\n","protected":false},"author":1,"featured_media":874,"comment_status":"open","ping_status":"open","sticky":false,"template":"","format":"standard","meta":{"footnotes":""},"categories":[1],"tags":[],"class_list":["post-883","post","type-post","status-publish","format-standard","has-post-thumbnail","hentry","category-aktualnosci"],"yoast_head":"<!-- This site is optimized with the Yoast SEO plugin v25.8 - https:\/\/yoast.com\/wordpress\/plugins\/seo\/ -->\n<title>Historia | BKS Sarmacja B\u0119dzin<\/title>\n<meta name=\"robots\" content=\"index, follow, max-snippet:-1, max-image-preview:large, max-video-preview:-1\" \/>\n<link rel=\"canonical\" href=\"https:\/\/sarmacjabedzin.pl\/index.php\/2016\/08\/15\/historia\/\" \/>\n<meta property=\"og:locale\" content=\"pl_PL\" \/>\n<meta property=\"og:type\" content=\"article\" \/>\n<meta property=\"og:title\" content=\"Historia | BKS Sarmacja B\u0119dzin\" \/>\n<meta property=\"og:description\" content=\"Daty i fakty z klubowych dziej\u00f3w: \u00a0 LATA 1917 &#8211; 1939: \u00a0 1917 \u2013 Powstanie Towarzystwa Sportowego TS \u201eSARMACJA\u201d B\u0119dzin. 1924 \u2013 Przyst\u0105pienie do PZPN (Krakowski Zwi\u0105zek Okr\u0119gowy Pi\u0142ki No\u017cnej).1925 \u2013 Debiut Sarmacji w rozrywkach ligowych (klasa C podokr\u0119g Zag\u0142\u0119bie).1927 \u2013 Wyst\u0105pienie z PZPN i przyst\u0105pienie do nowo-powsta\u0142ej Polskiej Ligi Pi\u0142ki No\u017cnej (PLPN).\u00a0 \u00a0 \u00a0...\" \/>\n<meta property=\"og:url\" content=\"https:\/\/sarmacjabedzin.pl\/index.php\/2016\/08\/15\/historia\/\" \/>\n<meta property=\"og:site_name\" content=\"BKS Sarmacja B\u0119dzin\" \/>\n<meta property=\"article:publisher\" content=\"https:\/\/www.facebook.com\/SarmacjaBedzin\" \/>\n<meta property=\"article:published_time\" content=\"2016-08-15T07:57:27+00:00\" \/>\n<meta property=\"og:image\" content=\"https:\/\/sarmacjabedzin.pl\/wp-content\/uploads\/2016\/08\/logo2.png\" \/>\n\t<meta property=\"og:image:width\" content=\"130\" \/>\n\t<meta property=\"og:image:height\" content=\"132\" \/>\n\t<meta property=\"og:image:type\" content=\"image\/png\" \/>\n<meta name=\"author\" content=\"tyrtak\" \/>\n<meta name=\"twitter:card\" content=\"summary_large_image\" \/>\n<meta name=\"twitter:label1\" content=\"Napisane przez\" \/>\n\t<meta name=\"twitter:data1\" content=\"tyrtak\" \/>\n\t<meta name=\"twitter:label2\" content=\"Szacowany czas czytania\" \/>\n\t<meta name=\"twitter:data2\" content=\"4 minuty\" \/>\n<script type=\"application\/ld+json\" class=\"yoast-schema-graph\">{\"@context\":\"https:\/\/schema.org\",\"@graph\":[{\"@type\":\"WebPage\",\"@id\":\"https:\/\/sarmacjabedzin.pl\/index.php\/2016\/08\/15\/historia\/\",\"url\":\"https:\/\/sarmacjabedzin.pl\/index.php\/2016\/08\/15\/historia\/\",\"name\":\"Historia | BKS Sarmacja B\u0119dzin\",\"isPartOf\":{\"@id\":\"https:\/\/sarmacjabedzin.pl\/#website\"},\"primaryImageOfPage\":{\"@id\":\"https:\/\/sarmacjabedzin.pl\/index.php\/2016\/08\/15\/historia\/#primaryimage\"},\"image\":{\"@id\":\"https:\/\/sarmacjabedzin.pl\/index.php\/2016\/08\/15\/historia\/#primaryimage\"},\"thumbnailUrl\":\"https:\/\/sarmacjabedzin.pl\/wp-content\/uploads\/2016\/08\/logo2.png\",\"datePublished\":\"2016-08-15T07:57:27+00:00\",\"author\":{\"@id\":\"https:\/\/sarmacjabedzin.pl\/#\/schema\/person\/5417ea7b03bcd9adf58298a2265ce03a\"},\"breadcrumb\":{\"@id\":\"https:\/\/sarmacjabedzin.pl\/index.php\/2016\/08\/15\/historia\/#breadcrumb\"},\"inLanguage\":\"pl-PL\",\"potentialAction\":[{\"@type\":\"ReadAction\",\"target\":[\"https:\/\/sarmacjabedzin.pl\/index.php\/2016\/08\/15\/historia\/\"]}]},{\"@type\":\"ImageObject\",\"inLanguage\":\"pl-PL\",\"@id\":\"https:\/\/sarmacjabedzin.pl\/index.php\/2016\/08\/15\/historia\/#primaryimage\",\"url\":\"https:\/\/sarmacjabedzin.pl\/wp-content\/uploads\/2016\/08\/logo2.png\",\"contentUrl\":\"https:\/\/sarmacjabedzin.pl\/wp-content\/uploads\/2016\/08\/logo2.png\",\"width\":130,\"height\":132},{\"@type\":\"BreadcrumbList\",\"@id\":\"https:\/\/sarmacjabedzin.pl\/index.php\/2016\/08\/15\/historia\/#breadcrumb\",\"itemListElement\":[{\"@type\":\"ListItem\",\"position\":1,\"name\":\"Strona g\u0142\u00f3wna\",\"item\":\"https:\/\/sarmacjabedzin.pl\/\"},{\"@type\":\"ListItem\",\"position\":2,\"name\":\"Historia\"}]},{\"@type\":\"WebSite\",\"@id\":\"https:\/\/sarmacjabedzin.pl\/#website\",\"url\":\"https:\/\/sarmacjabedzin.pl\/\",\"name\":\"BKS Sarmacja B\u0119dzin \u2013 Nieoficjalny serwis\",\"description\":\"Nieoficjalny serwis B\u0119dzi\u0144skiego Klubu Sportowego &quot;Sarmacja&quot;\",\"potentialAction\":[{\"@type\":\"SearchAction\",\"target\":{\"@type\":\"EntryPoint\",\"urlTemplate\":\"https:\/\/sarmacjabedzin.pl\/?s={search_term_string}\"},\"query-input\":{\"@type\":\"PropertyValueSpecification\",\"valueRequired\":true,\"valueName\":\"search_term_string\"}}],\"inLanguage\":\"pl-PL\"},{\"@type\":\"Person\",\"@id\":\"https:\/\/sarmacjabedzin.pl\/#\/schema\/person\/5417ea7b03bcd9adf58298a2265ce03a\",\"name\":\"tyrtak\",\"image\":{\"@type\":\"ImageObject\",\"inLanguage\":\"pl-PL\",\"@id\":\"https:\/\/sarmacjabedzin.pl\/#\/schema\/person\/image\/\",\"url\":\"https:\/\/secure.gravatar.com\/avatar\/49b7734c6795cf524710e96813a9fedc1ae3816e479d92490236b4cfc47a5ae1?s=96&d=mm&r=g\",\"contentUrl\":\"https:\/\/secure.gravatar.com\/avatar\/49b7734c6795cf524710e96813a9fedc1ae3816e479d92490236b4cfc47a5ae1?s=96&d=mm&r=g\",\"caption\":\"tyrtak\"}}]}<\/script>\n<!-- \/ Yoast SEO plugin. -->","yoast_head_json":{"title":"Historia | BKS Sarmacja B\u0119dzin","robots":{"index":"index","follow":"follow","max-snippet":"max-snippet:-1","max-image-preview":"max-image-preview:large","max-video-preview":"max-video-preview:-1"},"canonical":"https:\/\/sarmacjabedzin.pl\/index.php\/2016\/08\/15\/historia\/","og_locale":"pl_PL","og_type":"article","og_title":"Historia | BKS Sarmacja B\u0119dzin","og_description":"Daty i fakty z klubowych dziej\u00f3w: \u00a0 LATA 1917 &#8211; 1939: \u00a0 1917 \u2013 Powstanie Towarzystwa Sportowego TS \u201eSARMACJA\u201d B\u0119dzin. 1924 \u2013 Przyst\u0105pienie do PZPN (Krakowski Zwi\u0105zek Okr\u0119gowy Pi\u0142ki No\u017cnej).1925 \u2013 Debiut Sarmacji w rozrywkach ligowych (klasa C podokr\u0119g Zag\u0142\u0119bie).1927 \u2013 Wyst\u0105pienie z PZPN i przyst\u0105pienie do nowo-powsta\u0142ej Polskiej Ligi Pi\u0142ki No\u017cnej (PLPN).\u00a0 \u00a0 \u00a0...","og_url":"https:\/\/sarmacjabedzin.pl\/index.php\/2016\/08\/15\/historia\/","og_site_name":"BKS Sarmacja B\u0119dzin","article_publisher":"https:\/\/www.facebook.com\/SarmacjaBedzin","article_published_time":"2016-08-15T07:57:27+00:00","og_image":[{"width":130,"height":132,"url":"https:\/\/sarmacjabedzin.pl\/wp-content\/uploads\/2016\/08\/logo2.png","type":"image\/png"}],"author":"tyrtak","twitter_card":"summary_large_image","twitter_misc":{"Napisane przez":"tyrtak","Szacowany czas czytania":"4 minuty"},"schema":{"@context":"https:\/\/schema.org","@graph":[{"@type":"WebPage","@id":"https:\/\/sarmacjabedzin.pl\/index.php\/2016\/08\/15\/historia\/","url":"https:\/\/sarmacjabedzin.pl\/index.php\/2016\/08\/15\/historia\/","name":"Historia | BKS Sarmacja B\u0119dzin","isPartOf":{"@id":"https:\/\/sarmacjabedzin.pl\/#website"},"primaryImageOfPage":{"@id":"https:\/\/sarmacjabedzin.pl\/index.php\/2016\/08\/15\/historia\/#primaryimage"},"image":{"@id":"https:\/\/sarmacjabedzin.pl\/index.php\/2016\/08\/15\/historia\/#primaryimage"},"thumbnailUrl":"https:\/\/sarmacjabedzin.pl\/wp-content\/uploads\/2016\/08\/logo2.png","datePublished":"2016-08-15T07:57:27+00:00","author":{"@id":"https:\/\/sarmacjabedzin.pl\/#\/schema\/person\/5417ea7b03bcd9adf58298a2265ce03a"},"breadcrumb":{"@id":"https:\/\/sarmacjabedzin.pl\/index.php\/2016\/08\/15\/historia\/#breadcrumb"},"inLanguage":"pl-PL","potentialAction":[{"@type":"ReadAction","target":["https:\/\/sarmacjabedzin.pl\/index.php\/2016\/08\/15\/historia\/"]}]},{"@type":"ImageObject","inLanguage":"pl-PL","@id":"https:\/\/sarmacjabedzin.pl\/index.php\/2016\/08\/15\/historia\/#primaryimage","url":"https:\/\/sarmacjabedzin.pl\/wp-content\/uploads\/2016\/08\/logo2.png","contentUrl":"https:\/\/sarmacjabedzin.pl\/wp-content\/uploads\/2016\/08\/logo2.png","width":130,"height":132},{"@type":"BreadcrumbList","@id":"https:\/\/sarmacjabedzin.pl\/index.php\/2016\/08\/15\/historia\/#breadcrumb","itemListElement":[{"@type":"ListItem","position":1,"name":"Strona g\u0142\u00f3wna","item":"https:\/\/sarmacjabedzin.pl\/"},{"@type":"ListItem","position":2,"name":"Historia"}]},{"@type":"WebSite","@id":"https:\/\/sarmacjabedzin.pl\/#website","url":"https:\/\/sarmacjabedzin.pl\/","name":"BKS Sarmacja B\u0119dzin \u2013 Nieoficjalny serwis","description":"Nieoficjalny serwis B\u0119dzi\u0144skiego Klubu Sportowego &quot;Sarmacja&quot;","potentialAction":[{"@type":"SearchAction","target":{"@type":"EntryPoint","urlTemplate":"https:\/\/sarmacjabedzin.pl\/?s={search_term_string}"},"query-input":{"@type":"PropertyValueSpecification","valueRequired":true,"valueName":"search_term_string"}}],"inLanguage":"pl-PL"},{"@type":"Person","@id":"https:\/\/sarmacjabedzin.pl\/#\/schema\/person\/5417ea7b03bcd9adf58298a2265ce03a","name":"tyrtak","image":{"@type":"ImageObject","inLanguage":"pl-PL","@id":"https:\/\/sarmacjabedzin.pl\/#\/schema\/person\/image\/","url":"https:\/\/secure.gravatar.com\/avatar\/49b7734c6795cf524710e96813a9fedc1ae3816e479d92490236b4cfc47a5ae1?s=96&d=mm&r=g","contentUrl":"https:\/\/secure.gravatar.com\/avatar\/49b7734c6795cf524710e96813a9fedc1ae3816e479d92490236b4cfc47a5ae1?s=96&d=mm&r=g","caption":"tyrtak"}}]}},"rttpg_featured_image_url":{"full":["https:\/\/sarmacjabedzin.pl\/wp-content\/uploads\/2016\/08\/logo2.png",130,132,false],"landscape":["https:\/\/sarmacjabedzin.pl\/wp-content\/uploads\/2016\/08\/logo2.png",130,132,false],"portraits":["https:\/\/sarmacjabedzin.pl\/wp-content\/uploads\/2016\/08\/logo2.png",130,132,false],"thumbnail":["https:\/\/sarmacjabedzin.pl\/wp-content\/uploads\/2016\/08\/logo2.png",130,132,false],"medium":["https:\/\/sarmacjabedzin.pl\/wp-content\/uploads\/2016\/08\/logo2.png",130,132,false],"large":["https:\/\/sarmacjabedzin.pl\/wp-content\/uploads\/2016\/08\/logo2.png",130,132,false],"1536x1536":["https:\/\/sarmacjabedzin.pl\/wp-content\/uploads\/2016\/08\/logo2.png",130,132,false],"2048x2048":["https:\/\/sarmacjabedzin.pl\/wp-content\/uploads\/2016\/08\/logo2.png",130,132,false],"sportspress-crop-medium":["https:\/\/sarmacjabedzin.pl\/wp-content\/uploads\/2016\/08\/logo2.png",130,132,false],"sportspress-fit-medium":["https:\/\/sarmacjabedzin.pl\/wp-content\/uploads\/2016\/08\/logo2.png",130,132,false],"sportspress-fit-icon":["https:\/\/sarmacjabedzin.pl\/wp-content\/uploads\/2016\/08\/logo2-126x128.png",126,128,true],"sportspress-fit-mini":["https:\/\/sarmacjabedzin.pl\/wp-content\/uploads\/2016\/08\/logo2-32x32.png",32,32,true],"ultp_layout_landscape_large":["https:\/\/sarmacjabedzin.pl\/wp-content\/uploads\/2016\/08\/logo2.png",130,132,false],"ultp_layout_landscape":["https:\/\/sarmacjabedzin.pl\/wp-content\/uploads\/2016\/08\/logo2.png",130,132,false],"ultp_layout_portrait":["https:\/\/sarmacjabedzin.pl\/wp-content\/uploads\/2016\/08\/logo2.png",130,132,false],"ultp_layout_square":["https:\/\/sarmacjabedzin.pl\/wp-content\/uploads\/2016\/08\/logo2.png",130,132,false],"stm-1140-666":["https:\/\/sarmacjabedzin.pl\/wp-content\/uploads\/2016\/08\/logo2.png",130,132,false],"stm-1170-650":["https:\/\/sarmacjabedzin.pl\/wp-content\/uploads\/2016\/08\/logo2.png",130,132,false],"stm-570-350":["https:\/\/sarmacjabedzin.pl\/wp-content\/uploads\/2016\/08\/logo2.png",130,132,false],"stm-570-250":["https:\/\/sarmacjabedzin.pl\/wp-content\/uploads\/2016\/08\/logo2.png",130,132,false],"stm-270-370":["https:\/\/sarmacjabedzin.pl\/wp-content\/uploads\/2016\/08\/logo2.png",130,132,false],"stm-540-500":["https:\/\/sarmacjabedzin.pl\/wp-content\/uploads\/2016\/08\/logo2.png",130,132,false],"stm-270-530":["https:\/\/sarmacjabedzin.pl\/wp-content\/uploads\/2016\/08\/logo2.png",130,132,false],"stm-200-200":["https:\/\/sarmacjabedzin.pl\/wp-content\/uploads\/2016\/08\/logo2.png",130,132,false],"stm-85-105":["https:\/\/sarmacjabedzin.pl\/wp-content\/uploads\/2016\/08\/logo2-85x105.png",85,105,true],"stm-255-255":["https:\/\/sarmacjabedzin.pl\/wp-content\/uploads\/2016\/08\/logo2.png",130,132,false],"stm-360-240":["https:\/\/sarmacjabedzin.pl\/wp-content\/uploads\/2016\/08\/logo2.png",130,132,false],"stm-360-495":["https:\/\/sarmacjabedzin.pl\/wp-content\/uploads\/2016\/08\/logo2.png",130,132,false],"stm-445-400":["https:\/\/sarmacjabedzin.pl\/wp-content\/uploads\/2016\/08\/logo2.png",130,132,false],"stm-735-240":["https:\/\/sarmacjabedzin.pl\/wp-content\/uploads\/2016\/08\/logo2.png",130,132,false],"stm-255-183":["https:\/\/sarmacjabedzin.pl\/wp-content\/uploads\/2016\/08\/logo2.png",130,132,false],"stm-350-250":["https:\/\/sarmacjabedzin.pl\/wp-content\/uploads\/2016\/08\/logo2.png",130,132,false],"blog_list":["https:\/\/sarmacjabedzin.pl\/wp-content\/uploads\/2016\/08\/logo2.png",130,132,false],"blog_list_medium":["https:\/\/sarmacjabedzin.pl\/wp-content\/uploads\/2016\/08\/logo2.png",130,132,false],"gallery_thumbnail":["https:\/\/sarmacjabedzin.pl\/wp-content\/uploads\/2016\/08\/logo2-80x80.png",80,80,true],"gallery_image":["https:\/\/sarmacjabedzin.pl\/wp-content\/uploads\/2016\/08\/logo2.png",130,132,false],"gallery_image_mini":["https:\/\/sarmacjabedzin.pl\/wp-content\/uploads\/2016\/08\/logo2-130x116.png",130,116,true],"player_photo":["https:\/\/sarmacjabedzin.pl\/wp-content\/uploads\/2016\/08\/logo2.png",130,132,false],"team_logo":["https:\/\/sarmacjabedzin.pl\/wp-content\/uploads\/2016\/08\/logo2-98x98.png",98,98,true],"player_stat_ava":["https:\/\/sarmacjabedzin.pl\/wp-content\/uploads\/2016\/08\/logo2.png",130,132,false],"post-350-220":["https:\/\/sarmacjabedzin.pl\/wp-content\/uploads\/2016\/08\/logo2.png",130,132,false],"post-275-142":["https:\/\/sarmacjabedzin.pl\/wp-content\/uploads\/2016\/08\/logo2.png",130,132,false],"post-160-120":["https:\/\/sarmacjabedzin.pl\/wp-content\/uploads\/2016\/08\/logo2-130x120.png",130,120,true],"post-110-70":["https:\/\/sarmacjabedzin.pl\/wp-content\/uploads\/2016\/08\/logo2-110x70.png",110,70,true],"post-770-450":["https:\/\/sarmacjabedzin.pl\/wp-content\/uploads\/2016\/08\/logo2.png",130,132,false],"post-370-210":["https:\/\/sarmacjabedzin.pl\/wp-content\/uploads\/2016\/08\/logo2.png",130,132,false],"post-457-470":["https:\/\/sarmacjabedzin.pl\/wp-content\/uploads\/2016\/08\/logo2.png",130,132,false],"post-370-420":["https:\/\/sarmacjabedzin.pl\/wp-content\/uploads\/2016\/08\/logo2.png",130,132,false],"stm-445-445":["https:\/\/sarmacjabedzin.pl\/wp-content\/uploads\/2016\/08\/logo2.png",130,132,false],"stm-555-460":["https:\/\/sarmacjabedzin.pl\/wp-content\/uploads\/2016\/08\/logo2.png",130,132,false],"stm-350-450":["https:\/\/sarmacjabedzin.pl\/wp-content\/uploads\/2016\/08\/logo2.png",130,132,false],"stm-720-440":["https:\/\/sarmacjabedzin.pl\/wp-content\/uploads\/2016\/08\/logo2.png",130,132,false],"stm-270-270":["https:\/\/sarmacjabedzin.pl\/wp-content\/uploads\/2016\/08\/logo2.png",130,132,false],"stm-760-450":["https:\/\/sarmacjabedzin.pl\/wp-content\/uploads\/2016\/08\/logo2.png",130,132,false]},"rttpg_author":{"display_name":"tyrtak","author_link":false},"rttpg_comment":0,"rttpg_category":"<a href=\"https:\/\/sarmacjabedzin.pl\/index.php\/category\/aktualnosci\/\" rel=\"category tag\">Aktualno\u015bci<\/a>","rttpg_excerpt":"Daty i fakty z klubowych dziej\u00f3w: \u00a0 LATA 1917 &#8211; 1939: \u00a0 1917 \u2013 Powstanie Towarzystwa Sportowego TS \u201eSARMACJA\u201d B\u0119dzin. 1924 \u2013 Przyst\u0105pienie do PZPN (Krakowski Zwi\u0105zek Okr\u0119gowy Pi\u0142ki No\u017cnej).1925 \u2013 Debiut Sarmacji w rozrywkach ligowych (klasa C podokr\u0119g Zag\u0142\u0119bie).1927 \u2013 Wyst\u0105pienie z PZPN i przyst\u0105pienie do nowo-powsta\u0142ej Polskiej Ligi Pi\u0142ki No\u017cnej (PLPN).\u00a0 \u00a0 \u00a0...","_links":{"self":[{"href":"https:\/\/sarmacjabedzin.pl\/index.php\/wp-json\/wp\/v2\/posts\/883","targetHints":{"allow":["GET"]}}],"collection":[{"href":"https:\/\/sarmacjabedzin.pl\/index.php\/wp-json\/wp\/v2\/posts"}],"about":[{"href":"https:\/\/sarmacjabedzin.pl\/index.php\/wp-json\/wp\/v2\/types\/post"}],"author":[{"embeddable":true,"href":"https:\/\/sarmacjabedzin.pl\/index.php\/wp-json\/wp\/v2\/users\/1"}],"replies":[{"embeddable":true,"href":"https:\/\/sarmacjabedzin.pl\/index.php\/wp-json\/wp\/v2\/comments?post=883"}],"version-history":[{"count":0,"href":"https:\/\/sarmacjabedzin.pl\/index.php\/wp-json\/wp\/v2\/posts\/883\/revisions"}],"wp:featuredmedia":[{"embeddable":true,"href":"https:\/\/sarmacjabedzin.pl\/index.php\/wp-json\/wp\/v2\/media\/874"}],"wp:attachment":[{"href":"https:\/\/sarmacjabedzin.pl\/index.php\/wp-json\/wp\/v2\/media?parent=883"}],"wp:term":[{"taxonomy":"category","embeddable":true,"href":"https:\/\/sarmacjabedzin.pl\/index.php\/wp-json\/wp\/v2\/categories?post=883"},{"taxonomy":"post_tag","embeddable":true,"href":"https:\/\/sarmacjabedzin.pl\/index.php\/wp-json\/wp\/v2\/tags?post=883"}],"curies":[{"name":"wp","href":"https:\/\/api.w.org\/{rel}","templated":true}]}}