{"id":8846,"date":"2025-08-03T22:30:56","date_gmt":"2025-08-03T20:30:56","guid":{"rendered":"https:\/\/sarmacjabedzin.pl\/?p=8846"},"modified":"2025-08-03T22:49:36","modified_gmt":"2025-08-03T20:49:36","slug":"podsumowanie-przygotowan-oraz-transferow","status":"publish","type":"post","link":"https:\/\/sarmacjabedzin.pl\/index.php\/2025\/08\/03\/podsumowanie-przygotowan-oraz-transferow\/","title":{"rendered":"Podsumowanie przygotowa\u0144 oraz transfer\u00f3w!"},"content":{"rendered":"<p data-start=\"187\" data-end=\"488\">W ostatni\u0105 sobot\u0119 pi\u0142karze <strong data-start=\"214\" data-end=\"233\">Sarmacji B\u0119dzin<\/strong> zako\u0144czyli okres przygotowawczy, rozgrywaj\u0105c ostatni mecz kontrolny przed startem nowego sezonu 2025\/2026. Podopieczni <strong data-start=\"353\" data-end=\"379\">trenera Jaros\u0142awa Raka<\/strong> przeszli intensywne tygodnie trening\u00f3w i rozegrali <strong data-start=\"431\" data-end=\"463\">pi\u0119\u0107 warto\u015bciowych sparing\u00f3w<\/strong> z wymagaj\u0105cymi rywalami.<\/p>\n<h3 data-start=\"490\" data-end=\"515\"><strong data-start=\"494\" data-end=\"515\">Wyniki sparing\u00f3w:<\/strong><\/h3>\n<p data-start=\"519\" data-end=\"565\"><strong data-start=\"519\" data-end=\"549\">Szombierki Bytom (IV liga)<\/strong> \u2013 pora\u017cka 0:3<\/p>\n<p data-start=\"569\" data-end=\"629\"><strong data-start=\"569\" data-end=\"610\">\u015awit Krzeszowice (V liga, ma\u0142opolska)<\/strong> \u2013 zwyci\u0119stwo 2:0<\/p>\n<p data-start=\"633\" data-end=\"695\"><strong data-start=\"633\" data-end=\"681\">Unia D\u0105browa G\u00f3rnicza (spadkowicz z IV ligi)<\/strong> \u2013 remis 2:2<\/p>\n<p data-start=\"699\" data-end=\"739\"><strong data-start=\"699\" data-end=\"725\">Orze\u0142 Rycz\u00f3w (IV liga)<\/strong> \u2013 remis 1:1<\/p>\n<p data-start=\"743\" data-end=\"784\"><strong data-start=\"743\" data-end=\"770\">MKS Trzebinia (IV liga)<\/strong> \u2013 remis 2:2<\/p>\n<p data-start=\"786\" data-end=\"970\">Pomimo jednej pora\u017cki na otwarcie, zesp\u00f3\u0142 zaprezentowa\u0142 si\u0119 <strong data-start=\"846\" data-end=\"872\">z bardzo dobrej strony<\/strong> na tle silnych przeciwnik\u00f3w, a <strong data-start=\"904\" data-end=\"927\">bilans bramkowy 7:8<\/strong> potwierdza, \u017ce rywalizacja by\u0142a wyr\u00f3wnana.<\/p>\n<h3 data-start=\"972\" data-end=\"996\"><strong data-start=\"976\" data-end=\"996\">Strzelcy bramek:<\/strong><\/h3>\n<ul data-start=\"997\" data-end=\"1152\">\n<li data-start=\"997\" data-end=\"1031\">\n<p data-start=\"999\" data-end=\"1031\"><strong data-start=\"999\" data-end=\"1020\">Mihlali Ugochukwu<\/strong> \u2013 3 gole<\/p>\n<\/li>\n<li data-start=\"1032\" data-end=\"1059\">\n<p data-start=\"1034\" data-end=\"1059\"><strong data-start=\"1034\" data-end=\"1049\">Karol G\u00f3ral<\/strong> \u2013 1 gol<\/p>\n<\/li>\n<li data-start=\"1060\" data-end=\"1091\">\n<p data-start=\"1062\" data-end=\"1091\"><strong data-start=\"1062\" data-end=\"1081\">Mateusz Popczyk<\/strong> \u2013 1 gol<\/p>\n<\/li>\n<li data-start=\"1092\" data-end=\"1120\">\n<p data-start=\"1094\" data-end=\"1120\"><strong data-start=\"1094\" data-end=\"1110\">Tomasz Nowak<\/strong> \u2013 1 gol<\/p>\n<\/li>\n<li data-start=\"1121\" data-end=\"1152\">\n<p data-start=\"1123\" data-end=\"1152\"><strong data-start=\"1123\" data-end=\"1142\">Kacper Jasi\u0144ski<\/strong> \u2013 1 gol<\/p>\n<\/li>\n<\/ul>\n<p data-start=\"1154\" data-end=\"1436\">Trener Rak przetestowa\u0142 <strong data-start=\"1178\" data-end=\"1204\">a\u017c 9 nowych zawodnik\u00f3w<\/strong>, z kt\u00f3rych cz\u0119\u015b\u0107 ju\u017c na sta\u0142e do\u0142\u0105czy\u0142a do kadry na sezon ligowy. Kto z nich wywalczy miejsce w podstawowym sk\u0142adzie \u2013 przekonamy si\u0119 ju\u017c wkr\u00f3tce. Liczymy, \u017ce ci\u0119\u017cka praca wykonana latem przyniesie pozytywne efekty w nadchodz\u0105cych rozgrywkach.<\/p>\n<hr data-start=\"1438\" data-end=\"1441\" \/>\n<h2 data-start=\"1443\" data-end=\"1483\"><strong data-start=\"1446\" data-end=\"1483\">Transfery przed sezonem 2025\/2026<\/strong><\/h2>\n<p data-start=\"1485\" data-end=\"1753\">W przerwie letniej dosz\u0142o do kilku istotnych zmian kadrowych. Z klubem po\u017cegnali si\u0119 zar\u00f3wno zawodnicy z d\u0142u\u017cszym sta\u017cem, jak i ci, kt\u00f3rzy do\u0142\u0105czyli niedawno. Wszystkim serdecznie <strong data-start=\"1665\" data-end=\"1712\">dzi\u0119kujemy za reprezentowanie barw Sarmacji<\/strong> i \u017cyczymy powodzenia w dalszej karierze.<\/p>\n<h3 data-start=\"1755\" data-end=\"1779\"><strong data-start=\"1759\" data-end=\"1779\">Z klubu odeszli:<\/strong><\/h3>\n<ul data-start=\"1780\" data-end=\"1952\">\n<li data-start=\"1780\" data-end=\"1800\">\n<p data-start=\"1782\" data-end=\"1800\"><strong data-start=\"1782\" data-end=\"1798\">\u0141ukasz \u017bmuda<\/strong><\/p>\n<\/li>\n<li data-start=\"1801\" data-end=\"1822\">\n<p data-start=\"1803\" data-end=\"1822\"><strong data-start=\"1803\" data-end=\"1820\">Jakub Kulesza<\/strong><\/p>\n<\/li>\n<li data-start=\"1823\" data-end=\"1845\">\n<p data-start=\"1825\" data-end=\"1845\"><strong data-start=\"1825\" data-end=\"1843\">Kacper Szumski<\/strong><\/p>\n<\/li>\n<li data-start=\"1846\" data-end=\"1866\">\n<p data-start=\"1848\" data-end=\"1866\"><strong data-start=\"1848\" data-end=\"1864\">Kamil Koster<\/strong><\/p>\n<\/li>\n<li data-start=\"1867\" data-end=\"1898\">\n<p data-start=\"1869\" data-end=\"1898\"><strong data-start=\"1869\" data-end=\"1896\">Fabricio Dylan Carballo<\/strong><\/p>\n<\/li>\n<li data-start=\"1899\" data-end=\"1928\">\n<p data-start=\"1901\" data-end=\"1928\"><strong data-start=\"1901\" data-end=\"1926\">Franco Ismael Machado<\/strong><\/p>\n<\/li>\n<li data-start=\"1929\" data-end=\"1952\">\n<p data-start=\"1931\" data-end=\"1952\"><strong data-start=\"1931\" data-end=\"1952\">Mihlali Ugochukwu<\/strong><\/p>\n<\/li>\n<\/ul>\n<p data-start=\"1954\" data-end=\"2101\">W ich miejsce do dru\u017cyny do\u0142\u0105czy\u0142o <strong data-start=\"1989\" data-end=\"2018\">siedmiu nowych zawodnik\u00f3w<\/strong>, w tym kilku z przesz\u0142o\u015bci\u0105 w wy\u017cszych ligach oraz wychowankowie lokalnych klub\u00f3w:<\/p>\n<h3 data-start=\"2103\" data-end=\"2126\"><strong data-start=\"2107\" data-end=\"2126\">Nowi zawodnicy:<\/strong><\/h3>\n<ul data-start=\"2127\" data-end=\"2500\">\n<li data-start=\"2127\" data-end=\"2181\">\n<p data-start=\"2129\" data-end=\"2181\"><strong data-start=\"2129\" data-end=\"2145\">Tomasz Nowak<\/strong> \u2013 pomocnik (Rekord Bielsko-Bia\u0142a)<\/p>\n<\/li>\n<li data-start=\"2182\" data-end=\"2241\">\n<p data-start=\"2184\" data-end=\"2241\"><strong data-start=\"2184\" data-end=\"2203\">Mateusz Popczyk<\/strong> \u2013 napastnik (Unia D\u0105browa G\u00f3rnicza)<\/p>\n<\/li>\n<li data-start=\"2242\" data-end=\"2301\">\n<p data-start=\"2244\" data-end=\"2301\"><strong data-start=\"2244\" data-end=\"2263\">Jakub Kaczmarek<\/strong> \u2013 pomocnik (Gwarek Tarnowskie G\u00f3ry)<\/p>\n<\/li>\n<li data-start=\"2302\" data-end=\"2380\">\n<p data-start=\"2304\" data-end=\"2380\"><strong data-start=\"2304\" data-end=\"2322\">Jakub Majewski<\/strong> \u2013 bramkarz (Zag\u0142\u0119bie II Sosnowiec), wychowanek Sarmacji<\/p>\n<\/li>\n<li data-start=\"2381\" data-end=\"2445\">\n<p data-start=\"2383\" data-end=\"2445\"><strong data-start=\"2383\" data-end=\"2406\">Miko\u0142aj Chmielowski<\/strong> \u2013 obro\u0144ca\/pomocnik (Niwy Brudzowice)<\/p>\n<\/li>\n<li data-start=\"2446\" data-end=\"2500\">\n<p data-start=\"2448\" data-end=\"2500\"><strong data-start=\"2448\" data-end=\"2468\">Oliwier Zalewski<\/strong> \u2013 pomocnik (Ostoja \u017belis\u0142awice)<\/p>\n<\/li>\n<\/ul>\n<hr data-start=\"2502\" data-end=\"2505\" \/>\n<p data-start=\"2507\" data-end=\"2724\">Wraz z nowym trenerem, od\u015bwie\u017con\u0105 kadr\u0105 i pozytywnym nastawieniem, <strong data-start=\"2574\" data-end=\"2593\">Sarmacja B\u0119dzin<\/strong> wchodzi w sezon 2025\/2026 z du\u017cymi nadziejami. \u017byczymy dru\u017cynie wielu sukces\u00f3w, walki do ko\u0144ca i przede wszystkim \u2013 rado\u015bci z gry!<\/p>\n","protected":false},"excerpt":{"rendered":"<p>W ostatni\u0105 sobot\u0119 pi\u0142karze Sarmacji B\u0119dzin zako\u0144czyli okres przygotowawczy, rozgrywaj\u0105c ostatni mecz kontrolny przed startem nowego sezonu 2025\/2026. Podopieczni trenera Jaros\u0142awa Raka przeszli intensywne tygodnie trening\u00f3w i rozegrali pi\u0119\u0107 warto\u015bciowych sparing\u00f3w z wymagaj\u0105cymi rywalami. Wyniki sparing\u00f3w: Szombierki Bytom (IV liga) \u2013 pora\u017cka 0:3 \u015awit Krzeszowice (V liga, ma\u0142opolska) \u2013 zwyci\u0119stwo 2:0 Unia D\u0105browa G\u00f3rnicza (spadkowicz&#8230;<\/p>\n","protected":false},"author":1,"featured_media":8847,"comment_status":"closed","ping_status":"closed","sticky":false,"template":"","format":"standard","meta":{"footnotes":""},"categories":[1],"tags":[],"class_list":["post-8846","post","type-post","status-publish","format-standard","has-post-thumbnail","hentry","category-aktualnosci"],"yoast_head":"<!-- This site is optimized with the Yoast SEO plugin v25.8 - https:\/\/yoast.com\/wordpress\/plugins\/seo\/ -->\n<title>Podsumowanie przygotowa\u0144 oraz transfer\u00f3w! | BKS Sarmacja B\u0119dzin<\/title>\n<meta name=\"robots\" content=\"index, follow, max-snippet:-1, max-image-preview:large, max-video-preview:-1\" \/>\n<link rel=\"canonical\" href=\"https:\/\/sarmacjabedzin.pl\/index.php\/2025\/08\/03\/podsumowanie-przygotowan-oraz-transferow\/\" \/>\n<meta property=\"og:locale\" content=\"pl_PL\" \/>\n<meta property=\"og:type\" content=\"article\" \/>\n<meta property=\"og:title\" content=\"Podsumowanie przygotowa\u0144 oraz transfer\u00f3w! | BKS Sarmacja B\u0119dzin\" \/>\n<meta property=\"og:description\" content=\"W ostatni\u0105 sobot\u0119 pi\u0142karze Sarmacji B\u0119dzin zako\u0144czyli okres przygotowawczy, rozgrywaj\u0105c ostatni mecz kontrolny przed startem nowego sezonu 2025\/2026. Podopieczni trenera Jaros\u0142awa Raka przeszli intensywne tygodnie trening\u00f3w i rozegrali pi\u0119\u0107 warto\u015bciowych sparing\u00f3w z wymagaj\u0105cymi rywalami. Wyniki sparing\u00f3w: Szombierki Bytom (IV liga) \u2013 pora\u017cka 0:3 \u015awit Krzeszowice (V liga, ma\u0142opolska) \u2013 zwyci\u0119stwo 2:0 Unia D\u0105browa G\u00f3rnicza (spadkowicz...\" \/>\n<meta property=\"og:url\" content=\"https:\/\/sarmacjabedzin.pl\/index.php\/2025\/08\/03\/podsumowanie-przygotowan-oraz-transferow\/\" \/>\n<meta property=\"og:site_name\" content=\"BKS Sarmacja B\u0119dzin\" \/>\n<meta property=\"article:publisher\" content=\"https:\/\/www.facebook.com\/SarmacjaBedzin\" \/>\n<meta property=\"article:published_time\" content=\"2025-08-03T20:30:56+00:00\" \/>\n<meta property=\"article:modified_time\" content=\"2025-08-03T20:49:36+00:00\" \/>\n<meta property=\"og:image\" content=\"http:\/\/sarmacjabedzin.pl\/wp-content\/uploads\/2025\/08\/Podsumowanie_sezonu-scaled.jpg\" \/>\n\t<meta property=\"og:image:width\" content=\"2560\" \/>\n\t<meta property=\"og:image:height\" content=\"1440\" \/>\n\t<meta property=\"og:image:type\" content=\"image\/jpeg\" \/>\n<meta name=\"author\" content=\"tyrtak\" \/>\n<meta name=\"twitter:card\" content=\"summary_large_image\" \/>\n<meta name=\"twitter:label1\" content=\"Napisane przez\" \/>\n\t<meta name=\"twitter:data1\" content=\"tyrtak\" \/>\n\t<meta name=\"twitter:label2\" content=\"Szacowany czas czytania\" \/>\n\t<meta name=\"twitter:data2\" content=\"2 minuty\" \/>\n<script type=\"application\/ld+json\" class=\"yoast-schema-graph\">{\"@context\":\"https:\/\/schema.org\",\"@graph\":[{\"@type\":\"WebPage\",\"@id\":\"https:\/\/sarmacjabedzin.pl\/index.php\/2025\/08\/03\/podsumowanie-przygotowan-oraz-transferow\/\",\"url\":\"https:\/\/sarmacjabedzin.pl\/index.php\/2025\/08\/03\/podsumowanie-przygotowan-oraz-transferow\/\",\"name\":\"Podsumowanie przygotowa\u0144 oraz transfer\u00f3w! | BKS Sarmacja B\u0119dzin\",\"isPartOf\":{\"@id\":\"https:\/\/sarmacjabedzin.pl\/#website\"},\"primaryImageOfPage\":{\"@id\":\"https:\/\/sarmacjabedzin.pl\/index.php\/2025\/08\/03\/podsumowanie-przygotowan-oraz-transferow\/#primaryimage\"},\"image\":{\"@id\":\"https:\/\/sarmacjabedzin.pl\/index.php\/2025\/08\/03\/podsumowanie-przygotowan-oraz-transferow\/#primaryimage\"},\"thumbnailUrl\":\"https:\/\/sarmacjabedzin.pl\/wp-content\/uploads\/2025\/08\/Podsumowanie_sezonu-scaled.jpg\",\"datePublished\":\"2025-08-03T20:30:56+00:00\",\"dateModified\":\"2025-08-03T20:49:36+00:00\",\"author\":{\"@id\":\"https:\/\/sarmacjabedzin.pl\/#\/schema\/person\/5417ea7b03bcd9adf58298a2265ce03a\"},\"breadcrumb\":{\"@id\":\"https:\/\/sarmacjabedzin.pl\/index.php\/2025\/08\/03\/podsumowanie-przygotowan-oraz-transferow\/#breadcrumb\"},\"inLanguage\":\"pl-PL\",\"potentialAction\":[{\"@type\":\"ReadAction\",\"target\":[\"https:\/\/sarmacjabedzin.pl\/index.php\/2025\/08\/03\/podsumowanie-przygotowan-oraz-transferow\/\"]}]},{\"@type\":\"ImageObject\",\"inLanguage\":\"pl-PL\",\"@id\":\"https:\/\/sarmacjabedzin.pl\/index.php\/2025\/08\/03\/podsumowanie-przygotowan-oraz-transferow\/#primaryimage\",\"url\":\"https:\/\/sarmacjabedzin.pl\/wp-content\/uploads\/2025\/08\/Podsumowanie_sezonu-scaled.jpg\",\"contentUrl\":\"https:\/\/sarmacjabedzin.pl\/wp-content\/uploads\/2025\/08\/Podsumowanie_sezonu-scaled.jpg\",\"width\":2560,\"height\":1440},{\"@type\":\"BreadcrumbList\",\"@id\":\"https:\/\/sarmacjabedzin.pl\/index.php\/2025\/08\/03\/podsumowanie-przygotowan-oraz-transferow\/#breadcrumb\",\"itemListElement\":[{\"@type\":\"ListItem\",\"position\":1,\"name\":\"Strona g\u0142\u00f3wna\",\"item\":\"https:\/\/sarmacjabedzin.pl\/\"},{\"@type\":\"ListItem\",\"position\":2,\"name\":\"Podsumowanie przygotowa\u0144 oraz transfer\u00f3w!\"}]},{\"@type\":\"WebSite\",\"@id\":\"https:\/\/sarmacjabedzin.pl\/#website\",\"url\":\"https:\/\/sarmacjabedzin.pl\/\",\"name\":\"BKS Sarmacja B\u0119dzin \u2013 Nieoficjalny serwis\",\"description\":\"Nieoficjalny serwis B\u0119dzi\u0144skiego Klubu Sportowego &quot;Sarmacja&quot;\",\"potentialAction\":[{\"@type\":\"SearchAction\",\"target\":{\"@type\":\"EntryPoint\",\"urlTemplate\":\"https:\/\/sarmacjabedzin.pl\/?s={search_term_string}\"},\"query-input\":{\"@type\":\"PropertyValueSpecification\",\"valueRequired\":true,\"valueName\":\"search_term_string\"}}],\"inLanguage\":\"pl-PL\"},{\"@type\":\"Person\",\"@id\":\"https:\/\/sarmacjabedzin.pl\/#\/schema\/person\/5417ea7b03bcd9adf58298a2265ce03a\",\"name\":\"tyrtak\",\"image\":{\"@type\":\"ImageObject\",\"inLanguage\":\"pl-PL\",\"@id\":\"https:\/\/sarmacjabedzin.pl\/#\/schema\/person\/image\/\",\"url\":\"https:\/\/secure.gravatar.com\/avatar\/49b7734c6795cf524710e96813a9fedc1ae3816e479d92490236b4cfc47a5ae1?s=96&d=mm&r=g\",\"contentUrl\":\"https:\/\/secure.gravatar.com\/avatar\/49b7734c6795cf524710e96813a9fedc1ae3816e479d92490236b4cfc47a5ae1?s=96&d=mm&r=g\",\"caption\":\"tyrtak\"}}]}<\/script>\n<!-- \/ Yoast SEO plugin. -->","yoast_head_json":{"title":"Podsumowanie przygotowa\u0144 oraz transfer\u00f3w! | BKS Sarmacja B\u0119dzin","robots":{"index":"index","follow":"follow","max-snippet":"max-snippet:-1","max-image-preview":"max-image-preview:large","max-video-preview":"max-video-preview:-1"},"canonical":"https:\/\/sarmacjabedzin.pl\/index.php\/2025\/08\/03\/podsumowanie-przygotowan-oraz-transferow\/","og_locale":"pl_PL","og_type":"article","og_title":"Podsumowanie przygotowa\u0144 oraz transfer\u00f3w! | BKS Sarmacja B\u0119dzin","og_description":"W ostatni\u0105 sobot\u0119 pi\u0142karze Sarmacji B\u0119dzin zako\u0144czyli okres przygotowawczy, rozgrywaj\u0105c ostatni mecz kontrolny przed startem nowego sezonu 2025\/2026. Podopieczni trenera Jaros\u0142awa Raka przeszli intensywne tygodnie trening\u00f3w i rozegrali pi\u0119\u0107 warto\u015bciowych sparing\u00f3w z wymagaj\u0105cymi rywalami. Wyniki sparing\u00f3w: Szombierki Bytom (IV liga) \u2013 pora\u017cka 0:3 \u015awit Krzeszowice (V liga, ma\u0142opolska) \u2013 zwyci\u0119stwo 2:0 Unia D\u0105browa G\u00f3rnicza (spadkowicz...","og_url":"https:\/\/sarmacjabedzin.pl\/index.php\/2025\/08\/03\/podsumowanie-przygotowan-oraz-transferow\/","og_site_name":"BKS Sarmacja B\u0119dzin","article_publisher":"https:\/\/www.facebook.com\/SarmacjaBedzin","article_published_time":"2025-08-03T20:30:56+00:00","article_modified_time":"2025-08-03T20:49:36+00:00","og_image":[{"width":2560,"height":1440,"url":"http:\/\/sarmacjabedzin.pl\/wp-content\/uploads\/2025\/08\/Podsumowanie_sezonu-scaled.jpg","type":"image\/jpeg"}],"author":"tyrtak","twitter_card":"summary_large_image","twitter_misc":{"Napisane przez":"tyrtak","Szacowany czas czytania":"2 minuty"},"schema":{"@context":"https:\/\/schema.org","@graph":[{"@type":"WebPage","@id":"https:\/\/sarmacjabedzin.pl\/index.php\/2025\/08\/03\/podsumowanie-przygotowan-oraz-transferow\/","url":"https:\/\/sarmacjabedzin.pl\/index.php\/2025\/08\/03\/podsumowanie-przygotowan-oraz-transferow\/","name":"Podsumowanie przygotowa\u0144 oraz transfer\u00f3w! | BKS Sarmacja B\u0119dzin","isPartOf":{"@id":"https:\/\/sarmacjabedzin.pl\/#website"},"primaryImageOfPage":{"@id":"https:\/\/sarmacjabedzin.pl\/index.php\/2025\/08\/03\/podsumowanie-przygotowan-oraz-transferow\/#primaryimage"},"image":{"@id":"https:\/\/sarmacjabedzin.pl\/index.php\/2025\/08\/03\/podsumowanie-przygotowan-oraz-transferow\/#primaryimage"},"thumbnailUrl":"https:\/\/sarmacjabedzin.pl\/wp-content\/uploads\/2025\/08\/Podsumowanie_sezonu-scaled.jpg","datePublished":"2025-08-03T20:30:56+00:00","dateModified":"2025-08-03T20:49:36+00:00","author":{"@id":"https:\/\/sarmacjabedzin.pl\/#\/schema\/person\/5417ea7b03bcd9adf58298a2265ce03a"},"breadcrumb":{"@id":"https:\/\/sarmacjabedzin.pl\/index.php\/2025\/08\/03\/podsumowanie-przygotowan-oraz-transferow\/#breadcrumb"},"inLanguage":"pl-PL","potentialAction":[{"@type":"ReadAction","target":["https:\/\/sarmacjabedzin.pl\/index.php\/2025\/08\/03\/podsumowanie-przygotowan-oraz-transferow\/"]}]},{"@type":"ImageObject","inLanguage":"pl-PL","@id":"https:\/\/sarmacjabedzin.pl\/index.php\/2025\/08\/03\/podsumowanie-przygotowan-oraz-transferow\/#primaryimage","url":"https:\/\/sarmacjabedzin.pl\/wp-content\/uploads\/2025\/08\/Podsumowanie_sezonu-scaled.jpg","contentUrl":"https:\/\/sarmacjabedzin.pl\/wp-content\/uploads\/2025\/08\/Podsumowanie_sezonu-scaled.jpg","width":2560,"height":1440},{"@type":"BreadcrumbList","@id":"https:\/\/sarmacjabedzin.pl\/index.php\/2025\/08\/03\/podsumowanie-przygotowan-oraz-transferow\/#breadcrumb","itemListElement":[{"@type":"ListItem","position":1,"name":"Strona g\u0142\u00f3wna","item":"https:\/\/sarmacjabedzin.pl\/"},{"@type":"ListItem","position":2,"name":"Podsumowanie przygotowa\u0144 oraz transfer\u00f3w!"}]},{"@type":"WebSite","@id":"https:\/\/sarmacjabedzin.pl\/#website","url":"https:\/\/sarmacjabedzin.pl\/","name":"BKS Sarmacja B\u0119dzin \u2013 Nieoficjalny serwis","description":"Nieoficjalny serwis B\u0119dzi\u0144skiego Klubu Sportowego &quot;Sarmacja&quot;","potentialAction":[{"@type":"SearchAction","target":{"@type":"EntryPoint","urlTemplate":"https:\/\/sarmacjabedzin.pl\/?s={search_term_string}"},"query-input":{"@type":"PropertyValueSpecification","valueRequired":true,"valueName":"search_term_string"}}],"inLanguage":"pl-PL"},{"@type":"Person","@id":"https:\/\/sarmacjabedzin.pl\/#\/schema\/person\/5417ea7b03bcd9adf58298a2265ce03a","name":"tyrtak","image":{"@type":"ImageObject","inLanguage":"pl-PL","@id":"https:\/\/sarmacjabedzin.pl\/#\/schema\/person\/image\/","url":"https:\/\/secure.gravatar.com\/avatar\/49b7734c6795cf524710e96813a9fedc1ae3816e479d92490236b4cfc47a5ae1?s=96&d=mm&r=g","contentUrl":"https:\/\/secure.gravatar.com\/avatar\/49b7734c6795cf524710e96813a9fedc1ae3816e479d92490236b4cfc47a5ae1?s=96&d=mm&r=g","caption":"tyrtak"}}]}},"rttpg_featured_image_url":{"full":["https:\/\/sarmacjabedzin.pl\/wp-content\/uploads\/2025\/08\/Podsumowanie_sezonu-scaled.jpg",2560,1440,false],"landscape":["https:\/\/sarmacjabedzin.pl\/wp-content\/uploads\/2025\/08\/Podsumowanie_sezonu-scaled.jpg",2560,1440,false],"portraits":["https:\/\/sarmacjabedzin.pl\/wp-content\/uploads\/2025\/08\/Podsumowanie_sezonu-scaled.jpg",2560,1440,false],"thumbnail":["https:\/\/sarmacjabedzin.pl\/wp-content\/uploads\/2025\/08\/Podsumowanie_sezonu-150x150.jpg",150,150,true],"medium":["https:\/\/sarmacjabedzin.pl\/wp-content\/uploads\/2025\/08\/Podsumowanie_sezonu-300x169.jpg",300,169,true],"large":["https:\/\/sarmacjabedzin.pl\/wp-content\/uploads\/2025\/08\/Podsumowanie_sezonu-1024x576.jpg",1024,576,true],"1536x1536":["https:\/\/sarmacjabedzin.pl\/wp-content\/uploads\/2025\/08\/Podsumowanie_sezonu-1536x864.jpg",1536,864,true],"2048x2048":["https:\/\/sarmacjabedzin.pl\/wp-content\/uploads\/2025\/08\/Podsumowanie_sezonu-2048x1152.jpg",2048,1152,true],"sportspress-crop-medium":["https:\/\/sarmacjabedzin.pl\/wp-content\/uploads\/2025\/08\/Podsumowanie_sezonu-300x300.jpg",300,300,true],"sportspress-fit-medium":["https:\/\/sarmacjabedzin.pl\/wp-content\/uploads\/2025\/08\/Podsumowanie_sezonu-300x169.jpg",300,169,true],"sportspress-fit-icon":["https:\/\/sarmacjabedzin.pl\/wp-content\/uploads\/2025\/08\/Podsumowanie_sezonu-128x72.jpg",128,72,true],"sportspress-fit-mini":["https:\/\/sarmacjabedzin.pl\/wp-content\/uploads\/2025\/08\/Podsumowanie_sezonu-32x18.jpg",32,18,true],"ultp_layout_landscape_large":["https:\/\/sarmacjabedzin.pl\/wp-content\/uploads\/2025\/08\/Podsumowanie_sezonu-1200x800.jpg",1200,800,true],"ultp_layout_landscape":["https:\/\/sarmacjabedzin.pl\/wp-content\/uploads\/2025\/08\/Podsumowanie_sezonu-870x570.jpg",870,570,true],"ultp_layout_portrait":["https:\/\/sarmacjabedzin.pl\/wp-content\/uploads\/2025\/08\/Podsumowanie_sezonu-600x900.jpg",600,900,true],"ultp_layout_square":["https:\/\/sarmacjabedzin.pl\/wp-content\/uploads\/2025\/08\/Podsumowanie_sezonu-600x600.jpg",600,600,true],"stm-1140-666":["https:\/\/sarmacjabedzin.pl\/wp-content\/uploads\/2025\/08\/Podsumowanie_sezonu-1140x666.jpg",1140,666,true],"stm-1170-650":["https:\/\/sarmacjabedzin.pl\/wp-content\/uploads\/2025\/08\/Podsumowanie_sezonu-1170x650.jpg",1170,650,true],"stm-570-350":["https:\/\/sarmacjabedzin.pl\/wp-content\/uploads\/2025\/08\/Podsumowanie_sezonu-570x350.jpg",570,350,true],"stm-570-250":["https:\/\/sarmacjabedzin.pl\/wp-content\/uploads\/2025\/08\/Podsumowanie_sezonu-570x250.jpg",570,250,true],"stm-270-370":["https:\/\/sarmacjabedzin.pl\/wp-content\/uploads\/2025\/08\/Podsumowanie_sezonu-270x370.jpg",270,370,true],"stm-540-500":["https:\/\/sarmacjabedzin.pl\/wp-content\/uploads\/2025\/08\/Podsumowanie_sezonu-540x500.jpg",540,500,true],"stm-270-530":["https:\/\/sarmacjabedzin.pl\/wp-content\/uploads\/2025\/08\/Podsumowanie_sezonu-270x530.jpg",270,530,true],"stm-200-200":["https:\/\/sarmacjabedzin.pl\/wp-content\/uploads\/2025\/08\/Podsumowanie_sezonu-200x200.jpg",200,200,true],"stm-85-105":["https:\/\/sarmacjabedzin.pl\/wp-content\/uploads\/2025\/08\/Podsumowanie_sezonu-85x105.jpg",85,105,true],"stm-255-255":["https:\/\/sarmacjabedzin.pl\/wp-content\/uploads\/2025\/08\/Podsumowanie_sezonu-255x255.jpg",255,255,true],"stm-360-240":["https:\/\/sarmacjabedzin.pl\/wp-content\/uploads\/2025\/08\/Podsumowanie_sezonu-360x240.jpg",360,240,true],"stm-360-495":["https:\/\/sarmacjabedzin.pl\/wp-content\/uploads\/2025\/08\/Podsumowanie_sezonu-360x495.jpg",360,495,true],"stm-445-400":["https:\/\/sarmacjabedzin.pl\/wp-content\/uploads\/2025\/08\/Podsumowanie_sezonu-445x400.jpg",445,400,true],"stm-735-240":["https:\/\/sarmacjabedzin.pl\/wp-content\/uploads\/2025\/08\/Podsumowanie_sezonu-735x240.jpg",735,240,true],"stm-255-183":["https:\/\/sarmacjabedzin.pl\/wp-content\/uploads\/2025\/08\/Podsumowanie_sezonu-255x183.jpg",255,183,true],"stm-350-250":["https:\/\/sarmacjabedzin.pl\/wp-content\/uploads\/2025\/08\/Podsumowanie_sezonu-350x250.jpg",350,250,true],"blog_list":["https:\/\/sarmacjabedzin.pl\/wp-content\/uploads\/2025\/08\/Podsumowanie_sezonu-270x220.jpg",270,220,true],"blog_list_medium":["https:\/\/sarmacjabedzin.pl\/wp-content\/uploads\/2025\/08\/Podsumowanie_sezonu-390x345.jpg",390,345,true],"gallery_thumbnail":["https:\/\/sarmacjabedzin.pl\/wp-content\/uploads\/2025\/08\/Podsumowanie_sezonu-80x80.jpg",80,80,true],"gallery_image":["https:\/\/sarmacjabedzin.pl\/wp-content\/uploads\/2025\/08\/Podsumowanie_sezonu-560x367.jpg",560,367,true],"gallery_image_mini":["https:\/\/sarmacjabedzin.pl\/wp-content\/uploads\/2025\/08\/Podsumowanie_sezonu-143x116.jpg",143,116,true],"player_photo":["https:\/\/sarmacjabedzin.pl\/wp-content\/uploads\/2025\/08\/Podsumowanie_sezonu-740x740.jpg",740,740,true],"team_logo":["https:\/\/sarmacjabedzin.pl\/wp-content\/uploads\/2025\/08\/Podsumowanie_sezonu-98x55.jpg",98,55,true],"player_stat_ava":["https:\/\/sarmacjabedzin.pl\/wp-content\/uploads\/2025\/08\/Podsumowanie_sezonu-550x580.jpg",550,580,true],"post-350-220":["https:\/\/sarmacjabedzin.pl\/wp-content\/uploads\/2025\/08\/Podsumowanie_sezonu-350x220.jpg",350,220,true],"post-275-142":["https:\/\/sarmacjabedzin.pl\/wp-content\/uploads\/2025\/08\/Podsumowanie_sezonu-275x142.jpg",275,142,true],"post-160-120":["https:\/\/sarmacjabedzin.pl\/wp-content\/uploads\/2025\/08\/Podsumowanie_sezonu-160x120.jpg",160,120,true],"post-110-70":["https:\/\/sarmacjabedzin.pl\/wp-content\/uploads\/2025\/08\/Podsumowanie_sezonu-110x70.jpg",110,70,true],"post-770-450":["https:\/\/sarmacjabedzin.pl\/wp-content\/uploads\/2025\/08\/Podsumowanie_sezonu-770x450.jpg",770,450,true],"post-370-210":["https:\/\/sarmacjabedzin.pl\/wp-content\/uploads\/2025\/08\/Podsumowanie_sezonu-370x210.jpg",370,210,true],"post-457-470":["https:\/\/sarmacjabedzin.pl\/wp-content\/uploads\/2025\/08\/Podsumowanie_sezonu-457x470.jpg",457,470,true],"post-370-420":["https:\/\/sarmacjabedzin.pl\/wp-content\/uploads\/2025\/08\/Podsumowanie_sezonu-370x420.jpg",370,420,true],"stm-445-445":["https:\/\/sarmacjabedzin.pl\/wp-content\/uploads\/2025\/08\/Podsumowanie_sezonu-445x445.jpg",445,445,true],"stm-555-460":["https:\/\/sarmacjabedzin.pl\/wp-content\/uploads\/2025\/08\/Podsumowanie_sezonu-555x460.jpg",555,460,true],"stm-350-450":["https:\/\/sarmacjabedzin.pl\/wp-content\/uploads\/2025\/08\/Podsumowanie_sezonu-350x450.jpg",350,450,true],"stm-720-440":["https:\/\/sarmacjabedzin.pl\/wp-content\/uploads\/2025\/08\/Podsumowanie_sezonu-720x440.jpg",720,440,true],"stm-270-270":["https:\/\/sarmacjabedzin.pl\/wp-content\/uploads\/2025\/08\/Podsumowanie_sezonu-270x270.jpg",270,270,true],"stm-760-450":["https:\/\/sarmacjabedzin.pl\/wp-content\/uploads\/2025\/08\/Podsumowanie_sezonu-760x450.jpg",760,450,true]},"rttpg_author":{"display_name":"tyrtak","author_link":false},"rttpg_comment":0,"rttpg_category":"<a href=\"https:\/\/sarmacjabedzin.pl\/index.php\/category\/aktualnosci\/\" rel=\"category tag\">Aktualno\u015bci<\/a>","rttpg_excerpt":"W ostatni\u0105 sobot\u0119 pi\u0142karze Sarmacji B\u0119dzin zako\u0144czyli okres przygotowawczy, rozgrywaj\u0105c ostatni mecz kontrolny przed startem nowego sezonu 2025\/2026. Podopieczni trenera Jaros\u0142awa Raka przeszli intensywne tygodnie trening\u00f3w i rozegrali pi\u0119\u0107 warto\u015bciowych sparing\u00f3w z wymagaj\u0105cymi rywalami. Wyniki sparing\u00f3w: Szombierki Bytom (IV liga) \u2013 pora\u017cka 0:3 \u015awit Krzeszowice (V liga, ma\u0142opolska) \u2013 zwyci\u0119stwo 2:0 Unia D\u0105browa G\u00f3rnicza (spadkowicz...","_links":{"self":[{"href":"https:\/\/sarmacjabedzin.pl\/index.php\/wp-json\/wp\/v2\/posts\/8846","targetHints":{"allow":["GET"]}}],"collection":[{"href":"https:\/\/sarmacjabedzin.pl\/index.php\/wp-json\/wp\/v2\/posts"}],"about":[{"href":"https:\/\/sarmacjabedzin.pl\/index.php\/wp-json\/wp\/v2\/types\/post"}],"author":[{"embeddable":true,"href":"https:\/\/sarmacjabedzin.pl\/index.php\/wp-json\/wp\/v2\/users\/1"}],"replies":[{"embeddable":true,"href":"https:\/\/sarmacjabedzin.pl\/index.php\/wp-json\/wp\/v2\/comments?post=8846"}],"version-history":[{"count":2,"href":"https:\/\/sarmacjabedzin.pl\/index.php\/wp-json\/wp\/v2\/posts\/8846\/revisions"}],"predecessor-version":[{"id":8850,"href":"https:\/\/sarmacjabedzin.pl\/index.php\/wp-json\/wp\/v2\/posts\/8846\/revisions\/8850"}],"wp:featuredmedia":[{"embeddable":true,"href":"https:\/\/sarmacjabedzin.pl\/index.php\/wp-json\/wp\/v2\/media\/8847"}],"wp:attachment":[{"href":"https:\/\/sarmacjabedzin.pl\/index.php\/wp-json\/wp\/v2\/media?parent=8846"}],"wp:term":[{"taxonomy":"category","embeddable":true,"href":"https:\/\/sarmacjabedzin.pl\/index.php\/wp-json\/wp\/v2\/categories?post=8846"},{"taxonomy":"post_tag","embeddable":true,"href":"https:\/\/sarmacjabedzin.pl\/index.php\/wp-json\/wp\/v2\/tags?post=8846"}],"curies":[{"name":"wp","href":"https:\/\/api.w.org\/{rel}","templated":true}]}}