{"id":885,"date":"2016-07-12T12:17:54","date_gmt":"2016-07-12T10:17:54","guid":{"rendered":"http:\/\/sarmacjabedzin.pl\/index.php\/2016\/07\/12\/przedsezonowe-informacje\/"},"modified":"2016-07-12T12:17:54","modified_gmt":"2016-07-12T10:17:54","slug":"przedsezonowe-informacje","status":"publish","type":"post","link":"https:\/\/sarmacjabedzin.pl\/index.php\/2016\/07\/12\/przedsezonowe-informacje\/","title":{"rendered":"PRZEDSEZONOWE INFORMACJE!"},"content":{"rendered":"<p>W poniedzia\u0142ek 11.07.2016r pi\u0142karze Sarmacji B\u0119dzin wznowili treningi przed zbli\u017caj\u0105cym si\u0119 sezonem 2016\/2017. Na murawie zameldowali si\u0119 prawie wszyscy kadrowicze. W\u015br\u00f3d nich mo\u017cna by\u0142o dostrzec nowe twarze pi\u0142karzy, kt\u00f3rzy wyrazili ch\u0119\u0107 grania w barwach naszego klubu. Trener Krzysztof Kie\u0142b ju\u017c wkr\u00f3tce w meczach sparingowych b\u0119dzie m\u00f3g\u0142 pozna\u0107 ich prawdziw\u0105 warto\u015b\u0107. Pierwszy trening trwa\u0142 ponad godzin\u0119.<\/p>\n<p>Tego samego dnia w siedzibie \u015al\u0105skiego Zwi\u0105zku Pi\u0142ki No\u017cnej w Katowicach ustalono termin pierwszej kolejki IV ligi.<\/p>\n<p>Pi\u0142karze sezon 2016\/2017 rozpoczn\u0105 13.08.2016r o godz.17.00.<\/p>\n<p>Sarmacja B\u0119dzin sw\u00f3j pierwszy mecz rozegra na wyje\u017adzie z RKS-em Grodziec.<\/p>\n<p>Ju\u017c na wst\u0119pie zapowiadaj\u0105 si\u0119 spore emocje w \u201eDerbach B\u0119dzina\u201d.<\/p>\n<p>Przydzielona do naszej grupy dru\u017cyna Grunwaldu Ruda \u015al\u0105ska nie otrzyma\u0142a licencji na rozgrywanie spotka\u0144 na tym poziomie rozgrywkowym. Wobec czego chwilowo nasza grupa liczy\u0107 b\u0119dzie 17 zespo\u0142\u00f3w. Czekamy na dalsze komunikaty z siedziby \u015alZPN.<\/p>\n","protected":false},"excerpt":{"rendered":"<p>W poniedzia\u0142ek 11.07.2016r pi\u0142karze Sarmacji B\u0119dzin wznowili treningi przed zbli\u017caj\u0105cym si\u0119 sezonem 2016\/2017. Na murawie zameldowali si\u0119 prawie wszyscy kadrowicze. W\u015br\u00f3d nich mo\u017cna by\u0142o dostrzec nowe twarze pi\u0142karzy, kt\u00f3rzy wyrazili ch\u0119\u0107 grania w barwach naszego klubu. Trener Krzysztof Kie\u0142b ju\u017c wkr\u00f3tce w meczach sparingowych b\u0119dzie m\u00f3g\u0142 pozna\u0107 ich prawdziw\u0105 warto\u015b\u0107. Pierwszy trening trwa\u0142 ponad godzin\u0119&#8230;.<\/p>\n","protected":false},"author":1,"featured_media":884,"comment_status":"open","ping_status":"open","sticky":false,"template":"","format":"standard","meta":{"footnotes":""},"categories":[1],"tags":[],"class_list":["post-885","post","type-post","status-publish","format-standard","has-post-thumbnail","hentry","category-aktualnosci"],"yoast_head":"<!-- This site is optimized with the Yoast SEO plugin v25.8 - https:\/\/yoast.com\/wordpress\/plugins\/seo\/ -->\n<title>PRZEDSEZONOWE INFORMACJE! | BKS Sarmacja B\u0119dzin<\/title>\n<meta name=\"robots\" content=\"index, follow, max-snippet:-1, max-image-preview:large, max-video-preview:-1\" \/>\n<link rel=\"canonical\" href=\"https:\/\/sarmacjabedzin.pl\/index.php\/2016\/07\/12\/przedsezonowe-informacje\/\" \/>\n<meta property=\"og:locale\" content=\"pl_PL\" \/>\n<meta property=\"og:type\" content=\"article\" \/>\n<meta property=\"og:title\" content=\"PRZEDSEZONOWE INFORMACJE! | BKS Sarmacja B\u0119dzin\" \/>\n<meta property=\"og:description\" content=\"W poniedzia\u0142ek 11.07.2016r pi\u0142karze Sarmacji B\u0119dzin wznowili treningi przed zbli\u017caj\u0105cym si\u0119 sezonem 2016\/2017. Na murawie zameldowali si\u0119 prawie wszyscy kadrowicze. W\u015br\u00f3d nich mo\u017cna by\u0142o dostrzec nowe twarze pi\u0142karzy, kt\u00f3rzy wyrazili ch\u0119\u0107 grania w barwach naszego klubu. Trener Krzysztof Kie\u0142b ju\u017c wkr\u00f3tce w meczach sparingowych b\u0119dzie m\u00f3g\u0142 pozna\u0107 ich prawdziw\u0105 warto\u015b\u0107. Pierwszy trening trwa\u0142 ponad godzin\u0119....\" \/>\n<meta property=\"og:url\" content=\"https:\/\/sarmacjabedzin.pl\/index.php\/2016\/07\/12\/przedsezonowe-informacje\/\" \/>\n<meta property=\"og:site_name\" content=\"BKS Sarmacja B\u0119dzin\" \/>\n<meta property=\"article:publisher\" content=\"https:\/\/www.facebook.com\/SarmacjaBedzin\" \/>\n<meta property=\"article:published_time\" content=\"2016-07-12T10:17:54+00:00\" \/>\n<meta property=\"og:image\" content=\"https:\/\/sarmacjabedzin.pl\/wp-content\/uploads\/2016\/07\/DSC_1412.JPG\" \/>\n\t<meta property=\"og:image:width\" content=\"1280\" \/>\n\t<meta property=\"og:image:height\" content=\"851\" \/>\n\t<meta property=\"og:image:type\" content=\"image\/jpeg\" \/>\n<meta name=\"author\" content=\"tyrtak\" \/>\n<meta name=\"twitter:card\" content=\"summary_large_image\" \/>\n<meta name=\"twitter:label1\" content=\"Napisane przez\" \/>\n\t<meta name=\"twitter:data1\" content=\"tyrtak\" \/>\n\t<meta name=\"twitter:label2\" content=\"Szacowany czas czytania\" \/>\n\t<meta name=\"twitter:data2\" content=\"1 minuta\" \/>\n<script type=\"application\/ld+json\" class=\"yoast-schema-graph\">{\"@context\":\"https:\/\/schema.org\",\"@graph\":[{\"@type\":\"WebPage\",\"@id\":\"https:\/\/sarmacjabedzin.pl\/index.php\/2016\/07\/12\/przedsezonowe-informacje\/\",\"url\":\"https:\/\/sarmacjabedzin.pl\/index.php\/2016\/07\/12\/przedsezonowe-informacje\/\",\"name\":\"PRZEDSEZONOWE INFORMACJE! | BKS Sarmacja B\u0119dzin\",\"isPartOf\":{\"@id\":\"https:\/\/sarmacjabedzin.pl\/#website\"},\"primaryImageOfPage\":{\"@id\":\"https:\/\/sarmacjabedzin.pl\/index.php\/2016\/07\/12\/przedsezonowe-informacje\/#primaryimage\"},\"image\":{\"@id\":\"https:\/\/sarmacjabedzin.pl\/index.php\/2016\/07\/12\/przedsezonowe-informacje\/#primaryimage\"},\"thumbnailUrl\":\"https:\/\/sarmacjabedzin.pl\/wp-content\/uploads\/2016\/07\/DSC_1412.JPG\",\"datePublished\":\"2016-07-12T10:17:54+00:00\",\"author\":{\"@id\":\"https:\/\/sarmacjabedzin.pl\/#\/schema\/person\/5417ea7b03bcd9adf58298a2265ce03a\"},\"breadcrumb\":{\"@id\":\"https:\/\/sarmacjabedzin.pl\/index.php\/2016\/07\/12\/przedsezonowe-informacje\/#breadcrumb\"},\"inLanguage\":\"pl-PL\",\"potentialAction\":[{\"@type\":\"ReadAction\",\"target\":[\"https:\/\/sarmacjabedzin.pl\/index.php\/2016\/07\/12\/przedsezonowe-informacje\/\"]}]},{\"@type\":\"ImageObject\",\"inLanguage\":\"pl-PL\",\"@id\":\"https:\/\/sarmacjabedzin.pl\/index.php\/2016\/07\/12\/przedsezonowe-informacje\/#primaryimage\",\"url\":\"https:\/\/sarmacjabedzin.pl\/wp-content\/uploads\/2016\/07\/DSC_1412.JPG\",\"contentUrl\":\"https:\/\/sarmacjabedzin.pl\/wp-content\/uploads\/2016\/07\/DSC_1412.JPG\",\"width\":1280,\"height\":851},{\"@type\":\"BreadcrumbList\",\"@id\":\"https:\/\/sarmacjabedzin.pl\/index.php\/2016\/07\/12\/przedsezonowe-informacje\/#breadcrumb\",\"itemListElement\":[{\"@type\":\"ListItem\",\"position\":1,\"name\":\"Strona g\u0142\u00f3wna\",\"item\":\"https:\/\/sarmacjabedzin.pl\/\"},{\"@type\":\"ListItem\",\"position\":2,\"name\":\"PRZEDSEZONOWE INFORMACJE!\"}]},{\"@type\":\"WebSite\",\"@id\":\"https:\/\/sarmacjabedzin.pl\/#website\",\"url\":\"https:\/\/sarmacjabedzin.pl\/\",\"name\":\"BKS Sarmacja B\u0119dzin \u2013 Nieoficjalny serwis\",\"description\":\"Nieoficjalny serwis B\u0119dzi\u0144skiego Klubu Sportowego &quot;Sarmacja&quot;\",\"potentialAction\":[{\"@type\":\"SearchAction\",\"target\":{\"@type\":\"EntryPoint\",\"urlTemplate\":\"https:\/\/sarmacjabedzin.pl\/?s={search_term_string}\"},\"query-input\":{\"@type\":\"PropertyValueSpecification\",\"valueRequired\":true,\"valueName\":\"search_term_string\"}}],\"inLanguage\":\"pl-PL\"},{\"@type\":\"Person\",\"@id\":\"https:\/\/sarmacjabedzin.pl\/#\/schema\/person\/5417ea7b03bcd9adf58298a2265ce03a\",\"name\":\"tyrtak\",\"image\":{\"@type\":\"ImageObject\",\"inLanguage\":\"pl-PL\",\"@id\":\"https:\/\/sarmacjabedzin.pl\/#\/schema\/person\/image\/\",\"url\":\"https:\/\/secure.gravatar.com\/avatar\/49b7734c6795cf524710e96813a9fedc1ae3816e479d92490236b4cfc47a5ae1?s=96&d=mm&r=g\",\"contentUrl\":\"https:\/\/secure.gravatar.com\/avatar\/49b7734c6795cf524710e96813a9fedc1ae3816e479d92490236b4cfc47a5ae1?s=96&d=mm&r=g\",\"caption\":\"tyrtak\"}}]}<\/script>\n<!-- \/ Yoast SEO plugin. -->","yoast_head_json":{"title":"PRZEDSEZONOWE INFORMACJE! | BKS Sarmacja B\u0119dzin","robots":{"index":"index","follow":"follow","max-snippet":"max-snippet:-1","max-image-preview":"max-image-preview:large","max-video-preview":"max-video-preview:-1"},"canonical":"https:\/\/sarmacjabedzin.pl\/index.php\/2016\/07\/12\/przedsezonowe-informacje\/","og_locale":"pl_PL","og_type":"article","og_title":"PRZEDSEZONOWE INFORMACJE! | BKS Sarmacja B\u0119dzin","og_description":"W poniedzia\u0142ek 11.07.2016r pi\u0142karze Sarmacji B\u0119dzin wznowili treningi przed zbli\u017caj\u0105cym si\u0119 sezonem 2016\/2017. Na murawie zameldowali si\u0119 prawie wszyscy kadrowicze. W\u015br\u00f3d nich mo\u017cna by\u0142o dostrzec nowe twarze pi\u0142karzy, kt\u00f3rzy wyrazili ch\u0119\u0107 grania w barwach naszego klubu. Trener Krzysztof Kie\u0142b ju\u017c wkr\u00f3tce w meczach sparingowych b\u0119dzie m\u00f3g\u0142 pozna\u0107 ich prawdziw\u0105 warto\u015b\u0107. Pierwszy trening trwa\u0142 ponad godzin\u0119....","og_url":"https:\/\/sarmacjabedzin.pl\/index.php\/2016\/07\/12\/przedsezonowe-informacje\/","og_site_name":"BKS Sarmacja B\u0119dzin","article_publisher":"https:\/\/www.facebook.com\/SarmacjaBedzin","article_published_time":"2016-07-12T10:17:54+00:00","og_image":[{"width":1280,"height":851,"url":"https:\/\/sarmacjabedzin.pl\/wp-content\/uploads\/2016\/07\/DSC_1412.JPG","type":"image\/jpeg"}],"author":"tyrtak","twitter_card":"summary_large_image","twitter_misc":{"Napisane przez":"tyrtak","Szacowany czas czytania":"1 minuta"},"schema":{"@context":"https:\/\/schema.org","@graph":[{"@type":"WebPage","@id":"https:\/\/sarmacjabedzin.pl\/index.php\/2016\/07\/12\/przedsezonowe-informacje\/","url":"https:\/\/sarmacjabedzin.pl\/index.php\/2016\/07\/12\/przedsezonowe-informacje\/","name":"PRZEDSEZONOWE INFORMACJE! | BKS Sarmacja B\u0119dzin","isPartOf":{"@id":"https:\/\/sarmacjabedzin.pl\/#website"},"primaryImageOfPage":{"@id":"https:\/\/sarmacjabedzin.pl\/index.php\/2016\/07\/12\/przedsezonowe-informacje\/#primaryimage"},"image":{"@id":"https:\/\/sarmacjabedzin.pl\/index.php\/2016\/07\/12\/przedsezonowe-informacje\/#primaryimage"},"thumbnailUrl":"https:\/\/sarmacjabedzin.pl\/wp-content\/uploads\/2016\/07\/DSC_1412.JPG","datePublished":"2016-07-12T10:17:54+00:00","author":{"@id":"https:\/\/sarmacjabedzin.pl\/#\/schema\/person\/5417ea7b03bcd9adf58298a2265ce03a"},"breadcrumb":{"@id":"https:\/\/sarmacjabedzin.pl\/index.php\/2016\/07\/12\/przedsezonowe-informacje\/#breadcrumb"},"inLanguage":"pl-PL","potentialAction":[{"@type":"ReadAction","target":["https:\/\/sarmacjabedzin.pl\/index.php\/2016\/07\/12\/przedsezonowe-informacje\/"]}]},{"@type":"ImageObject","inLanguage":"pl-PL","@id":"https:\/\/sarmacjabedzin.pl\/index.php\/2016\/07\/12\/przedsezonowe-informacje\/#primaryimage","url":"https:\/\/sarmacjabedzin.pl\/wp-content\/uploads\/2016\/07\/DSC_1412.JPG","contentUrl":"https:\/\/sarmacjabedzin.pl\/wp-content\/uploads\/2016\/07\/DSC_1412.JPG","width":1280,"height":851},{"@type":"BreadcrumbList","@id":"https:\/\/sarmacjabedzin.pl\/index.php\/2016\/07\/12\/przedsezonowe-informacje\/#breadcrumb","itemListElement":[{"@type":"ListItem","position":1,"name":"Strona g\u0142\u00f3wna","item":"https:\/\/sarmacjabedzin.pl\/"},{"@type":"ListItem","position":2,"name":"PRZEDSEZONOWE INFORMACJE!"}]},{"@type":"WebSite","@id":"https:\/\/sarmacjabedzin.pl\/#website","url":"https:\/\/sarmacjabedzin.pl\/","name":"BKS Sarmacja B\u0119dzin \u2013 Nieoficjalny serwis","description":"Nieoficjalny serwis B\u0119dzi\u0144skiego Klubu Sportowego &quot;Sarmacja&quot;","potentialAction":[{"@type":"SearchAction","target":{"@type":"EntryPoint","urlTemplate":"https:\/\/sarmacjabedzin.pl\/?s={search_term_string}"},"query-input":{"@type":"PropertyValueSpecification","valueRequired":true,"valueName":"search_term_string"}}],"inLanguage":"pl-PL"},{"@type":"Person","@id":"https:\/\/sarmacjabedzin.pl\/#\/schema\/person\/5417ea7b03bcd9adf58298a2265ce03a","name":"tyrtak","image":{"@type":"ImageObject","inLanguage":"pl-PL","@id":"https:\/\/sarmacjabedzin.pl\/#\/schema\/person\/image\/","url":"https:\/\/secure.gravatar.com\/avatar\/49b7734c6795cf524710e96813a9fedc1ae3816e479d92490236b4cfc47a5ae1?s=96&d=mm&r=g","contentUrl":"https:\/\/secure.gravatar.com\/avatar\/49b7734c6795cf524710e96813a9fedc1ae3816e479d92490236b4cfc47a5ae1?s=96&d=mm&r=g","caption":"tyrtak"}}]}},"rttpg_featured_image_url":{"full":["https:\/\/sarmacjabedzin.pl\/wp-content\/uploads\/2016\/07\/DSC_1412.JPG",1280,851,false],"landscape":["https:\/\/sarmacjabedzin.pl\/wp-content\/uploads\/2016\/07\/DSC_1412.JPG",1280,851,false],"portraits":["https:\/\/sarmacjabedzin.pl\/wp-content\/uploads\/2016\/07\/DSC_1412.JPG",1280,851,false],"thumbnail":["https:\/\/sarmacjabedzin.pl\/wp-content\/uploads\/2016\/07\/DSC_1412-150x150.jpg",150,150,true],"medium":["https:\/\/sarmacjabedzin.pl\/wp-content\/uploads\/2016\/07\/DSC_1412-300x199.jpg",300,199,true],"large":["https:\/\/sarmacjabedzin.pl\/wp-content\/uploads\/2016\/07\/DSC_1412-1024x681.jpg",1024,681,true],"1536x1536":["https:\/\/sarmacjabedzin.pl\/wp-content\/uploads\/2016\/07\/DSC_1412.JPG",1280,851,false],"2048x2048":["https:\/\/sarmacjabedzin.pl\/wp-content\/uploads\/2016\/07\/DSC_1412.JPG",1280,851,false],"sportspress-crop-medium":["https:\/\/sarmacjabedzin.pl\/wp-content\/uploads\/2016\/07\/DSC_1412-300x300.jpg",300,300,true],"sportspress-fit-medium":["https:\/\/sarmacjabedzin.pl\/wp-content\/uploads\/2016\/07\/DSC_1412-300x199.jpg",300,199,true],"sportspress-fit-icon":["https:\/\/sarmacjabedzin.pl\/wp-content\/uploads\/2016\/07\/DSC_1412-128x85.jpg",128,85,true],"sportspress-fit-mini":["https:\/\/sarmacjabedzin.pl\/wp-content\/uploads\/2016\/07\/DSC_1412-32x21.jpg",32,21,true],"ultp_layout_landscape_large":["https:\/\/sarmacjabedzin.pl\/wp-content\/uploads\/2016\/07\/DSC_1412.JPG",1200,798,false],"ultp_layout_landscape":["https:\/\/sarmacjabedzin.pl\/wp-content\/uploads\/2016\/07\/DSC_1412.JPG",857,570,false],"ultp_layout_portrait":["https:\/\/sarmacjabedzin.pl\/wp-content\/uploads\/2016\/07\/DSC_1412.JPG",600,399,false],"ultp_layout_square":["https:\/\/sarmacjabedzin.pl\/wp-content\/uploads\/2016\/07\/DSC_1412.JPG",600,399,false],"stm-1140-666":["https:\/\/sarmacjabedzin.pl\/wp-content\/uploads\/2016\/07\/DSC_1412-1140x666.jpg",1140,666,true],"stm-1170-650":["https:\/\/sarmacjabedzin.pl\/wp-content\/uploads\/2016\/07\/DSC_1412-1170x650.jpg",1170,650,true],"stm-570-350":["https:\/\/sarmacjabedzin.pl\/wp-content\/uploads\/2016\/07\/DSC_1412-570x350.jpg",570,350,true],"stm-570-250":["https:\/\/sarmacjabedzin.pl\/wp-content\/uploads\/2016\/07\/DSC_1412-570x250.jpg",570,250,true],"stm-270-370":["https:\/\/sarmacjabedzin.pl\/wp-content\/uploads\/2016\/07\/DSC_1412-270x370.jpg",270,370,true],"stm-540-500":["https:\/\/sarmacjabedzin.pl\/wp-content\/uploads\/2016\/07\/DSC_1412-540x500.jpg",540,500,true],"stm-270-530":["https:\/\/sarmacjabedzin.pl\/wp-content\/uploads\/2016\/07\/DSC_1412-270x530.jpg",270,530,true],"stm-200-200":["https:\/\/sarmacjabedzin.pl\/wp-content\/uploads\/2016\/07\/DSC_1412-200x200.jpg",200,200,true],"stm-85-105":["https:\/\/sarmacjabedzin.pl\/wp-content\/uploads\/2016\/07\/DSC_1412-85x105.jpg",85,105,true],"stm-255-255":["https:\/\/sarmacjabedzin.pl\/wp-content\/uploads\/2016\/07\/DSC_1412-255x255.jpg",255,255,true],"stm-360-240":["https:\/\/sarmacjabedzin.pl\/wp-content\/uploads\/2016\/07\/DSC_1412-360x240.jpg",360,240,true],"stm-360-495":["https:\/\/sarmacjabedzin.pl\/wp-content\/uploads\/2016\/07\/DSC_1412-360x495.jpg",360,495,true],"stm-445-400":["https:\/\/sarmacjabedzin.pl\/wp-content\/uploads\/2016\/07\/DSC_1412-445x400.jpg",445,400,true],"stm-735-240":["https:\/\/sarmacjabedzin.pl\/wp-content\/uploads\/2016\/07\/DSC_1412-735x240.jpg",735,240,true],"stm-255-183":["https:\/\/sarmacjabedzin.pl\/wp-content\/uploads\/2016\/07\/DSC_1412-255x183.jpg",255,183,true],"stm-350-250":["https:\/\/sarmacjabedzin.pl\/wp-content\/uploads\/2016\/07\/DSC_1412-350x250.jpg",350,250,true],"blog_list":["https:\/\/sarmacjabedzin.pl\/wp-content\/uploads\/2016\/07\/DSC_1412-270x220.jpg",270,220,true],"blog_list_medium":["https:\/\/sarmacjabedzin.pl\/wp-content\/uploads\/2016\/07\/DSC_1412-390x345.jpg",390,345,true],"gallery_thumbnail":["https:\/\/sarmacjabedzin.pl\/wp-content\/uploads\/2016\/07\/DSC_1412-80x80.jpg",80,80,true],"gallery_image":["https:\/\/sarmacjabedzin.pl\/wp-content\/uploads\/2016\/07\/DSC_1412-560x367.jpg",560,367,true],"gallery_image_mini":["https:\/\/sarmacjabedzin.pl\/wp-content\/uploads\/2016\/07\/DSC_1412-143x116.jpg",143,116,true],"player_photo":["https:\/\/sarmacjabedzin.pl\/wp-content\/uploads\/2016\/07\/DSC_1412-740x740.jpg",740,740,true],"team_logo":["https:\/\/sarmacjabedzin.pl\/wp-content\/uploads\/2016\/07\/DSC_1412-98x65.jpg",98,65,true],"player_stat_ava":["https:\/\/sarmacjabedzin.pl\/wp-content\/uploads\/2016\/07\/DSC_1412-550x580.jpg",550,580,true],"post-350-220":["https:\/\/sarmacjabedzin.pl\/wp-content\/uploads\/2016\/07\/DSC_1412-350x220.jpg",350,220,true],"post-275-142":["https:\/\/sarmacjabedzin.pl\/wp-content\/uploads\/2016\/07\/DSC_1412-275x142.jpg",275,142,true],"post-160-120":["https:\/\/sarmacjabedzin.pl\/wp-content\/uploads\/2016\/07\/DSC_1412-160x120.jpg",160,120,true],"post-110-70":["https:\/\/sarmacjabedzin.pl\/wp-content\/uploads\/2016\/07\/DSC_1412-110x70.jpg",110,70,true],"post-770-450":["https:\/\/sarmacjabedzin.pl\/wp-content\/uploads\/2016\/07\/DSC_1412-770x450.jpg",770,450,true],"post-370-210":["https:\/\/sarmacjabedzin.pl\/wp-content\/uploads\/2016\/07\/DSC_1412-370x210.jpg",370,210,true],"post-457-470":["https:\/\/sarmacjabedzin.pl\/wp-content\/uploads\/2016\/07\/DSC_1412-457x470.jpg",457,470,true],"post-370-420":["https:\/\/sarmacjabedzin.pl\/wp-content\/uploads\/2016\/07\/DSC_1412-370x420.jpg",370,420,true],"stm-445-445":["https:\/\/sarmacjabedzin.pl\/wp-content\/uploads\/2016\/07\/DSC_1412-445x445.jpg",445,445,true],"stm-555-460":["https:\/\/sarmacjabedzin.pl\/wp-content\/uploads\/2016\/07\/DSC_1412-555x460.jpg",555,460,true],"stm-350-450":["https:\/\/sarmacjabedzin.pl\/wp-content\/uploads\/2016\/07\/DSC_1412-350x450.jpg",350,450,true],"stm-720-440":["https:\/\/sarmacjabedzin.pl\/wp-content\/uploads\/2016\/07\/DSC_1412-720x440.jpg",720,440,true],"stm-270-270":["https:\/\/sarmacjabedzin.pl\/wp-content\/uploads\/2016\/07\/DSC_1412.JPG",270,180,false],"stm-760-450":["https:\/\/sarmacjabedzin.pl\/wp-content\/uploads\/2016\/07\/DSC_1412.JPG",677,450,false]},"rttpg_author":{"display_name":"tyrtak","author_link":false},"rttpg_comment":0,"rttpg_category":"<a href=\"https:\/\/sarmacjabedzin.pl\/index.php\/category\/aktualnosci\/\" rel=\"category tag\">Aktualno\u015bci<\/a>","rttpg_excerpt":"W poniedzia\u0142ek 11.07.2016r pi\u0142karze Sarmacji B\u0119dzin wznowili treningi przed zbli\u017caj\u0105cym si\u0119 sezonem 2016\/2017. Na murawie zameldowali si\u0119 prawie wszyscy kadrowicze. W\u015br\u00f3d nich mo\u017cna by\u0142o dostrzec nowe twarze pi\u0142karzy, kt\u00f3rzy wyrazili ch\u0119\u0107 grania w barwach naszego klubu. Trener Krzysztof Kie\u0142b ju\u017c wkr\u00f3tce w meczach sparingowych b\u0119dzie m\u00f3g\u0142 pozna\u0107 ich prawdziw\u0105 warto\u015b\u0107. Pierwszy trening trwa\u0142 ponad godzin\u0119....","_links":{"self":[{"href":"https:\/\/sarmacjabedzin.pl\/index.php\/wp-json\/wp\/v2\/posts\/885","targetHints":{"allow":["GET"]}}],"collection":[{"href":"https:\/\/sarmacjabedzin.pl\/index.php\/wp-json\/wp\/v2\/posts"}],"about":[{"href":"https:\/\/sarmacjabedzin.pl\/index.php\/wp-json\/wp\/v2\/types\/post"}],"author":[{"embeddable":true,"href":"https:\/\/sarmacjabedzin.pl\/index.php\/wp-json\/wp\/v2\/users\/1"}],"replies":[{"embeddable":true,"href":"https:\/\/sarmacjabedzin.pl\/index.php\/wp-json\/wp\/v2\/comments?post=885"}],"version-history":[{"count":0,"href":"https:\/\/sarmacjabedzin.pl\/index.php\/wp-json\/wp\/v2\/posts\/885\/revisions"}],"wp:featuredmedia":[{"embeddable":true,"href":"https:\/\/sarmacjabedzin.pl\/index.php\/wp-json\/wp\/v2\/media\/884"}],"wp:attachment":[{"href":"https:\/\/sarmacjabedzin.pl\/index.php\/wp-json\/wp\/v2\/media?parent=885"}],"wp:term":[{"taxonomy":"category","embeddable":true,"href":"https:\/\/sarmacjabedzin.pl\/index.php\/wp-json\/wp\/v2\/categories?post=885"},{"taxonomy":"post_tag","embeddable":true,"href":"https:\/\/sarmacjabedzin.pl\/index.php\/wp-json\/wp\/v2\/tags?post=885"}],"curies":[{"name":"wp","href":"https:\/\/api.w.org\/{rel}","templated":true}]}}