{"id":9195,"date":"2025-08-27T11:12:34","date_gmt":"2025-08-27T09:12:34","guid":{"rendered":"https:\/\/sarmacjabedzin.pl\/?p=9195"},"modified":"2025-08-27T11:12:34","modified_gmt":"2025-08-27T09:12:34","slug":"pomeczowa-wypowiedz-tomasza-nowaka","status":"publish","type":"post","link":"https:\/\/sarmacjabedzin.pl\/index.php\/2025\/08\/27\/pomeczowa-wypowiedz-tomasza-nowaka\/","title":{"rendered":"Pomeczowa wypowied\u017a Tomasza Nowaka"},"content":{"rendered":"<p data-start=\"226\" data-end=\"423\">Wci\u0105\u017c \u017cyjemy sobotnim wyst\u0119pem Sarmacji B\u0119dzin z beniaminkiem ligi \u2013 G\u00f3rnikiem Sosnowiec. Podopieczni trenera Jaros\u0142awa Raka nie pozostawili rywalowi \u017cadnych z\u0142udze\u0144, gromi\u0105c go a\u017c <strong data-start=\"407\" data-end=\"420\">6:0 (4:0)<\/strong>!<\/p>\n<p data-start=\"425\" data-end=\"768\">Podobnie jak w wygranym meczu z Wawelem Wirek 7:1, tak\u017ce i tym razem nasi pi\u0142karze popisali si\u0119 znakomit\u0105 skuteczno\u015bci\u0105 strzeleck\u0105. Jednym z bohater\u00f3w spotkania by\u0142 nasz nowy zawodnik <strong data-start=\"609\" data-end=\"625\">Tomasz Nowak<\/strong>, kt\u00f3ry zdoby\u0142 dwa gole ze sta\u0142ych fragment\u00f3w gry. By\u0142y to jego pierwsze trafienia w barwach naszego klubu \u2013 i z ca\u0142\u0105 pewno\u015bci\u0105 nie ostatnie!<\/p>\n<p data-start=\"770\" data-end=\"856\">Sympatycznemu i do\u015bwiadczonemu pi\u0142karzowi gratulujemy oraz \u017cyczymy kolejnych bramek.<\/p>\n<p data-start=\"858\" data-end=\"887\"><strong>Oto co powiedzia\u0142 po meczu:<\/strong><\/p>\n<blockquote>\n<p data-start=\"858\" data-end=\"887\">Witam. Je\u015bli chodzi o spotkanie, to uwa\u017cam, \u017ce mecz by\u0142 pod ca\u0142kowit\u0105 nasz\u0105 kontrol\u0105 i wynik w zupe\u0142no\u015bci odzwierciedla sytuacj\u0119 boiskow\u0105. W drugiej po\u0142owie mo\u017ce chwilo wkrad\u0142o si\u0119 w nas troch\u0119 rozlu\u017anienia, co spowodowa\u0142o kilka sytuacji dla G\u00f3rnika, natomiast sami r\u00f3wnie\u017c mieli\u015bmy jeszcze kilka sytuacji, aby podwy\u017cszy\u0107 wynik. Szkoda, \u017ce boisko by\u0142o do\u015b\u0107 s\u0142abej jako\u015bci, bo my\u015bl\u0119, \u017ce mecz m\u00f3g\u0142by by\u0107 jeszcze ciekawszy i rozgrywany w szybszym tempie.<\/p>\n<\/blockquote>\n","protected":false},"excerpt":{"rendered":"<p>Wci\u0105\u017c \u017cyjemy sobotnim wyst\u0119pem Sarmacji B\u0119dzin z beniaminkiem ligi \u2013 G\u00f3rnikiem Sosnowiec. Podopieczni trenera Jaros\u0142awa Raka nie pozostawili rywalowi \u017cadnych z\u0142udze\u0144, gromi\u0105c go a\u017c 6:0 (4:0)! Podobnie jak w wygranym meczu z Wawelem Wirek 7:1, tak\u017ce i tym razem nasi pi\u0142karze popisali si\u0119 znakomit\u0105 skuteczno\u015bci\u0105 strzeleck\u0105. Jednym z bohater\u00f3w spotkania by\u0142 nasz nowy zawodnik Tomasz&#8230;<\/p>\n","protected":false},"author":1,"featured_media":8822,"comment_status":"closed","ping_status":"closed","sticky":false,"template":"","format":"standard","meta":{"footnotes":""},"categories":[64],"tags":[],"class_list":["post-9195","post","type-post","status-publish","format-standard","has-post-thumbnail","hentry","category-soccer"],"yoast_head":"<!-- This site is optimized with the Yoast SEO plugin v25.8 - https:\/\/yoast.com\/wordpress\/plugins\/seo\/ -->\n<title>Pomeczowa wypowied\u017a Tomasza Nowaka | BKS Sarmacja B\u0119dzin<\/title>\n<meta name=\"robots\" content=\"index, follow, max-snippet:-1, max-image-preview:large, max-video-preview:-1\" \/>\n<link rel=\"canonical\" href=\"https:\/\/sarmacjabedzin.pl\/index.php\/2025\/08\/27\/pomeczowa-wypowiedz-tomasza-nowaka\/\" \/>\n<meta property=\"og:locale\" content=\"pl_PL\" \/>\n<meta property=\"og:type\" content=\"article\" \/>\n<meta property=\"og:title\" content=\"Pomeczowa wypowied\u017a Tomasza Nowaka | BKS Sarmacja B\u0119dzin\" \/>\n<meta property=\"og:description\" content=\"Wci\u0105\u017c \u017cyjemy sobotnim wyst\u0119pem Sarmacji B\u0119dzin z beniaminkiem ligi \u2013 G\u00f3rnikiem Sosnowiec. Podopieczni trenera Jaros\u0142awa Raka nie pozostawili rywalowi \u017cadnych z\u0142udze\u0144, gromi\u0105c go a\u017c 6:0 (4:0)! Podobnie jak w wygranym meczu z Wawelem Wirek 7:1, tak\u017ce i tym razem nasi pi\u0142karze popisali si\u0119 znakomit\u0105 skuteczno\u015bci\u0105 strzeleck\u0105. Jednym z bohater\u00f3w spotkania by\u0142 nasz nowy zawodnik Tomasz...\" \/>\n<meta property=\"og:url\" content=\"https:\/\/sarmacjabedzin.pl\/index.php\/2025\/08\/27\/pomeczowa-wypowiedz-tomasza-nowaka\/\" \/>\n<meta property=\"og:site_name\" content=\"BKS Sarmacja B\u0119dzin\" \/>\n<meta property=\"article:publisher\" content=\"https:\/\/www.facebook.com\/SarmacjaBedzin\" \/>\n<meta property=\"article:published_time\" content=\"2025-08-27T09:12:34+00:00\" \/>\n<meta property=\"og:image\" content=\"http:\/\/sarmacjabedzin.pl\/wp-content\/uploads\/2025\/07\/Nowak_www.jpg\" \/>\n\t<meta property=\"og:image:width\" content=\"1920\" \/>\n\t<meta property=\"og:image:height\" content=\"1080\" \/>\n\t<meta property=\"og:image:type\" content=\"image\/jpeg\" \/>\n<meta name=\"author\" content=\"tyrtak\" \/>\n<meta name=\"twitter:card\" content=\"summary_large_image\" \/>\n<meta name=\"twitter:label1\" content=\"Napisane przez\" \/>\n\t<meta name=\"twitter:data1\" content=\"tyrtak\" \/>\n\t<meta name=\"twitter:label2\" content=\"Szacowany czas czytania\" \/>\n\t<meta name=\"twitter:data2\" content=\"1 minuta\" \/>\n<script type=\"application\/ld+json\" class=\"yoast-schema-graph\">{\"@context\":\"https:\/\/schema.org\",\"@graph\":[{\"@type\":\"WebPage\",\"@id\":\"https:\/\/sarmacjabedzin.pl\/index.php\/2025\/08\/27\/pomeczowa-wypowiedz-tomasza-nowaka\/\",\"url\":\"https:\/\/sarmacjabedzin.pl\/index.php\/2025\/08\/27\/pomeczowa-wypowiedz-tomasza-nowaka\/\",\"name\":\"Pomeczowa wypowied\u017a Tomasza Nowaka | BKS Sarmacja B\u0119dzin\",\"isPartOf\":{\"@id\":\"https:\/\/sarmacjabedzin.pl\/#website\"},\"primaryImageOfPage\":{\"@id\":\"https:\/\/sarmacjabedzin.pl\/index.php\/2025\/08\/27\/pomeczowa-wypowiedz-tomasza-nowaka\/#primaryimage\"},\"image\":{\"@id\":\"https:\/\/sarmacjabedzin.pl\/index.php\/2025\/08\/27\/pomeczowa-wypowiedz-tomasza-nowaka\/#primaryimage\"},\"thumbnailUrl\":\"https:\/\/sarmacjabedzin.pl\/wp-content\/uploads\/2025\/07\/Nowak_www.jpg\",\"datePublished\":\"2025-08-27T09:12:34+00:00\",\"author\":{\"@id\":\"https:\/\/sarmacjabedzin.pl\/#\/schema\/person\/5417ea7b03bcd9adf58298a2265ce03a\"},\"breadcrumb\":{\"@id\":\"https:\/\/sarmacjabedzin.pl\/index.php\/2025\/08\/27\/pomeczowa-wypowiedz-tomasza-nowaka\/#breadcrumb\"},\"inLanguage\":\"pl-PL\",\"potentialAction\":[{\"@type\":\"ReadAction\",\"target\":[\"https:\/\/sarmacjabedzin.pl\/index.php\/2025\/08\/27\/pomeczowa-wypowiedz-tomasza-nowaka\/\"]}]},{\"@type\":\"ImageObject\",\"inLanguage\":\"pl-PL\",\"@id\":\"https:\/\/sarmacjabedzin.pl\/index.php\/2025\/08\/27\/pomeczowa-wypowiedz-tomasza-nowaka\/#primaryimage\",\"url\":\"https:\/\/sarmacjabedzin.pl\/wp-content\/uploads\/2025\/07\/Nowak_www.jpg\",\"contentUrl\":\"https:\/\/sarmacjabedzin.pl\/wp-content\/uploads\/2025\/07\/Nowak_www.jpg\",\"width\":1920,\"height\":1080},{\"@type\":\"BreadcrumbList\",\"@id\":\"https:\/\/sarmacjabedzin.pl\/index.php\/2025\/08\/27\/pomeczowa-wypowiedz-tomasza-nowaka\/#breadcrumb\",\"itemListElement\":[{\"@type\":\"ListItem\",\"position\":1,\"name\":\"Strona g\u0142\u00f3wna\",\"item\":\"https:\/\/sarmacjabedzin.pl\/\"},{\"@type\":\"ListItem\",\"position\":2,\"name\":\"Pomeczowa wypowied\u017a Tomasza Nowaka\"}]},{\"@type\":\"WebSite\",\"@id\":\"https:\/\/sarmacjabedzin.pl\/#website\",\"url\":\"https:\/\/sarmacjabedzin.pl\/\",\"name\":\"BKS Sarmacja B\u0119dzin \u2013 Nieoficjalny serwis\",\"description\":\"Nieoficjalny serwis B\u0119dzi\u0144skiego Klubu Sportowego &quot;Sarmacja&quot;\",\"potentialAction\":[{\"@type\":\"SearchAction\",\"target\":{\"@type\":\"EntryPoint\",\"urlTemplate\":\"https:\/\/sarmacjabedzin.pl\/?s={search_term_string}\"},\"query-input\":{\"@type\":\"PropertyValueSpecification\",\"valueRequired\":true,\"valueName\":\"search_term_string\"}}],\"inLanguage\":\"pl-PL\"},{\"@type\":\"Person\",\"@id\":\"https:\/\/sarmacjabedzin.pl\/#\/schema\/person\/5417ea7b03bcd9adf58298a2265ce03a\",\"name\":\"tyrtak\",\"image\":{\"@type\":\"ImageObject\",\"inLanguage\":\"pl-PL\",\"@id\":\"https:\/\/sarmacjabedzin.pl\/#\/schema\/person\/image\/\",\"url\":\"https:\/\/secure.gravatar.com\/avatar\/49b7734c6795cf524710e96813a9fedc1ae3816e479d92490236b4cfc47a5ae1?s=96&d=mm&r=g\",\"contentUrl\":\"https:\/\/secure.gravatar.com\/avatar\/49b7734c6795cf524710e96813a9fedc1ae3816e479d92490236b4cfc47a5ae1?s=96&d=mm&r=g\",\"caption\":\"tyrtak\"}}]}<\/script>\n<!-- \/ Yoast SEO plugin. -->","yoast_head_json":{"title":"Pomeczowa wypowied\u017a Tomasza Nowaka | BKS Sarmacja B\u0119dzin","robots":{"index":"index","follow":"follow","max-snippet":"max-snippet:-1","max-image-preview":"max-image-preview:large","max-video-preview":"max-video-preview:-1"},"canonical":"https:\/\/sarmacjabedzin.pl\/index.php\/2025\/08\/27\/pomeczowa-wypowiedz-tomasza-nowaka\/","og_locale":"pl_PL","og_type":"article","og_title":"Pomeczowa wypowied\u017a Tomasza Nowaka | BKS Sarmacja B\u0119dzin","og_description":"Wci\u0105\u017c \u017cyjemy sobotnim wyst\u0119pem Sarmacji B\u0119dzin z beniaminkiem ligi \u2013 G\u00f3rnikiem Sosnowiec. Podopieczni trenera Jaros\u0142awa Raka nie pozostawili rywalowi \u017cadnych z\u0142udze\u0144, gromi\u0105c go a\u017c 6:0 (4:0)! Podobnie jak w wygranym meczu z Wawelem Wirek 7:1, tak\u017ce i tym razem nasi pi\u0142karze popisali si\u0119 znakomit\u0105 skuteczno\u015bci\u0105 strzeleck\u0105. Jednym z bohater\u00f3w spotkania by\u0142 nasz nowy zawodnik Tomasz...","og_url":"https:\/\/sarmacjabedzin.pl\/index.php\/2025\/08\/27\/pomeczowa-wypowiedz-tomasza-nowaka\/","og_site_name":"BKS Sarmacja B\u0119dzin","article_publisher":"https:\/\/www.facebook.com\/SarmacjaBedzin","article_published_time":"2025-08-27T09:12:34+00:00","og_image":[{"width":1920,"height":1080,"url":"http:\/\/sarmacjabedzin.pl\/wp-content\/uploads\/2025\/07\/Nowak_www.jpg","type":"image\/jpeg"}],"author":"tyrtak","twitter_card":"summary_large_image","twitter_misc":{"Napisane przez":"tyrtak","Szacowany czas czytania":"1 minuta"},"schema":{"@context":"https:\/\/schema.org","@graph":[{"@type":"WebPage","@id":"https:\/\/sarmacjabedzin.pl\/index.php\/2025\/08\/27\/pomeczowa-wypowiedz-tomasza-nowaka\/","url":"https:\/\/sarmacjabedzin.pl\/index.php\/2025\/08\/27\/pomeczowa-wypowiedz-tomasza-nowaka\/","name":"Pomeczowa wypowied\u017a Tomasza Nowaka | BKS Sarmacja B\u0119dzin","isPartOf":{"@id":"https:\/\/sarmacjabedzin.pl\/#website"},"primaryImageOfPage":{"@id":"https:\/\/sarmacjabedzin.pl\/index.php\/2025\/08\/27\/pomeczowa-wypowiedz-tomasza-nowaka\/#primaryimage"},"image":{"@id":"https:\/\/sarmacjabedzin.pl\/index.php\/2025\/08\/27\/pomeczowa-wypowiedz-tomasza-nowaka\/#primaryimage"},"thumbnailUrl":"https:\/\/sarmacjabedzin.pl\/wp-content\/uploads\/2025\/07\/Nowak_www.jpg","datePublished":"2025-08-27T09:12:34+00:00","author":{"@id":"https:\/\/sarmacjabedzin.pl\/#\/schema\/person\/5417ea7b03bcd9adf58298a2265ce03a"},"breadcrumb":{"@id":"https:\/\/sarmacjabedzin.pl\/index.php\/2025\/08\/27\/pomeczowa-wypowiedz-tomasza-nowaka\/#breadcrumb"},"inLanguage":"pl-PL","potentialAction":[{"@type":"ReadAction","target":["https:\/\/sarmacjabedzin.pl\/index.php\/2025\/08\/27\/pomeczowa-wypowiedz-tomasza-nowaka\/"]}]},{"@type":"ImageObject","inLanguage":"pl-PL","@id":"https:\/\/sarmacjabedzin.pl\/index.php\/2025\/08\/27\/pomeczowa-wypowiedz-tomasza-nowaka\/#primaryimage","url":"https:\/\/sarmacjabedzin.pl\/wp-content\/uploads\/2025\/07\/Nowak_www.jpg","contentUrl":"https:\/\/sarmacjabedzin.pl\/wp-content\/uploads\/2025\/07\/Nowak_www.jpg","width":1920,"height":1080},{"@type":"BreadcrumbList","@id":"https:\/\/sarmacjabedzin.pl\/index.php\/2025\/08\/27\/pomeczowa-wypowiedz-tomasza-nowaka\/#breadcrumb","itemListElement":[{"@type":"ListItem","position":1,"name":"Strona g\u0142\u00f3wna","item":"https:\/\/sarmacjabedzin.pl\/"},{"@type":"ListItem","position":2,"name":"Pomeczowa wypowied\u017a Tomasza Nowaka"}]},{"@type":"WebSite","@id":"https:\/\/sarmacjabedzin.pl\/#website","url":"https:\/\/sarmacjabedzin.pl\/","name":"BKS Sarmacja B\u0119dzin \u2013 Nieoficjalny serwis","description":"Nieoficjalny serwis B\u0119dzi\u0144skiego Klubu Sportowego &quot;Sarmacja&quot;","potentialAction":[{"@type":"SearchAction","target":{"@type":"EntryPoint","urlTemplate":"https:\/\/sarmacjabedzin.pl\/?s={search_term_string}"},"query-input":{"@type":"PropertyValueSpecification","valueRequired":true,"valueName":"search_term_string"}}],"inLanguage":"pl-PL"},{"@type":"Person","@id":"https:\/\/sarmacjabedzin.pl\/#\/schema\/person\/5417ea7b03bcd9adf58298a2265ce03a","name":"tyrtak","image":{"@type":"ImageObject","inLanguage":"pl-PL","@id":"https:\/\/sarmacjabedzin.pl\/#\/schema\/person\/image\/","url":"https:\/\/secure.gravatar.com\/avatar\/49b7734c6795cf524710e96813a9fedc1ae3816e479d92490236b4cfc47a5ae1?s=96&d=mm&r=g","contentUrl":"https:\/\/secure.gravatar.com\/avatar\/49b7734c6795cf524710e96813a9fedc1ae3816e479d92490236b4cfc47a5ae1?s=96&d=mm&r=g","caption":"tyrtak"}}]}},"rttpg_featured_image_url":{"full":["https:\/\/sarmacjabedzin.pl\/wp-content\/uploads\/2025\/07\/Nowak_www.jpg",1920,1080,false],"landscape":["https:\/\/sarmacjabedzin.pl\/wp-content\/uploads\/2025\/07\/Nowak_www.jpg",1920,1080,false],"portraits":["https:\/\/sarmacjabedzin.pl\/wp-content\/uploads\/2025\/07\/Nowak_www.jpg",1920,1080,false],"thumbnail":["https:\/\/sarmacjabedzin.pl\/wp-content\/uploads\/2025\/07\/Nowak_www-150x150.jpg",150,150,true],"medium":["https:\/\/sarmacjabedzin.pl\/wp-content\/uploads\/2025\/07\/Nowak_www-300x169.jpg",300,169,true],"large":["https:\/\/sarmacjabedzin.pl\/wp-content\/uploads\/2025\/07\/Nowak_www-1024x576.jpg",1024,576,true],"1536x1536":["https:\/\/sarmacjabedzin.pl\/wp-content\/uploads\/2025\/07\/Nowak_www-1536x864.jpg",1536,864,true],"2048x2048":["https:\/\/sarmacjabedzin.pl\/wp-content\/uploads\/2025\/07\/Nowak_www.jpg",1920,1080,false],"sportspress-crop-medium":["https:\/\/sarmacjabedzin.pl\/wp-content\/uploads\/2025\/07\/Nowak_www-300x300.jpg",300,300,true],"sportspress-fit-medium":["https:\/\/sarmacjabedzin.pl\/wp-content\/uploads\/2025\/07\/Nowak_www-300x169.jpg",300,169,true],"sportspress-fit-icon":["https:\/\/sarmacjabedzin.pl\/wp-content\/uploads\/2025\/07\/Nowak_www-128x72.jpg",128,72,true],"sportspress-fit-mini":["https:\/\/sarmacjabedzin.pl\/wp-content\/uploads\/2025\/07\/Nowak_www-32x18.jpg",32,18,true],"ultp_layout_landscape_large":["https:\/\/sarmacjabedzin.pl\/wp-content\/uploads\/2025\/07\/Nowak_www-1200x800.jpg",1200,800,true],"ultp_layout_landscape":["https:\/\/sarmacjabedzin.pl\/wp-content\/uploads\/2025\/07\/Nowak_www-870x570.jpg",870,570,true],"ultp_layout_portrait":["https:\/\/sarmacjabedzin.pl\/wp-content\/uploads\/2025\/07\/Nowak_www-600x900.jpg",600,900,true],"ultp_layout_square":["https:\/\/sarmacjabedzin.pl\/wp-content\/uploads\/2025\/07\/Nowak_www-600x600.jpg",600,600,true],"stm-1140-666":["https:\/\/sarmacjabedzin.pl\/wp-content\/uploads\/2025\/07\/Nowak_www-1140x666.jpg",1140,666,true],"stm-1170-650":["https:\/\/sarmacjabedzin.pl\/wp-content\/uploads\/2025\/07\/Nowak_www-1170x650.jpg",1170,650,true],"stm-570-350":["https:\/\/sarmacjabedzin.pl\/wp-content\/uploads\/2025\/07\/Nowak_www-570x350.jpg",570,350,true],"stm-570-250":["https:\/\/sarmacjabedzin.pl\/wp-content\/uploads\/2025\/07\/Nowak_www-570x250.jpg",570,250,true],"stm-270-370":["https:\/\/sarmacjabedzin.pl\/wp-content\/uploads\/2025\/07\/Nowak_www-270x370.jpg",270,370,true],"stm-540-500":["https:\/\/sarmacjabedzin.pl\/wp-content\/uploads\/2025\/07\/Nowak_www-540x500.jpg",540,500,true],"stm-270-530":["https:\/\/sarmacjabedzin.pl\/wp-content\/uploads\/2025\/07\/Nowak_www-270x530.jpg",270,530,true],"stm-200-200":["https:\/\/sarmacjabedzin.pl\/wp-content\/uploads\/2025\/07\/Nowak_www-200x200.jpg",200,200,true],"stm-85-105":["https:\/\/sarmacjabedzin.pl\/wp-content\/uploads\/2025\/07\/Nowak_www-85x105.jpg",85,105,true],"stm-255-255":["https:\/\/sarmacjabedzin.pl\/wp-content\/uploads\/2025\/07\/Nowak_www-255x255.jpg",255,255,true],"stm-360-240":["https:\/\/sarmacjabedzin.pl\/wp-content\/uploads\/2025\/07\/Nowak_www-360x240.jpg",360,240,true],"stm-360-495":["https:\/\/sarmacjabedzin.pl\/wp-content\/uploads\/2025\/07\/Nowak_www-360x495.jpg",360,495,true],"stm-445-400":["https:\/\/sarmacjabedzin.pl\/wp-content\/uploads\/2025\/07\/Nowak_www-445x400.jpg",445,400,true],"stm-735-240":["https:\/\/sarmacjabedzin.pl\/wp-content\/uploads\/2025\/07\/Nowak_www-735x240.jpg",735,240,true],"stm-255-183":["https:\/\/sarmacjabedzin.pl\/wp-content\/uploads\/2025\/07\/Nowak_www-255x183.jpg",255,183,true],"stm-350-250":["https:\/\/sarmacjabedzin.pl\/wp-content\/uploads\/2025\/07\/Nowak_www-350x250.jpg",350,250,true],"blog_list":["https:\/\/sarmacjabedzin.pl\/wp-content\/uploads\/2025\/07\/Nowak_www-270x220.jpg",270,220,true],"blog_list_medium":["https:\/\/sarmacjabedzin.pl\/wp-content\/uploads\/2025\/07\/Nowak_www-390x345.jpg",390,345,true],"gallery_thumbnail":["https:\/\/sarmacjabedzin.pl\/wp-content\/uploads\/2025\/07\/Nowak_www-80x80.jpg",80,80,true],"gallery_image":["https:\/\/sarmacjabedzin.pl\/wp-content\/uploads\/2025\/07\/Nowak_www-560x367.jpg",560,367,true],"gallery_image_mini":["https:\/\/sarmacjabedzin.pl\/wp-content\/uploads\/2025\/07\/Nowak_www-143x116.jpg",143,116,true],"player_photo":["https:\/\/sarmacjabedzin.pl\/wp-content\/uploads\/2025\/07\/Nowak_www-740x740.jpg",740,740,true],"team_logo":["https:\/\/sarmacjabedzin.pl\/wp-content\/uploads\/2025\/07\/Nowak_www-98x55.jpg",98,55,true],"player_stat_ava":["https:\/\/sarmacjabedzin.pl\/wp-content\/uploads\/2025\/07\/Nowak_www-550x580.jpg",550,580,true],"post-350-220":["https:\/\/sarmacjabedzin.pl\/wp-content\/uploads\/2025\/07\/Nowak_www-350x220.jpg",350,220,true],"post-275-142":["https:\/\/sarmacjabedzin.pl\/wp-content\/uploads\/2025\/07\/Nowak_www-275x142.jpg",275,142,true],"post-160-120":["https:\/\/sarmacjabedzin.pl\/wp-content\/uploads\/2025\/07\/Nowak_www-160x120.jpg",160,120,true],"post-110-70":["https:\/\/sarmacjabedzin.pl\/wp-content\/uploads\/2025\/07\/Nowak_www-110x70.jpg",110,70,true],"post-770-450":["https:\/\/sarmacjabedzin.pl\/wp-content\/uploads\/2025\/07\/Nowak_www-770x450.jpg",770,450,true],"post-370-210":["https:\/\/sarmacjabedzin.pl\/wp-content\/uploads\/2025\/07\/Nowak_www-370x210.jpg",370,210,true],"post-457-470":["https:\/\/sarmacjabedzin.pl\/wp-content\/uploads\/2025\/07\/Nowak_www-457x470.jpg",457,470,true],"post-370-420":["https:\/\/sarmacjabedzin.pl\/wp-content\/uploads\/2025\/07\/Nowak_www-370x420.jpg",370,420,true],"stm-445-445":["https:\/\/sarmacjabedzin.pl\/wp-content\/uploads\/2025\/07\/Nowak_www-445x445.jpg",445,445,true],"stm-555-460":["https:\/\/sarmacjabedzin.pl\/wp-content\/uploads\/2025\/07\/Nowak_www-555x460.jpg",555,460,true],"stm-350-450":["https:\/\/sarmacjabedzin.pl\/wp-content\/uploads\/2025\/07\/Nowak_www-350x450.jpg",350,450,true],"stm-720-440":["https:\/\/sarmacjabedzin.pl\/wp-content\/uploads\/2025\/07\/Nowak_www-720x440.jpg",720,440,true],"stm-270-270":["https:\/\/sarmacjabedzin.pl\/wp-content\/uploads\/2025\/07\/Nowak_www-270x270.jpg",270,270,true],"stm-760-450":["https:\/\/sarmacjabedzin.pl\/wp-content\/uploads\/2025\/07\/Nowak_www-760x450.jpg",760,450,true]},"rttpg_author":{"display_name":"tyrtak","author_link":false},"rttpg_comment":0,"rttpg_category":"<a href=\"https:\/\/sarmacjabedzin.pl\/index.php\/category\/soccer\/\" rel=\"category tag\">Liga<\/a>","rttpg_excerpt":"Wci\u0105\u017c \u017cyjemy sobotnim wyst\u0119pem Sarmacji B\u0119dzin z beniaminkiem ligi \u2013 G\u00f3rnikiem Sosnowiec. Podopieczni trenera Jaros\u0142awa Raka nie pozostawili rywalowi \u017cadnych z\u0142udze\u0144, gromi\u0105c go a\u017c 6:0 (4:0)! Podobnie jak w wygranym meczu z Wawelem Wirek 7:1, tak\u017ce i tym razem nasi pi\u0142karze popisali si\u0119 znakomit\u0105 skuteczno\u015bci\u0105 strzeleck\u0105. Jednym z bohater\u00f3w spotkania by\u0142 nasz nowy zawodnik Tomasz...","_links":{"self":[{"href":"https:\/\/sarmacjabedzin.pl\/index.php\/wp-json\/wp\/v2\/posts\/9195","targetHints":{"allow":["GET"]}}],"collection":[{"href":"https:\/\/sarmacjabedzin.pl\/index.php\/wp-json\/wp\/v2\/posts"}],"about":[{"href":"https:\/\/sarmacjabedzin.pl\/index.php\/wp-json\/wp\/v2\/types\/post"}],"author":[{"embeddable":true,"href":"https:\/\/sarmacjabedzin.pl\/index.php\/wp-json\/wp\/v2\/users\/1"}],"replies":[{"embeddable":true,"href":"https:\/\/sarmacjabedzin.pl\/index.php\/wp-json\/wp\/v2\/comments?post=9195"}],"version-history":[{"count":1,"href":"https:\/\/sarmacjabedzin.pl\/index.php\/wp-json\/wp\/v2\/posts\/9195\/revisions"}],"predecessor-version":[{"id":9197,"href":"https:\/\/sarmacjabedzin.pl\/index.php\/wp-json\/wp\/v2\/posts\/9195\/revisions\/9197"}],"wp:featuredmedia":[{"embeddable":true,"href":"https:\/\/sarmacjabedzin.pl\/index.php\/wp-json\/wp\/v2\/media\/8822"}],"wp:attachment":[{"href":"https:\/\/sarmacjabedzin.pl\/index.php\/wp-json\/wp\/v2\/media?parent=9195"}],"wp:term":[{"taxonomy":"category","embeddable":true,"href":"https:\/\/sarmacjabedzin.pl\/index.php\/wp-json\/wp\/v2\/categories?post=9195"},{"taxonomy":"post_tag","embeddable":true,"href":"https:\/\/sarmacjabedzin.pl\/index.php\/wp-json\/wp\/v2\/tags?post=9195"}],"curies":[{"name":"wp","href":"https:\/\/api.w.org\/{rel}","templated":true}]}}