{"id":9203,"date":"2025-08-29T23:40:27","date_gmt":"2025-08-29T21:40:27","guid":{"rendered":"https:\/\/sarmacjabedzin.pl\/?p=9203"},"modified":"2025-08-29T23:40:27","modified_gmt":"2025-08-29T21:40:27","slug":"powrot-na-wlasny-stadion","status":"publish","type":"post","link":"https:\/\/sarmacjabedzin.pl\/index.php\/2025\/08\/29\/powrot-na-wlasny-stadion\/","title":{"rendered":"Powr\u00f3t na w\u0142asny stadion!"},"content":{"rendered":"<p data-start=\"128\" data-end=\"366\">Dnia 31 sierpnia 2025 roku o godzinie 17:00 pi\u0142karze Sarmacji B\u0119dzin rozegraj\u0105 czwarty mecz ligowy w tym sezonie. Tym razem podopieczni trenera Jaros\u0142awa Raka wyst\u0105pi\u0105 przed w\u0142asn\u0105 publiczno\u015bci\u0105, a ich rywalem b\u0119dzie Slavia Ruda \u015al\u0105ska.<\/p>\n<p data-start=\"368\" data-end=\"699\">Sarmacja po efektownym zwyci\u0119stwie 6:0 na wyje\u017adzie z G\u00f3rnikiem Sosnowiec powr\u00f3ci\u0142a na fotel lidera i z dorobkiem siedmiu punkt\u00f3w przewodzi ligowej stawce. Slavia z kolei ma za sob\u0105 dwa mecze, oba zako\u0144czone pora\u017ck\u0105, i obecnie zamyka tabel\u0119. W ostatniej kolejce dru\u017cyna z Rudy \u015al\u0105skiej uleg\u0142a na wyje\u017adzie Cyklonowi Rogo\u017anik 0:4.<\/p>\n<p data-start=\"701\" data-end=\"1028\">Ostatnie ligowe starcie obu zespo\u0142\u00f3w odby\u0142o si\u0119 24 maja 2025 roku w Rudzie \u015al\u0105skiej i zako\u0144czy\u0142o si\u0119 pora\u017ck\u0105 Sarmacji 1:2. Honorowe trafienie dla b\u0119dzinian zdoby\u0142 w\u00f3wczas Piotr Samborski. Niedzielny pojedynek b\u0119dzie wi\u0119c doskona\u0142\u0105 okazj\u0105 do rewan\u017cu i potwierdzenia \u015bwietnej formy, jak\u0105 Sarmacja prezentuje od pocz\u0105tku sezonu.<\/p>\n<p data-start=\"1030\" data-end=\"1160\">Zesp\u00f3\u0142 liczy na wsparcie swoich kibic\u00f3w. W letnie, niedzielne popo\u0142udnie czekaj\u0105 nas kolejne pi\u0142karskie emocje \u2013 musimy tam by\u0107!<\/p>\n<p data-start=\"1030\" data-end=\"1160\"><a href=\"http:\/\/sarmacjabedzin.pl\/wp-content\/uploads\/2025\/08\/Slavia_social.jpg\"><img loading=\"lazy\" decoding=\"async\" class=\"aligncenter size-full wp-image-9204\" src=\"http:\/\/sarmacjabedzin.pl\/wp-content\/uploads\/2025\/08\/Slavia_social.jpg\" alt=\"\" width=\"1080\" height=\"1350\" \/><\/a><\/p>\n","protected":false},"excerpt":{"rendered":"<p>Dnia 31 sierpnia 2025 roku o godzinie 17:00 pi\u0142karze Sarmacji B\u0119dzin rozegraj\u0105 czwarty mecz ligowy w tym sezonie. Tym razem podopieczni trenera Jaros\u0142awa Raka wyst\u0105pi\u0105 przed w\u0142asn\u0105 publiczno\u015bci\u0105, a ich rywalem b\u0119dzie Slavia Ruda \u015al\u0105ska. Sarmacja po efektownym zwyci\u0119stwie 6:0 na wyje\u017adzie z G\u00f3rnikiem Sosnowiec powr\u00f3ci\u0142a na fotel lidera i z dorobkiem siedmiu punkt\u00f3w przewodzi&#8230;<\/p>\n","protected":false},"author":1,"featured_media":9205,"comment_status":"closed","ping_status":"closed","sticky":false,"template":"","format":"standard","meta":{"footnotes":""},"categories":[64],"tags":[],"class_list":["post-9203","post","type-post","status-publish","format-standard","has-post-thumbnail","hentry","category-soccer"],"yoast_head":"<!-- This site is optimized with the Yoast SEO plugin v25.8 - https:\/\/yoast.com\/wordpress\/plugins\/seo\/ -->\n<title>Powr\u00f3t na w\u0142asny stadion! | BKS Sarmacja B\u0119dzin<\/title>\n<meta name=\"robots\" content=\"index, follow, max-snippet:-1, max-image-preview:large, max-video-preview:-1\" \/>\n<link rel=\"canonical\" href=\"https:\/\/sarmacjabedzin.pl\/index.php\/2025\/08\/29\/powrot-na-wlasny-stadion\/\" \/>\n<meta property=\"og:locale\" content=\"pl_PL\" \/>\n<meta property=\"og:type\" content=\"article\" \/>\n<meta property=\"og:title\" content=\"Powr\u00f3t na w\u0142asny stadion! | BKS Sarmacja B\u0119dzin\" \/>\n<meta property=\"og:description\" content=\"Dnia 31 sierpnia 2025 roku o godzinie 17:00 pi\u0142karze Sarmacji B\u0119dzin rozegraj\u0105 czwarty mecz ligowy w tym sezonie. Tym razem podopieczni trenera Jaros\u0142awa Raka wyst\u0105pi\u0105 przed w\u0142asn\u0105 publiczno\u015bci\u0105, a ich rywalem b\u0119dzie Slavia Ruda \u015al\u0105ska. Sarmacja po efektownym zwyci\u0119stwie 6:0 na wyje\u017adzie z G\u00f3rnikiem Sosnowiec powr\u00f3ci\u0142a na fotel lidera i z dorobkiem siedmiu punkt\u00f3w przewodzi...\" \/>\n<meta property=\"og:url\" content=\"https:\/\/sarmacjabedzin.pl\/index.php\/2025\/08\/29\/powrot-na-wlasny-stadion\/\" \/>\n<meta property=\"og:site_name\" content=\"BKS Sarmacja B\u0119dzin\" \/>\n<meta property=\"article:publisher\" content=\"https:\/\/www.facebook.com\/SarmacjaBedzin\" \/>\n<meta property=\"article:published_time\" content=\"2025-08-29T21:40:27+00:00\" \/>\n<meta property=\"og:image\" content=\"http:\/\/sarmacjabedzin.pl\/wp-content\/uploads\/2025\/08\/Slavia.jpg\" \/>\n\t<meta property=\"og:image:width\" content=\"1920\" \/>\n\t<meta property=\"og:image:height\" content=\"1080\" \/>\n\t<meta property=\"og:image:type\" content=\"image\/jpeg\" \/>\n<meta name=\"author\" content=\"tyrtak\" \/>\n<meta name=\"twitter:card\" content=\"summary_large_image\" \/>\n<meta name=\"twitter:label1\" content=\"Napisane przez\" \/>\n\t<meta name=\"twitter:data1\" content=\"tyrtak\" \/>\n\t<meta name=\"twitter:label2\" content=\"Szacowany czas czytania\" \/>\n\t<meta name=\"twitter:data2\" content=\"1 minuta\" \/>\n<script type=\"application\/ld+json\" class=\"yoast-schema-graph\">{\"@context\":\"https:\/\/schema.org\",\"@graph\":[{\"@type\":\"WebPage\",\"@id\":\"https:\/\/sarmacjabedzin.pl\/index.php\/2025\/08\/29\/powrot-na-wlasny-stadion\/\",\"url\":\"https:\/\/sarmacjabedzin.pl\/index.php\/2025\/08\/29\/powrot-na-wlasny-stadion\/\",\"name\":\"Powr\u00f3t na w\u0142asny stadion! | BKS Sarmacja B\u0119dzin\",\"isPartOf\":{\"@id\":\"https:\/\/sarmacjabedzin.pl\/#website\"},\"primaryImageOfPage\":{\"@id\":\"https:\/\/sarmacjabedzin.pl\/index.php\/2025\/08\/29\/powrot-na-wlasny-stadion\/#primaryimage\"},\"image\":{\"@id\":\"https:\/\/sarmacjabedzin.pl\/index.php\/2025\/08\/29\/powrot-na-wlasny-stadion\/#primaryimage\"},\"thumbnailUrl\":\"https:\/\/sarmacjabedzin.pl\/wp-content\/uploads\/2025\/08\/Slavia.jpg\",\"datePublished\":\"2025-08-29T21:40:27+00:00\",\"author\":{\"@id\":\"https:\/\/sarmacjabedzin.pl\/#\/schema\/person\/5417ea7b03bcd9adf58298a2265ce03a\"},\"breadcrumb\":{\"@id\":\"https:\/\/sarmacjabedzin.pl\/index.php\/2025\/08\/29\/powrot-na-wlasny-stadion\/#breadcrumb\"},\"inLanguage\":\"pl-PL\",\"potentialAction\":[{\"@type\":\"ReadAction\",\"target\":[\"https:\/\/sarmacjabedzin.pl\/index.php\/2025\/08\/29\/powrot-na-wlasny-stadion\/\"]}]},{\"@type\":\"ImageObject\",\"inLanguage\":\"pl-PL\",\"@id\":\"https:\/\/sarmacjabedzin.pl\/index.php\/2025\/08\/29\/powrot-na-wlasny-stadion\/#primaryimage\",\"url\":\"https:\/\/sarmacjabedzin.pl\/wp-content\/uploads\/2025\/08\/Slavia.jpg\",\"contentUrl\":\"https:\/\/sarmacjabedzin.pl\/wp-content\/uploads\/2025\/08\/Slavia.jpg\",\"width\":1920,\"height\":1080},{\"@type\":\"BreadcrumbList\",\"@id\":\"https:\/\/sarmacjabedzin.pl\/index.php\/2025\/08\/29\/powrot-na-wlasny-stadion\/#breadcrumb\",\"itemListElement\":[{\"@type\":\"ListItem\",\"position\":1,\"name\":\"Strona g\u0142\u00f3wna\",\"item\":\"https:\/\/sarmacjabedzin.pl\/\"},{\"@type\":\"ListItem\",\"position\":2,\"name\":\"Powr\u00f3t na w\u0142asny stadion!\"}]},{\"@type\":\"WebSite\",\"@id\":\"https:\/\/sarmacjabedzin.pl\/#website\",\"url\":\"https:\/\/sarmacjabedzin.pl\/\",\"name\":\"BKS Sarmacja B\u0119dzin \u2013 Nieoficjalny serwis\",\"description\":\"Nieoficjalny serwis B\u0119dzi\u0144skiego Klubu Sportowego &quot;Sarmacja&quot;\",\"potentialAction\":[{\"@type\":\"SearchAction\",\"target\":{\"@type\":\"EntryPoint\",\"urlTemplate\":\"https:\/\/sarmacjabedzin.pl\/?s={search_term_string}\"},\"query-input\":{\"@type\":\"PropertyValueSpecification\",\"valueRequired\":true,\"valueName\":\"search_term_string\"}}],\"inLanguage\":\"pl-PL\"},{\"@type\":\"Person\",\"@id\":\"https:\/\/sarmacjabedzin.pl\/#\/schema\/person\/5417ea7b03bcd9adf58298a2265ce03a\",\"name\":\"tyrtak\",\"image\":{\"@type\":\"ImageObject\",\"inLanguage\":\"pl-PL\",\"@id\":\"https:\/\/sarmacjabedzin.pl\/#\/schema\/person\/image\/\",\"url\":\"https:\/\/secure.gravatar.com\/avatar\/49b7734c6795cf524710e96813a9fedc1ae3816e479d92490236b4cfc47a5ae1?s=96&d=mm&r=g\",\"contentUrl\":\"https:\/\/secure.gravatar.com\/avatar\/49b7734c6795cf524710e96813a9fedc1ae3816e479d92490236b4cfc47a5ae1?s=96&d=mm&r=g\",\"caption\":\"tyrtak\"}}]}<\/script>\n<!-- \/ Yoast SEO plugin. -->","yoast_head_json":{"title":"Powr\u00f3t na w\u0142asny stadion! | BKS Sarmacja B\u0119dzin","robots":{"index":"index","follow":"follow","max-snippet":"max-snippet:-1","max-image-preview":"max-image-preview:large","max-video-preview":"max-video-preview:-1"},"canonical":"https:\/\/sarmacjabedzin.pl\/index.php\/2025\/08\/29\/powrot-na-wlasny-stadion\/","og_locale":"pl_PL","og_type":"article","og_title":"Powr\u00f3t na w\u0142asny stadion! | BKS Sarmacja B\u0119dzin","og_description":"Dnia 31 sierpnia 2025 roku o godzinie 17:00 pi\u0142karze Sarmacji B\u0119dzin rozegraj\u0105 czwarty mecz ligowy w tym sezonie. Tym razem podopieczni trenera Jaros\u0142awa Raka wyst\u0105pi\u0105 przed w\u0142asn\u0105 publiczno\u015bci\u0105, a ich rywalem b\u0119dzie Slavia Ruda \u015al\u0105ska. Sarmacja po efektownym zwyci\u0119stwie 6:0 na wyje\u017adzie z G\u00f3rnikiem Sosnowiec powr\u00f3ci\u0142a na fotel lidera i z dorobkiem siedmiu punkt\u00f3w przewodzi...","og_url":"https:\/\/sarmacjabedzin.pl\/index.php\/2025\/08\/29\/powrot-na-wlasny-stadion\/","og_site_name":"BKS Sarmacja B\u0119dzin","article_publisher":"https:\/\/www.facebook.com\/SarmacjaBedzin","article_published_time":"2025-08-29T21:40:27+00:00","og_image":[{"width":1920,"height":1080,"url":"http:\/\/sarmacjabedzin.pl\/wp-content\/uploads\/2025\/08\/Slavia.jpg","type":"image\/jpeg"}],"author":"tyrtak","twitter_card":"summary_large_image","twitter_misc":{"Napisane przez":"tyrtak","Szacowany czas czytania":"1 minuta"},"schema":{"@context":"https:\/\/schema.org","@graph":[{"@type":"WebPage","@id":"https:\/\/sarmacjabedzin.pl\/index.php\/2025\/08\/29\/powrot-na-wlasny-stadion\/","url":"https:\/\/sarmacjabedzin.pl\/index.php\/2025\/08\/29\/powrot-na-wlasny-stadion\/","name":"Powr\u00f3t na w\u0142asny stadion! | BKS Sarmacja B\u0119dzin","isPartOf":{"@id":"https:\/\/sarmacjabedzin.pl\/#website"},"primaryImageOfPage":{"@id":"https:\/\/sarmacjabedzin.pl\/index.php\/2025\/08\/29\/powrot-na-wlasny-stadion\/#primaryimage"},"image":{"@id":"https:\/\/sarmacjabedzin.pl\/index.php\/2025\/08\/29\/powrot-na-wlasny-stadion\/#primaryimage"},"thumbnailUrl":"https:\/\/sarmacjabedzin.pl\/wp-content\/uploads\/2025\/08\/Slavia.jpg","datePublished":"2025-08-29T21:40:27+00:00","author":{"@id":"https:\/\/sarmacjabedzin.pl\/#\/schema\/person\/5417ea7b03bcd9adf58298a2265ce03a"},"breadcrumb":{"@id":"https:\/\/sarmacjabedzin.pl\/index.php\/2025\/08\/29\/powrot-na-wlasny-stadion\/#breadcrumb"},"inLanguage":"pl-PL","potentialAction":[{"@type":"ReadAction","target":["https:\/\/sarmacjabedzin.pl\/index.php\/2025\/08\/29\/powrot-na-wlasny-stadion\/"]}]},{"@type":"ImageObject","inLanguage":"pl-PL","@id":"https:\/\/sarmacjabedzin.pl\/index.php\/2025\/08\/29\/powrot-na-wlasny-stadion\/#primaryimage","url":"https:\/\/sarmacjabedzin.pl\/wp-content\/uploads\/2025\/08\/Slavia.jpg","contentUrl":"https:\/\/sarmacjabedzin.pl\/wp-content\/uploads\/2025\/08\/Slavia.jpg","width":1920,"height":1080},{"@type":"BreadcrumbList","@id":"https:\/\/sarmacjabedzin.pl\/index.php\/2025\/08\/29\/powrot-na-wlasny-stadion\/#breadcrumb","itemListElement":[{"@type":"ListItem","position":1,"name":"Strona g\u0142\u00f3wna","item":"https:\/\/sarmacjabedzin.pl\/"},{"@type":"ListItem","position":2,"name":"Powr\u00f3t na w\u0142asny stadion!"}]},{"@type":"WebSite","@id":"https:\/\/sarmacjabedzin.pl\/#website","url":"https:\/\/sarmacjabedzin.pl\/","name":"BKS Sarmacja B\u0119dzin \u2013 Nieoficjalny serwis","description":"Nieoficjalny serwis B\u0119dzi\u0144skiego Klubu Sportowego &quot;Sarmacja&quot;","potentialAction":[{"@type":"SearchAction","target":{"@type":"EntryPoint","urlTemplate":"https:\/\/sarmacjabedzin.pl\/?s={search_term_string}"},"query-input":{"@type":"PropertyValueSpecification","valueRequired":true,"valueName":"search_term_string"}}],"inLanguage":"pl-PL"},{"@type":"Person","@id":"https:\/\/sarmacjabedzin.pl\/#\/schema\/person\/5417ea7b03bcd9adf58298a2265ce03a","name":"tyrtak","image":{"@type":"ImageObject","inLanguage":"pl-PL","@id":"https:\/\/sarmacjabedzin.pl\/#\/schema\/person\/image\/","url":"https:\/\/secure.gravatar.com\/avatar\/49b7734c6795cf524710e96813a9fedc1ae3816e479d92490236b4cfc47a5ae1?s=96&d=mm&r=g","contentUrl":"https:\/\/secure.gravatar.com\/avatar\/49b7734c6795cf524710e96813a9fedc1ae3816e479d92490236b4cfc47a5ae1?s=96&d=mm&r=g","caption":"tyrtak"}}]}},"rttpg_featured_image_url":{"full":["https:\/\/sarmacjabedzin.pl\/wp-content\/uploads\/2025\/08\/Slavia.jpg",1920,1080,false],"landscape":["https:\/\/sarmacjabedzin.pl\/wp-content\/uploads\/2025\/08\/Slavia.jpg",1920,1080,false],"portraits":["https:\/\/sarmacjabedzin.pl\/wp-content\/uploads\/2025\/08\/Slavia.jpg",1920,1080,false],"thumbnail":["https:\/\/sarmacjabedzin.pl\/wp-content\/uploads\/2025\/08\/Slavia.jpg",150,84,false],"medium":["https:\/\/sarmacjabedzin.pl\/wp-content\/uploads\/2025\/08\/Slavia.jpg",300,169,false],"large":["https:\/\/sarmacjabedzin.pl\/wp-content\/uploads\/2025\/08\/Slavia.jpg",1024,576,false],"1536x1536":["https:\/\/sarmacjabedzin.pl\/wp-content\/uploads\/2025\/08\/Slavia.jpg",1536,864,false],"2048x2048":["https:\/\/sarmacjabedzin.pl\/wp-content\/uploads\/2025\/08\/Slavia.jpg",1920,1080,false],"sportspress-crop-medium":["https:\/\/sarmacjabedzin.pl\/wp-content\/uploads\/2025\/08\/Slavia.jpg",300,169,false],"sportspress-fit-medium":["https:\/\/sarmacjabedzin.pl\/wp-content\/uploads\/2025\/08\/Slavia.jpg",300,169,false],"sportspress-fit-icon":["https:\/\/sarmacjabedzin.pl\/wp-content\/uploads\/2025\/08\/Slavia.jpg",128,72,false],"sportspress-fit-mini":["https:\/\/sarmacjabedzin.pl\/wp-content\/uploads\/2025\/08\/Slavia.jpg",32,18,false],"ultp_layout_landscape_large":["https:\/\/sarmacjabedzin.pl\/wp-content\/uploads\/2025\/08\/Slavia.jpg",1200,675,false],"ultp_layout_landscape":["https:\/\/sarmacjabedzin.pl\/wp-content\/uploads\/2025\/08\/Slavia.jpg",870,489,false],"ultp_layout_portrait":["https:\/\/sarmacjabedzin.pl\/wp-content\/uploads\/2025\/08\/Slavia.jpg",600,338,false],"ultp_layout_square":["https:\/\/sarmacjabedzin.pl\/wp-content\/uploads\/2025\/08\/Slavia.jpg",600,338,false],"stm-1140-666":["https:\/\/sarmacjabedzin.pl\/wp-content\/uploads\/2025\/08\/Slavia.jpg",1140,641,false],"stm-1170-650":["https:\/\/sarmacjabedzin.pl\/wp-content\/uploads\/2025\/08\/Slavia.jpg",1156,650,false],"stm-570-350":["https:\/\/sarmacjabedzin.pl\/wp-content\/uploads\/2025\/08\/Slavia.jpg",570,321,false],"stm-570-250":["https:\/\/sarmacjabedzin.pl\/wp-content\/uploads\/2025\/08\/Slavia.jpg",444,250,false],"stm-270-370":["https:\/\/sarmacjabedzin.pl\/wp-content\/uploads\/2025\/08\/Slavia.jpg",270,152,false],"stm-540-500":["https:\/\/sarmacjabedzin.pl\/wp-content\/uploads\/2025\/08\/Slavia.jpg",540,304,false],"stm-270-530":["https:\/\/sarmacjabedzin.pl\/wp-content\/uploads\/2025\/08\/Slavia.jpg",270,152,false],"stm-200-200":["https:\/\/sarmacjabedzin.pl\/wp-content\/uploads\/2025\/08\/Slavia.jpg",200,113,false],"stm-85-105":["https:\/\/sarmacjabedzin.pl\/wp-content\/uploads\/2025\/08\/Slavia.jpg",85,48,false],"stm-255-255":["https:\/\/sarmacjabedzin.pl\/wp-content\/uploads\/2025\/08\/Slavia.jpg",255,143,false],"stm-360-240":["https:\/\/sarmacjabedzin.pl\/wp-content\/uploads\/2025\/08\/Slavia.jpg",360,203,false],"stm-360-495":["https:\/\/sarmacjabedzin.pl\/wp-content\/uploads\/2025\/08\/Slavia.jpg",360,203,false],"stm-445-400":["https:\/\/sarmacjabedzin.pl\/wp-content\/uploads\/2025\/08\/Slavia.jpg",445,250,false],"stm-735-240":["https:\/\/sarmacjabedzin.pl\/wp-content\/uploads\/2025\/08\/Slavia.jpg",427,240,false],"stm-255-183":["https:\/\/sarmacjabedzin.pl\/wp-content\/uploads\/2025\/08\/Slavia.jpg",255,143,false],"stm-350-250":["https:\/\/sarmacjabedzin.pl\/wp-content\/uploads\/2025\/08\/Slavia.jpg",350,197,false],"blog_list":["https:\/\/sarmacjabedzin.pl\/wp-content\/uploads\/2025\/08\/Slavia.jpg",270,152,false],"blog_list_medium":["https:\/\/sarmacjabedzin.pl\/wp-content\/uploads\/2025\/08\/Slavia.jpg",390,219,false],"gallery_thumbnail":["https:\/\/sarmacjabedzin.pl\/wp-content\/uploads\/2025\/08\/Slavia.jpg",80,45,false],"gallery_image":["https:\/\/sarmacjabedzin.pl\/wp-content\/uploads\/2025\/08\/Slavia.jpg",560,315,false],"gallery_image_mini":["https:\/\/sarmacjabedzin.pl\/wp-content\/uploads\/2025\/08\/Slavia.jpg",143,80,false],"player_photo":["https:\/\/sarmacjabedzin.pl\/wp-content\/uploads\/2025\/08\/Slavia.jpg",740,416,false],"team_logo":["https:\/\/sarmacjabedzin.pl\/wp-content\/uploads\/2025\/08\/Slavia.jpg",98,55,false],"player_stat_ava":["https:\/\/sarmacjabedzin.pl\/wp-content\/uploads\/2025\/08\/Slavia.jpg",550,309,false],"post-350-220":["https:\/\/sarmacjabedzin.pl\/wp-content\/uploads\/2025\/08\/Slavia.jpg",350,197,false],"post-275-142":["https:\/\/sarmacjabedzin.pl\/wp-content\/uploads\/2025\/08\/Slavia.jpg",252,142,false],"post-160-120":["https:\/\/sarmacjabedzin.pl\/wp-content\/uploads\/2025\/08\/Slavia.jpg",160,90,false],"post-110-70":["https:\/\/sarmacjabedzin.pl\/wp-content\/uploads\/2025\/08\/Slavia.jpg",110,62,false],"post-770-450":["https:\/\/sarmacjabedzin.pl\/wp-content\/uploads\/2025\/08\/Slavia.jpg",770,433,false],"post-370-210":["https:\/\/sarmacjabedzin.pl\/wp-content\/uploads\/2025\/08\/Slavia.jpg",370,208,false],"post-457-470":["https:\/\/sarmacjabedzin.pl\/wp-content\/uploads\/2025\/08\/Slavia.jpg",457,257,false],"post-370-420":["https:\/\/sarmacjabedzin.pl\/wp-content\/uploads\/2025\/08\/Slavia.jpg",370,208,false],"stm-445-445":["https:\/\/sarmacjabedzin.pl\/wp-content\/uploads\/2025\/08\/Slavia.jpg",445,250,false],"stm-555-460":["https:\/\/sarmacjabedzin.pl\/wp-content\/uploads\/2025\/08\/Slavia.jpg",555,312,false],"stm-350-450":["https:\/\/sarmacjabedzin.pl\/wp-content\/uploads\/2025\/08\/Slavia.jpg",350,197,false],"stm-720-440":["https:\/\/sarmacjabedzin.pl\/wp-content\/uploads\/2025\/08\/Slavia.jpg",720,405,false],"stm-270-270":["https:\/\/sarmacjabedzin.pl\/wp-content\/uploads\/2025\/08\/Slavia.jpg",270,152,false],"stm-760-450":["https:\/\/sarmacjabedzin.pl\/wp-content\/uploads\/2025\/08\/Slavia.jpg",760,428,false]},"rttpg_author":{"display_name":"tyrtak","author_link":false},"rttpg_comment":0,"rttpg_category":"<a href=\"https:\/\/sarmacjabedzin.pl\/index.php\/category\/soccer\/\" rel=\"category tag\">Liga<\/a>","rttpg_excerpt":"Dnia 31 sierpnia 2025 roku o godzinie 17:00 pi\u0142karze Sarmacji B\u0119dzin rozegraj\u0105 czwarty mecz ligowy w tym sezonie. Tym razem podopieczni trenera Jaros\u0142awa Raka wyst\u0105pi\u0105 przed w\u0142asn\u0105 publiczno\u015bci\u0105, a ich rywalem b\u0119dzie Slavia Ruda \u015al\u0105ska. Sarmacja po efektownym zwyci\u0119stwie 6:0 na wyje\u017adzie z G\u00f3rnikiem Sosnowiec powr\u00f3ci\u0142a na fotel lidera i z dorobkiem siedmiu punkt\u00f3w przewodzi...","_links":{"self":[{"href":"https:\/\/sarmacjabedzin.pl\/index.php\/wp-json\/wp\/v2\/posts\/9203","targetHints":{"allow":["GET"]}}],"collection":[{"href":"https:\/\/sarmacjabedzin.pl\/index.php\/wp-json\/wp\/v2\/posts"}],"about":[{"href":"https:\/\/sarmacjabedzin.pl\/index.php\/wp-json\/wp\/v2\/types\/post"}],"author":[{"embeddable":true,"href":"https:\/\/sarmacjabedzin.pl\/index.php\/wp-json\/wp\/v2\/users\/1"}],"replies":[{"embeddable":true,"href":"https:\/\/sarmacjabedzin.pl\/index.php\/wp-json\/wp\/v2\/comments?post=9203"}],"version-history":[{"count":1,"href":"https:\/\/sarmacjabedzin.pl\/index.php\/wp-json\/wp\/v2\/posts\/9203\/revisions"}],"predecessor-version":[{"id":9206,"href":"https:\/\/sarmacjabedzin.pl\/index.php\/wp-json\/wp\/v2\/posts\/9203\/revisions\/9206"}],"wp:featuredmedia":[{"embeddable":true,"href":"https:\/\/sarmacjabedzin.pl\/index.php\/wp-json\/wp\/v2\/media\/9205"}],"wp:attachment":[{"href":"https:\/\/sarmacjabedzin.pl\/index.php\/wp-json\/wp\/v2\/media?parent=9203"}],"wp:term":[{"taxonomy":"category","embeddable":true,"href":"https:\/\/sarmacjabedzin.pl\/index.php\/wp-json\/wp\/v2\/categories?post=9203"},{"taxonomy":"post_tag","embeddable":true,"href":"https:\/\/sarmacjabedzin.pl\/index.php\/wp-json\/wp\/v2\/tags?post=9203"}],"curies":[{"name":"wp","href":"https:\/\/api.w.org\/{rel}","templated":true}]}}