{"id":925,"date":"2016-09-24T10:52:43","date_gmt":"2016-09-24T08:52:43","guid":{"rendered":"http:\/\/sarmacjabedzin.pl\/index.php\/2016\/09\/24\/porazka-po-karnym\/"},"modified":"2016-09-24T10:52:43","modified_gmt":"2016-09-24T08:52:43","slug":"porazka-po-karnym","status":"publish","type":"post","link":"https:\/\/sarmacjabedzin.pl\/index.php\/2016\/09\/24\/porazka-po-karnym\/","title":{"rendered":"PORA\u017bKA PO KARNYM!"},"content":{"rendered":"<p>Dzi\u015b 24.09.2016r o godz.16.00 pi\u0142karze Sarmacji B\u0119dzin go\u015bcili na obiekcie Gwarka Tarnowskie G\u00f3ry. Do tej pory oba zespo\u0142y zgromadzi\u0142y na swoim koncie 16 punkt\u00f3w i s\u0105siadowa\u0142y razem w tabeli.<\/p>\n<p>W 7 minucie spotkania Remigiusz Malicki odda\u0142 strza\u0142 z linii pola karnego. Pi\u0142ka uderzona z p\u00f3\u0142obrotu wpad\u0142a wprost w r\u0119kawice golkipera gospodarzy.<\/p>\n<p>W 15 minucie miejscowi byli bliscy zdobycia prowadzenia. Po akcji praw\u0105 stron\u0105 boiska, napastnik Gwarka wpad\u0142 w pole karne Sarmat\u00f3w oddaj\u0105c strza\u0142 prosto w s\u0142upek bramki.<\/p>\n<p>Dwie minuty p\u00f3\u017aniej wrzutko-strza\u0142 pi\u0142karza miejscowych zdo\u0142a\u0142 wy\u0142apa\u0107 Dariusz Maciejowski.<\/p>\n<p>W odpowiedzi w 18 minucie Remigiusz Malicki biegn\u0105c praw\u0105 stron\u0105 wrzuci\u0142 pi\u0142k\u0119 na drug\u0105 stron\u0119 pola karnego. Znajduj\u0105cy si\u0119 tam tu\u017c przed s\u0142upkiem Artur Nowak zdecydowa\u0142 si\u0119 na strza\u0142 z powierza. Futbol\u00f3wka poszybowa\u0142a tu\u017c nad poprzeczk\u0105.<\/p>\n<p>W 20 minucie gro\u017an\u0105 akcj\u0119 zatrzyma\u0142 Daniel Majka, kt\u00f3ry zdo\u0142a\u0142 wyprzedzi\u0107 napastnika gospodarzy startuj\u0105cego do wrzutki w polu karnym.<\/p>\n<p>W 23 minucie strza\u0142 zza pola karnego pad\u0142 \u0142upem golkipera b\u0119dzinian.<\/p>\n<p>Chwil\u0119 potem J\u00f3zef Misztal uderzeniem z dystansu postraszy\u0142 bramkarza Gwarka. Pi\u0142ka przelecia\u0142a obok bramki.<\/p>\n<p>W 35 minucie \u0141ukasz Nowak zagra\u0142 na lewo do Daniela Sroki. Ten wpadaj\u0105c w pole karne rywala<\/p>\n<p>pr\u00f3bowa\u0142 poda\u0107 do nadbiegaj\u0105cego \u015brodkiem Artura Nowaka. Niestety zrobi\u0142 to niedok\u0142adnie, a futbol\u00f3wk\u0119 wybi\u0142 obro\u0144ca.<\/p>\n<p>W 45 minucie pi\u0142ka po s\u0142abym strzale Artura Nowaka nie sprawi\u0142a k\u0142opotu interweniuj\u0105cemu bramkarzowi miejscowych.<\/p>\n<p>Do przerwy \u017cadnej z dru\u017cyn nie uda\u0142o si\u0119 zdoby\u0107 gola.<\/p>\n<p>Niestety druga po\u0142owa zacz\u0119\u0142a si\u0119 fatalnie dla Sarmat\u00f3w, kt\u00f3rzy ju\u017c w 48 minucie przegrywali 0:1.<\/p>\n<p>Akcj\u0119 rozpocz\u0119\u0142a szybka kontra gospodarzy, po kt\u00f3rej zawodnik Gwarka wpadaj\u0105c w pole karne b\u0119dzinian przewr\u00f3ci\u0142 stoj\u0105cego mu na drodze Roberta Marynioka. S\u0119dzia nie dopatruj\u0105c si\u0119 przewinienia w ataku pu\u015bci\u0142 dalej akcj\u0119. Pr\u00f3buj\u0105cy zatrzyma\u0107 rozp\u0119dzonego pi\u0142karza Dariusz Maciejowski spowodowa\u0142 jego upadek. Tym razem arbiter wskaza\u0142 na wapno.<\/p>\n<p>Skutecznym egzekutorem rzutu karnego okaza\u0142 si\u0119 Dawid Jarka.<\/p>\n<p>Kolejne minuty nie przynosi\u0142y \u017cadnych ciekawych akcji pod obiema bramkami.<\/p>\n<p>Pr\u00f3buj\u0105cy odrabia\u0107 straty Sarmaci nie byli w stanie poradzi\u0107 sobie z dobr\u0105 i szczeln\u0105 obron\u0105 rywala.<\/p>\n<p>W 69 minucie pi\u0142ka po strzale z dystansu Daniela Majki poszybowa\u0142a wysoko obok bramki.<\/p>\n<p>W 73 minucie p\u0119dz\u0105cy praw\u0105 stron\u0105 Rafa\u0142 J\u0119drzejczyk pos\u0142a\u0142 pi\u0142k\u0119 w pole karne do wybiegaj\u0105cego J\u00f3zefa Misztala. Niestety bramkarz miejscowych zdo\u0142a\u0142 go uprzedzi\u0107.<\/p>\n<p>Mimo ambitnej i zaci\u0119tej walki b\u0119dzinianie nie mogli znale\u017a\u0107 sposobu na zdobycie wyr\u00f3wnania.<\/p>\n<p>Sarmacja B\u0119dzin uleg\u0142a Gwarkowi Tarnowskie G\u00f3ry 0:1.<\/p>\n<p>Dzi\u015b na boisku spotka\u0142y si\u0119 dwie r\u00f3wnorz\u0119dne dru\u017cyny i zdobycie gola przez jedn\u0105 z nich praktycznie ustala\u0142o ju\u017c wynik tego meczu.<\/p>\n<p>Niestety uda\u0142o si\u0119 to gospodarzom, kt\u00f3rzy skrz\u0119tnie skorzystali z okazji.<\/p>\n<p>Szkoda straty 3 punkt\u00f3w, ale taka jest pi\u0142ka i ju\u017c musimy jak najszybciej zapomnie\u0107 o tym.<\/p>\n<p>Tym razem trener Sarmacji z r\u00f3\u017cnych przyczyn nie m\u00f3g\u0142 skorzysta\u0107 z trzech podstawowych zawodnik\u00f3w, kt\u00f3rych strata by\u0142a widoczna dzi\u015b na murawie (M.Derlatka, B.Derlatka, T.Kita).<\/p>\n<p>\u00a0<\/p>\n<p>Ju\u017c za tydzie\u0144 kolejny wyjazdowy mecz. Tym razem rywalem b\u0119d\u0105 rezerwy Ruchu Chorz\u00f3w. I zn\u00f3w zadajemy sobie pytanie czy na pewno rezerwy?<\/p>\n<p><strong>Gwarek Tarnowskie G\u00f3ry &#8211; Sarmacja B\u0119dzin 1:0 (0:0)<\/strong><\/p>\n<p><strong>Bramki:<\/strong><br \/>48&#8242; (k) Jarka<\/p>\n<p><strong>\u017b\u00f3\u0142te kartki:<\/strong><br \/>45&#8242; Malicki<br \/>83&#8242; Buchcik<\/p>\n<p><strong>Sarmacja B\u0119dzin:<\/strong> Maciejowski, Maryniok, Majka, Buchcik, Misztal (75&#8242; Tyszczak), J\u0119drzejczyk, Dyrda, \u0141.Nowak, Sroka, Malicki, A.Nowak<\/p>\n","protected":false},"excerpt":{"rendered":"<p>Dzi\u015b 24.09.2016r o godz.16.00 pi\u0142karze Sarmacji B\u0119dzin go\u015bcili na obiekcie Gwarka Tarnowskie G\u00f3ry. Do tej pory oba zespo\u0142y zgromadzi\u0142y na swoim koncie 16 punkt\u00f3w i s\u0105siadowa\u0142y razem w tabeli. W 7 minucie spotkania Remigiusz Malicki odda\u0142 strza\u0142 z linii pola karnego. Pi\u0142ka uderzona z p\u00f3\u0142obrotu wpad\u0142a wprost w r\u0119kawice golkipera gospodarzy. W 15 minucie miejscowi&#8230;<\/p>\n","protected":false},"author":1,"featured_media":886,"comment_status":"open","ping_status":"open","sticky":false,"template":"","format":"standard","meta":{"footnotes":""},"categories":[64],"tags":[],"class_list":["post-925","post","type-post","status-publish","format-standard","has-post-thumbnail","hentry","category-soccer"],"yoast_head":"<!-- This site is optimized with the Yoast SEO plugin v25.8 - https:\/\/yoast.com\/wordpress\/plugins\/seo\/ -->\n<title>PORA\u017bKA PO KARNYM! | BKS Sarmacja B\u0119dzin<\/title>\n<meta name=\"robots\" content=\"index, follow, max-snippet:-1, max-image-preview:large, max-video-preview:-1\" \/>\n<link rel=\"canonical\" href=\"https:\/\/sarmacjabedzin.pl\/index.php\/2016\/09\/24\/porazka-po-karnym\/\" \/>\n<meta property=\"og:locale\" content=\"pl_PL\" \/>\n<meta property=\"og:type\" content=\"article\" \/>\n<meta property=\"og:title\" content=\"PORA\u017bKA PO KARNYM! | BKS Sarmacja B\u0119dzin\" \/>\n<meta property=\"og:description\" content=\"Dzi\u015b 24.09.2016r o godz.16.00 pi\u0142karze Sarmacji B\u0119dzin go\u015bcili na obiekcie Gwarka Tarnowskie G\u00f3ry. Do tej pory oba zespo\u0142y zgromadzi\u0142y na swoim koncie 16 punkt\u00f3w i s\u0105siadowa\u0142y razem w tabeli. W 7 minucie spotkania Remigiusz Malicki odda\u0142 strza\u0142 z linii pola karnego. Pi\u0142ka uderzona z p\u00f3\u0142obrotu wpad\u0142a wprost w r\u0119kawice golkipera gospodarzy. W 15 minucie miejscowi...\" \/>\n<meta property=\"og:url\" content=\"https:\/\/sarmacjabedzin.pl\/index.php\/2016\/09\/24\/porazka-po-karnym\/\" \/>\n<meta property=\"og:site_name\" content=\"BKS Sarmacja B\u0119dzin\" \/>\n<meta property=\"article:publisher\" content=\"https:\/\/www.facebook.com\/SarmacjaBedzin\" \/>\n<meta property=\"article:published_time\" content=\"2016-09-24T08:52:43+00:00\" \/>\n<meta property=\"og:image\" content=\"https:\/\/sarmacjabedzin.pl\/wp-content\/uploads\/2016\/08\/pilka.jpg\" \/>\n\t<meta property=\"og:image:width\" content=\"1280\" \/>\n\t<meta property=\"og:image:height\" content=\"851\" \/>\n\t<meta property=\"og:image:type\" content=\"image\/jpeg\" \/>\n<meta name=\"author\" content=\"tyrtak\" \/>\n<meta name=\"twitter:card\" content=\"summary_large_image\" \/>\n<meta name=\"twitter:label1\" content=\"Napisane przez\" \/>\n\t<meta name=\"twitter:data1\" content=\"tyrtak\" \/>\n\t<meta name=\"twitter:label2\" content=\"Szacowany czas czytania\" \/>\n\t<meta name=\"twitter:data2\" content=\"3 minuty\" \/>\n<script type=\"application\/ld+json\" class=\"yoast-schema-graph\">{\"@context\":\"https:\/\/schema.org\",\"@graph\":[{\"@type\":\"WebPage\",\"@id\":\"https:\/\/sarmacjabedzin.pl\/index.php\/2016\/09\/24\/porazka-po-karnym\/\",\"url\":\"https:\/\/sarmacjabedzin.pl\/index.php\/2016\/09\/24\/porazka-po-karnym\/\",\"name\":\"PORA\u017bKA PO KARNYM! | BKS Sarmacja B\u0119dzin\",\"isPartOf\":{\"@id\":\"https:\/\/sarmacjabedzin.pl\/#website\"},\"primaryImageOfPage\":{\"@id\":\"https:\/\/sarmacjabedzin.pl\/index.php\/2016\/09\/24\/porazka-po-karnym\/#primaryimage\"},\"image\":{\"@id\":\"https:\/\/sarmacjabedzin.pl\/index.php\/2016\/09\/24\/porazka-po-karnym\/#primaryimage\"},\"thumbnailUrl\":\"https:\/\/sarmacjabedzin.pl\/wp-content\/uploads\/2016\/08\/pilka.jpg\",\"datePublished\":\"2016-09-24T08:52:43+00:00\",\"author\":{\"@id\":\"https:\/\/sarmacjabedzin.pl\/#\/schema\/person\/5417ea7b03bcd9adf58298a2265ce03a\"},\"breadcrumb\":{\"@id\":\"https:\/\/sarmacjabedzin.pl\/index.php\/2016\/09\/24\/porazka-po-karnym\/#breadcrumb\"},\"inLanguage\":\"pl-PL\",\"potentialAction\":[{\"@type\":\"ReadAction\",\"target\":[\"https:\/\/sarmacjabedzin.pl\/index.php\/2016\/09\/24\/porazka-po-karnym\/\"]}]},{\"@type\":\"ImageObject\",\"inLanguage\":\"pl-PL\",\"@id\":\"https:\/\/sarmacjabedzin.pl\/index.php\/2016\/09\/24\/porazka-po-karnym\/#primaryimage\",\"url\":\"https:\/\/sarmacjabedzin.pl\/wp-content\/uploads\/2016\/08\/pilka.jpg\",\"contentUrl\":\"https:\/\/sarmacjabedzin.pl\/wp-content\/uploads\/2016\/08\/pilka.jpg\",\"width\":1280,\"height\":851},{\"@type\":\"BreadcrumbList\",\"@id\":\"https:\/\/sarmacjabedzin.pl\/index.php\/2016\/09\/24\/porazka-po-karnym\/#breadcrumb\",\"itemListElement\":[{\"@type\":\"ListItem\",\"position\":1,\"name\":\"Strona g\u0142\u00f3wna\",\"item\":\"https:\/\/sarmacjabedzin.pl\/\"},{\"@type\":\"ListItem\",\"position\":2,\"name\":\"PORA\u017bKA PO KARNYM!\"}]},{\"@type\":\"WebSite\",\"@id\":\"https:\/\/sarmacjabedzin.pl\/#website\",\"url\":\"https:\/\/sarmacjabedzin.pl\/\",\"name\":\"BKS Sarmacja B\u0119dzin \u2013 Nieoficjalny serwis\",\"description\":\"Nieoficjalny serwis B\u0119dzi\u0144skiego Klubu Sportowego &quot;Sarmacja&quot;\",\"potentialAction\":[{\"@type\":\"SearchAction\",\"target\":{\"@type\":\"EntryPoint\",\"urlTemplate\":\"https:\/\/sarmacjabedzin.pl\/?s={search_term_string}\"},\"query-input\":{\"@type\":\"PropertyValueSpecification\",\"valueRequired\":true,\"valueName\":\"search_term_string\"}}],\"inLanguage\":\"pl-PL\"},{\"@type\":\"Person\",\"@id\":\"https:\/\/sarmacjabedzin.pl\/#\/schema\/person\/5417ea7b03bcd9adf58298a2265ce03a\",\"name\":\"tyrtak\",\"image\":{\"@type\":\"ImageObject\",\"inLanguage\":\"pl-PL\",\"@id\":\"https:\/\/sarmacjabedzin.pl\/#\/schema\/person\/image\/\",\"url\":\"https:\/\/secure.gravatar.com\/avatar\/49b7734c6795cf524710e96813a9fedc1ae3816e479d92490236b4cfc47a5ae1?s=96&d=mm&r=g\",\"contentUrl\":\"https:\/\/secure.gravatar.com\/avatar\/49b7734c6795cf524710e96813a9fedc1ae3816e479d92490236b4cfc47a5ae1?s=96&d=mm&r=g\",\"caption\":\"tyrtak\"}}]}<\/script>\n<!-- \/ Yoast SEO plugin. -->","yoast_head_json":{"title":"PORA\u017bKA PO KARNYM! | BKS Sarmacja B\u0119dzin","robots":{"index":"index","follow":"follow","max-snippet":"max-snippet:-1","max-image-preview":"max-image-preview:large","max-video-preview":"max-video-preview:-1"},"canonical":"https:\/\/sarmacjabedzin.pl\/index.php\/2016\/09\/24\/porazka-po-karnym\/","og_locale":"pl_PL","og_type":"article","og_title":"PORA\u017bKA PO KARNYM! | BKS Sarmacja B\u0119dzin","og_description":"Dzi\u015b 24.09.2016r o godz.16.00 pi\u0142karze Sarmacji B\u0119dzin go\u015bcili na obiekcie Gwarka Tarnowskie G\u00f3ry. Do tej pory oba zespo\u0142y zgromadzi\u0142y na swoim koncie 16 punkt\u00f3w i s\u0105siadowa\u0142y razem w tabeli. W 7 minucie spotkania Remigiusz Malicki odda\u0142 strza\u0142 z linii pola karnego. Pi\u0142ka uderzona z p\u00f3\u0142obrotu wpad\u0142a wprost w r\u0119kawice golkipera gospodarzy. W 15 minucie miejscowi...","og_url":"https:\/\/sarmacjabedzin.pl\/index.php\/2016\/09\/24\/porazka-po-karnym\/","og_site_name":"BKS Sarmacja B\u0119dzin","article_publisher":"https:\/\/www.facebook.com\/SarmacjaBedzin","article_published_time":"2016-09-24T08:52:43+00:00","og_image":[{"width":1280,"height":851,"url":"https:\/\/sarmacjabedzin.pl\/wp-content\/uploads\/2016\/08\/pilka.jpg","type":"image\/jpeg"}],"author":"tyrtak","twitter_card":"summary_large_image","twitter_misc":{"Napisane przez":"tyrtak","Szacowany czas czytania":"3 minuty"},"schema":{"@context":"https:\/\/schema.org","@graph":[{"@type":"WebPage","@id":"https:\/\/sarmacjabedzin.pl\/index.php\/2016\/09\/24\/porazka-po-karnym\/","url":"https:\/\/sarmacjabedzin.pl\/index.php\/2016\/09\/24\/porazka-po-karnym\/","name":"PORA\u017bKA PO KARNYM! | BKS Sarmacja B\u0119dzin","isPartOf":{"@id":"https:\/\/sarmacjabedzin.pl\/#website"},"primaryImageOfPage":{"@id":"https:\/\/sarmacjabedzin.pl\/index.php\/2016\/09\/24\/porazka-po-karnym\/#primaryimage"},"image":{"@id":"https:\/\/sarmacjabedzin.pl\/index.php\/2016\/09\/24\/porazka-po-karnym\/#primaryimage"},"thumbnailUrl":"https:\/\/sarmacjabedzin.pl\/wp-content\/uploads\/2016\/08\/pilka.jpg","datePublished":"2016-09-24T08:52:43+00:00","author":{"@id":"https:\/\/sarmacjabedzin.pl\/#\/schema\/person\/5417ea7b03bcd9adf58298a2265ce03a"},"breadcrumb":{"@id":"https:\/\/sarmacjabedzin.pl\/index.php\/2016\/09\/24\/porazka-po-karnym\/#breadcrumb"},"inLanguage":"pl-PL","potentialAction":[{"@type":"ReadAction","target":["https:\/\/sarmacjabedzin.pl\/index.php\/2016\/09\/24\/porazka-po-karnym\/"]}]},{"@type":"ImageObject","inLanguage":"pl-PL","@id":"https:\/\/sarmacjabedzin.pl\/index.php\/2016\/09\/24\/porazka-po-karnym\/#primaryimage","url":"https:\/\/sarmacjabedzin.pl\/wp-content\/uploads\/2016\/08\/pilka.jpg","contentUrl":"https:\/\/sarmacjabedzin.pl\/wp-content\/uploads\/2016\/08\/pilka.jpg","width":1280,"height":851},{"@type":"BreadcrumbList","@id":"https:\/\/sarmacjabedzin.pl\/index.php\/2016\/09\/24\/porazka-po-karnym\/#breadcrumb","itemListElement":[{"@type":"ListItem","position":1,"name":"Strona g\u0142\u00f3wna","item":"https:\/\/sarmacjabedzin.pl\/"},{"@type":"ListItem","position":2,"name":"PORA\u017bKA PO KARNYM!"}]},{"@type":"WebSite","@id":"https:\/\/sarmacjabedzin.pl\/#website","url":"https:\/\/sarmacjabedzin.pl\/","name":"BKS Sarmacja B\u0119dzin \u2013 Nieoficjalny serwis","description":"Nieoficjalny serwis B\u0119dzi\u0144skiego Klubu Sportowego &quot;Sarmacja&quot;","potentialAction":[{"@type":"SearchAction","target":{"@type":"EntryPoint","urlTemplate":"https:\/\/sarmacjabedzin.pl\/?s={search_term_string}"},"query-input":{"@type":"PropertyValueSpecification","valueRequired":true,"valueName":"search_term_string"}}],"inLanguage":"pl-PL"},{"@type":"Person","@id":"https:\/\/sarmacjabedzin.pl\/#\/schema\/person\/5417ea7b03bcd9adf58298a2265ce03a","name":"tyrtak","image":{"@type":"ImageObject","inLanguage":"pl-PL","@id":"https:\/\/sarmacjabedzin.pl\/#\/schema\/person\/image\/","url":"https:\/\/secure.gravatar.com\/avatar\/49b7734c6795cf524710e96813a9fedc1ae3816e479d92490236b4cfc47a5ae1?s=96&d=mm&r=g","contentUrl":"https:\/\/secure.gravatar.com\/avatar\/49b7734c6795cf524710e96813a9fedc1ae3816e479d92490236b4cfc47a5ae1?s=96&d=mm&r=g","caption":"tyrtak"}}]}},"rttpg_featured_image_url":{"full":["https:\/\/sarmacjabedzin.pl\/wp-content\/uploads\/2016\/08\/pilka.jpg",1280,851,false],"landscape":["https:\/\/sarmacjabedzin.pl\/wp-content\/uploads\/2016\/08\/pilka.jpg",1280,851,false],"portraits":["https:\/\/sarmacjabedzin.pl\/wp-content\/uploads\/2016\/08\/pilka.jpg",1280,851,false],"thumbnail":["https:\/\/sarmacjabedzin.pl\/wp-content\/uploads\/2016\/08\/pilka-150x150.jpg",150,150,true],"medium":["https:\/\/sarmacjabedzin.pl\/wp-content\/uploads\/2016\/08\/pilka-300x199.jpg",300,199,true],"large":["https:\/\/sarmacjabedzin.pl\/wp-content\/uploads\/2016\/08\/pilka-1024x681.jpg",1024,681,true],"1536x1536":["https:\/\/sarmacjabedzin.pl\/wp-content\/uploads\/2016\/08\/pilka.jpg",1280,851,false],"2048x2048":["https:\/\/sarmacjabedzin.pl\/wp-content\/uploads\/2016\/08\/pilka.jpg",1280,851,false],"sportspress-crop-medium":["https:\/\/sarmacjabedzin.pl\/wp-content\/uploads\/2016\/08\/pilka-300x300.jpg",300,300,true],"sportspress-fit-medium":["https:\/\/sarmacjabedzin.pl\/wp-content\/uploads\/2016\/08\/pilka-300x199.jpg",300,199,true],"sportspress-fit-icon":["https:\/\/sarmacjabedzin.pl\/wp-content\/uploads\/2016\/08\/pilka-128x85.jpg",128,85,true],"sportspress-fit-mini":["https:\/\/sarmacjabedzin.pl\/wp-content\/uploads\/2016\/08\/pilka-32x21.jpg",32,21,true],"ultp_layout_landscape_large":["https:\/\/sarmacjabedzin.pl\/wp-content\/uploads\/2016\/08\/pilka.jpg",1200,798,false],"ultp_layout_landscape":["https:\/\/sarmacjabedzin.pl\/wp-content\/uploads\/2016\/08\/pilka.jpg",857,570,false],"ultp_layout_portrait":["https:\/\/sarmacjabedzin.pl\/wp-content\/uploads\/2016\/08\/pilka.jpg",600,399,false],"ultp_layout_square":["https:\/\/sarmacjabedzin.pl\/wp-content\/uploads\/2016\/08\/pilka.jpg",600,399,false],"stm-1140-666":["https:\/\/sarmacjabedzin.pl\/wp-content\/uploads\/2016\/08\/pilka-1140x666.jpg",1140,666,true],"stm-1170-650":["https:\/\/sarmacjabedzin.pl\/wp-content\/uploads\/2016\/08\/pilka-1170x650.jpg",1170,650,true],"stm-570-350":["https:\/\/sarmacjabedzin.pl\/wp-content\/uploads\/2016\/08\/pilka-570x350.jpg",570,350,true],"stm-570-250":["https:\/\/sarmacjabedzin.pl\/wp-content\/uploads\/2016\/08\/pilka-570x250.jpg",570,250,true],"stm-270-370":["https:\/\/sarmacjabedzin.pl\/wp-content\/uploads\/2016\/08\/pilka-270x370.jpg",270,370,true],"stm-540-500":["https:\/\/sarmacjabedzin.pl\/wp-content\/uploads\/2016\/08\/pilka-540x500.jpg",540,500,true],"stm-270-530":["https:\/\/sarmacjabedzin.pl\/wp-content\/uploads\/2016\/08\/pilka-270x530.jpg",270,530,true],"stm-200-200":["https:\/\/sarmacjabedzin.pl\/wp-content\/uploads\/2016\/08\/pilka-200x200.jpg",200,200,true],"stm-85-105":["https:\/\/sarmacjabedzin.pl\/wp-content\/uploads\/2016\/08\/pilka-85x105.jpg",85,105,true],"stm-255-255":["https:\/\/sarmacjabedzin.pl\/wp-content\/uploads\/2016\/08\/pilka-255x255.jpg",255,255,true],"stm-360-240":["https:\/\/sarmacjabedzin.pl\/wp-content\/uploads\/2016\/08\/pilka-360x240.jpg",360,240,true],"stm-360-495":["https:\/\/sarmacjabedzin.pl\/wp-content\/uploads\/2016\/08\/pilka-360x495.jpg",360,495,true],"stm-445-400":["https:\/\/sarmacjabedzin.pl\/wp-content\/uploads\/2016\/08\/pilka-445x400.jpg",445,400,true],"stm-735-240":["https:\/\/sarmacjabedzin.pl\/wp-content\/uploads\/2016\/08\/pilka-735x240.jpg",735,240,true],"stm-255-183":["https:\/\/sarmacjabedzin.pl\/wp-content\/uploads\/2016\/08\/pilka-255x183.jpg",255,183,true],"stm-350-250":["https:\/\/sarmacjabedzin.pl\/wp-content\/uploads\/2016\/08\/pilka-350x250.jpg",350,250,true],"blog_list":["https:\/\/sarmacjabedzin.pl\/wp-content\/uploads\/2016\/08\/pilka-270x220.jpg",270,220,true],"blog_list_medium":["https:\/\/sarmacjabedzin.pl\/wp-content\/uploads\/2016\/08\/pilka-390x345.jpg",390,345,true],"gallery_thumbnail":["https:\/\/sarmacjabedzin.pl\/wp-content\/uploads\/2016\/08\/pilka-80x80.jpg",80,80,true],"gallery_image":["https:\/\/sarmacjabedzin.pl\/wp-content\/uploads\/2016\/08\/pilka-560x367.jpg",560,367,true],"gallery_image_mini":["https:\/\/sarmacjabedzin.pl\/wp-content\/uploads\/2016\/08\/pilka-143x116.jpg",143,116,true],"player_photo":["https:\/\/sarmacjabedzin.pl\/wp-content\/uploads\/2016\/08\/pilka-740x740.jpg",740,740,true],"team_logo":["https:\/\/sarmacjabedzin.pl\/wp-content\/uploads\/2016\/08\/pilka-98x65.jpg",98,65,true],"player_stat_ava":["https:\/\/sarmacjabedzin.pl\/wp-content\/uploads\/2016\/08\/pilka-550x580.jpg",550,580,true],"post-350-220":["https:\/\/sarmacjabedzin.pl\/wp-content\/uploads\/2016\/08\/pilka-350x220.jpg",350,220,true],"post-275-142":["https:\/\/sarmacjabedzin.pl\/wp-content\/uploads\/2016\/08\/pilka-275x142.jpg",275,142,true],"post-160-120":["https:\/\/sarmacjabedzin.pl\/wp-content\/uploads\/2016\/08\/pilka-160x120.jpg",160,120,true],"post-110-70":["https:\/\/sarmacjabedzin.pl\/wp-content\/uploads\/2016\/08\/pilka-110x70.jpg",110,70,true],"post-770-450":["https:\/\/sarmacjabedzin.pl\/wp-content\/uploads\/2016\/08\/pilka-770x450.jpg",770,450,true],"post-370-210":["https:\/\/sarmacjabedzin.pl\/wp-content\/uploads\/2016\/08\/pilka-370x210.jpg",370,210,true],"post-457-470":["https:\/\/sarmacjabedzin.pl\/wp-content\/uploads\/2016\/08\/pilka-457x470.jpg",457,470,true],"post-370-420":["https:\/\/sarmacjabedzin.pl\/wp-content\/uploads\/2016\/08\/pilka-370x420.jpg",370,420,true],"stm-445-445":["https:\/\/sarmacjabedzin.pl\/wp-content\/uploads\/2016\/08\/pilka-445x445.jpg",445,445,true],"stm-555-460":["https:\/\/sarmacjabedzin.pl\/wp-content\/uploads\/2016\/08\/pilka-555x460.jpg",555,460,true],"stm-350-450":["https:\/\/sarmacjabedzin.pl\/wp-content\/uploads\/2016\/08\/pilka-350x450.jpg",350,450,true],"stm-720-440":["https:\/\/sarmacjabedzin.pl\/wp-content\/uploads\/2016\/08\/pilka-720x440.jpg",720,440,true],"stm-270-270":["https:\/\/sarmacjabedzin.pl\/wp-content\/uploads\/2016\/08\/pilka.jpg",270,180,false],"stm-760-450":["https:\/\/sarmacjabedzin.pl\/wp-content\/uploads\/2016\/08\/pilka.jpg",677,450,false]},"rttpg_author":{"display_name":"tyrtak","author_link":false},"rttpg_comment":0,"rttpg_category":"<a href=\"https:\/\/sarmacjabedzin.pl\/index.php\/category\/soccer\/\" rel=\"category tag\">Liga<\/a>","rttpg_excerpt":"Dzi\u015b 24.09.2016r o godz.16.00 pi\u0142karze Sarmacji B\u0119dzin go\u015bcili na obiekcie Gwarka Tarnowskie G\u00f3ry. Do tej pory oba zespo\u0142y zgromadzi\u0142y na swoim koncie 16 punkt\u00f3w i s\u0105siadowa\u0142y razem w tabeli. W 7 minucie spotkania Remigiusz Malicki odda\u0142 strza\u0142 z linii pola karnego. Pi\u0142ka uderzona z p\u00f3\u0142obrotu wpad\u0142a wprost w r\u0119kawice golkipera gospodarzy. W 15 minucie miejscowi...","_links":{"self":[{"href":"https:\/\/sarmacjabedzin.pl\/index.php\/wp-json\/wp\/v2\/posts\/925","targetHints":{"allow":["GET"]}}],"collection":[{"href":"https:\/\/sarmacjabedzin.pl\/index.php\/wp-json\/wp\/v2\/posts"}],"about":[{"href":"https:\/\/sarmacjabedzin.pl\/index.php\/wp-json\/wp\/v2\/types\/post"}],"author":[{"embeddable":true,"href":"https:\/\/sarmacjabedzin.pl\/index.php\/wp-json\/wp\/v2\/users\/1"}],"replies":[{"embeddable":true,"href":"https:\/\/sarmacjabedzin.pl\/index.php\/wp-json\/wp\/v2\/comments?post=925"}],"version-history":[{"count":0,"href":"https:\/\/sarmacjabedzin.pl\/index.php\/wp-json\/wp\/v2\/posts\/925\/revisions"}],"wp:featuredmedia":[{"embeddable":true,"href":"https:\/\/sarmacjabedzin.pl\/index.php\/wp-json\/wp\/v2\/media\/886"}],"wp:attachment":[{"href":"https:\/\/sarmacjabedzin.pl\/index.php\/wp-json\/wp\/v2\/media?parent=925"}],"wp:term":[{"taxonomy":"category","embeddable":true,"href":"https:\/\/sarmacjabedzin.pl\/index.php\/wp-json\/wp\/v2\/categories?post=925"},{"taxonomy":"post_tag","embeddable":true,"href":"https:\/\/sarmacjabedzin.pl\/index.php\/wp-json\/wp\/v2\/tags?post=925"}],"curies":[{"name":"wp","href":"https:\/\/api.w.org\/{rel}","templated":true}]}}