{"id":937,"date":"2016-10-22T11:27:46","date_gmt":"2016-10-22T09:27:46","guid":{"rendered":"http:\/\/sarmacjabedzin.pl\/index.php\/2016\/10\/22\/kolejne-show-malickiego\/"},"modified":"2016-10-22T11:27:46","modified_gmt":"2016-10-22T09:27:46","slug":"kolejne-show-malickiego","status":"publish","type":"post","link":"https:\/\/sarmacjabedzin.pl\/index.php\/2016\/10\/22\/kolejne-show-malickiego\/","title":{"rendered":"Kolejne show Malickiego!"},"content":{"rendered":"<p>Dzi\u015b 22.10.2016r o godz.15.00 pi\u0142karze Sarmacji B\u0119dzin w \u201eDerbach Zag\u0142\u0119bia\u201d podejmowali na w\u0142asnym stadionie dru\u017cyn\u0119 G\u00f3rnika Piaski. Podopieczni trenera Krzysztofa Kie\u0142ba przyst\u0105pili do tego spotkania bez trzech podstawowych zawodnik\u00f3w: J\u00f3zefa Misztala, Andrzeja Buchcika i Artura Nowaka. Absencja tych pi\u0142karzy da\u0142a szans\u0119 dotychczasowym rezerwowym.<\/p>\n<p>Mecz ju\u017c od pierwszych minut u\u0142o\u017cy\u0142 si\u0119 po my\u015bli Sarmat\u00f3w, kt\u00f3rzy bardzo szybko wyszli na prowadzenie.<\/p>\n<p>W 6 minucie \u015bwietn\u0105 wrzutk\u0105 z lewej strony murawy popisa\u0142 si\u0119 Damian Sadowski, kt\u00f3ry pos\u0142a\u0142 pi\u0142k\u0119 wprost na g\u0142ow\u0119 znajduj\u0105cego si\u0119 w polu karnym rywala Micha\u0142a Dyrdy.<\/p>\n<p>Ten precyzyjnym uderzeniem tu\u017c przy s\u0142upku bramki umie\u015bci\u0142 j\u0105 w siatce.<\/p>\n<p>W 10 minucie kopi\u0119 tej samej akcji powt\u00f3rzy\u0142 Tomasz Kita. Tym razem pi\u0142ka po jego wrzutce wyl\u0105dowa\u0142a na g\u0142owie Remigiusza Malickiego. Niestety zamiast prowadzenia 2:0 futbol\u00f3wka wpad\u0142a w r\u0119kawice golkipera go\u015bci.<\/p>\n<p>W 17 minucie Rafa\u0142 J\u0119drzejczyk zgra\u0142 pi\u0142k\u0119 w polu karnym przyjezdnych do Micha\u0142a Dyrdy, kt\u00f3ry strzelaj\u0105c mia\u0142 pecha, gdy\u017c na drodze do bramki stan\u0105\u0142 obro\u0144ca.<\/p>\n<p>W 26 minucie ten sam zawodnik dosta\u0142 sprytne podanie od Remigiusza Malickiego. I tym razem brak\u0142o szcz\u0119\u015bcia, a futbol\u00f3wka po jego uderzeniu odbijaj\u0105c si\u0119 od bramkarza G\u00f3rnika wysz\u0142a na r\u00f3g.<\/p>\n<p>W 23 minucie bardzo aktywny Micha\u0142 Dyrda zdo\u0142a\u0142 przechwyci\u0107 pi\u0142k\u0119 na 30 metrze od bramki rywala, a nast\u0119pnie pos\u0142a\u0142 j\u0105 w kierunku wybiegaj\u0105cego do niego golkipera. Niestety ta min\u0119\u0142a \u015bwiat\u0142o bramki.<\/p>\n<p>W 36 minucie przyjezdni oddali pierwszy strza\u0142 na bramk\u0119 Dariusza Maciejowskiego. Biegn\u0105cy lew\u0105 stron\u0105 pi\u0142karz G\u00f3rnika zbli\u017caj\u0105c si\u0119 do naro\u017cnika pola karnego odda\u0142 niecelny strza\u0142.<\/p>\n<p>W 38 minucie na przeszkodzie w zdobyciu drugiej bramki b\u0119dzinianom stan\u0105\u0142 arbiter g\u0142\u00f3wny, kt\u00f3ry przerwa\u0142 szybk\u0105 kontr\u0119 trzech na jednego. Swoj\u0105 decyzj\u0119 podj\u0105\u0142 widz\u0105c le\u017c\u0105cego na boisku pi\u0142karza go\u015bci. Niestety kilka minut wcze\u015bniej nie reagowa\u0142 tak szybko, gdy na murawie le\u017ca\u0142 poturbowany Daniel Sroka.<\/p>\n<p>Mimo sporej przewagi Sarmacji wynik brzmia\u0142 1:0 dla b\u0119dzinian.<\/p>\n<p>Pocz\u0105tek drugiej po\u0142owy zacz\u0105\u0142 si\u0119 znakomicie dla gospodarzy.<\/p>\n<p>Ju\u017c po 7 minutach prowadzili 3:0.<\/p>\n<p>W 49 minucie Damian Sadowski egzekwuj\u0105c rzut wolny zza pola karnego uderzy\u0142 pi\u0142k\u0119 w kierunku golkipera G\u00f3rnika.<\/p>\n<p>Ten zdo\u0142a\u0142 j\u0105 wybi\u0107 przed siebie wprost pod nogi Tomasza Kity, kt\u00f3ry z bliskiej odleg\u0142o\u015bci zdo\u0142a\u0142 j\u0105 umie\u015bci\u0107 w siatce.<\/p>\n<p>Rywal nie mia\u0142 d\u0142ugiego czasu na rozpami\u0119tywanie utraconej bramki.<\/p>\n<p>Ju\u017c w 52 minucie musieli ponownie rozpoczyna\u0107 gr\u0119 od \u015brodka boiska po stracie kolejnego gola.<\/p>\n<p>Tym razem na szybki rajd praw\u0105 stron\u0105 zdecydowa\u0142 si\u0119 Rafa\u0142 J\u0119drzejczyk, kt\u00f3ry wbiegaj\u0105c w pole karne pos\u0142a\u0142 pi\u0142k\u0119 na \u015brodek do wbiegaj\u0105cego tam Remigiusza Malickiego.<\/p>\n<p>Ten precyzyjnym strza\u0142em tuz obok s\u0142upka umie\u015bci\u0142 j\u0105 w siatce go\u015bci.<\/p>\n<p>W 66 minucie ten sam zawodnik b\u0119d\u0105c sam na sam z bramkarzem nie zdo\u0142a\u0142 go pokona\u0107.<\/p>\n<p>W 78 minucie znakomit\u0105 parad\u0105 po strzale z rzutu wolnego popisa\u0142 si\u0119 Dariusz Maciejowski, kt\u00f3ry wyci\u0105gaj\u0105c si\u0119 jak struna wybi\u0142 pi\u0142k\u0119 na r\u00f3g.<\/p>\n<p>W 80 minucie na znakomite uderzenie w samo okienko bramki zdecydowa\u0142 si\u0119 Remigiusz Malicki, kt\u00f3ry mia\u0142 przed sob\u0105 jedynie wybiegaj\u0105cego golkipera G\u00f3rnika.<\/p>\n<p>Mimo prowadzenia 4:0 Sarmaci wci\u0105\u017c szukali okazji na zdobycie kolejnego gola.<\/p>\n<p>W 84 minucie Rafa\u0142 J\u0119drzejczyk b\u0119d\u0105c sam na sam z bramkarzem czeladzian pos\u0142a\u0142 futbol\u00f3wk\u0119 obok bramki.<\/p>\n<p>W doliczonym ju\u017c czasie b\u0119dzinianie zdo\u0142ali zdoby\u0107 jeszcze kolejnego gola.<\/p>\n<p>Ponownie Remigiusz Malicki znalaz\u0142 spos\u00f3b na pokonanie bramkarza przyjezdnych.<\/p>\n<p>W 91 minucie \u015bwietn\u0105 kontr\u0119 zapocz\u0105tkowa\u0142 Daniel Majka, kt\u00f3ry ratuj\u0105c pi\u0142k\u0119 wychodz\u0105c\u0105 na aut, le\u017c\u0105c ju\u017c zagra\u0142 do wybiegaj\u0105cego praw\u0105 stron\u0105 \u0141ukasza Nowaka. Ten natychmiast pos\u0142a\u0142 j\u0105 w pole karne do Remigiusza Malickiego, kt\u00f3ry zn\u00f3w umie\u015bci\u0142 j\u0105 w siatce rywala ustalaj\u0105c rezultat tego spotkania na 5:0 dla Sarmacji.<\/p>\n<p>Kolejne &#8216;Derby Zag\u0142\u0119bia\u201d wypad\u0142y imponuj\u0105co dla Sarmat\u00f3w, kt\u00f3rzy pewnie pokonali rywala zza mi\u0119dzy G\u00f3rnika Piaski, a\u017c 5:0 (1:0). Przewaga b\u0119dzinian by\u0142a dzi\u015b nie podlegaj\u0105ca dyskusji.<\/p>\n<p>To ju\u017c drugie fantastyczne spotkanie w wykonaniu Remigiusza Malickiego, kt\u00f3ry drugi raz z rz\u0119du skompletowa\u0142 hat-tricka. Gratulujemy d\u0142ugo oczekiwanej zwy\u017cki formy i mamy nadziej\u0119, \u017ce to dopiero pocz\u0105tek.<\/p>\n<p>Micha\u0142 Dyrda zdobywaj\u0105c dzi\u015b kolejnego swojego gola, z 9 zdobytymi do tej pory umocni\u0142 si\u0119 na tronie \u201ekr\u00f3la strzelc\u00f3w\u201d.<\/p>\n<p>Po zwyci\u0119stwie Gwarka Tarnowskie G\u00f3ry nad prowadz\u0105c\u0105 dotychczas Wart\u0105 Zawiercie 3:0 Sarmaci maj\u0105 ju\u017c tylko 3 pkt straty do lidera.\u00a0<br \/>Ju\u017c za tydzie\u0144 mecz wyjazdowy na szczycie o \u201e6 pkt\u201d z rewelacyjnie spisuj\u0105cym si\u0119 beniaminkiem Wart\u0105 Zawiercie.<\/p>\n<p><strong>Sarmacja B\u0119dzin \u2013 G\u00f3rnik Piaski 5:0 (1:0)<\/strong><\/p>\n<p><strong>Bramki:<\/strong><br \/>6&#8242; Dyrda<br \/>49&#8242; Kita<br \/>52&#8242;, 80&#8242;, 90+1&#8242; Malicki<\/p>\n<p><strong>Sarmacja B\u0119dzin:<\/strong>\u00a0Maciejowski, Maryniok (84&#8242; Rewers), Majka, Kita, Sroka, J\u0119drzejczyk, B.Derlatka, M.Derlatka, Dyrda (79&#8242; \u0141.Nowak), Sadowski (70&#8242; Tyszczak), Malicki<\/p>\n<p>\u00a0<\/p><\/p>\n","protected":false},"excerpt":{"rendered":"<p>Dzi\u015b 22.10.2016r o godz.15.00 pi\u0142karze Sarmacji B\u0119dzin w \u201eDerbach Zag\u0142\u0119bia\u201d podejmowali na w\u0142asnym stadionie dru\u017cyn\u0119 G\u00f3rnika Piaski. Podopieczni trenera Krzysztofa Kie\u0142ba przyst\u0105pili do tego spotkania bez trzech podstawowych zawodnik\u00f3w: J\u00f3zefa Misztala, Andrzeja Buchcika i Artura Nowaka. Absencja tych pi\u0142karzy da\u0142a szans\u0119 dotychczasowym rezerwowym. Mecz ju\u017c od pierwszych minut u\u0142o\u017cy\u0142 si\u0119 po my\u015bli Sarmat\u00f3w, kt\u00f3rzy bardzo&#8230;<\/p>\n","protected":false},"author":1,"featured_media":936,"comment_status":"open","ping_status":"open","sticky":false,"template":"","format":"standard","meta":{"footnotes":""},"categories":[64],"tags":[],"class_list":["post-937","post","type-post","status-publish","format-standard","has-post-thumbnail","hentry","category-soccer"],"yoast_head":"<!-- This site is optimized with the Yoast SEO plugin v25.8 - https:\/\/yoast.com\/wordpress\/plugins\/seo\/ -->\n<title>Kolejne show Malickiego! | BKS Sarmacja B\u0119dzin<\/title>\n<meta name=\"robots\" content=\"index, follow, max-snippet:-1, max-image-preview:large, max-video-preview:-1\" \/>\n<link rel=\"canonical\" href=\"https:\/\/sarmacjabedzin.pl\/index.php\/2016\/10\/22\/kolejne-show-malickiego\/\" \/>\n<meta property=\"og:locale\" content=\"pl_PL\" \/>\n<meta property=\"og:type\" content=\"article\" \/>\n<meta property=\"og:title\" content=\"Kolejne show Malickiego! | BKS Sarmacja B\u0119dzin\" \/>\n<meta property=\"og:description\" content=\"Dzi\u015b 22.10.2016r o godz.15.00 pi\u0142karze Sarmacji B\u0119dzin w \u201eDerbach Zag\u0142\u0119bia\u201d podejmowali na w\u0142asnym stadionie dru\u017cyn\u0119 G\u00f3rnika Piaski. Podopieczni trenera Krzysztofa Kie\u0142ba przyst\u0105pili do tego spotkania bez trzech podstawowych zawodnik\u00f3w: J\u00f3zefa Misztala, Andrzeja Buchcika i Artura Nowaka. Absencja tych pi\u0142karzy da\u0142a szans\u0119 dotychczasowym rezerwowym. Mecz ju\u017c od pierwszych minut u\u0142o\u017cy\u0142 si\u0119 po my\u015bli Sarmat\u00f3w, kt\u00f3rzy bardzo...\" \/>\n<meta property=\"og:url\" content=\"https:\/\/sarmacjabedzin.pl\/index.php\/2016\/10\/22\/kolejne-show-malickiego\/\" \/>\n<meta property=\"og:site_name\" content=\"BKS Sarmacja B\u0119dzin\" \/>\n<meta property=\"article:publisher\" content=\"https:\/\/www.facebook.com\/SarmacjaBedzin\" \/>\n<meta property=\"article:published_time\" content=\"2016-10-22T09:27:46+00:00\" \/>\n<meta property=\"og:image\" content=\"https:\/\/sarmacjabedzin.pl\/wp-content\/uploads\/2016\/10\/Malickiego.JPG\" \/>\n\t<meta property=\"og:image:width\" content=\"1200\" \/>\n\t<meta property=\"og:image:height\" content=\"798\" \/>\n\t<meta property=\"og:image:type\" content=\"image\/jpeg\" \/>\n<meta name=\"author\" content=\"tyrtak\" \/>\n<meta name=\"twitter:card\" content=\"summary_large_image\" \/>\n<meta name=\"twitter:label1\" content=\"Napisane przez\" \/>\n\t<meta name=\"twitter:data1\" content=\"tyrtak\" \/>\n\t<meta name=\"twitter:label2\" content=\"Szacowany czas czytania\" \/>\n\t<meta name=\"twitter:data2\" content=\"4 minuty\" \/>\n<script type=\"application\/ld+json\" class=\"yoast-schema-graph\">{\"@context\":\"https:\/\/schema.org\",\"@graph\":[{\"@type\":\"WebPage\",\"@id\":\"https:\/\/sarmacjabedzin.pl\/index.php\/2016\/10\/22\/kolejne-show-malickiego\/\",\"url\":\"https:\/\/sarmacjabedzin.pl\/index.php\/2016\/10\/22\/kolejne-show-malickiego\/\",\"name\":\"Kolejne show Malickiego! | BKS Sarmacja B\u0119dzin\",\"isPartOf\":{\"@id\":\"https:\/\/sarmacjabedzin.pl\/#website\"},\"primaryImageOfPage\":{\"@id\":\"https:\/\/sarmacjabedzin.pl\/index.php\/2016\/10\/22\/kolejne-show-malickiego\/#primaryimage\"},\"image\":{\"@id\":\"https:\/\/sarmacjabedzin.pl\/index.php\/2016\/10\/22\/kolejne-show-malickiego\/#primaryimage\"},\"thumbnailUrl\":\"https:\/\/sarmacjabedzin.pl\/wp-content\/uploads\/2016\/10\/Malickiego.JPG\",\"datePublished\":\"2016-10-22T09:27:46+00:00\",\"author\":{\"@id\":\"https:\/\/sarmacjabedzin.pl\/#\/schema\/person\/5417ea7b03bcd9adf58298a2265ce03a\"},\"breadcrumb\":{\"@id\":\"https:\/\/sarmacjabedzin.pl\/index.php\/2016\/10\/22\/kolejne-show-malickiego\/#breadcrumb\"},\"inLanguage\":\"pl-PL\",\"potentialAction\":[{\"@type\":\"ReadAction\",\"target\":[\"https:\/\/sarmacjabedzin.pl\/index.php\/2016\/10\/22\/kolejne-show-malickiego\/\"]}]},{\"@type\":\"ImageObject\",\"inLanguage\":\"pl-PL\",\"@id\":\"https:\/\/sarmacjabedzin.pl\/index.php\/2016\/10\/22\/kolejne-show-malickiego\/#primaryimage\",\"url\":\"https:\/\/sarmacjabedzin.pl\/wp-content\/uploads\/2016\/10\/Malickiego.JPG\",\"contentUrl\":\"https:\/\/sarmacjabedzin.pl\/wp-content\/uploads\/2016\/10\/Malickiego.JPG\",\"width\":1200,\"height\":798},{\"@type\":\"BreadcrumbList\",\"@id\":\"https:\/\/sarmacjabedzin.pl\/index.php\/2016\/10\/22\/kolejne-show-malickiego\/#breadcrumb\",\"itemListElement\":[{\"@type\":\"ListItem\",\"position\":1,\"name\":\"Strona g\u0142\u00f3wna\",\"item\":\"https:\/\/sarmacjabedzin.pl\/\"},{\"@type\":\"ListItem\",\"position\":2,\"name\":\"Kolejne show Malickiego!\"}]},{\"@type\":\"WebSite\",\"@id\":\"https:\/\/sarmacjabedzin.pl\/#website\",\"url\":\"https:\/\/sarmacjabedzin.pl\/\",\"name\":\"BKS Sarmacja B\u0119dzin \u2013 Nieoficjalny serwis\",\"description\":\"Nieoficjalny serwis B\u0119dzi\u0144skiego Klubu Sportowego &quot;Sarmacja&quot;\",\"potentialAction\":[{\"@type\":\"SearchAction\",\"target\":{\"@type\":\"EntryPoint\",\"urlTemplate\":\"https:\/\/sarmacjabedzin.pl\/?s={search_term_string}\"},\"query-input\":{\"@type\":\"PropertyValueSpecification\",\"valueRequired\":true,\"valueName\":\"search_term_string\"}}],\"inLanguage\":\"pl-PL\"},{\"@type\":\"Person\",\"@id\":\"https:\/\/sarmacjabedzin.pl\/#\/schema\/person\/5417ea7b03bcd9adf58298a2265ce03a\",\"name\":\"tyrtak\",\"image\":{\"@type\":\"ImageObject\",\"inLanguage\":\"pl-PL\",\"@id\":\"https:\/\/sarmacjabedzin.pl\/#\/schema\/person\/image\/\",\"url\":\"https:\/\/secure.gravatar.com\/avatar\/49b7734c6795cf524710e96813a9fedc1ae3816e479d92490236b4cfc47a5ae1?s=96&d=mm&r=g\",\"contentUrl\":\"https:\/\/secure.gravatar.com\/avatar\/49b7734c6795cf524710e96813a9fedc1ae3816e479d92490236b4cfc47a5ae1?s=96&d=mm&r=g\",\"caption\":\"tyrtak\"}}]}<\/script>\n<!-- \/ Yoast SEO plugin. -->","yoast_head_json":{"title":"Kolejne show Malickiego! | BKS Sarmacja B\u0119dzin","robots":{"index":"index","follow":"follow","max-snippet":"max-snippet:-1","max-image-preview":"max-image-preview:large","max-video-preview":"max-video-preview:-1"},"canonical":"https:\/\/sarmacjabedzin.pl\/index.php\/2016\/10\/22\/kolejne-show-malickiego\/","og_locale":"pl_PL","og_type":"article","og_title":"Kolejne show Malickiego! | BKS Sarmacja B\u0119dzin","og_description":"Dzi\u015b 22.10.2016r o godz.15.00 pi\u0142karze Sarmacji B\u0119dzin w \u201eDerbach Zag\u0142\u0119bia\u201d podejmowali na w\u0142asnym stadionie dru\u017cyn\u0119 G\u00f3rnika Piaski. Podopieczni trenera Krzysztofa Kie\u0142ba przyst\u0105pili do tego spotkania bez trzech podstawowych zawodnik\u00f3w: J\u00f3zefa Misztala, Andrzeja Buchcika i Artura Nowaka. Absencja tych pi\u0142karzy da\u0142a szans\u0119 dotychczasowym rezerwowym. Mecz ju\u017c od pierwszych minut u\u0142o\u017cy\u0142 si\u0119 po my\u015bli Sarmat\u00f3w, kt\u00f3rzy bardzo...","og_url":"https:\/\/sarmacjabedzin.pl\/index.php\/2016\/10\/22\/kolejne-show-malickiego\/","og_site_name":"BKS Sarmacja B\u0119dzin","article_publisher":"https:\/\/www.facebook.com\/SarmacjaBedzin","article_published_time":"2016-10-22T09:27:46+00:00","og_image":[{"width":1200,"height":798,"url":"https:\/\/sarmacjabedzin.pl\/wp-content\/uploads\/2016\/10\/Malickiego.JPG","type":"image\/jpeg"}],"author":"tyrtak","twitter_card":"summary_large_image","twitter_misc":{"Napisane przez":"tyrtak","Szacowany czas czytania":"4 minuty"},"schema":{"@context":"https:\/\/schema.org","@graph":[{"@type":"WebPage","@id":"https:\/\/sarmacjabedzin.pl\/index.php\/2016\/10\/22\/kolejne-show-malickiego\/","url":"https:\/\/sarmacjabedzin.pl\/index.php\/2016\/10\/22\/kolejne-show-malickiego\/","name":"Kolejne show Malickiego! | BKS Sarmacja B\u0119dzin","isPartOf":{"@id":"https:\/\/sarmacjabedzin.pl\/#website"},"primaryImageOfPage":{"@id":"https:\/\/sarmacjabedzin.pl\/index.php\/2016\/10\/22\/kolejne-show-malickiego\/#primaryimage"},"image":{"@id":"https:\/\/sarmacjabedzin.pl\/index.php\/2016\/10\/22\/kolejne-show-malickiego\/#primaryimage"},"thumbnailUrl":"https:\/\/sarmacjabedzin.pl\/wp-content\/uploads\/2016\/10\/Malickiego.JPG","datePublished":"2016-10-22T09:27:46+00:00","author":{"@id":"https:\/\/sarmacjabedzin.pl\/#\/schema\/person\/5417ea7b03bcd9adf58298a2265ce03a"},"breadcrumb":{"@id":"https:\/\/sarmacjabedzin.pl\/index.php\/2016\/10\/22\/kolejne-show-malickiego\/#breadcrumb"},"inLanguage":"pl-PL","potentialAction":[{"@type":"ReadAction","target":["https:\/\/sarmacjabedzin.pl\/index.php\/2016\/10\/22\/kolejne-show-malickiego\/"]}]},{"@type":"ImageObject","inLanguage":"pl-PL","@id":"https:\/\/sarmacjabedzin.pl\/index.php\/2016\/10\/22\/kolejne-show-malickiego\/#primaryimage","url":"https:\/\/sarmacjabedzin.pl\/wp-content\/uploads\/2016\/10\/Malickiego.JPG","contentUrl":"https:\/\/sarmacjabedzin.pl\/wp-content\/uploads\/2016\/10\/Malickiego.JPG","width":1200,"height":798},{"@type":"BreadcrumbList","@id":"https:\/\/sarmacjabedzin.pl\/index.php\/2016\/10\/22\/kolejne-show-malickiego\/#breadcrumb","itemListElement":[{"@type":"ListItem","position":1,"name":"Strona g\u0142\u00f3wna","item":"https:\/\/sarmacjabedzin.pl\/"},{"@type":"ListItem","position":2,"name":"Kolejne show Malickiego!"}]},{"@type":"WebSite","@id":"https:\/\/sarmacjabedzin.pl\/#website","url":"https:\/\/sarmacjabedzin.pl\/","name":"BKS Sarmacja B\u0119dzin \u2013 Nieoficjalny serwis","description":"Nieoficjalny serwis B\u0119dzi\u0144skiego Klubu Sportowego &quot;Sarmacja&quot;","potentialAction":[{"@type":"SearchAction","target":{"@type":"EntryPoint","urlTemplate":"https:\/\/sarmacjabedzin.pl\/?s={search_term_string}"},"query-input":{"@type":"PropertyValueSpecification","valueRequired":true,"valueName":"search_term_string"}}],"inLanguage":"pl-PL"},{"@type":"Person","@id":"https:\/\/sarmacjabedzin.pl\/#\/schema\/person\/5417ea7b03bcd9adf58298a2265ce03a","name":"tyrtak","image":{"@type":"ImageObject","inLanguage":"pl-PL","@id":"https:\/\/sarmacjabedzin.pl\/#\/schema\/person\/image\/","url":"https:\/\/secure.gravatar.com\/avatar\/49b7734c6795cf524710e96813a9fedc1ae3816e479d92490236b4cfc47a5ae1?s=96&d=mm&r=g","contentUrl":"https:\/\/secure.gravatar.com\/avatar\/49b7734c6795cf524710e96813a9fedc1ae3816e479d92490236b4cfc47a5ae1?s=96&d=mm&r=g","caption":"tyrtak"}}]}},"rttpg_featured_image_url":{"full":["https:\/\/sarmacjabedzin.pl\/wp-content\/uploads\/2016\/10\/Malickiego.JPG",1200,798,false],"landscape":["https:\/\/sarmacjabedzin.pl\/wp-content\/uploads\/2016\/10\/Malickiego.JPG",1200,798,false],"portraits":["https:\/\/sarmacjabedzin.pl\/wp-content\/uploads\/2016\/10\/Malickiego.JPG",1200,798,false],"thumbnail":["https:\/\/sarmacjabedzin.pl\/wp-content\/uploads\/2016\/10\/Malickiego-150x150.jpg",150,150,true],"medium":["https:\/\/sarmacjabedzin.pl\/wp-content\/uploads\/2016\/10\/Malickiego-300x200.jpg",300,200,true],"large":["https:\/\/sarmacjabedzin.pl\/wp-content\/uploads\/2016\/10\/Malickiego-1024x681.jpg",1024,681,true],"1536x1536":["https:\/\/sarmacjabedzin.pl\/wp-content\/uploads\/2016\/10\/Malickiego.JPG",1200,798,false],"2048x2048":["https:\/\/sarmacjabedzin.pl\/wp-content\/uploads\/2016\/10\/Malickiego.JPG",1200,798,false],"sportspress-crop-medium":["https:\/\/sarmacjabedzin.pl\/wp-content\/uploads\/2016\/10\/Malickiego-300x300.jpg",300,300,true],"sportspress-fit-medium":["https:\/\/sarmacjabedzin.pl\/wp-content\/uploads\/2016\/10\/Malickiego-300x200.jpg",300,200,true],"sportspress-fit-icon":["https:\/\/sarmacjabedzin.pl\/wp-content\/uploads\/2016\/10\/Malickiego-128x85.jpg",128,85,true],"sportspress-fit-mini":["https:\/\/sarmacjabedzin.pl\/wp-content\/uploads\/2016\/10\/Malickiego-32x21.jpg",32,21,true],"ultp_layout_landscape_large":["https:\/\/sarmacjabedzin.pl\/wp-content\/uploads\/2016\/10\/Malickiego.JPG",1200,798,false],"ultp_layout_landscape":["https:\/\/sarmacjabedzin.pl\/wp-content\/uploads\/2016\/10\/Malickiego.JPG",857,570,false],"ultp_layout_portrait":["https:\/\/sarmacjabedzin.pl\/wp-content\/uploads\/2016\/10\/Malickiego.JPG",600,399,false],"ultp_layout_square":["https:\/\/sarmacjabedzin.pl\/wp-content\/uploads\/2016\/10\/Malickiego.JPG",600,399,false],"stm-1140-666":["https:\/\/sarmacjabedzin.pl\/wp-content\/uploads\/2016\/10\/Malickiego-1140x666.jpg",1140,666,true],"stm-1170-650":["https:\/\/sarmacjabedzin.pl\/wp-content\/uploads\/2016\/10\/Malickiego-1170x650.jpg",1170,650,true],"stm-570-350":["https:\/\/sarmacjabedzin.pl\/wp-content\/uploads\/2016\/10\/Malickiego-570x350.jpg",570,350,true],"stm-570-250":["https:\/\/sarmacjabedzin.pl\/wp-content\/uploads\/2016\/10\/Malickiego-570x250.jpg",570,250,true],"stm-270-370":["https:\/\/sarmacjabedzin.pl\/wp-content\/uploads\/2016\/10\/Malickiego-270x370.jpg",270,370,true],"stm-540-500":["https:\/\/sarmacjabedzin.pl\/wp-content\/uploads\/2016\/10\/Malickiego-540x500.jpg",540,500,true],"stm-270-530":["https:\/\/sarmacjabedzin.pl\/wp-content\/uploads\/2016\/10\/Malickiego-270x530.jpg",270,530,true],"stm-200-200":["https:\/\/sarmacjabedzin.pl\/wp-content\/uploads\/2016\/10\/Malickiego-200x200.jpg",200,200,true],"stm-85-105":["https:\/\/sarmacjabedzin.pl\/wp-content\/uploads\/2016\/10\/Malickiego-85x105.jpg",85,105,true],"stm-255-255":["https:\/\/sarmacjabedzin.pl\/wp-content\/uploads\/2016\/10\/Malickiego-255x255.jpg",255,255,true],"stm-360-240":["https:\/\/sarmacjabedzin.pl\/wp-content\/uploads\/2016\/10\/Malickiego-360x240.jpg",360,240,true],"stm-360-495":["https:\/\/sarmacjabedzin.pl\/wp-content\/uploads\/2016\/10\/Malickiego-360x495.jpg",360,495,true],"stm-445-400":["https:\/\/sarmacjabedzin.pl\/wp-content\/uploads\/2016\/10\/Malickiego-445x400.jpg",445,400,true],"stm-735-240":["https:\/\/sarmacjabedzin.pl\/wp-content\/uploads\/2016\/10\/Malickiego-735x240.jpg",735,240,true],"stm-255-183":["https:\/\/sarmacjabedzin.pl\/wp-content\/uploads\/2016\/10\/Malickiego-255x183.jpg",255,183,true],"stm-350-250":["https:\/\/sarmacjabedzin.pl\/wp-content\/uploads\/2016\/10\/Malickiego-350x250.jpg",350,250,true],"blog_list":["https:\/\/sarmacjabedzin.pl\/wp-content\/uploads\/2016\/10\/Malickiego-270x220.jpg",270,220,true],"blog_list_medium":["https:\/\/sarmacjabedzin.pl\/wp-content\/uploads\/2016\/10\/Malickiego-390x345.jpg",390,345,true],"gallery_thumbnail":["https:\/\/sarmacjabedzin.pl\/wp-content\/uploads\/2016\/10\/Malickiego-80x80.jpg",80,80,true],"gallery_image":["https:\/\/sarmacjabedzin.pl\/wp-content\/uploads\/2016\/10\/Malickiego-560x367.jpg",560,367,true],"gallery_image_mini":["https:\/\/sarmacjabedzin.pl\/wp-content\/uploads\/2016\/10\/Malickiego-143x116.jpg",143,116,true],"player_photo":["https:\/\/sarmacjabedzin.pl\/wp-content\/uploads\/2016\/10\/Malickiego-740x740.jpg",740,740,true],"team_logo":["https:\/\/sarmacjabedzin.pl\/wp-content\/uploads\/2016\/10\/Malickiego-98x65.jpg",98,65,true],"player_stat_ava":["https:\/\/sarmacjabedzin.pl\/wp-content\/uploads\/2016\/10\/Malickiego-550x580.jpg",550,580,true],"post-350-220":["https:\/\/sarmacjabedzin.pl\/wp-content\/uploads\/2016\/10\/Malickiego-350x220.jpg",350,220,true],"post-275-142":["https:\/\/sarmacjabedzin.pl\/wp-content\/uploads\/2016\/10\/Malickiego-275x142.jpg",275,142,true],"post-160-120":["https:\/\/sarmacjabedzin.pl\/wp-content\/uploads\/2016\/10\/Malickiego-160x120.jpg",160,120,true],"post-110-70":["https:\/\/sarmacjabedzin.pl\/wp-content\/uploads\/2016\/10\/Malickiego-110x70.jpg",110,70,true],"post-770-450":["https:\/\/sarmacjabedzin.pl\/wp-content\/uploads\/2016\/10\/Malickiego-770x450.jpg",770,450,true],"post-370-210":["https:\/\/sarmacjabedzin.pl\/wp-content\/uploads\/2016\/10\/Malickiego-370x210.jpg",370,210,true],"post-457-470":["https:\/\/sarmacjabedzin.pl\/wp-content\/uploads\/2016\/10\/Malickiego-457x470.jpg",457,470,true],"post-370-420":["https:\/\/sarmacjabedzin.pl\/wp-content\/uploads\/2016\/10\/Malickiego-370x420.jpg",370,420,true],"stm-445-445":["https:\/\/sarmacjabedzin.pl\/wp-content\/uploads\/2016\/10\/Malickiego-445x445.jpg",445,445,true],"stm-555-460":["https:\/\/sarmacjabedzin.pl\/wp-content\/uploads\/2016\/10\/Malickiego-555x460.jpg",555,460,true],"stm-350-450":["https:\/\/sarmacjabedzin.pl\/wp-content\/uploads\/2016\/10\/Malickiego-350x450.jpg",350,450,true],"stm-720-440":["https:\/\/sarmacjabedzin.pl\/wp-content\/uploads\/2016\/10\/Malickiego-720x440.jpg",720,440,true],"stm-270-270":["https:\/\/sarmacjabedzin.pl\/wp-content\/uploads\/2016\/10\/Malickiego.JPG",270,180,false],"stm-760-450":["https:\/\/sarmacjabedzin.pl\/wp-content\/uploads\/2016\/10\/Malickiego.JPG",677,450,false]},"rttpg_author":{"display_name":"tyrtak","author_link":false},"rttpg_comment":0,"rttpg_category":"<a href=\"https:\/\/sarmacjabedzin.pl\/index.php\/category\/soccer\/\" rel=\"category tag\">Liga<\/a>","rttpg_excerpt":"Dzi\u015b 22.10.2016r o godz.15.00 pi\u0142karze Sarmacji B\u0119dzin w \u201eDerbach Zag\u0142\u0119bia\u201d podejmowali na w\u0142asnym stadionie dru\u017cyn\u0119 G\u00f3rnika Piaski. Podopieczni trenera Krzysztofa Kie\u0142ba przyst\u0105pili do tego spotkania bez trzech podstawowych zawodnik\u00f3w: J\u00f3zefa Misztala, Andrzeja Buchcika i Artura Nowaka. Absencja tych pi\u0142karzy da\u0142a szans\u0119 dotychczasowym rezerwowym. Mecz ju\u017c od pierwszych minut u\u0142o\u017cy\u0142 si\u0119 po my\u015bli Sarmat\u00f3w, kt\u00f3rzy bardzo...","_links":{"self":[{"href":"https:\/\/sarmacjabedzin.pl\/index.php\/wp-json\/wp\/v2\/posts\/937","targetHints":{"allow":["GET"]}}],"collection":[{"href":"https:\/\/sarmacjabedzin.pl\/index.php\/wp-json\/wp\/v2\/posts"}],"about":[{"href":"https:\/\/sarmacjabedzin.pl\/index.php\/wp-json\/wp\/v2\/types\/post"}],"author":[{"embeddable":true,"href":"https:\/\/sarmacjabedzin.pl\/index.php\/wp-json\/wp\/v2\/users\/1"}],"replies":[{"embeddable":true,"href":"https:\/\/sarmacjabedzin.pl\/index.php\/wp-json\/wp\/v2\/comments?post=937"}],"version-history":[{"count":0,"href":"https:\/\/sarmacjabedzin.pl\/index.php\/wp-json\/wp\/v2\/posts\/937\/revisions"}],"wp:featuredmedia":[{"embeddable":true,"href":"https:\/\/sarmacjabedzin.pl\/index.php\/wp-json\/wp\/v2\/media\/936"}],"wp:attachment":[{"href":"https:\/\/sarmacjabedzin.pl\/index.php\/wp-json\/wp\/v2\/media?parent=937"}],"wp:term":[{"taxonomy":"category","embeddable":true,"href":"https:\/\/sarmacjabedzin.pl\/index.php\/wp-json\/wp\/v2\/categories?post=937"},{"taxonomy":"post_tag","embeddable":true,"href":"https:\/\/sarmacjabedzin.pl\/index.php\/wp-json\/wp\/v2\/tags?post=937"}],"curies":[{"name":"wp","href":"https:\/\/api.w.org\/{rel}","templated":true}]}}