{"id":9393,"date":"2025-09-27T15:23:28","date_gmt":"2025-09-27T13:23:28","guid":{"rendered":"https:\/\/sarmacjabedzin.pl\/?p=9393"},"modified":"2025-09-27T15:23:28","modified_gmt":"2025-09-27T13:23:28","slug":"pierwsza-porazka-w-sezonie-2","status":"publish","type":"post","link":"https:\/\/sarmacjabedzin.pl\/index.php\/2025\/09\/27\/pierwsza-porazka-w-sezonie-2\/","title":{"rendered":"Pierwsza pora\u017cka w sezonie"},"content":{"rendered":"<p data-start=\"139\" data-end=\"590\">Dnia 27 wrze\u015bnia 2025 roku o godz. 11:00 pi\u0142karze Sarmacji B\u0119dzin w VIII kolejce ligowej zmierzyli si\u0119 przed w\u0142asn\u0105 publiczno\u015bci\u0105 z dru\u017cyn\u0105 G\u00f3rnika Wojkowice. Po sobotnich spotkaniach b\u0119dzinianie z dorobkiem 17 punkt\u00f3w przewodzili stawce ligowej, natomiast G\u00f3rnik zajmuj\u0105cy 7. lokat\u0119 zgromadzi\u0142 na swoim koncie 12 oczek. W ostatniej kolejce Sarmaci na wyje\u017adzie rozgromili Uni\u0119 Z\u0105bkowice 6:0, a G\u00f3rnik w Bielszowicach pokona\u0142 miejscowy Jastrz\u0105b 3:1.<\/p>\n<p data-start=\"592\" data-end=\"971\">Ostatnie spotkanie ligowe pomi\u0119dzy obiema dru\u017cynami rozegrane 14 maja 2025 roku w B\u0119dzinie zako\u0144czy\u0142o si\u0119 remisem 1:1, a wyr\u00f3wnuj\u0105cego gola w 91. minucie zdoby\u0142 Piotr Samborski. Kilka dni wcze\u015bniej, w \u015brod\u0119, podopieczni trenera Jaros\u0142awa Raka w ramach III rundy Pucharu Polski wyeliminowali G\u00f3rnika Wojkowice, wygrywaj\u0105c na ich terenie 4:1. Tym razem jednak role si\u0119 odwr\u00f3ci\u0142y.<\/p>\n<p data-start=\"973\" data-end=\"1371\">Ju\u017c w pierwszych minutach rywale dali sygna\u0142, \u017ce do B\u0119dzina przyjechali niezwykle zmotywowani. W 3. minucie pos\u0142ali pi\u0142k\u0119 tu\u017c nad poprzeczk\u0105 naszej bramki, a pi\u0119\u0107 minut p\u00f3\u017aniej futbol\u00f3wka wyl\u0105dowa\u0142a w siatce. Arbiter jednak nie uzna\u0142 trafienia, odgwizduj\u0105c spalonego. By\u0142o to wyra\u017ane ostrze\u017cenie. W 15. minucie Patryk Kiwior precyzyjnym strza\u0142em wyprowadzi\u0142 wojkowiczan na prowadzenie 1:0.<\/p>\n<p data-start=\"1373\" data-end=\"1984\">Sarmacja pr\u00f3bowa\u0142a odpowiedzie\u0107 \u2013 w 27. minucie Tomasz Nowak uderza\u0142 z rzutu wolnego, lecz trafi\u0142 w obro\u0144c\u0119. W 33. minucie G\u00f3rnik m\u00f3g\u0142 podwy\u017cszy\u0107 wynik, ale pi\u0142ka odbi\u0142a si\u0119 od s\u0142upka. Cztery minuty p\u00f3\u017aniej kibice gospodarzy mogli si\u0119 cieszy\u0107 z wyr\u00f3wnania. Po znakomitej wrzutce Marka Kocota, Patryk Wnuk g\u0142ow\u0105 skierowa\u0142 futbol\u00f3wk\u0119 do siatki rywala. Do przerwy utrzymywa\u0142 si\u0119 remis 1:1, jednak Sarmacja tego dnia nie przypomina\u0142a zespo\u0142u ze \u015brodowego meczu pucharowego. Brakowa\u0142o \u015bwie\u017co\u015bci, a absencja trzech kluczowych zawodnik\u00f3w \u2013 \u0141ukasza Ignalskiego, Karola G\u00f3rala oraz Macieja Widurskiego \u2013 by\u0142a widoczna.<\/p>\n<p data-start=\"1986\" data-end=\"2510\">Po zmianie stron obie dru\u017cyny mia\u0142y swoje okazje. W 57. minucie gro\u017any strza\u0142 go\u015bci zablokowa\u0142 Micha\u0142 Dul. W kolejnych minutach pr\u00f3bowali Nowak i Kaczmarek, jednak bez powodzenia. W 76. minucie Kacper Jasi\u0144ski zmusi\u0142 golkipera G\u00f3rnika do \u015bwietnej interwencji. Chwil\u0119 p\u00f3\u017aniej, w 78. minucie, pi\u0142karze z Wojkowic zadali decyduj\u0105cy cios. Po dalekim wybiegni\u0119ciu Rafa\u0142a Dawida i b\u0142\u0119dzie w obronie Klaudiusz Ku\u0142aga, wychowanek Sarmacji w barwach G\u00f3rnika, sprytnie umie\u015bci\u0142 pi\u0142k\u0119 w bramce, daj\u0105c swojej dru\u017cynie prowadzenie 2:1.<\/p>\n<p data-start=\"2512\" data-end=\"2749\">Sarmacja pr\u00f3bowa\u0142a jeszcze wyr\u00f3wna\u0107, jednak tego dnia nic nie chcia\u0142o wpa\u015b\u0107. W doliczonym czasie gry pi\u0119knym strza\u0142em w okienko popisa\u0142 si\u0119 Oskar Kasprzyk, ale kapitalna interwencja bramkarza go\u015bci uchroni\u0142a wojkowiczan od straty gola.<\/p>\n<p data-start=\"2751\" data-end=\"2984\">Ostatecznie Sarmacja B\u0119dzin dozna\u0142a pierwszej pora\u017cki w tym sezonie, przegrywaj\u0105c 1:2. Passa dziewi\u0119ciu ligowych spotka\u0144 bez przegranej (licz\u0105c dwa z ubieg\u0142ego sezonu) zosta\u0142a przerwana, a lider na jaki\u015b czas utraci\u0142 swoj\u0105 pozycj\u0119.<\/p>\n<p data-start=\"2986\" data-end=\"3305\">Cho\u0107 by\u0142 to najs\u0142abszy mecz b\u0119dzinian w obecnych rozgrywkach, takie chwile s\u0105 cz\u0119\u015bci\u0105 sportu. Trzeba wyci\u0105gn\u0105\u0107 wnioski i z optymizmem patrze\u0107 w przysz\u0142o\u015b\u0107. Ju\u017c za tydzie\u0144 Sarmacj\u0119 czeka wyjazdowe starcie z beniaminkiem \u2013 Kamionk\u0105 Miko\u0142\u00f3w. To b\u0119dzie doskona\u0142a okazja, by szybko si\u0119 odbudowa\u0107 i wr\u00f3ci\u0107 na w\u0142a\u015bciwe tory.<\/p>\n<p data-start=\"3307\" data-end=\"3442\"><strong data-start=\"3307\" data-end=\"3355\">Sarmacja B\u0119dzin \u2013 G\u00f3rnik Wojkowice 1:2 (1:1)<\/strong><\/p>\n<p data-start=\"3307\" data-end=\"3442\"><strong>S\u0119dzia:<\/strong> Bartosz Kasi\u0144ski (Sosnowiec)<\/p>\n<p data-start=\"3307\" data-end=\"3442\"><strong>Bramki:<\/strong><br data-start=\"3404\" data-end=\"3407\" \/>37\u2019 Wnuk<br \/>\n___________<br \/>\n15\u2019 Kiwior,<br \/>\n78\u2019 Ku\u0142aga<\/p>\n<p data-start=\"3444\" data-end=\"3486\"><strong>\u017b\u00f3\u0142te kartki:<\/strong><br \/>\n50\u2019 Nowak,<br \/>\n80\u2019 Chmielowski<\/p>\n<p data-start=\"3488\" data-end=\"3680\"><strong>Sarmacja B\u0119dzin:<\/strong> Dawid \u2013 Rumi\u0144ski, Habrat, Wnuk, Dul (75\u2019 Chmielowski), Kaczmarek (90\u2019 Kasprzyk), Zalewski (83\u2019 Samborski), Nowak, Kocot, Jasi\u0144ski (90\u2019 Laso\u0144), Popczyk.<\/p>\n<p data-start=\"3488\" data-end=\"3680\"><strong>Trener:<\/strong> Jaros\u0142aw Rak.<\/p>\n","protected":false},"excerpt":{"rendered":"<p>Dnia 27 wrze\u015bnia 2025 roku o godz. 11:00 pi\u0142karze Sarmacji B\u0119dzin w VIII kolejce ligowej zmierzyli si\u0119 przed w\u0142asn\u0105 publiczno\u015bci\u0105 z dru\u017cyn\u0105 G\u00f3rnika Wojkowice. Po sobotnich spotkaniach b\u0119dzinianie z dorobkiem 17 punkt\u00f3w przewodzili stawce ligowej, natomiast G\u00f3rnik zajmuj\u0105cy 7. lokat\u0119 zgromadzi\u0142 na swoim koncie 12 oczek. W ostatniej kolejce Sarmaci na wyje\u017adzie rozgromili Uni\u0119 Z\u0105bkowice&#8230;<\/p>\n","protected":false},"author":1,"featured_media":9395,"comment_status":"closed","ping_status":"closed","sticky":false,"template":"","format":"standard","meta":{"footnotes":""},"categories":[64,142],"tags":[],"class_list":["post-9393","post","type-post","status-publish","format-standard","has-post-thumbnail","hentry","category-soccer","category-relacja-z-meczu"],"yoast_head":"<!-- This site is optimized with the Yoast SEO plugin v25.8 - https:\/\/yoast.com\/wordpress\/plugins\/seo\/ -->\n<title>Pierwsza pora\u017cka w sezonie | BKS Sarmacja B\u0119dzin<\/title>\n<meta name=\"robots\" content=\"index, follow, max-snippet:-1, max-image-preview:large, max-video-preview:-1\" \/>\n<link rel=\"canonical\" href=\"https:\/\/sarmacjabedzin.pl\/index.php\/2025\/09\/27\/pierwsza-porazka-w-sezonie-2\/\" \/>\n<meta property=\"og:locale\" content=\"pl_PL\" \/>\n<meta property=\"og:type\" content=\"article\" \/>\n<meta property=\"og:title\" content=\"Pierwsza pora\u017cka w sezonie | BKS Sarmacja B\u0119dzin\" \/>\n<meta property=\"og:description\" content=\"Dnia 27 wrze\u015bnia 2025 roku o godz. 11:00 pi\u0142karze Sarmacji B\u0119dzin w VIII kolejce ligowej zmierzyli si\u0119 przed w\u0142asn\u0105 publiczno\u015bci\u0105 z dru\u017cyn\u0105 G\u00f3rnika Wojkowice. Po sobotnich spotkaniach b\u0119dzinianie z dorobkiem 17 punkt\u00f3w przewodzili stawce ligowej, natomiast G\u00f3rnik zajmuj\u0105cy 7. lokat\u0119 zgromadzi\u0142 na swoim koncie 12 oczek. W ostatniej kolejce Sarmaci na wyje\u017adzie rozgromili Uni\u0119 Z\u0105bkowice...\" \/>\n<meta property=\"og:url\" content=\"https:\/\/sarmacjabedzin.pl\/index.php\/2025\/09\/27\/pierwsza-porazka-w-sezonie-2\/\" \/>\n<meta property=\"og:site_name\" content=\"BKS Sarmacja B\u0119dzin\" \/>\n<meta property=\"article:publisher\" content=\"https:\/\/www.facebook.com\/SarmacjaBedzin\" \/>\n<meta property=\"article:published_time\" content=\"2025-09-27T13:23:28+00:00\" \/>\n<meta property=\"og:image\" content=\"http:\/\/sarmacjabedzin.pl\/wp-content\/uploads\/2025\/09\/Gornik_Wojkowice_liga_social.jpg\" \/>\n\t<meta property=\"og:image:width\" content=\"1080\" \/>\n\t<meta property=\"og:image:height\" content=\"1350\" \/>\n\t<meta property=\"og:image:type\" content=\"image\/jpeg\" \/>\n<meta name=\"author\" content=\"tyrtak\" \/>\n<meta name=\"twitter:card\" content=\"summary_large_image\" \/>\n<meta name=\"twitter:label1\" content=\"Napisane przez\" \/>\n\t<meta name=\"twitter:data1\" content=\"tyrtak\" \/>\n\t<meta name=\"twitter:label2\" content=\"Szacowany czas czytania\" \/>\n\t<meta name=\"twitter:data2\" content=\"4 minuty\" \/>\n<script type=\"application\/ld+json\" class=\"yoast-schema-graph\">{\"@context\":\"https:\/\/schema.org\",\"@graph\":[{\"@type\":\"WebPage\",\"@id\":\"https:\/\/sarmacjabedzin.pl\/index.php\/2025\/09\/27\/pierwsza-porazka-w-sezonie-2\/\",\"url\":\"https:\/\/sarmacjabedzin.pl\/index.php\/2025\/09\/27\/pierwsza-porazka-w-sezonie-2\/\",\"name\":\"Pierwsza pora\u017cka w sezonie | BKS Sarmacja B\u0119dzin\",\"isPartOf\":{\"@id\":\"https:\/\/sarmacjabedzin.pl\/#website\"},\"primaryImageOfPage\":{\"@id\":\"https:\/\/sarmacjabedzin.pl\/index.php\/2025\/09\/27\/pierwsza-porazka-w-sezonie-2\/#primaryimage\"},\"image\":{\"@id\":\"https:\/\/sarmacjabedzin.pl\/index.php\/2025\/09\/27\/pierwsza-porazka-w-sezonie-2\/#primaryimage\"},\"thumbnailUrl\":\"https:\/\/sarmacjabedzin.pl\/wp-content\/uploads\/2025\/09\/Gornik_Wojkowice_liga_www.jpg\",\"datePublished\":\"2025-09-27T13:23:28+00:00\",\"author\":{\"@id\":\"https:\/\/sarmacjabedzin.pl\/#\/schema\/person\/5417ea7b03bcd9adf58298a2265ce03a\"},\"breadcrumb\":{\"@id\":\"https:\/\/sarmacjabedzin.pl\/index.php\/2025\/09\/27\/pierwsza-porazka-w-sezonie-2\/#breadcrumb\"},\"inLanguage\":\"pl-PL\",\"potentialAction\":[{\"@type\":\"ReadAction\",\"target\":[\"https:\/\/sarmacjabedzin.pl\/index.php\/2025\/09\/27\/pierwsza-porazka-w-sezonie-2\/\"]}]},{\"@type\":\"ImageObject\",\"inLanguage\":\"pl-PL\",\"@id\":\"https:\/\/sarmacjabedzin.pl\/index.php\/2025\/09\/27\/pierwsza-porazka-w-sezonie-2\/#primaryimage\",\"url\":\"https:\/\/sarmacjabedzin.pl\/wp-content\/uploads\/2025\/09\/Gornik_Wojkowice_liga_www.jpg\",\"contentUrl\":\"https:\/\/sarmacjabedzin.pl\/wp-content\/uploads\/2025\/09\/Gornik_Wojkowice_liga_www.jpg\",\"width\":1920,\"height\":1280},{\"@type\":\"BreadcrumbList\",\"@id\":\"https:\/\/sarmacjabedzin.pl\/index.php\/2025\/09\/27\/pierwsza-porazka-w-sezonie-2\/#breadcrumb\",\"itemListElement\":[{\"@type\":\"ListItem\",\"position\":1,\"name\":\"Strona g\u0142\u00f3wna\",\"item\":\"https:\/\/sarmacjabedzin.pl\/\"},{\"@type\":\"ListItem\",\"position\":2,\"name\":\"Pierwsza pora\u017cka w sezonie\"}]},{\"@type\":\"WebSite\",\"@id\":\"https:\/\/sarmacjabedzin.pl\/#website\",\"url\":\"https:\/\/sarmacjabedzin.pl\/\",\"name\":\"BKS Sarmacja B\u0119dzin \u2013 Nieoficjalny serwis\",\"description\":\"Nieoficjalny serwis B\u0119dzi\u0144skiego Klubu Sportowego &quot;Sarmacja&quot;\",\"potentialAction\":[{\"@type\":\"SearchAction\",\"target\":{\"@type\":\"EntryPoint\",\"urlTemplate\":\"https:\/\/sarmacjabedzin.pl\/?s={search_term_string}\"},\"query-input\":{\"@type\":\"PropertyValueSpecification\",\"valueRequired\":true,\"valueName\":\"search_term_string\"}}],\"inLanguage\":\"pl-PL\"},{\"@type\":\"Person\",\"@id\":\"https:\/\/sarmacjabedzin.pl\/#\/schema\/person\/5417ea7b03bcd9adf58298a2265ce03a\",\"name\":\"tyrtak\",\"image\":{\"@type\":\"ImageObject\",\"inLanguage\":\"pl-PL\",\"@id\":\"https:\/\/sarmacjabedzin.pl\/#\/schema\/person\/image\/\",\"url\":\"https:\/\/secure.gravatar.com\/avatar\/49b7734c6795cf524710e96813a9fedc1ae3816e479d92490236b4cfc47a5ae1?s=96&d=mm&r=g\",\"contentUrl\":\"https:\/\/secure.gravatar.com\/avatar\/49b7734c6795cf524710e96813a9fedc1ae3816e479d92490236b4cfc47a5ae1?s=96&d=mm&r=g\",\"caption\":\"tyrtak\"}}]}<\/script>\n<!-- \/ Yoast SEO plugin. -->","yoast_head_json":{"title":"Pierwsza pora\u017cka w sezonie | BKS Sarmacja B\u0119dzin","robots":{"index":"index","follow":"follow","max-snippet":"max-snippet:-1","max-image-preview":"max-image-preview:large","max-video-preview":"max-video-preview:-1"},"canonical":"https:\/\/sarmacjabedzin.pl\/index.php\/2025\/09\/27\/pierwsza-porazka-w-sezonie-2\/","og_locale":"pl_PL","og_type":"article","og_title":"Pierwsza pora\u017cka w sezonie | BKS Sarmacja B\u0119dzin","og_description":"Dnia 27 wrze\u015bnia 2025 roku o godz. 11:00 pi\u0142karze Sarmacji B\u0119dzin w VIII kolejce ligowej zmierzyli si\u0119 przed w\u0142asn\u0105 publiczno\u015bci\u0105 z dru\u017cyn\u0105 G\u00f3rnika Wojkowice. Po sobotnich spotkaniach b\u0119dzinianie z dorobkiem 17 punkt\u00f3w przewodzili stawce ligowej, natomiast G\u00f3rnik zajmuj\u0105cy 7. lokat\u0119 zgromadzi\u0142 na swoim koncie 12 oczek. W ostatniej kolejce Sarmaci na wyje\u017adzie rozgromili Uni\u0119 Z\u0105bkowice...","og_url":"https:\/\/sarmacjabedzin.pl\/index.php\/2025\/09\/27\/pierwsza-porazka-w-sezonie-2\/","og_site_name":"BKS Sarmacja B\u0119dzin","article_publisher":"https:\/\/www.facebook.com\/SarmacjaBedzin","article_published_time":"2025-09-27T13:23:28+00:00","og_image":[{"width":1080,"height":1350,"url":"http:\/\/sarmacjabedzin.pl\/wp-content\/uploads\/2025\/09\/Gornik_Wojkowice_liga_social.jpg","type":"image\/jpeg"}],"author":"tyrtak","twitter_card":"summary_large_image","twitter_misc":{"Napisane przez":"tyrtak","Szacowany czas czytania":"4 minuty"},"schema":{"@context":"https:\/\/schema.org","@graph":[{"@type":"WebPage","@id":"https:\/\/sarmacjabedzin.pl\/index.php\/2025\/09\/27\/pierwsza-porazka-w-sezonie-2\/","url":"https:\/\/sarmacjabedzin.pl\/index.php\/2025\/09\/27\/pierwsza-porazka-w-sezonie-2\/","name":"Pierwsza pora\u017cka w sezonie | BKS Sarmacja B\u0119dzin","isPartOf":{"@id":"https:\/\/sarmacjabedzin.pl\/#website"},"primaryImageOfPage":{"@id":"https:\/\/sarmacjabedzin.pl\/index.php\/2025\/09\/27\/pierwsza-porazka-w-sezonie-2\/#primaryimage"},"image":{"@id":"https:\/\/sarmacjabedzin.pl\/index.php\/2025\/09\/27\/pierwsza-porazka-w-sezonie-2\/#primaryimage"},"thumbnailUrl":"https:\/\/sarmacjabedzin.pl\/wp-content\/uploads\/2025\/09\/Gornik_Wojkowice_liga_www.jpg","datePublished":"2025-09-27T13:23:28+00:00","author":{"@id":"https:\/\/sarmacjabedzin.pl\/#\/schema\/person\/5417ea7b03bcd9adf58298a2265ce03a"},"breadcrumb":{"@id":"https:\/\/sarmacjabedzin.pl\/index.php\/2025\/09\/27\/pierwsza-porazka-w-sezonie-2\/#breadcrumb"},"inLanguage":"pl-PL","potentialAction":[{"@type":"ReadAction","target":["https:\/\/sarmacjabedzin.pl\/index.php\/2025\/09\/27\/pierwsza-porazka-w-sezonie-2\/"]}]},{"@type":"ImageObject","inLanguage":"pl-PL","@id":"https:\/\/sarmacjabedzin.pl\/index.php\/2025\/09\/27\/pierwsza-porazka-w-sezonie-2\/#primaryimage","url":"https:\/\/sarmacjabedzin.pl\/wp-content\/uploads\/2025\/09\/Gornik_Wojkowice_liga_www.jpg","contentUrl":"https:\/\/sarmacjabedzin.pl\/wp-content\/uploads\/2025\/09\/Gornik_Wojkowice_liga_www.jpg","width":1920,"height":1280},{"@type":"BreadcrumbList","@id":"https:\/\/sarmacjabedzin.pl\/index.php\/2025\/09\/27\/pierwsza-porazka-w-sezonie-2\/#breadcrumb","itemListElement":[{"@type":"ListItem","position":1,"name":"Strona g\u0142\u00f3wna","item":"https:\/\/sarmacjabedzin.pl\/"},{"@type":"ListItem","position":2,"name":"Pierwsza pora\u017cka w sezonie"}]},{"@type":"WebSite","@id":"https:\/\/sarmacjabedzin.pl\/#website","url":"https:\/\/sarmacjabedzin.pl\/","name":"BKS Sarmacja B\u0119dzin \u2013 Nieoficjalny serwis","description":"Nieoficjalny serwis B\u0119dzi\u0144skiego Klubu Sportowego &quot;Sarmacja&quot;","potentialAction":[{"@type":"SearchAction","target":{"@type":"EntryPoint","urlTemplate":"https:\/\/sarmacjabedzin.pl\/?s={search_term_string}"},"query-input":{"@type":"PropertyValueSpecification","valueRequired":true,"valueName":"search_term_string"}}],"inLanguage":"pl-PL"},{"@type":"Person","@id":"https:\/\/sarmacjabedzin.pl\/#\/schema\/person\/5417ea7b03bcd9adf58298a2265ce03a","name":"tyrtak","image":{"@type":"ImageObject","inLanguage":"pl-PL","@id":"https:\/\/sarmacjabedzin.pl\/#\/schema\/person\/image\/","url":"https:\/\/secure.gravatar.com\/avatar\/49b7734c6795cf524710e96813a9fedc1ae3816e479d92490236b4cfc47a5ae1?s=96&d=mm&r=g","contentUrl":"https:\/\/secure.gravatar.com\/avatar\/49b7734c6795cf524710e96813a9fedc1ae3816e479d92490236b4cfc47a5ae1?s=96&d=mm&r=g","caption":"tyrtak"}}]}},"rttpg_featured_image_url":{"full":["https:\/\/sarmacjabedzin.pl\/wp-content\/uploads\/2025\/09\/Gornik_Wojkowice_liga_www.jpg",1920,1280,false],"landscape":["https:\/\/sarmacjabedzin.pl\/wp-content\/uploads\/2025\/09\/Gornik_Wojkowice_liga_www.jpg",1920,1280,false],"portraits":["https:\/\/sarmacjabedzin.pl\/wp-content\/uploads\/2025\/09\/Gornik_Wojkowice_liga_www.jpg",1920,1280,false],"thumbnail":["https:\/\/sarmacjabedzin.pl\/wp-content\/uploads\/2025\/09\/Gornik_Wojkowice_liga_www.jpg",150,100,false],"medium":["https:\/\/sarmacjabedzin.pl\/wp-content\/uploads\/2025\/09\/Gornik_Wojkowice_liga_www.jpg",300,200,false],"large":["https:\/\/sarmacjabedzin.pl\/wp-content\/uploads\/2025\/09\/Gornik_Wojkowice_liga_www.jpg",1024,683,false],"1536x1536":["https:\/\/sarmacjabedzin.pl\/wp-content\/uploads\/2025\/09\/Gornik_Wojkowice_liga_www.jpg",1536,1024,false],"2048x2048":["https:\/\/sarmacjabedzin.pl\/wp-content\/uploads\/2025\/09\/Gornik_Wojkowice_liga_www.jpg",1920,1280,false],"sportspress-crop-medium":["https:\/\/sarmacjabedzin.pl\/wp-content\/uploads\/2025\/09\/Gornik_Wojkowice_liga_www.jpg",300,200,false],"sportspress-fit-medium":["https:\/\/sarmacjabedzin.pl\/wp-content\/uploads\/2025\/09\/Gornik_Wojkowice_liga_www.jpg",300,200,false],"sportspress-fit-icon":["https:\/\/sarmacjabedzin.pl\/wp-content\/uploads\/2025\/09\/Gornik_Wojkowice_liga_www.jpg",128,85,false],"sportspress-fit-mini":["https:\/\/sarmacjabedzin.pl\/wp-content\/uploads\/2025\/09\/Gornik_Wojkowice_liga_www.jpg",32,21,false],"ultp_layout_landscape_large":["https:\/\/sarmacjabedzin.pl\/wp-content\/uploads\/2025\/09\/Gornik_Wojkowice_liga_www.jpg",1200,800,false],"ultp_layout_landscape":["https:\/\/sarmacjabedzin.pl\/wp-content\/uploads\/2025\/09\/Gornik_Wojkowice_liga_www.jpg",855,570,false],"ultp_layout_portrait":["https:\/\/sarmacjabedzin.pl\/wp-content\/uploads\/2025\/09\/Gornik_Wojkowice_liga_www.jpg",600,400,false],"ultp_layout_square":["https:\/\/sarmacjabedzin.pl\/wp-content\/uploads\/2025\/09\/Gornik_Wojkowice_liga_www.jpg",600,400,false],"stm-1140-666":["https:\/\/sarmacjabedzin.pl\/wp-content\/uploads\/2025\/09\/Gornik_Wojkowice_liga_www.jpg",999,666,false],"stm-1170-650":["https:\/\/sarmacjabedzin.pl\/wp-content\/uploads\/2025\/09\/Gornik_Wojkowice_liga_www.jpg",975,650,false],"stm-570-350":["https:\/\/sarmacjabedzin.pl\/wp-content\/uploads\/2025\/09\/Gornik_Wojkowice_liga_www.jpg",525,350,false],"stm-570-250":["https:\/\/sarmacjabedzin.pl\/wp-content\/uploads\/2025\/09\/Gornik_Wojkowice_liga_www.jpg",375,250,false],"stm-270-370":["https:\/\/sarmacjabedzin.pl\/wp-content\/uploads\/2025\/09\/Gornik_Wojkowice_liga_www.jpg",270,180,false],"stm-540-500":["https:\/\/sarmacjabedzin.pl\/wp-content\/uploads\/2025\/09\/Gornik_Wojkowice_liga_www.jpg",540,360,false],"stm-270-530":["https:\/\/sarmacjabedzin.pl\/wp-content\/uploads\/2025\/09\/Gornik_Wojkowice_liga_www.jpg",270,180,false],"stm-200-200":["https:\/\/sarmacjabedzin.pl\/wp-content\/uploads\/2025\/09\/Gornik_Wojkowice_liga_www.jpg",200,133,false],"stm-85-105":["https:\/\/sarmacjabedzin.pl\/wp-content\/uploads\/2025\/09\/Gornik_Wojkowice_liga_www.jpg",85,57,false],"stm-255-255":["https:\/\/sarmacjabedzin.pl\/wp-content\/uploads\/2025\/09\/Gornik_Wojkowice_liga_www.jpg",255,170,false],"stm-360-240":["https:\/\/sarmacjabedzin.pl\/wp-content\/uploads\/2025\/09\/Gornik_Wojkowice_liga_www.jpg",360,240,false],"stm-360-495":["https:\/\/sarmacjabedzin.pl\/wp-content\/uploads\/2025\/09\/Gornik_Wojkowice_liga_www.jpg",360,240,false],"stm-445-400":["https:\/\/sarmacjabedzin.pl\/wp-content\/uploads\/2025\/09\/Gornik_Wojkowice_liga_www.jpg",445,297,false],"stm-735-240":["https:\/\/sarmacjabedzin.pl\/wp-content\/uploads\/2025\/09\/Gornik_Wojkowice_liga_www.jpg",360,240,false],"stm-255-183":["https:\/\/sarmacjabedzin.pl\/wp-content\/uploads\/2025\/09\/Gornik_Wojkowice_liga_www.jpg",255,170,false],"stm-350-250":["https:\/\/sarmacjabedzin.pl\/wp-content\/uploads\/2025\/09\/Gornik_Wojkowice_liga_www.jpg",350,233,false],"blog_list":["https:\/\/sarmacjabedzin.pl\/wp-content\/uploads\/2025\/09\/Gornik_Wojkowice_liga_www.jpg",270,180,false],"blog_list_medium":["https:\/\/sarmacjabedzin.pl\/wp-content\/uploads\/2025\/09\/Gornik_Wojkowice_liga_www.jpg",390,260,false],"gallery_thumbnail":["https:\/\/sarmacjabedzin.pl\/wp-content\/uploads\/2025\/09\/Gornik_Wojkowice_liga_www.jpg",80,53,false],"gallery_image":["https:\/\/sarmacjabedzin.pl\/wp-content\/uploads\/2025\/09\/Gornik_Wojkowice_liga_www.jpg",551,367,false],"gallery_image_mini":["https:\/\/sarmacjabedzin.pl\/wp-content\/uploads\/2025\/09\/Gornik_Wojkowice_liga_www.jpg",143,95,false],"player_photo":["https:\/\/sarmacjabedzin.pl\/wp-content\/uploads\/2025\/09\/Gornik_Wojkowice_liga_www.jpg",740,493,false],"team_logo":["https:\/\/sarmacjabedzin.pl\/wp-content\/uploads\/2025\/09\/Gornik_Wojkowice_liga_www.jpg",98,65,false],"player_stat_ava":["https:\/\/sarmacjabedzin.pl\/wp-content\/uploads\/2025\/09\/Gornik_Wojkowice_liga_www.jpg",550,367,false],"post-350-220":["https:\/\/sarmacjabedzin.pl\/wp-content\/uploads\/2025\/09\/Gornik_Wojkowice_liga_www.jpg",330,220,false],"post-275-142":["https:\/\/sarmacjabedzin.pl\/wp-content\/uploads\/2025\/09\/Gornik_Wojkowice_liga_www.jpg",213,142,false],"post-160-120":["https:\/\/sarmacjabedzin.pl\/wp-content\/uploads\/2025\/09\/Gornik_Wojkowice_liga_www.jpg",160,107,false],"post-110-70":["https:\/\/sarmacjabedzin.pl\/wp-content\/uploads\/2025\/09\/Gornik_Wojkowice_liga_www.jpg",105,70,false],"post-770-450":["https:\/\/sarmacjabedzin.pl\/wp-content\/uploads\/2025\/09\/Gornik_Wojkowice_liga_www.jpg",675,450,false],"post-370-210":["https:\/\/sarmacjabedzin.pl\/wp-content\/uploads\/2025\/09\/Gornik_Wojkowice_liga_www.jpg",315,210,false],"post-457-470":["https:\/\/sarmacjabedzin.pl\/wp-content\/uploads\/2025\/09\/Gornik_Wojkowice_liga_www.jpg",457,305,false],"post-370-420":["https:\/\/sarmacjabedzin.pl\/wp-content\/uploads\/2025\/09\/Gornik_Wojkowice_liga_www.jpg",370,247,false],"stm-445-445":["https:\/\/sarmacjabedzin.pl\/wp-content\/uploads\/2025\/09\/Gornik_Wojkowice_liga_www.jpg",445,297,false],"stm-555-460":["https:\/\/sarmacjabedzin.pl\/wp-content\/uploads\/2025\/09\/Gornik_Wojkowice_liga_www.jpg",555,370,false],"stm-350-450":["https:\/\/sarmacjabedzin.pl\/wp-content\/uploads\/2025\/09\/Gornik_Wojkowice_liga_www.jpg",350,233,false],"stm-720-440":["https:\/\/sarmacjabedzin.pl\/wp-content\/uploads\/2025\/09\/Gornik_Wojkowice_liga_www.jpg",660,440,false],"stm-270-270":["https:\/\/sarmacjabedzin.pl\/wp-content\/uploads\/2025\/09\/Gornik_Wojkowice_liga_www.jpg",270,180,false],"stm-760-450":["https:\/\/sarmacjabedzin.pl\/wp-content\/uploads\/2025\/09\/Gornik_Wojkowice_liga_www.jpg",675,450,false]},"rttpg_author":{"display_name":"tyrtak","author_link":false},"rttpg_comment":0,"rttpg_category":"<a href=\"https:\/\/sarmacjabedzin.pl\/index.php\/category\/soccer\/\" rel=\"category tag\">Liga<\/a> <a href=\"https:\/\/sarmacjabedzin.pl\/index.php\/category\/soccer\/relacja-z-meczu\/\" rel=\"category tag\">Relacja z meczu<\/a>","rttpg_excerpt":"Dnia 27 wrze\u015bnia 2025 roku o godz. 11:00 pi\u0142karze Sarmacji B\u0119dzin w VIII kolejce ligowej zmierzyli si\u0119 przed w\u0142asn\u0105 publiczno\u015bci\u0105 z dru\u017cyn\u0105 G\u00f3rnika Wojkowice. Po sobotnich spotkaniach b\u0119dzinianie z dorobkiem 17 punkt\u00f3w przewodzili stawce ligowej, natomiast G\u00f3rnik zajmuj\u0105cy 7. lokat\u0119 zgromadzi\u0142 na swoim koncie 12 oczek. W ostatniej kolejce Sarmaci na wyje\u017adzie rozgromili Uni\u0119 Z\u0105bkowice...","_links":{"self":[{"href":"https:\/\/sarmacjabedzin.pl\/index.php\/wp-json\/wp\/v2\/posts\/9393","targetHints":{"allow":["GET"]}}],"collection":[{"href":"https:\/\/sarmacjabedzin.pl\/index.php\/wp-json\/wp\/v2\/posts"}],"about":[{"href":"https:\/\/sarmacjabedzin.pl\/index.php\/wp-json\/wp\/v2\/types\/post"}],"author":[{"embeddable":true,"href":"https:\/\/sarmacjabedzin.pl\/index.php\/wp-json\/wp\/v2\/users\/1"}],"replies":[{"embeddable":true,"href":"https:\/\/sarmacjabedzin.pl\/index.php\/wp-json\/wp\/v2\/comments?post=9393"}],"version-history":[{"count":1,"href":"https:\/\/sarmacjabedzin.pl\/index.php\/wp-json\/wp\/v2\/posts\/9393\/revisions"}],"predecessor-version":[{"id":9396,"href":"https:\/\/sarmacjabedzin.pl\/index.php\/wp-json\/wp\/v2\/posts\/9393\/revisions\/9396"}],"wp:featuredmedia":[{"embeddable":true,"href":"https:\/\/sarmacjabedzin.pl\/index.php\/wp-json\/wp\/v2\/media\/9395"}],"wp:attachment":[{"href":"https:\/\/sarmacjabedzin.pl\/index.php\/wp-json\/wp\/v2\/media?parent=9393"}],"wp:term":[{"taxonomy":"category","embeddable":true,"href":"https:\/\/sarmacjabedzin.pl\/index.php\/wp-json\/wp\/v2\/categories?post=9393"},{"taxonomy":"post_tag","embeddable":true,"href":"https:\/\/sarmacjabedzin.pl\/index.php\/wp-json\/wp\/v2\/tags?post=9393"}],"curies":[{"name":"wp","href":"https:\/\/api.w.org\/{rel}","templated":true}]}}