{"id":9405,"date":"2025-09-29T21:34:25","date_gmt":"2025-09-29T19:34:25","guid":{"rendered":"https:\/\/sarmacjabedzin.pl\/?p=9405"},"modified":"2025-09-29T21:34:25","modified_gmt":"2025-09-29T19:34:25","slug":"tomasz-nowak-nowym-trenerem","status":"publish","type":"post","link":"https:\/\/sarmacjabedzin.pl\/index.php\/2025\/09\/29\/tomasz-nowak-nowym-trenerem\/","title":{"rendered":"Tomasz Nowak nowym trenerem!"},"content":{"rendered":"<p data-start=\"122\" data-end=\"395\">Po rezygnacji Jaros\u0142awa Raka, dru\u017cyn\u0119 <strong data-start=\"160\" data-end=\"179\">Sarmacji B\u0119dzin<\/strong> w dalszej cz\u0119\u015bci sezonu poprowadzi <strong data-start=\"215\" data-end=\"231\">Tomasz Nowak<\/strong>. By\u0142y reprezentant Polski nie tylko b\u0119dzie odpowiada\u0142 za przygotowanie zespo\u0142u, ale jednocze\u015bnie pozostanie aktywnym zawodnikiem, pe\u0142ni\u0105c rol\u0119 graj\u0105cego trenera.<\/p>\n<p data-start=\"397\" data-end=\"645\">Nowak nie b\u0119dzie sam \u2013 w sztabie szkoleniowym pozostaj\u0105 <strong data-start=\"453\" data-end=\"470\">Adrian Karda\u015b<\/strong> i <strong data-start=\"473\" data-end=\"489\">\u0141ukasz Girek<\/strong>, kt\u00f3rzy b\u0119d\u0105 wspiera\u0107 go w codziennej pracy z dru\u017cyn\u0105. Tym samym klub postawi\u0142 na ci\u0105g\u0142o\u015b\u0107 i stabilizacj\u0119, nie dokonuj\u0105c wi\u0119kszych zmian organizacyjnych.<\/p>\n<p data-start=\"647\" data-end=\"846\">Mamy nadziej\u0119, \u017ce bogate do\u015bwiadczenie zdobyte przez Tomasza Nowaka na boiskach w roli profesjonalnego pi\u0142karza prze\u0142o\u017cy si\u0119 teraz na now\u0105 funkcj\u0119 trenersk\u0105 i przyniesie dru\u017cynie dodatkow\u0105 warto\u015b\u0107.<\/p>\n<p data-start=\"848\" data-end=\"1024\">Pierwszy test w nowym uk\u0142adzie sztabu czeka Sarmacj\u0119 ju\u017c w najbli\u017csz\u0105 <strong data-start=\"918\" data-end=\"928\">sobot\u0119<\/strong>, gdy na wyje\u017adzie zmierzy si\u0119 z <strong data-start=\"961\" data-end=\"984\">KS Kamionka Miko\u0142\u00f3w<\/strong>. Pocz\u0105tek meczu o godzinie <strong data-start=\"1012\" data-end=\"1021\">16:00<\/strong>.<\/p>\n<p data-start=\"1026\" data-end=\"1205\">Wierzymy, \u017ce ten nowy etap b\u0119dzie dla ca\u0142ej dru\u017cyny dobrym krokiem. Tomku, trzymamy kciuki za powodzenie i \u017cyczymy wielu sukces\u00f3w w podw\u00f3jnej roli w barwach <strong data-start=\"1177\" data-end=\"1196\">Sarmacji B\u0119dzin<\/strong>!<\/p>\n","protected":false},"excerpt":{"rendered":"<p>Po rezygnacji Jaros\u0142awa Raka, dru\u017cyn\u0119 Sarmacji B\u0119dzin w dalszej cz\u0119\u015bci sezonu poprowadzi Tomasz Nowak. By\u0142y reprezentant Polski nie tylko b\u0119dzie odpowiada\u0142 za przygotowanie zespo\u0142u, ale jednocze\u015bnie pozostanie aktywnym zawodnikiem, pe\u0142ni\u0105c rol\u0119 graj\u0105cego trenera. Nowak nie b\u0119dzie sam \u2013 w sztabie szkoleniowym pozostaj\u0105 Adrian Karda\u015b i \u0141ukasz Girek, kt\u00f3rzy b\u0119d\u0105 wspiera\u0107 go w codziennej pracy z&#8230;<\/p>\n","protected":false},"author":1,"featured_media":9406,"comment_status":"closed","ping_status":"closed","sticky":false,"template":"","format":"standard","meta":{"footnotes":""},"categories":[1],"tags":[],"class_list":["post-9405","post","type-post","status-publish","format-standard","has-post-thumbnail","hentry","category-aktualnosci"],"yoast_head":"<!-- This site is optimized with the Yoast SEO plugin v25.8 - https:\/\/yoast.com\/wordpress\/plugins\/seo\/ -->\n<title>Tomasz Nowak nowym trenerem! | BKS Sarmacja B\u0119dzin<\/title>\n<meta name=\"robots\" content=\"index, follow, max-snippet:-1, max-image-preview:large, max-video-preview:-1\" \/>\n<link rel=\"canonical\" href=\"https:\/\/sarmacjabedzin.pl\/index.php\/2025\/09\/29\/tomasz-nowak-nowym-trenerem\/\" \/>\n<meta property=\"og:locale\" content=\"pl_PL\" \/>\n<meta property=\"og:type\" content=\"article\" \/>\n<meta property=\"og:title\" content=\"Tomasz Nowak nowym trenerem! | BKS Sarmacja B\u0119dzin\" \/>\n<meta property=\"og:description\" content=\"Po rezygnacji Jaros\u0142awa Raka, dru\u017cyn\u0119 Sarmacji B\u0119dzin w dalszej cz\u0119\u015bci sezonu poprowadzi Tomasz Nowak. By\u0142y reprezentant Polski nie tylko b\u0119dzie odpowiada\u0142 za przygotowanie zespo\u0142u, ale jednocze\u015bnie pozostanie aktywnym zawodnikiem, pe\u0142ni\u0105c rol\u0119 graj\u0105cego trenera. Nowak nie b\u0119dzie sam \u2013 w sztabie szkoleniowym pozostaj\u0105 Adrian Karda\u015b i \u0141ukasz Girek, kt\u00f3rzy b\u0119d\u0105 wspiera\u0107 go w codziennej pracy z...\" \/>\n<meta property=\"og:url\" content=\"https:\/\/sarmacjabedzin.pl\/index.php\/2025\/09\/29\/tomasz-nowak-nowym-trenerem\/\" \/>\n<meta property=\"og:site_name\" content=\"BKS Sarmacja B\u0119dzin\" \/>\n<meta property=\"article:publisher\" content=\"https:\/\/www.facebook.com\/SarmacjaBedzin\" \/>\n<meta property=\"article:published_time\" content=\"2025-09-29T19:34:25+00:00\" \/>\n<meta property=\"og:image\" content=\"http:\/\/sarmacjabedzin.pl\/wp-content\/uploads\/2025\/09\/Nowak_trener_social.jpg\" \/>\n\t<meta property=\"og:image:width\" content=\"1080\" \/>\n\t<meta property=\"og:image:height\" content=\"1350\" \/>\n\t<meta property=\"og:image:type\" content=\"image\/jpeg\" \/>\n<meta name=\"author\" content=\"tyrtak\" \/>\n<meta name=\"twitter:card\" content=\"summary_large_image\" \/>\n<meta name=\"twitter:label1\" content=\"Napisane przez\" \/>\n\t<meta name=\"twitter:data1\" content=\"tyrtak\" \/>\n\t<meta name=\"twitter:label2\" content=\"Szacowany czas czytania\" \/>\n\t<meta name=\"twitter:data2\" content=\"2 minuty\" \/>\n<script type=\"application\/ld+json\" class=\"yoast-schema-graph\">{\"@context\":\"https:\/\/schema.org\",\"@graph\":[{\"@type\":\"WebPage\",\"@id\":\"https:\/\/sarmacjabedzin.pl\/index.php\/2025\/09\/29\/tomasz-nowak-nowym-trenerem\/\",\"url\":\"https:\/\/sarmacjabedzin.pl\/index.php\/2025\/09\/29\/tomasz-nowak-nowym-trenerem\/\",\"name\":\"Tomasz Nowak nowym trenerem! | BKS Sarmacja B\u0119dzin\",\"isPartOf\":{\"@id\":\"https:\/\/sarmacjabedzin.pl\/#website\"},\"primaryImageOfPage\":{\"@id\":\"https:\/\/sarmacjabedzin.pl\/index.php\/2025\/09\/29\/tomasz-nowak-nowym-trenerem\/#primaryimage\"},\"image\":{\"@id\":\"https:\/\/sarmacjabedzin.pl\/index.php\/2025\/09\/29\/tomasz-nowak-nowym-trenerem\/#primaryimage\"},\"thumbnailUrl\":\"https:\/\/sarmacjabedzin.pl\/wp-content\/uploads\/2025\/09\/Nowak_trener_www.jpg\",\"datePublished\":\"2025-09-29T19:34:25+00:00\",\"author\":{\"@id\":\"https:\/\/sarmacjabedzin.pl\/#\/schema\/person\/5417ea7b03bcd9adf58298a2265ce03a\"},\"breadcrumb\":{\"@id\":\"https:\/\/sarmacjabedzin.pl\/index.php\/2025\/09\/29\/tomasz-nowak-nowym-trenerem\/#breadcrumb\"},\"inLanguage\":\"pl-PL\",\"potentialAction\":[{\"@type\":\"ReadAction\",\"target\":[\"https:\/\/sarmacjabedzin.pl\/index.php\/2025\/09\/29\/tomasz-nowak-nowym-trenerem\/\"]}]},{\"@type\":\"ImageObject\",\"inLanguage\":\"pl-PL\",\"@id\":\"https:\/\/sarmacjabedzin.pl\/index.php\/2025\/09\/29\/tomasz-nowak-nowym-trenerem\/#primaryimage\",\"url\":\"https:\/\/sarmacjabedzin.pl\/wp-content\/uploads\/2025\/09\/Nowak_trener_www.jpg\",\"contentUrl\":\"https:\/\/sarmacjabedzin.pl\/wp-content\/uploads\/2025\/09\/Nowak_trener_www.jpg\",\"width\":1920,\"height\":1080},{\"@type\":\"BreadcrumbList\",\"@id\":\"https:\/\/sarmacjabedzin.pl\/index.php\/2025\/09\/29\/tomasz-nowak-nowym-trenerem\/#breadcrumb\",\"itemListElement\":[{\"@type\":\"ListItem\",\"position\":1,\"name\":\"Strona g\u0142\u00f3wna\",\"item\":\"https:\/\/sarmacjabedzin.pl\/\"},{\"@type\":\"ListItem\",\"position\":2,\"name\":\"Tomasz Nowak nowym trenerem!\"}]},{\"@type\":\"WebSite\",\"@id\":\"https:\/\/sarmacjabedzin.pl\/#website\",\"url\":\"https:\/\/sarmacjabedzin.pl\/\",\"name\":\"BKS Sarmacja B\u0119dzin \u2013 Nieoficjalny serwis\",\"description\":\"Nieoficjalny serwis B\u0119dzi\u0144skiego Klubu Sportowego &quot;Sarmacja&quot;\",\"potentialAction\":[{\"@type\":\"SearchAction\",\"target\":{\"@type\":\"EntryPoint\",\"urlTemplate\":\"https:\/\/sarmacjabedzin.pl\/?s={search_term_string}\"},\"query-input\":{\"@type\":\"PropertyValueSpecification\",\"valueRequired\":true,\"valueName\":\"search_term_string\"}}],\"inLanguage\":\"pl-PL\"},{\"@type\":\"Person\",\"@id\":\"https:\/\/sarmacjabedzin.pl\/#\/schema\/person\/5417ea7b03bcd9adf58298a2265ce03a\",\"name\":\"tyrtak\",\"image\":{\"@type\":\"ImageObject\",\"inLanguage\":\"pl-PL\",\"@id\":\"https:\/\/sarmacjabedzin.pl\/#\/schema\/person\/image\/\",\"url\":\"https:\/\/secure.gravatar.com\/avatar\/49b7734c6795cf524710e96813a9fedc1ae3816e479d92490236b4cfc47a5ae1?s=96&d=mm&r=g\",\"contentUrl\":\"https:\/\/secure.gravatar.com\/avatar\/49b7734c6795cf524710e96813a9fedc1ae3816e479d92490236b4cfc47a5ae1?s=96&d=mm&r=g\",\"caption\":\"tyrtak\"}}]}<\/script>\n<!-- \/ Yoast SEO plugin. -->","yoast_head_json":{"title":"Tomasz Nowak nowym trenerem! | BKS Sarmacja B\u0119dzin","robots":{"index":"index","follow":"follow","max-snippet":"max-snippet:-1","max-image-preview":"max-image-preview:large","max-video-preview":"max-video-preview:-1"},"canonical":"https:\/\/sarmacjabedzin.pl\/index.php\/2025\/09\/29\/tomasz-nowak-nowym-trenerem\/","og_locale":"pl_PL","og_type":"article","og_title":"Tomasz Nowak nowym trenerem! | BKS Sarmacja B\u0119dzin","og_description":"Po rezygnacji Jaros\u0142awa Raka, dru\u017cyn\u0119 Sarmacji B\u0119dzin w dalszej cz\u0119\u015bci sezonu poprowadzi Tomasz Nowak. By\u0142y reprezentant Polski nie tylko b\u0119dzie odpowiada\u0142 za przygotowanie zespo\u0142u, ale jednocze\u015bnie pozostanie aktywnym zawodnikiem, pe\u0142ni\u0105c rol\u0119 graj\u0105cego trenera. Nowak nie b\u0119dzie sam \u2013 w sztabie szkoleniowym pozostaj\u0105 Adrian Karda\u015b i \u0141ukasz Girek, kt\u00f3rzy b\u0119d\u0105 wspiera\u0107 go w codziennej pracy z...","og_url":"https:\/\/sarmacjabedzin.pl\/index.php\/2025\/09\/29\/tomasz-nowak-nowym-trenerem\/","og_site_name":"BKS Sarmacja B\u0119dzin","article_publisher":"https:\/\/www.facebook.com\/SarmacjaBedzin","article_published_time":"2025-09-29T19:34:25+00:00","og_image":[{"width":1080,"height":1350,"url":"http:\/\/sarmacjabedzin.pl\/wp-content\/uploads\/2025\/09\/Nowak_trener_social.jpg","type":"image\/jpeg"}],"author":"tyrtak","twitter_card":"summary_large_image","twitter_misc":{"Napisane przez":"tyrtak","Szacowany czas czytania":"2 minuty"},"schema":{"@context":"https:\/\/schema.org","@graph":[{"@type":"WebPage","@id":"https:\/\/sarmacjabedzin.pl\/index.php\/2025\/09\/29\/tomasz-nowak-nowym-trenerem\/","url":"https:\/\/sarmacjabedzin.pl\/index.php\/2025\/09\/29\/tomasz-nowak-nowym-trenerem\/","name":"Tomasz Nowak nowym trenerem! | BKS Sarmacja B\u0119dzin","isPartOf":{"@id":"https:\/\/sarmacjabedzin.pl\/#website"},"primaryImageOfPage":{"@id":"https:\/\/sarmacjabedzin.pl\/index.php\/2025\/09\/29\/tomasz-nowak-nowym-trenerem\/#primaryimage"},"image":{"@id":"https:\/\/sarmacjabedzin.pl\/index.php\/2025\/09\/29\/tomasz-nowak-nowym-trenerem\/#primaryimage"},"thumbnailUrl":"https:\/\/sarmacjabedzin.pl\/wp-content\/uploads\/2025\/09\/Nowak_trener_www.jpg","datePublished":"2025-09-29T19:34:25+00:00","author":{"@id":"https:\/\/sarmacjabedzin.pl\/#\/schema\/person\/5417ea7b03bcd9adf58298a2265ce03a"},"breadcrumb":{"@id":"https:\/\/sarmacjabedzin.pl\/index.php\/2025\/09\/29\/tomasz-nowak-nowym-trenerem\/#breadcrumb"},"inLanguage":"pl-PL","potentialAction":[{"@type":"ReadAction","target":["https:\/\/sarmacjabedzin.pl\/index.php\/2025\/09\/29\/tomasz-nowak-nowym-trenerem\/"]}]},{"@type":"ImageObject","inLanguage":"pl-PL","@id":"https:\/\/sarmacjabedzin.pl\/index.php\/2025\/09\/29\/tomasz-nowak-nowym-trenerem\/#primaryimage","url":"https:\/\/sarmacjabedzin.pl\/wp-content\/uploads\/2025\/09\/Nowak_trener_www.jpg","contentUrl":"https:\/\/sarmacjabedzin.pl\/wp-content\/uploads\/2025\/09\/Nowak_trener_www.jpg","width":1920,"height":1080},{"@type":"BreadcrumbList","@id":"https:\/\/sarmacjabedzin.pl\/index.php\/2025\/09\/29\/tomasz-nowak-nowym-trenerem\/#breadcrumb","itemListElement":[{"@type":"ListItem","position":1,"name":"Strona g\u0142\u00f3wna","item":"https:\/\/sarmacjabedzin.pl\/"},{"@type":"ListItem","position":2,"name":"Tomasz Nowak nowym trenerem!"}]},{"@type":"WebSite","@id":"https:\/\/sarmacjabedzin.pl\/#website","url":"https:\/\/sarmacjabedzin.pl\/","name":"BKS Sarmacja B\u0119dzin \u2013 Nieoficjalny serwis","description":"Nieoficjalny serwis B\u0119dzi\u0144skiego Klubu Sportowego &quot;Sarmacja&quot;","potentialAction":[{"@type":"SearchAction","target":{"@type":"EntryPoint","urlTemplate":"https:\/\/sarmacjabedzin.pl\/?s={search_term_string}"},"query-input":{"@type":"PropertyValueSpecification","valueRequired":true,"valueName":"search_term_string"}}],"inLanguage":"pl-PL"},{"@type":"Person","@id":"https:\/\/sarmacjabedzin.pl\/#\/schema\/person\/5417ea7b03bcd9adf58298a2265ce03a","name":"tyrtak","image":{"@type":"ImageObject","inLanguage":"pl-PL","@id":"https:\/\/sarmacjabedzin.pl\/#\/schema\/person\/image\/","url":"https:\/\/secure.gravatar.com\/avatar\/49b7734c6795cf524710e96813a9fedc1ae3816e479d92490236b4cfc47a5ae1?s=96&d=mm&r=g","contentUrl":"https:\/\/secure.gravatar.com\/avatar\/49b7734c6795cf524710e96813a9fedc1ae3816e479d92490236b4cfc47a5ae1?s=96&d=mm&r=g","caption":"tyrtak"}}]}},"rttpg_featured_image_url":{"full":["https:\/\/sarmacjabedzin.pl\/wp-content\/uploads\/2025\/09\/Nowak_trener_www.jpg",1920,1080,false],"landscape":["https:\/\/sarmacjabedzin.pl\/wp-content\/uploads\/2025\/09\/Nowak_trener_www.jpg",1920,1080,false],"portraits":["https:\/\/sarmacjabedzin.pl\/wp-content\/uploads\/2025\/09\/Nowak_trener_www.jpg",1920,1080,false],"thumbnail":["https:\/\/sarmacjabedzin.pl\/wp-content\/uploads\/2025\/09\/Nowak_trener_www.jpg",150,84,false],"medium":["https:\/\/sarmacjabedzin.pl\/wp-content\/uploads\/2025\/09\/Nowak_trener_www.jpg",300,169,false],"large":["https:\/\/sarmacjabedzin.pl\/wp-content\/uploads\/2025\/09\/Nowak_trener_www.jpg",1024,576,false],"1536x1536":["https:\/\/sarmacjabedzin.pl\/wp-content\/uploads\/2025\/09\/Nowak_trener_www.jpg",1536,864,false],"2048x2048":["https:\/\/sarmacjabedzin.pl\/wp-content\/uploads\/2025\/09\/Nowak_trener_www.jpg",1920,1080,false],"sportspress-crop-medium":["https:\/\/sarmacjabedzin.pl\/wp-content\/uploads\/2025\/09\/Nowak_trener_www.jpg",300,169,false],"sportspress-fit-medium":["https:\/\/sarmacjabedzin.pl\/wp-content\/uploads\/2025\/09\/Nowak_trener_www.jpg",300,169,false],"sportspress-fit-icon":["https:\/\/sarmacjabedzin.pl\/wp-content\/uploads\/2025\/09\/Nowak_trener_www.jpg",128,72,false],"sportspress-fit-mini":["https:\/\/sarmacjabedzin.pl\/wp-content\/uploads\/2025\/09\/Nowak_trener_www.jpg",32,18,false],"ultp_layout_landscape_large":["https:\/\/sarmacjabedzin.pl\/wp-content\/uploads\/2025\/09\/Nowak_trener_www.jpg",1200,675,false],"ultp_layout_landscape":["https:\/\/sarmacjabedzin.pl\/wp-content\/uploads\/2025\/09\/Nowak_trener_www.jpg",870,489,false],"ultp_layout_portrait":["https:\/\/sarmacjabedzin.pl\/wp-content\/uploads\/2025\/09\/Nowak_trener_www.jpg",600,338,false],"ultp_layout_square":["https:\/\/sarmacjabedzin.pl\/wp-content\/uploads\/2025\/09\/Nowak_trener_www.jpg",600,338,false],"stm-1140-666":["https:\/\/sarmacjabedzin.pl\/wp-content\/uploads\/2025\/09\/Nowak_trener_www.jpg",1140,641,false],"stm-1170-650":["https:\/\/sarmacjabedzin.pl\/wp-content\/uploads\/2025\/09\/Nowak_trener_www.jpg",1156,650,false],"stm-570-350":["https:\/\/sarmacjabedzin.pl\/wp-content\/uploads\/2025\/09\/Nowak_trener_www.jpg",570,321,false],"stm-570-250":["https:\/\/sarmacjabedzin.pl\/wp-content\/uploads\/2025\/09\/Nowak_trener_www.jpg",444,250,false],"stm-270-370":["https:\/\/sarmacjabedzin.pl\/wp-content\/uploads\/2025\/09\/Nowak_trener_www.jpg",270,152,false],"stm-540-500":["https:\/\/sarmacjabedzin.pl\/wp-content\/uploads\/2025\/09\/Nowak_trener_www.jpg",540,304,false],"stm-270-530":["https:\/\/sarmacjabedzin.pl\/wp-content\/uploads\/2025\/09\/Nowak_trener_www.jpg",270,152,false],"stm-200-200":["https:\/\/sarmacjabedzin.pl\/wp-content\/uploads\/2025\/09\/Nowak_trener_www.jpg",200,113,false],"stm-85-105":["https:\/\/sarmacjabedzin.pl\/wp-content\/uploads\/2025\/09\/Nowak_trener_www.jpg",85,48,false],"stm-255-255":["https:\/\/sarmacjabedzin.pl\/wp-content\/uploads\/2025\/09\/Nowak_trener_www.jpg",255,143,false],"stm-360-240":["https:\/\/sarmacjabedzin.pl\/wp-content\/uploads\/2025\/09\/Nowak_trener_www.jpg",360,203,false],"stm-360-495":["https:\/\/sarmacjabedzin.pl\/wp-content\/uploads\/2025\/09\/Nowak_trener_www.jpg",360,203,false],"stm-445-400":["https:\/\/sarmacjabedzin.pl\/wp-content\/uploads\/2025\/09\/Nowak_trener_www.jpg",445,250,false],"stm-735-240":["https:\/\/sarmacjabedzin.pl\/wp-content\/uploads\/2025\/09\/Nowak_trener_www.jpg",427,240,false],"stm-255-183":["https:\/\/sarmacjabedzin.pl\/wp-content\/uploads\/2025\/09\/Nowak_trener_www.jpg",255,143,false],"stm-350-250":["https:\/\/sarmacjabedzin.pl\/wp-content\/uploads\/2025\/09\/Nowak_trener_www.jpg",350,197,false],"blog_list":["https:\/\/sarmacjabedzin.pl\/wp-content\/uploads\/2025\/09\/Nowak_trener_www.jpg",270,152,false],"blog_list_medium":["https:\/\/sarmacjabedzin.pl\/wp-content\/uploads\/2025\/09\/Nowak_trener_www.jpg",390,219,false],"gallery_thumbnail":["https:\/\/sarmacjabedzin.pl\/wp-content\/uploads\/2025\/09\/Nowak_trener_www.jpg",80,45,false],"gallery_image":["https:\/\/sarmacjabedzin.pl\/wp-content\/uploads\/2025\/09\/Nowak_trener_www.jpg",560,315,false],"gallery_image_mini":["https:\/\/sarmacjabedzin.pl\/wp-content\/uploads\/2025\/09\/Nowak_trener_www.jpg",143,80,false],"player_photo":["https:\/\/sarmacjabedzin.pl\/wp-content\/uploads\/2025\/09\/Nowak_trener_www.jpg",740,416,false],"team_logo":["https:\/\/sarmacjabedzin.pl\/wp-content\/uploads\/2025\/09\/Nowak_trener_www.jpg",98,55,false],"player_stat_ava":["https:\/\/sarmacjabedzin.pl\/wp-content\/uploads\/2025\/09\/Nowak_trener_www.jpg",550,309,false],"post-350-220":["https:\/\/sarmacjabedzin.pl\/wp-content\/uploads\/2025\/09\/Nowak_trener_www.jpg",350,197,false],"post-275-142":["https:\/\/sarmacjabedzin.pl\/wp-content\/uploads\/2025\/09\/Nowak_trener_www.jpg",252,142,false],"post-160-120":["https:\/\/sarmacjabedzin.pl\/wp-content\/uploads\/2025\/09\/Nowak_trener_www.jpg",160,90,false],"post-110-70":["https:\/\/sarmacjabedzin.pl\/wp-content\/uploads\/2025\/09\/Nowak_trener_www.jpg",110,62,false],"post-770-450":["https:\/\/sarmacjabedzin.pl\/wp-content\/uploads\/2025\/09\/Nowak_trener_www.jpg",770,433,false],"post-370-210":["https:\/\/sarmacjabedzin.pl\/wp-content\/uploads\/2025\/09\/Nowak_trener_www.jpg",370,208,false],"post-457-470":["https:\/\/sarmacjabedzin.pl\/wp-content\/uploads\/2025\/09\/Nowak_trener_www.jpg",457,257,false],"post-370-420":["https:\/\/sarmacjabedzin.pl\/wp-content\/uploads\/2025\/09\/Nowak_trener_www.jpg",370,208,false],"stm-445-445":["https:\/\/sarmacjabedzin.pl\/wp-content\/uploads\/2025\/09\/Nowak_trener_www.jpg",445,250,false],"stm-555-460":["https:\/\/sarmacjabedzin.pl\/wp-content\/uploads\/2025\/09\/Nowak_trener_www.jpg",555,312,false],"stm-350-450":["https:\/\/sarmacjabedzin.pl\/wp-content\/uploads\/2025\/09\/Nowak_trener_www.jpg",350,197,false],"stm-720-440":["https:\/\/sarmacjabedzin.pl\/wp-content\/uploads\/2025\/09\/Nowak_trener_www.jpg",720,405,false],"stm-270-270":["https:\/\/sarmacjabedzin.pl\/wp-content\/uploads\/2025\/09\/Nowak_trener_www.jpg",270,152,false],"stm-760-450":["https:\/\/sarmacjabedzin.pl\/wp-content\/uploads\/2025\/09\/Nowak_trener_www.jpg",760,428,false]},"rttpg_author":{"display_name":"tyrtak","author_link":false},"rttpg_comment":0,"rttpg_category":"<a href=\"https:\/\/sarmacjabedzin.pl\/index.php\/category\/aktualnosci\/\" rel=\"category tag\">Aktualno\u015bci<\/a>","rttpg_excerpt":"Po rezygnacji Jaros\u0142awa Raka, dru\u017cyn\u0119 Sarmacji B\u0119dzin w dalszej cz\u0119\u015bci sezonu poprowadzi Tomasz Nowak. By\u0142y reprezentant Polski nie tylko b\u0119dzie odpowiada\u0142 za przygotowanie zespo\u0142u, ale jednocze\u015bnie pozostanie aktywnym zawodnikiem, pe\u0142ni\u0105c rol\u0119 graj\u0105cego trenera. Nowak nie b\u0119dzie sam \u2013 w sztabie szkoleniowym pozostaj\u0105 Adrian Karda\u015b i \u0141ukasz Girek, kt\u00f3rzy b\u0119d\u0105 wspiera\u0107 go w codziennej pracy z...","_links":{"self":[{"href":"https:\/\/sarmacjabedzin.pl\/index.php\/wp-json\/wp\/v2\/posts\/9405","targetHints":{"allow":["GET"]}}],"collection":[{"href":"https:\/\/sarmacjabedzin.pl\/index.php\/wp-json\/wp\/v2\/posts"}],"about":[{"href":"https:\/\/sarmacjabedzin.pl\/index.php\/wp-json\/wp\/v2\/types\/post"}],"author":[{"embeddable":true,"href":"https:\/\/sarmacjabedzin.pl\/index.php\/wp-json\/wp\/v2\/users\/1"}],"replies":[{"embeddable":true,"href":"https:\/\/sarmacjabedzin.pl\/index.php\/wp-json\/wp\/v2\/comments?post=9405"}],"version-history":[{"count":1,"href":"https:\/\/sarmacjabedzin.pl\/index.php\/wp-json\/wp\/v2\/posts\/9405\/revisions"}],"predecessor-version":[{"id":9408,"href":"https:\/\/sarmacjabedzin.pl\/index.php\/wp-json\/wp\/v2\/posts\/9405\/revisions\/9408"}],"wp:featuredmedia":[{"embeddable":true,"href":"https:\/\/sarmacjabedzin.pl\/index.php\/wp-json\/wp\/v2\/media\/9406"}],"wp:attachment":[{"href":"https:\/\/sarmacjabedzin.pl\/index.php\/wp-json\/wp\/v2\/media?parent=9405"}],"wp:term":[{"taxonomy":"category","embeddable":true,"href":"https:\/\/sarmacjabedzin.pl\/index.php\/wp-json\/wp\/v2\/categories?post=9405"},{"taxonomy":"post_tag","embeddable":true,"href":"https:\/\/sarmacjabedzin.pl\/index.php\/wp-json\/wp\/v2\/tags?post=9405"}],"curies":[{"name":"wp","href":"https:\/\/api.w.org\/{rel}","templated":true}]}}