{"id":947,"date":"2016-11-29T21:10:02","date_gmt":"2016-11-29T20:10:02","guid":{"rendered":"http:\/\/sarmacjabedzin.pl\/index.php\/2016\/11\/29\/podsumowanie-rundy-jesiennej\/"},"modified":"2016-11-29T21:10:02","modified_gmt":"2016-11-29T20:10:02","slug":"podsumowanie-rundy-jesiennej","status":"publish","type":"post","link":"https:\/\/sarmacjabedzin.pl\/index.php\/2016\/11\/29\/podsumowanie-rundy-jesiennej\/","title":{"rendered":"Podsumowanie rundy jesiennej!"},"content":{"rendered":"<p style=\"color: #333333; font-family: Tahoma, Helvetica, Arial, sans-serif; font-size: 15.2px; font-style: normal; font-variant-ligatures: normal; font-variant-caps: normal; font-weight: normal; letter-spacing: normal; orphans: 2; text-align: start; text-indent: 0px; text-transform: none; white-space: normal; widows: 2; word-spacing: 0px; -webkit-text-stroke-width: 0px;\">Pi\u0142karze Sarmacji B\u0119dzin po sko\u0144czonej rundzie jesiennej sezonu 2016\/2017 zako\u0144czyli treningi i udali si\u0119 na zas\u0142u\u017cony wypoczynek. Mo\u017cemy wi\u0119c na spokojnie podsumowa\u0107 minion\u0105 rund\u0119, w kt\u00f3rej to Sarmaci zaj\u0119li wysok\u0105 &#8211; 3 lokat\u0119 w tabeli.<\/p>\n<p style=\"color: #333333; font-family: Tahoma, Helvetica, Arial, sans-serif; font-size: 15.2px; font-style: normal; font-variant-ligatures: normal; font-variant-caps: normal; font-weight: normal; letter-spacing: normal; orphans: 2; text-align: start; text-indent: 0px; text-transform: none; white-space: normal; widows: 2; word-spacing: 0px; -webkit-text-stroke-width: 0px; margin-bottom: 0cm;\">Mimo udanej pozycji pozostaje pewien niedosyt spowodowany niepotrzebn\u0105 strat\u0105 kilku punkt\u00f3w.<\/p>\n<p style=\"color: #333333; font-family: Tahoma, Helvetica, Arial, sans-serif; font-size: 15.2px; font-style: normal; font-variant-ligatures: normal; font-variant-caps: normal; font-weight: normal; letter-spacing: normal; orphans: 2; text-align: start; text-indent: 0px; text-transform: none; white-space: normal; widows: 2; word-spacing: 0px; -webkit-text-stroke-width: 0px; margin-bottom: 0cm;\">Dystans do lidera Gwarka Tarnowskie G\u00f3ry nie przekre\u015bla jednak szans na ko\u0144cowy sukces.<\/p>\n<p style=\"color: #333333; font-family: Tahoma, Helvetica, Arial, sans-serif; font-size: 15.2px; font-style: normal; font-variant-ligatures: normal; font-variant-caps: normal; font-weight: normal; letter-spacing: normal; orphans: 2; text-align: start; text-indent: 0px; text-transform: none; white-space: normal; widows: 2; word-spacing: 0px; -webkit-text-stroke-width: 0px; margin-bottom: 0cm;\">Podopieczni trenera Krzysztofa Kie\u0142ba w 17 spotkaniach ligowych odnie\u015bli 11 zwyci\u0119stw, czterokrotnie schodzili z boiska pokonani oraz 2 razy zremisowali.<\/p>\n<p style=\"color: #333333; font-family: Tahoma, Helvetica, Arial, sans-serif; font-size: 15.2px; font-style: normal; font-variant-ligatures: normal; font-variant-caps: normal; font-weight: normal; letter-spacing: normal; orphans: 2; text-align: start; text-indent: 0px; text-transform: none; white-space: normal; widows: 2; word-spacing: 0px; -webkit-text-stroke-width: 0px; margin-bottom: 0cm;\">Z bilansem 48 zdobytych goli s\u0105 najbardziej bramkostrzeln\u0105 dru\u017cyn\u0105 IV ligi \u015bl\u0105skiej ! Takim samym bilansem mo\u017ce poszczyci\u0107 si\u0119 jeszcze dru\u017cyna GKS-u Radziechowy-Wieprz graj\u0105ca w II grupie. Je\u015bli chodzi o stracone bramki to by\u0142o ich 20.<\/p>\n<p style=\"color: #333333; font-family: Tahoma, Helvetica, Arial, sans-serif; font-size: 15.2px; font-style: normal; font-variant-ligatures: normal; font-variant-caps: normal; font-weight: normal; letter-spacing: normal; orphans: 2; text-align: start; text-indent: 0px; text-transform: none; white-space: normal; widows: 2; word-spacing: 0px; -webkit-text-stroke-width: 0px; margin-bottom: 0cm;\">Najskuteczniejszym strzelcem rundy jesiennej w naszym zespole z dorobkiem 11 goli okaza\u0142 si\u0119 Micha\u0142 Dyrda. Tu\u017c za nim uplasowa\u0142 si\u0119 Remigiusz Malicki, kt\u00f3ry do bramki rywala trafia\u0142 9-cio krotnie.<\/p>\n<p style=\"color: #333333; font-family: Tahoma, Helvetica, Arial, sans-serif; font-size: 15.2px; font-style: normal; font-variant-ligatures: normal; font-variant-caps: normal; font-weight: normal; letter-spacing: normal; orphans: 2; text-align: start; text-indent: 0px; text-transform: none; white-space: normal; widows: 2; word-spacing: 0px; -webkit-text-stroke-width: 0px; margin-bottom: 0cm;\">Z czterech poniesionych pora\u017cek jedynie ta z Rakowem II Cz\u0119stochowa, kt\u00f3ry by\u0142 mocno wzmocniony pi\u0142karzami z I dru\u017cyny by\u0142a zas\u0142u\u017cona.<\/p>\n<p style=\"color: #333333; font-family: Tahoma, Helvetica, Arial, sans-serif; font-size: 15.2px; font-style: normal; font-variant-ligatures: normal; font-variant-caps: normal; font-weight: normal; letter-spacing: normal; orphans: 2; text-align: start; text-indent: 0px; text-transform: none; white-space: normal; widows: 2; word-spacing: 0px; -webkit-text-stroke-width: 0px; margin-bottom: 0cm;\">Pora\u017cka z RKS-em Grodziec 1:2, Gwarkiem Tarnowskie G\u00f3ry 1:0 po mocno kontrowersyjnym rzucie karnym oraz Wart\u0105 Zawiercie 1:2 by\u0142a do unikni\u0119cia.<\/p>\n<p style=\"color: #333333; font-family: Tahoma, Helvetica, Arial, sans-serif; font-size: 15.2px; font-style: normal; font-variant-ligatures: normal; font-variant-caps: normal; font-weight: normal; letter-spacing: normal; orphans: 2; text-align: start; text-indent: 0px; text-transform: none; white-space: normal; widows: 2; word-spacing: 0px; -webkit-text-stroke-width: 0px; margin-bottom: 0cm;\">Jest to jednak pi\u0142ka no\u017cna i wszystko jest mo\u017cliwe.<\/p>\n<p style=\"color: #333333; font-family: Tahoma, Helvetica, Arial, sans-serif; font-size: 15.2px; font-style: normal; font-variant-ligatures: normal; font-variant-caps: normal; font-weight: normal; letter-spacing: normal; orphans: 2; text-align: start; text-indent: 0px; text-transform: none; white-space: normal; widows: 2; word-spacing: 0px; -webkit-text-stroke-width: 0px; margin-bottom: 0cm;\">Ostatecznie 3 lokata oraz ma\u0142a strata do lidera napawa optymizmem przed nadchodz\u0105c\u0105 rund\u0105 wiosenn\u0105.<\/p>\n<p style=\"color: #333333; font-family: Tahoma, Helvetica, Arial, sans-serif; font-size: 15.2px; font-style: normal; font-variant-ligatures: normal; font-variant-caps: normal; font-weight: normal; letter-spacing: normal; orphans: 2; text-align: start; text-indent: 0px; text-transform: none; white-space: normal; widows: 2; word-spacing: 0px; -webkit-text-stroke-width: 0px; margin-bottom: 0cm;\">Sarmacja w rundzie rewan\u017cowej wszystkie czo\u0142owe dru\u017cyny podejmowa\u0107 b\u0119dzie na w\u0142asnym stadionie co powinno by\u0107 dodatkowym atutem.<\/p>\n<p style=\"color: #333333; font-family: Tahoma, Helvetica, Arial, sans-serif; font-size: 15.2px; font-style: normal; font-variant-ligatures: normal; font-variant-caps: normal; font-weight: normal; letter-spacing: normal; orphans: 2; text-align: start; text-indent: 0px; text-transform: none; white-space: normal; widows: 2; word-spacing: 0px; -webkit-text-stroke-width: 0px; margin-bottom: 0cm;\">Przed rozgrywkami wszyscy m\u00f3wili o ci\u0119\u017ckiej grupie naszpikowanej rezerwami ekstraklasy i jej zaplecza. Wobec powy\u017cszego pozycja Sarmacji zas\u0142uguje na s\u0142owa uznania.<\/p>\n<p style=\"color: #333333; font-family: Tahoma, Helvetica, Arial, sans-serif; font-size: 15.2px; font-style: normal; font-variant-ligatures: normal; font-variant-caps: normal; font-weight: normal; letter-spacing: normal; orphans: 2; text-align: start; text-indent: 0px; text-transform: none; white-space: normal; widows: 2; word-spacing: 0px; -webkit-text-stroke-width: 0px; margin-bottom: 0cm;\">Dzi\u0119kujemy pi\u0142karzom oraz sztabowi szkoleniowemu i wierzymy, \u017ce to nie jest jeszcze ich szczyt marze\u0144.<\/p>\n","protected":false},"excerpt":{"rendered":"<p>Pi\u0142karze Sarmacji B\u0119dzin po sko\u0144czonej rundzie jesiennej sezonu 2016\/2017 zako\u0144czyli treningi i udali si\u0119 na zas\u0142u\u017cony wypoczynek. Mo\u017cemy wi\u0119c na spokojnie podsumowa\u0107 minion\u0105 rund\u0119, w kt\u00f3rej to Sarmaci zaj\u0119li wysok\u0105 &#8211; 3 lokat\u0119 w tabeli. Mimo udanej pozycji pozostaje pewien niedosyt spowodowany niepotrzebn\u0105 strat\u0105 kilku punkt\u00f3w. Dystans do lidera Gwarka Tarnowskie G\u00f3ry nie przekre\u015bla jednak&#8230;<\/p>\n","protected":false},"author":1,"featured_media":946,"comment_status":"open","ping_status":"open","sticky":false,"template":"","format":"standard","meta":{"footnotes":""},"categories":[1],"tags":[],"class_list":["post-947","post","type-post","status-publish","format-standard","has-post-thumbnail","hentry","category-aktualnosci"],"yoast_head":"<!-- This site is optimized with the Yoast SEO plugin v25.8 - https:\/\/yoast.com\/wordpress\/plugins\/seo\/ -->\n<title>Podsumowanie rundy jesiennej! | BKS Sarmacja B\u0119dzin<\/title>\n<meta name=\"robots\" content=\"index, follow, max-snippet:-1, max-image-preview:large, max-video-preview:-1\" \/>\n<link rel=\"canonical\" href=\"https:\/\/sarmacjabedzin.pl\/index.php\/2016\/11\/29\/podsumowanie-rundy-jesiennej\/\" \/>\n<meta property=\"og:locale\" content=\"pl_PL\" \/>\n<meta property=\"og:type\" content=\"article\" \/>\n<meta property=\"og:title\" content=\"Podsumowanie rundy jesiennej! | BKS Sarmacja B\u0119dzin\" \/>\n<meta property=\"og:description\" content=\"Pi\u0142karze Sarmacji B\u0119dzin po sko\u0144czonej rundzie jesiennej sezonu 2016\/2017 zako\u0144czyli treningi i udali si\u0119 na zas\u0142u\u017cony wypoczynek. Mo\u017cemy wi\u0119c na spokojnie podsumowa\u0107 minion\u0105 rund\u0119, w kt\u00f3rej to Sarmaci zaj\u0119li wysok\u0105 &#8211; 3 lokat\u0119 w tabeli. Mimo udanej pozycji pozostaje pewien niedosyt spowodowany niepotrzebn\u0105 strat\u0105 kilku punkt\u00f3w. Dystans do lidera Gwarka Tarnowskie G\u00f3ry nie przekre\u015bla jednak...\" \/>\n<meta property=\"og:url\" content=\"https:\/\/sarmacjabedzin.pl\/index.php\/2016\/11\/29\/podsumowanie-rundy-jesiennej\/\" \/>\n<meta property=\"og:site_name\" content=\"BKS Sarmacja B\u0119dzin\" \/>\n<meta property=\"article:publisher\" content=\"https:\/\/www.facebook.com\/SarmacjaBedzin\" \/>\n<meta property=\"article:published_time\" content=\"2016-11-29T20:10:02+00:00\" \/>\n<meta property=\"og:image\" content=\"https:\/\/sarmacjabedzin.pl\/wp-content\/uploads\/2016\/11\/podsumowanie.jpg\" \/>\n\t<meta property=\"og:image:width\" content=\"1280\" \/>\n\t<meta property=\"og:image:height\" content=\"851\" \/>\n\t<meta property=\"og:image:type\" content=\"image\/jpeg\" \/>\n<meta name=\"author\" content=\"tyrtak\" \/>\n<meta name=\"twitter:card\" content=\"summary_large_image\" \/>\n<meta name=\"twitter:label1\" content=\"Napisane przez\" \/>\n\t<meta name=\"twitter:data1\" content=\"tyrtak\" \/>\n\t<meta name=\"twitter:label2\" content=\"Szacowany czas czytania\" \/>\n\t<meta name=\"twitter:data2\" content=\"2 minuty\" \/>\n<script type=\"application\/ld+json\" class=\"yoast-schema-graph\">{\"@context\":\"https:\/\/schema.org\",\"@graph\":[{\"@type\":\"WebPage\",\"@id\":\"https:\/\/sarmacjabedzin.pl\/index.php\/2016\/11\/29\/podsumowanie-rundy-jesiennej\/\",\"url\":\"https:\/\/sarmacjabedzin.pl\/index.php\/2016\/11\/29\/podsumowanie-rundy-jesiennej\/\",\"name\":\"Podsumowanie rundy jesiennej! | BKS Sarmacja B\u0119dzin\",\"isPartOf\":{\"@id\":\"https:\/\/sarmacjabedzin.pl\/#website\"},\"primaryImageOfPage\":{\"@id\":\"https:\/\/sarmacjabedzin.pl\/index.php\/2016\/11\/29\/podsumowanie-rundy-jesiennej\/#primaryimage\"},\"image\":{\"@id\":\"https:\/\/sarmacjabedzin.pl\/index.php\/2016\/11\/29\/podsumowanie-rundy-jesiennej\/#primaryimage\"},\"thumbnailUrl\":\"https:\/\/sarmacjabedzin.pl\/wp-content\/uploads\/2016\/11\/podsumowanie.jpg\",\"datePublished\":\"2016-11-29T20:10:02+00:00\",\"author\":{\"@id\":\"https:\/\/sarmacjabedzin.pl\/#\/schema\/person\/5417ea7b03bcd9adf58298a2265ce03a\"},\"breadcrumb\":{\"@id\":\"https:\/\/sarmacjabedzin.pl\/index.php\/2016\/11\/29\/podsumowanie-rundy-jesiennej\/#breadcrumb\"},\"inLanguage\":\"pl-PL\",\"potentialAction\":[{\"@type\":\"ReadAction\",\"target\":[\"https:\/\/sarmacjabedzin.pl\/index.php\/2016\/11\/29\/podsumowanie-rundy-jesiennej\/\"]}]},{\"@type\":\"ImageObject\",\"inLanguage\":\"pl-PL\",\"@id\":\"https:\/\/sarmacjabedzin.pl\/index.php\/2016\/11\/29\/podsumowanie-rundy-jesiennej\/#primaryimage\",\"url\":\"https:\/\/sarmacjabedzin.pl\/wp-content\/uploads\/2016\/11\/podsumowanie.jpg\",\"contentUrl\":\"https:\/\/sarmacjabedzin.pl\/wp-content\/uploads\/2016\/11\/podsumowanie.jpg\",\"width\":1280,\"height\":851},{\"@type\":\"BreadcrumbList\",\"@id\":\"https:\/\/sarmacjabedzin.pl\/index.php\/2016\/11\/29\/podsumowanie-rundy-jesiennej\/#breadcrumb\",\"itemListElement\":[{\"@type\":\"ListItem\",\"position\":1,\"name\":\"Strona g\u0142\u00f3wna\",\"item\":\"https:\/\/sarmacjabedzin.pl\/\"},{\"@type\":\"ListItem\",\"position\":2,\"name\":\"Podsumowanie rundy jesiennej!\"}]},{\"@type\":\"WebSite\",\"@id\":\"https:\/\/sarmacjabedzin.pl\/#website\",\"url\":\"https:\/\/sarmacjabedzin.pl\/\",\"name\":\"BKS Sarmacja B\u0119dzin \u2013 Nieoficjalny serwis\",\"description\":\"Nieoficjalny serwis B\u0119dzi\u0144skiego Klubu Sportowego &quot;Sarmacja&quot;\",\"potentialAction\":[{\"@type\":\"SearchAction\",\"target\":{\"@type\":\"EntryPoint\",\"urlTemplate\":\"https:\/\/sarmacjabedzin.pl\/?s={search_term_string}\"},\"query-input\":{\"@type\":\"PropertyValueSpecification\",\"valueRequired\":true,\"valueName\":\"search_term_string\"}}],\"inLanguage\":\"pl-PL\"},{\"@type\":\"Person\",\"@id\":\"https:\/\/sarmacjabedzin.pl\/#\/schema\/person\/5417ea7b03bcd9adf58298a2265ce03a\",\"name\":\"tyrtak\",\"image\":{\"@type\":\"ImageObject\",\"inLanguage\":\"pl-PL\",\"@id\":\"https:\/\/sarmacjabedzin.pl\/#\/schema\/person\/image\/\",\"url\":\"https:\/\/secure.gravatar.com\/avatar\/49b7734c6795cf524710e96813a9fedc1ae3816e479d92490236b4cfc47a5ae1?s=96&d=mm&r=g\",\"contentUrl\":\"https:\/\/secure.gravatar.com\/avatar\/49b7734c6795cf524710e96813a9fedc1ae3816e479d92490236b4cfc47a5ae1?s=96&d=mm&r=g\",\"caption\":\"tyrtak\"}}]}<\/script>\n<!-- \/ Yoast SEO plugin. -->","yoast_head_json":{"title":"Podsumowanie rundy jesiennej! | BKS Sarmacja B\u0119dzin","robots":{"index":"index","follow":"follow","max-snippet":"max-snippet:-1","max-image-preview":"max-image-preview:large","max-video-preview":"max-video-preview:-1"},"canonical":"https:\/\/sarmacjabedzin.pl\/index.php\/2016\/11\/29\/podsumowanie-rundy-jesiennej\/","og_locale":"pl_PL","og_type":"article","og_title":"Podsumowanie rundy jesiennej! | BKS Sarmacja B\u0119dzin","og_description":"Pi\u0142karze Sarmacji B\u0119dzin po sko\u0144czonej rundzie jesiennej sezonu 2016\/2017 zako\u0144czyli treningi i udali si\u0119 na zas\u0142u\u017cony wypoczynek. Mo\u017cemy wi\u0119c na spokojnie podsumowa\u0107 minion\u0105 rund\u0119, w kt\u00f3rej to Sarmaci zaj\u0119li wysok\u0105 &#8211; 3 lokat\u0119 w tabeli. Mimo udanej pozycji pozostaje pewien niedosyt spowodowany niepotrzebn\u0105 strat\u0105 kilku punkt\u00f3w. Dystans do lidera Gwarka Tarnowskie G\u00f3ry nie przekre\u015bla jednak...","og_url":"https:\/\/sarmacjabedzin.pl\/index.php\/2016\/11\/29\/podsumowanie-rundy-jesiennej\/","og_site_name":"BKS Sarmacja B\u0119dzin","article_publisher":"https:\/\/www.facebook.com\/SarmacjaBedzin","article_published_time":"2016-11-29T20:10:02+00:00","og_image":[{"width":1280,"height":851,"url":"https:\/\/sarmacjabedzin.pl\/wp-content\/uploads\/2016\/11\/podsumowanie.jpg","type":"image\/jpeg"}],"author":"tyrtak","twitter_card":"summary_large_image","twitter_misc":{"Napisane przez":"tyrtak","Szacowany czas czytania":"2 minuty"},"schema":{"@context":"https:\/\/schema.org","@graph":[{"@type":"WebPage","@id":"https:\/\/sarmacjabedzin.pl\/index.php\/2016\/11\/29\/podsumowanie-rundy-jesiennej\/","url":"https:\/\/sarmacjabedzin.pl\/index.php\/2016\/11\/29\/podsumowanie-rundy-jesiennej\/","name":"Podsumowanie rundy jesiennej! | BKS Sarmacja B\u0119dzin","isPartOf":{"@id":"https:\/\/sarmacjabedzin.pl\/#website"},"primaryImageOfPage":{"@id":"https:\/\/sarmacjabedzin.pl\/index.php\/2016\/11\/29\/podsumowanie-rundy-jesiennej\/#primaryimage"},"image":{"@id":"https:\/\/sarmacjabedzin.pl\/index.php\/2016\/11\/29\/podsumowanie-rundy-jesiennej\/#primaryimage"},"thumbnailUrl":"https:\/\/sarmacjabedzin.pl\/wp-content\/uploads\/2016\/11\/podsumowanie.jpg","datePublished":"2016-11-29T20:10:02+00:00","author":{"@id":"https:\/\/sarmacjabedzin.pl\/#\/schema\/person\/5417ea7b03bcd9adf58298a2265ce03a"},"breadcrumb":{"@id":"https:\/\/sarmacjabedzin.pl\/index.php\/2016\/11\/29\/podsumowanie-rundy-jesiennej\/#breadcrumb"},"inLanguage":"pl-PL","potentialAction":[{"@type":"ReadAction","target":["https:\/\/sarmacjabedzin.pl\/index.php\/2016\/11\/29\/podsumowanie-rundy-jesiennej\/"]}]},{"@type":"ImageObject","inLanguage":"pl-PL","@id":"https:\/\/sarmacjabedzin.pl\/index.php\/2016\/11\/29\/podsumowanie-rundy-jesiennej\/#primaryimage","url":"https:\/\/sarmacjabedzin.pl\/wp-content\/uploads\/2016\/11\/podsumowanie.jpg","contentUrl":"https:\/\/sarmacjabedzin.pl\/wp-content\/uploads\/2016\/11\/podsumowanie.jpg","width":1280,"height":851},{"@type":"BreadcrumbList","@id":"https:\/\/sarmacjabedzin.pl\/index.php\/2016\/11\/29\/podsumowanie-rundy-jesiennej\/#breadcrumb","itemListElement":[{"@type":"ListItem","position":1,"name":"Strona g\u0142\u00f3wna","item":"https:\/\/sarmacjabedzin.pl\/"},{"@type":"ListItem","position":2,"name":"Podsumowanie rundy jesiennej!"}]},{"@type":"WebSite","@id":"https:\/\/sarmacjabedzin.pl\/#website","url":"https:\/\/sarmacjabedzin.pl\/","name":"BKS Sarmacja B\u0119dzin \u2013 Nieoficjalny serwis","description":"Nieoficjalny serwis B\u0119dzi\u0144skiego Klubu Sportowego &quot;Sarmacja&quot;","potentialAction":[{"@type":"SearchAction","target":{"@type":"EntryPoint","urlTemplate":"https:\/\/sarmacjabedzin.pl\/?s={search_term_string}"},"query-input":{"@type":"PropertyValueSpecification","valueRequired":true,"valueName":"search_term_string"}}],"inLanguage":"pl-PL"},{"@type":"Person","@id":"https:\/\/sarmacjabedzin.pl\/#\/schema\/person\/5417ea7b03bcd9adf58298a2265ce03a","name":"tyrtak","image":{"@type":"ImageObject","inLanguage":"pl-PL","@id":"https:\/\/sarmacjabedzin.pl\/#\/schema\/person\/image\/","url":"https:\/\/secure.gravatar.com\/avatar\/49b7734c6795cf524710e96813a9fedc1ae3816e479d92490236b4cfc47a5ae1?s=96&d=mm&r=g","contentUrl":"https:\/\/secure.gravatar.com\/avatar\/49b7734c6795cf524710e96813a9fedc1ae3816e479d92490236b4cfc47a5ae1?s=96&d=mm&r=g","caption":"tyrtak"}}]}},"rttpg_featured_image_url":{"full":["https:\/\/sarmacjabedzin.pl\/wp-content\/uploads\/2016\/11\/podsumowanie.jpg",1280,851,false],"landscape":["https:\/\/sarmacjabedzin.pl\/wp-content\/uploads\/2016\/11\/podsumowanie.jpg",1280,851,false],"portraits":["https:\/\/sarmacjabedzin.pl\/wp-content\/uploads\/2016\/11\/podsumowanie.jpg",1280,851,false],"thumbnail":["https:\/\/sarmacjabedzin.pl\/wp-content\/uploads\/2016\/11\/podsumowanie-150x150.jpg",150,150,true],"medium":["https:\/\/sarmacjabedzin.pl\/wp-content\/uploads\/2016\/11\/podsumowanie-300x199.jpg",300,199,true],"large":["https:\/\/sarmacjabedzin.pl\/wp-content\/uploads\/2016\/11\/podsumowanie-1024x681.jpg",1024,681,true],"1536x1536":["https:\/\/sarmacjabedzin.pl\/wp-content\/uploads\/2016\/11\/podsumowanie.jpg",1280,851,false],"2048x2048":["https:\/\/sarmacjabedzin.pl\/wp-content\/uploads\/2016\/11\/podsumowanie.jpg",1280,851,false],"sportspress-crop-medium":["https:\/\/sarmacjabedzin.pl\/wp-content\/uploads\/2016\/11\/podsumowanie-300x300.jpg",300,300,true],"sportspress-fit-medium":["https:\/\/sarmacjabedzin.pl\/wp-content\/uploads\/2016\/11\/podsumowanie-300x199.jpg",300,199,true],"sportspress-fit-icon":["https:\/\/sarmacjabedzin.pl\/wp-content\/uploads\/2016\/11\/podsumowanie-128x85.jpg",128,85,true],"sportspress-fit-mini":["https:\/\/sarmacjabedzin.pl\/wp-content\/uploads\/2016\/11\/podsumowanie-32x21.jpg",32,21,true],"ultp_layout_landscape_large":["https:\/\/sarmacjabedzin.pl\/wp-content\/uploads\/2016\/11\/podsumowanie.jpg",1200,798,false],"ultp_layout_landscape":["https:\/\/sarmacjabedzin.pl\/wp-content\/uploads\/2016\/11\/podsumowanie.jpg",857,570,false],"ultp_layout_portrait":["https:\/\/sarmacjabedzin.pl\/wp-content\/uploads\/2016\/11\/podsumowanie.jpg",600,399,false],"ultp_layout_square":["https:\/\/sarmacjabedzin.pl\/wp-content\/uploads\/2016\/11\/podsumowanie.jpg",600,399,false],"stm-1140-666":["https:\/\/sarmacjabedzin.pl\/wp-content\/uploads\/2016\/11\/podsumowanie-1140x666.jpg",1140,666,true],"stm-1170-650":["https:\/\/sarmacjabedzin.pl\/wp-content\/uploads\/2016\/11\/podsumowanie-1170x650.jpg",1170,650,true],"stm-570-350":["https:\/\/sarmacjabedzin.pl\/wp-content\/uploads\/2016\/11\/podsumowanie-570x350.jpg",570,350,true],"stm-570-250":["https:\/\/sarmacjabedzin.pl\/wp-content\/uploads\/2016\/11\/podsumowanie-570x250.jpg",570,250,true],"stm-270-370":["https:\/\/sarmacjabedzin.pl\/wp-content\/uploads\/2016\/11\/podsumowanie-270x370.jpg",270,370,true],"stm-540-500":["https:\/\/sarmacjabedzin.pl\/wp-content\/uploads\/2016\/11\/podsumowanie-540x500.jpg",540,500,true],"stm-270-530":["https:\/\/sarmacjabedzin.pl\/wp-content\/uploads\/2016\/11\/podsumowanie-270x530.jpg",270,530,true],"stm-200-200":["https:\/\/sarmacjabedzin.pl\/wp-content\/uploads\/2016\/11\/podsumowanie-200x200.jpg",200,200,true],"stm-85-105":["https:\/\/sarmacjabedzin.pl\/wp-content\/uploads\/2016\/11\/podsumowanie-85x105.jpg",85,105,true],"stm-255-255":["https:\/\/sarmacjabedzin.pl\/wp-content\/uploads\/2016\/11\/podsumowanie-255x255.jpg",255,255,true],"stm-360-240":["https:\/\/sarmacjabedzin.pl\/wp-content\/uploads\/2016\/11\/podsumowanie-360x240.jpg",360,240,true],"stm-360-495":["https:\/\/sarmacjabedzin.pl\/wp-content\/uploads\/2016\/11\/podsumowanie-360x495.jpg",360,495,true],"stm-445-400":["https:\/\/sarmacjabedzin.pl\/wp-content\/uploads\/2016\/11\/podsumowanie-445x400.jpg",445,400,true],"stm-735-240":["https:\/\/sarmacjabedzin.pl\/wp-content\/uploads\/2016\/11\/podsumowanie-735x240.jpg",735,240,true],"stm-255-183":["https:\/\/sarmacjabedzin.pl\/wp-content\/uploads\/2016\/11\/podsumowanie-255x183.jpg",255,183,true],"stm-350-250":["https:\/\/sarmacjabedzin.pl\/wp-content\/uploads\/2016\/11\/podsumowanie-350x250.jpg",350,250,true],"blog_list":["https:\/\/sarmacjabedzin.pl\/wp-content\/uploads\/2016\/11\/podsumowanie-270x220.jpg",270,220,true],"blog_list_medium":["https:\/\/sarmacjabedzin.pl\/wp-content\/uploads\/2016\/11\/podsumowanie-390x345.jpg",390,345,true],"gallery_thumbnail":["https:\/\/sarmacjabedzin.pl\/wp-content\/uploads\/2016\/11\/podsumowanie-80x80.jpg",80,80,true],"gallery_image":["https:\/\/sarmacjabedzin.pl\/wp-content\/uploads\/2016\/11\/podsumowanie-560x367.jpg",560,367,true],"gallery_image_mini":["https:\/\/sarmacjabedzin.pl\/wp-content\/uploads\/2016\/11\/podsumowanie-143x116.jpg",143,116,true],"player_photo":["https:\/\/sarmacjabedzin.pl\/wp-content\/uploads\/2016\/11\/podsumowanie-740x740.jpg",740,740,true],"team_logo":["https:\/\/sarmacjabedzin.pl\/wp-content\/uploads\/2016\/11\/podsumowanie-98x65.jpg",98,65,true],"player_stat_ava":["https:\/\/sarmacjabedzin.pl\/wp-content\/uploads\/2016\/11\/podsumowanie-550x580.jpg",550,580,true],"post-350-220":["https:\/\/sarmacjabedzin.pl\/wp-content\/uploads\/2016\/11\/podsumowanie-350x220.jpg",350,220,true],"post-275-142":["https:\/\/sarmacjabedzin.pl\/wp-content\/uploads\/2016\/11\/podsumowanie-275x142.jpg",275,142,true],"post-160-120":["https:\/\/sarmacjabedzin.pl\/wp-content\/uploads\/2016\/11\/podsumowanie-160x120.jpg",160,120,true],"post-110-70":["https:\/\/sarmacjabedzin.pl\/wp-content\/uploads\/2016\/11\/podsumowanie-110x70.jpg",110,70,true],"post-770-450":["https:\/\/sarmacjabedzin.pl\/wp-content\/uploads\/2016\/11\/podsumowanie-770x450.jpg",770,450,true],"post-370-210":["https:\/\/sarmacjabedzin.pl\/wp-content\/uploads\/2016\/11\/podsumowanie-370x210.jpg",370,210,true],"post-457-470":["https:\/\/sarmacjabedzin.pl\/wp-content\/uploads\/2016\/11\/podsumowanie-457x470.jpg",457,470,true],"post-370-420":["https:\/\/sarmacjabedzin.pl\/wp-content\/uploads\/2016\/11\/podsumowanie-370x420.jpg",370,420,true],"stm-445-445":["https:\/\/sarmacjabedzin.pl\/wp-content\/uploads\/2016\/11\/podsumowanie-445x445.jpg",445,445,true],"stm-555-460":["https:\/\/sarmacjabedzin.pl\/wp-content\/uploads\/2016\/11\/podsumowanie-555x460.jpg",555,460,true],"stm-350-450":["https:\/\/sarmacjabedzin.pl\/wp-content\/uploads\/2016\/11\/podsumowanie-350x450.jpg",350,450,true],"stm-720-440":["https:\/\/sarmacjabedzin.pl\/wp-content\/uploads\/2016\/11\/podsumowanie-720x440.jpg",720,440,true],"stm-270-270":["https:\/\/sarmacjabedzin.pl\/wp-content\/uploads\/2016\/11\/podsumowanie.jpg",270,180,false],"stm-760-450":["https:\/\/sarmacjabedzin.pl\/wp-content\/uploads\/2016\/11\/podsumowanie.jpg",677,450,false]},"rttpg_author":{"display_name":"tyrtak","author_link":false},"rttpg_comment":0,"rttpg_category":"<a href=\"https:\/\/sarmacjabedzin.pl\/index.php\/category\/aktualnosci\/\" rel=\"category tag\">Aktualno\u015bci<\/a>","rttpg_excerpt":"Pi\u0142karze Sarmacji B\u0119dzin po sko\u0144czonej rundzie jesiennej sezonu 2016\/2017 zako\u0144czyli treningi i udali si\u0119 na zas\u0142u\u017cony wypoczynek. Mo\u017cemy wi\u0119c na spokojnie podsumowa\u0107 minion\u0105 rund\u0119, w kt\u00f3rej to Sarmaci zaj\u0119li wysok\u0105 &#8211; 3 lokat\u0119 w tabeli. Mimo udanej pozycji pozostaje pewien niedosyt spowodowany niepotrzebn\u0105 strat\u0105 kilku punkt\u00f3w. Dystans do lidera Gwarka Tarnowskie G\u00f3ry nie przekre\u015bla jednak...","_links":{"self":[{"href":"https:\/\/sarmacjabedzin.pl\/index.php\/wp-json\/wp\/v2\/posts\/947","targetHints":{"allow":["GET"]}}],"collection":[{"href":"https:\/\/sarmacjabedzin.pl\/index.php\/wp-json\/wp\/v2\/posts"}],"about":[{"href":"https:\/\/sarmacjabedzin.pl\/index.php\/wp-json\/wp\/v2\/types\/post"}],"author":[{"embeddable":true,"href":"https:\/\/sarmacjabedzin.pl\/index.php\/wp-json\/wp\/v2\/users\/1"}],"replies":[{"embeddable":true,"href":"https:\/\/sarmacjabedzin.pl\/index.php\/wp-json\/wp\/v2\/comments?post=947"}],"version-history":[{"count":0,"href":"https:\/\/sarmacjabedzin.pl\/index.php\/wp-json\/wp\/v2\/posts\/947\/revisions"}],"wp:featuredmedia":[{"embeddable":true,"href":"https:\/\/sarmacjabedzin.pl\/index.php\/wp-json\/wp\/v2\/media\/946"}],"wp:attachment":[{"href":"https:\/\/sarmacjabedzin.pl\/index.php\/wp-json\/wp\/v2\/media?parent=947"}],"wp:term":[{"taxonomy":"category","embeddable":true,"href":"https:\/\/sarmacjabedzin.pl\/index.php\/wp-json\/wp\/v2\/categories?post=947"},{"taxonomy":"post_tag","embeddable":true,"href":"https:\/\/sarmacjabedzin.pl\/index.php\/wp-json\/wp\/v2\/tags?post=947"}],"curies":[{"name":"wp","href":"https:\/\/api.w.org\/{rel}","templated":true}]}}