{"id":9675,"date":"2025-11-08T18:51:21","date_gmt":"2025-11-08T17:51:21","guid":{"rendered":"https:\/\/sarmacjabedzin.pl\/?p=9675"},"modified":"2025-11-08T18:58:41","modified_gmt":"2025-11-08T17:58:41","slug":"kolejny-tydzien-na-fotelu-lidera","status":"publish","type":"post","link":"https:\/\/sarmacjabedzin.pl\/index.php\/2025\/11\/08\/kolejny-tydzien-na-fotelu-lidera\/","title":{"rendered":"Kolejny tydzie\u0144 na fotelu lidera!"},"content":{"rendered":"<p>Po kr\u00f3tkiej, \u015bwi\u0105tecznej przerwie pi\u0142karze <strong>Sarmacji B\u0119dzin<\/strong> ponownie wybiegli na muraw\u0119. W sobot\u0119, <strong>8 listopada 2025 roku o godzinie 14:30<\/strong>, nasz zesp\u00f3\u0142 rozegra\u0142 na wyje\u017adzie spotkanie <strong>XIII kolejki ligowej<\/strong>, w kt\u00f3rym zmierzy\u0142 si\u0119 z dru\u017cyn\u0105 <strong>Unii Kosztowy<\/strong>.<\/p>\n<p>Gospodarze z dorobkiem <strong>23 punkt\u00f3w<\/strong> zajmowali <strong>6. miejsce w tabeli<\/strong>, natomiast <strong>Sarmacja<\/strong>, maj\u0105ca na swoim koncie <strong>27 punkt\u00f3w<\/strong>, utrzymywa\u0142a pozycj\u0119 <strong>lidera<\/strong>.<\/p>\n<p>W poprzedniej kolejce podopieczni trenera <strong>Tomasza Nowaka<\/strong> pewnie pokonali w Siemianowicach \u015al\u0105skich miejscow\u0105 <strong>Siemianowiczank\u0119 4:0<\/strong>, natomiast Unia musia\u0142a uzna\u0107 wy\u017cszo\u015b\u0107 <strong>G\u00f3rnika Piaski<\/strong>, przegrywaj\u0105c <strong>1:2<\/strong>.<\/p>\n<p>Ostatnie ligowe starcie obu zespo\u0142\u00f3w, rozegrane <strong>19 kwietnia 2025 roku w Kosztowach<\/strong>, zako\u0144czy\u0142o si\u0119 remisem <strong>1:1<\/strong>. Wyr\u00f3wnuj\u0105cego gola dla b\u0119dzinian zdoby\u0142 w\u00f3wczas z rzutu karnego <strong>Franco Carballo<\/strong>.<\/p>\n<p>Wszyscy zastanawiali si\u0119, jak po dwutygodniowej przerwie zaprezentuj\u0105 si\u0119 oba zespo\u0142y.<br \/>\nOd pierwszych minut <strong>Sarmaci ruszyli na rywala z du\u017cym animuszem<\/strong>. Ju\u017c w 3 minucie pi\u0142ka wyl\u0105dowa\u0142a w siatce gospodarzy, jednak gol <strong>\u0141ukasza Ignalskiego<\/strong> nie zosta\u0142 uznany, s\u0119dzia dopatrzy\u0142 si\u0119 wcze\u015bniej faulu naszego zawodnika. W 14 minucie pi\u0142ka po rzucie wolnym <strong>Tomasza Nowaka<\/strong> przelecia\u0142a nad bramk\u0105 miejscowych. Chwil\u0119 potem rywale zmarnowali znakomit\u0105 okazj\u0119 na obj\u0119cie prowadzenia, zawodnik Unii z 5 metr\u00f3w pos\u0142a\u0142 futbol\u00f3wk\u0119 nad poprzeczk\u0105 naszej bramki.<\/p>\n<p>Niestety w 25 minucie gospodarze wykorzystali b\u0142\u0105d defensywy b\u0119dzinian, a pi\u0142karz kosztowian strza\u0142em po d\u0142ugim rogu pokona\u0142 <strong>Rafa\u0142a Dawida<\/strong>. Zaskoczeni takim obrotem sprawy go\u015bcie szybko ruszyli do odrabiania strat. Potrzebowali na to zaledwie 10 minut. Wtedy to <strong>Jakub Kaczmarek<\/strong> zdecydowa\u0142 si\u0119 na wrzutk\u0119 w pole karne rywala, pi\u0142ka trafi\u0142a w r\u0119k\u0119 obro\u0144cy miejscowych, a s\u0119dzia wskaza\u0142 na jedenasty metr. Wyr\u00f3wnuj\u0105ce trafienie na 1:1 celnym uderzeniem z rzutu karnego zdoby\u0142 <strong>Tomasz Nowak<\/strong>.<\/p>\n<p>W 41 minucie pi\u0142ka po g\u0142\u00f3wce gospodarzy przelecia\u0142a tu\u017c obok naszej bramki, a w 44 minucie pi\u0119kn\u0105 indywidualn\u0105 akcj\u0105 popisa\u0142 si\u0119 <strong>Marek Kocot<\/strong>, kt\u00f3ry mijaj\u0105c obro\u0144c\u00f3w rywala odda\u0142 gro\u017any strza\u0142. Niestety w ostatniej chwili futbol\u00f3wk\u0119 z linii bramkowej zdo\u0142a\u0142 wybi\u0107 zawodnik Unii. Do przerwy utrzyma\u0142 si\u0119 wynik remisowy <strong>1:1<\/strong>, kt\u00f3ry nie by\u0142 zadowalaj\u0105cy dla lidera tabeli &#8211; Sarmacji.<\/p>\n<p>Zaledwie dwie minuty po wznowieniu drugiej po\u0142owy <strong>Jakub Kaczmarek<\/strong> stan\u0105\u0142 przed znakomit\u0105 okazj\u0105 na zdobycie prowadzenia, lecz z bliskiej odleg\u0142o\u015bci nie zdo\u0142a\u0142 pokona\u0107 golkipera gospodarzy. Chwil\u0119 potem, po przeciwnej stronie boiska, <strong>Rafa\u0142 Dawid<\/strong> wybroni\u0142 gro\u017an\u0105 g\u0142\u00f3wk\u0119 rywala.<\/p>\n<p>Ambitnie d\u0105\u017c\u0105cy do swojego celu b\u0119dzinianie w 56 minucie wreszcie obj\u0119li prowadzenie. <strong>Przepi\u0119knym, podkr\u0119conym uderzeniem po d\u0142ugim rogu bramki popisa\u0142 si\u0119 Patryk Wnuk!<\/strong> Zaraz po stracie gola miejscowi przej\u0119li inicjatyw\u0119, pr\u00f3buj\u0105c szybko doprowadzi\u0107 do wyr\u00f3wnania, jednak nasza defensywa nie da\u0142a si\u0119 ju\u017c zaskoczy\u0107.<\/p>\n<p>W 62 i 64 minucie kolejne strza\u0142y <strong>Kacpra Jasi\u0144skiego<\/strong> oraz <strong>Marka Kocota<\/strong> poszybowa\u0142y nad bramk\u0105 rywala. W 66 minucie <strong>Mateusz Popczyk<\/strong> odda\u0142 silny strza\u0142 wprost w golkipera miejscowych. W 79 minucie <strong>Rafa\u0142 Dawid<\/strong> ponownie nie da\u0142 si\u0119 zaskoczy\u0107 rywalowi, broni\u0105c jego uderzenie. Ko\u0144c\u00f3wka meczu mia\u0142a bardzo nerwowy przebieg, do ostatnich minut wa\u017cy\u0142y si\u0119 losy tego spotkania. Podopieczni trenera <strong>Tomasza Nowaka<\/strong> dobrze znali warto\u015b\u0107 dzisiejszego zwyci\u0119stwa. To w\u0142a\u015bnie nasz szkoleniowiec w 90 minucie, wpadaj\u0105c w pole karne rywala, zosta\u0142 w nim sfaulowany. S\u0119dzia g\u0142\u00f3wny bez wahania wskaza\u0142 na wapno, a <strong>Tomasz Nowak<\/strong> po raz drugi w tym meczu pewnie wykorzysta\u0142 rzut karny!<br \/>\nSarmacja, prowadz\u0105c <strong>3:1<\/strong>, zdecydowanie uspokoi\u0142a nerwy swoich kibic\u00f3w.<br \/>\nW 94 minucie na strza\u0142 zza pola karnego zdecydowa\u0142 si\u0119 <strong>Hubert Sych<\/strong>. Bramkarz gospodarzy zdo\u0142a\u0142 go odbi\u0107, ale niefortunnie skierowa\u0142 pi\u0142k\u0119 wprost pod nogi nadbiegaj\u0105cego <strong>Piotra Samborskiego<\/strong>, kt\u00f3ry nie zmarnowa\u0142 takiego prezentu i ustali\u0142 wynik spotkania na <strong>4:1<\/strong>.<\/p>\n<p>Ostatni kwadrans gry przebiega\u0142 ju\u017c w zapadaj\u0105cych ciemno\u015bciach, pot\u0119gowanych przez niekorzystn\u0105 pogod\u0119. Zbyt p\u00f3\u017ana pora rozpocz\u0119cia meczu wzbudzi\u0142a sporo kontrowersji.<br \/>\nOstatecznie jednak <strong>Sarmacja na trudnym terenie si\u0119gn\u0119\u0142a po zas\u0142u\u017cony komplet punkt\u00f3w<\/strong>.<\/p>\n<p>Zwyci\u0119stwo <strong>4:1<\/strong> z dru\u017cyn\u0105, kt\u00f3ra dot\u0105d mia\u0142a <strong>najlepsz\u0105 defensyw\u0119 w lidze<\/strong>, musi budzi\u0107 respekt.<br \/>\nOd dzi\u015b to <strong>Sarmaci<\/strong> mog\u0105 pochwali\u0107 si\u0119 zar\u00f3wno <strong>najlepsz\u0105 ofensyw\u0105, jak i defensyw\u0105 w ca\u0142ej lidze &#8211;<\/strong> bilans <strong>58:13!<\/strong><\/p>\n<p><strong>Brawo dla ca\u0142ej dru\u017cyny<\/strong>, kt\u00f3ra wytrzyma\u0142a presj\u0119 i w nagrod\u0119 <strong>kolejny tydzie\u0144 sp\u0119dzi na fotelu lidera<\/strong>!<br \/>\nJu\u017c za tydzie\u0144 Sarmaci na w\u0142asnym stadionie podejm\u0105 <strong>Pogo\u0144 Imielin. J<\/strong>u\u017c dzi\u015b zapraszamy na ten zapowiadaj\u0105cy si\u0119 niezwykle ciekawie pojedynek!<\/p>\n<h3>Unia Kosztowy \u2013 Sarmacja B\u0119dzin 1:4 (1:1)<\/h3>\n<p><strong>S\u0119dzia:<\/strong> Marcin Tokarz (Tychy)<\/p>\n<p><strong>Bramki:<\/strong><br \/>\n35&#8242; (k), 91&#8242; (k) Nowak<br \/>\n56&#8242; Wnuk<br \/>\n94&#8242; Samborski<br \/>\n______________<br \/>\n25&#8242;<\/p>\n<p><strong>Sarmacja B\u0119dzin:<\/strong> Dawid \u2013 Dul, Habrat, Wnuk, Ignalski, Kaczmarek (65&#8242; G\u00f3ral), Zalewski (65&#8242; Sych), Nowak, Kocot, Jasi\u0144ski (79&#8242; Samborski), Popczyk (87&#8242; Rumi\u0144ski).<\/p>\n<p><strong>Trener:<\/strong> Tomasz Nowak.<\/p>\n","protected":false},"excerpt":{"rendered":"<p>Po kr\u00f3tkiej, \u015bwi\u0105tecznej przerwie pi\u0142karze Sarmacji B\u0119dzin ponownie wybiegli na muraw\u0119. W sobot\u0119, 8 listopada 2025 roku o godzinie 14:30, nasz zesp\u00f3\u0142 rozegra\u0142 na wyje\u017adzie spotkanie XIII kolejki ligowej, w kt\u00f3rym zmierzy\u0142 si\u0119 z dru\u017cyn\u0105 Unii Kosztowy. Gospodarze z dorobkiem 23 punkt\u00f3w zajmowali 6. miejsce w tabeli, natomiast Sarmacja, maj\u0105ca na swoim koncie 27 punkt\u00f3w,&#8230;<\/p>\n","protected":false},"author":1,"featured_media":9677,"comment_status":"closed","ping_status":"closed","sticky":false,"template":"","format":"standard","meta":{"footnotes":""},"categories":[64,142],"tags":[],"class_list":["post-9675","post","type-post","status-publish","format-standard","has-post-thumbnail","hentry","category-soccer","category-relacja-z-meczu"],"yoast_head":"<!-- This site is optimized with the Yoast SEO plugin v25.8 - https:\/\/yoast.com\/wordpress\/plugins\/seo\/ -->\n<title>Kolejny tydzie\u0144 na fotelu lidera! | BKS Sarmacja B\u0119dzin<\/title>\n<meta name=\"robots\" content=\"index, follow, max-snippet:-1, max-image-preview:large, max-video-preview:-1\" \/>\n<link rel=\"canonical\" href=\"https:\/\/sarmacjabedzin.pl\/index.php\/2025\/11\/08\/kolejny-tydzien-na-fotelu-lidera\/\" \/>\n<meta property=\"og:locale\" content=\"pl_PL\" \/>\n<meta property=\"og:type\" content=\"article\" \/>\n<meta property=\"og:title\" content=\"Kolejny tydzie\u0144 na fotelu lidera! | BKS Sarmacja B\u0119dzin\" \/>\n<meta property=\"og:description\" content=\"Po kr\u00f3tkiej, \u015bwi\u0105tecznej przerwie pi\u0142karze Sarmacji B\u0119dzin ponownie wybiegli na muraw\u0119. W sobot\u0119, 8 listopada 2025 roku o godzinie 14:30, nasz zesp\u00f3\u0142 rozegra\u0142 na wyje\u017adzie spotkanie XIII kolejki ligowej, w kt\u00f3rym zmierzy\u0142 si\u0119 z dru\u017cyn\u0105 Unii Kosztowy. Gospodarze z dorobkiem 23 punkt\u00f3w zajmowali 6. miejsce w tabeli, natomiast Sarmacja, maj\u0105ca na swoim koncie 27 punkt\u00f3w,...\" \/>\n<meta property=\"og:url\" content=\"https:\/\/sarmacjabedzin.pl\/index.php\/2025\/11\/08\/kolejny-tydzien-na-fotelu-lidera\/\" \/>\n<meta property=\"og:site_name\" content=\"BKS Sarmacja B\u0119dzin\" \/>\n<meta property=\"article:publisher\" content=\"https:\/\/www.facebook.com\/SarmacjaBedzin\" \/>\n<meta property=\"article:published_time\" content=\"2025-11-08T17:51:21+00:00\" \/>\n<meta property=\"article:modified_time\" content=\"2025-11-08T17:58:41+00:00\" \/>\n<meta property=\"og:image\" content=\"http:\/\/sarmacjabedzin.pl\/wp-content\/uploads\/2025\/11\/Unia-social.jpg\" \/>\n\t<meta property=\"og:image:width\" content=\"1080\" \/>\n\t<meta property=\"og:image:height\" content=\"1350\" \/>\n\t<meta property=\"og:image:type\" content=\"image\/jpeg\" \/>\n<meta name=\"author\" content=\"tyrtak\" \/>\n<meta name=\"twitter:card\" content=\"summary_large_image\" \/>\n<meta name=\"twitter:label1\" content=\"Napisane przez\" \/>\n\t<meta name=\"twitter:data1\" content=\"tyrtak\" \/>\n\t<meta name=\"twitter:label2\" content=\"Szacowany czas czytania\" \/>\n\t<meta name=\"twitter:data2\" content=\"5 minut\" \/>\n<script type=\"application\/ld+json\" class=\"yoast-schema-graph\">{\"@context\":\"https:\/\/schema.org\",\"@graph\":[{\"@type\":\"WebPage\",\"@id\":\"https:\/\/sarmacjabedzin.pl\/index.php\/2025\/11\/08\/kolejny-tydzien-na-fotelu-lidera\/\",\"url\":\"https:\/\/sarmacjabedzin.pl\/index.php\/2025\/11\/08\/kolejny-tydzien-na-fotelu-lidera\/\",\"name\":\"Kolejny tydzie\u0144 na fotelu lidera! | BKS Sarmacja B\u0119dzin\",\"isPartOf\":{\"@id\":\"https:\/\/sarmacjabedzin.pl\/#website\"},\"primaryImageOfPage\":{\"@id\":\"https:\/\/sarmacjabedzin.pl\/index.php\/2025\/11\/08\/kolejny-tydzien-na-fotelu-lidera\/#primaryimage\"},\"image\":{\"@id\":\"https:\/\/sarmacjabedzin.pl\/index.php\/2025\/11\/08\/kolejny-tydzien-na-fotelu-lidera\/#primaryimage\"},\"thumbnailUrl\":\"https:\/\/sarmacjabedzin.pl\/wp-content\/uploads\/2025\/11\/Unia-www.jpg\",\"datePublished\":\"2025-11-08T17:51:21+00:00\",\"dateModified\":\"2025-11-08T17:58:41+00:00\",\"author\":{\"@id\":\"https:\/\/sarmacjabedzin.pl\/#\/schema\/person\/5417ea7b03bcd9adf58298a2265ce03a\"},\"breadcrumb\":{\"@id\":\"https:\/\/sarmacjabedzin.pl\/index.php\/2025\/11\/08\/kolejny-tydzien-na-fotelu-lidera\/#breadcrumb\"},\"inLanguage\":\"pl-PL\",\"potentialAction\":[{\"@type\":\"ReadAction\",\"target\":[\"https:\/\/sarmacjabedzin.pl\/index.php\/2025\/11\/08\/kolejny-tydzien-na-fotelu-lidera\/\"]}]},{\"@type\":\"ImageObject\",\"inLanguage\":\"pl-PL\",\"@id\":\"https:\/\/sarmacjabedzin.pl\/index.php\/2025\/11\/08\/kolejny-tydzien-na-fotelu-lidera\/#primaryimage\",\"url\":\"https:\/\/sarmacjabedzin.pl\/wp-content\/uploads\/2025\/11\/Unia-www.jpg\",\"contentUrl\":\"https:\/\/sarmacjabedzin.pl\/wp-content\/uploads\/2025\/11\/Unia-www.jpg\",\"width\":2048,\"height\":1365},{\"@type\":\"BreadcrumbList\",\"@id\":\"https:\/\/sarmacjabedzin.pl\/index.php\/2025\/11\/08\/kolejny-tydzien-na-fotelu-lidera\/#breadcrumb\",\"itemListElement\":[{\"@type\":\"ListItem\",\"position\":1,\"name\":\"Strona g\u0142\u00f3wna\",\"item\":\"https:\/\/sarmacjabedzin.pl\/\"},{\"@type\":\"ListItem\",\"position\":2,\"name\":\"Kolejny tydzie\u0144 na fotelu lidera!\"}]},{\"@type\":\"WebSite\",\"@id\":\"https:\/\/sarmacjabedzin.pl\/#website\",\"url\":\"https:\/\/sarmacjabedzin.pl\/\",\"name\":\"BKS Sarmacja B\u0119dzin \u2013 Nieoficjalny serwis\",\"description\":\"Nieoficjalny serwis B\u0119dzi\u0144skiego Klubu Sportowego &quot;Sarmacja&quot;\",\"potentialAction\":[{\"@type\":\"SearchAction\",\"target\":{\"@type\":\"EntryPoint\",\"urlTemplate\":\"https:\/\/sarmacjabedzin.pl\/?s={search_term_string}\"},\"query-input\":{\"@type\":\"PropertyValueSpecification\",\"valueRequired\":true,\"valueName\":\"search_term_string\"}}],\"inLanguage\":\"pl-PL\"},{\"@type\":\"Person\",\"@id\":\"https:\/\/sarmacjabedzin.pl\/#\/schema\/person\/5417ea7b03bcd9adf58298a2265ce03a\",\"name\":\"tyrtak\",\"image\":{\"@type\":\"ImageObject\",\"inLanguage\":\"pl-PL\",\"@id\":\"https:\/\/sarmacjabedzin.pl\/#\/schema\/person\/image\/\",\"url\":\"https:\/\/secure.gravatar.com\/avatar\/49b7734c6795cf524710e96813a9fedc1ae3816e479d92490236b4cfc47a5ae1?s=96&d=mm&r=g\",\"contentUrl\":\"https:\/\/secure.gravatar.com\/avatar\/49b7734c6795cf524710e96813a9fedc1ae3816e479d92490236b4cfc47a5ae1?s=96&d=mm&r=g\",\"caption\":\"tyrtak\"}}]}<\/script>\n<!-- \/ Yoast SEO plugin. -->","yoast_head_json":{"title":"Kolejny tydzie\u0144 na fotelu lidera! | BKS Sarmacja B\u0119dzin","robots":{"index":"index","follow":"follow","max-snippet":"max-snippet:-1","max-image-preview":"max-image-preview:large","max-video-preview":"max-video-preview:-1"},"canonical":"https:\/\/sarmacjabedzin.pl\/index.php\/2025\/11\/08\/kolejny-tydzien-na-fotelu-lidera\/","og_locale":"pl_PL","og_type":"article","og_title":"Kolejny tydzie\u0144 na fotelu lidera! | BKS Sarmacja B\u0119dzin","og_description":"Po kr\u00f3tkiej, \u015bwi\u0105tecznej przerwie pi\u0142karze Sarmacji B\u0119dzin ponownie wybiegli na muraw\u0119. W sobot\u0119, 8 listopada 2025 roku o godzinie 14:30, nasz zesp\u00f3\u0142 rozegra\u0142 na wyje\u017adzie spotkanie XIII kolejki ligowej, w kt\u00f3rym zmierzy\u0142 si\u0119 z dru\u017cyn\u0105 Unii Kosztowy. Gospodarze z dorobkiem 23 punkt\u00f3w zajmowali 6. miejsce w tabeli, natomiast Sarmacja, maj\u0105ca na swoim koncie 27 punkt\u00f3w,...","og_url":"https:\/\/sarmacjabedzin.pl\/index.php\/2025\/11\/08\/kolejny-tydzien-na-fotelu-lidera\/","og_site_name":"BKS Sarmacja B\u0119dzin","article_publisher":"https:\/\/www.facebook.com\/SarmacjaBedzin","article_published_time":"2025-11-08T17:51:21+00:00","article_modified_time":"2025-11-08T17:58:41+00:00","og_image":[{"width":1080,"height":1350,"url":"http:\/\/sarmacjabedzin.pl\/wp-content\/uploads\/2025\/11\/Unia-social.jpg","type":"image\/jpeg"}],"author":"tyrtak","twitter_card":"summary_large_image","twitter_misc":{"Napisane przez":"tyrtak","Szacowany czas czytania":"5 minut"},"schema":{"@context":"https:\/\/schema.org","@graph":[{"@type":"WebPage","@id":"https:\/\/sarmacjabedzin.pl\/index.php\/2025\/11\/08\/kolejny-tydzien-na-fotelu-lidera\/","url":"https:\/\/sarmacjabedzin.pl\/index.php\/2025\/11\/08\/kolejny-tydzien-na-fotelu-lidera\/","name":"Kolejny tydzie\u0144 na fotelu lidera! | BKS Sarmacja B\u0119dzin","isPartOf":{"@id":"https:\/\/sarmacjabedzin.pl\/#website"},"primaryImageOfPage":{"@id":"https:\/\/sarmacjabedzin.pl\/index.php\/2025\/11\/08\/kolejny-tydzien-na-fotelu-lidera\/#primaryimage"},"image":{"@id":"https:\/\/sarmacjabedzin.pl\/index.php\/2025\/11\/08\/kolejny-tydzien-na-fotelu-lidera\/#primaryimage"},"thumbnailUrl":"https:\/\/sarmacjabedzin.pl\/wp-content\/uploads\/2025\/11\/Unia-www.jpg","datePublished":"2025-11-08T17:51:21+00:00","dateModified":"2025-11-08T17:58:41+00:00","author":{"@id":"https:\/\/sarmacjabedzin.pl\/#\/schema\/person\/5417ea7b03bcd9adf58298a2265ce03a"},"breadcrumb":{"@id":"https:\/\/sarmacjabedzin.pl\/index.php\/2025\/11\/08\/kolejny-tydzien-na-fotelu-lidera\/#breadcrumb"},"inLanguage":"pl-PL","potentialAction":[{"@type":"ReadAction","target":["https:\/\/sarmacjabedzin.pl\/index.php\/2025\/11\/08\/kolejny-tydzien-na-fotelu-lidera\/"]}]},{"@type":"ImageObject","inLanguage":"pl-PL","@id":"https:\/\/sarmacjabedzin.pl\/index.php\/2025\/11\/08\/kolejny-tydzien-na-fotelu-lidera\/#primaryimage","url":"https:\/\/sarmacjabedzin.pl\/wp-content\/uploads\/2025\/11\/Unia-www.jpg","contentUrl":"https:\/\/sarmacjabedzin.pl\/wp-content\/uploads\/2025\/11\/Unia-www.jpg","width":2048,"height":1365},{"@type":"BreadcrumbList","@id":"https:\/\/sarmacjabedzin.pl\/index.php\/2025\/11\/08\/kolejny-tydzien-na-fotelu-lidera\/#breadcrumb","itemListElement":[{"@type":"ListItem","position":1,"name":"Strona g\u0142\u00f3wna","item":"https:\/\/sarmacjabedzin.pl\/"},{"@type":"ListItem","position":2,"name":"Kolejny tydzie\u0144 na fotelu lidera!"}]},{"@type":"WebSite","@id":"https:\/\/sarmacjabedzin.pl\/#website","url":"https:\/\/sarmacjabedzin.pl\/","name":"BKS Sarmacja B\u0119dzin \u2013 Nieoficjalny serwis","description":"Nieoficjalny serwis B\u0119dzi\u0144skiego Klubu Sportowego &quot;Sarmacja&quot;","potentialAction":[{"@type":"SearchAction","target":{"@type":"EntryPoint","urlTemplate":"https:\/\/sarmacjabedzin.pl\/?s={search_term_string}"},"query-input":{"@type":"PropertyValueSpecification","valueRequired":true,"valueName":"search_term_string"}}],"inLanguage":"pl-PL"},{"@type":"Person","@id":"https:\/\/sarmacjabedzin.pl\/#\/schema\/person\/5417ea7b03bcd9adf58298a2265ce03a","name":"tyrtak","image":{"@type":"ImageObject","inLanguage":"pl-PL","@id":"https:\/\/sarmacjabedzin.pl\/#\/schema\/person\/image\/","url":"https:\/\/secure.gravatar.com\/avatar\/49b7734c6795cf524710e96813a9fedc1ae3816e479d92490236b4cfc47a5ae1?s=96&d=mm&r=g","contentUrl":"https:\/\/secure.gravatar.com\/avatar\/49b7734c6795cf524710e96813a9fedc1ae3816e479d92490236b4cfc47a5ae1?s=96&d=mm&r=g","caption":"tyrtak"}}]}},"rttpg_featured_image_url":{"full":["https:\/\/sarmacjabedzin.pl\/wp-content\/uploads\/2025\/11\/Unia-www.jpg",2048,1365,false],"landscape":["https:\/\/sarmacjabedzin.pl\/wp-content\/uploads\/2025\/11\/Unia-www.jpg",2048,1365,false],"portraits":["https:\/\/sarmacjabedzin.pl\/wp-content\/uploads\/2025\/11\/Unia-www.jpg",2048,1365,false],"thumbnail":["https:\/\/sarmacjabedzin.pl\/wp-content\/uploads\/2025\/11\/Unia-www.jpg",150,100,false],"medium":["https:\/\/sarmacjabedzin.pl\/wp-content\/uploads\/2025\/11\/Unia-www.jpg",300,200,false],"large":["https:\/\/sarmacjabedzin.pl\/wp-content\/uploads\/2025\/11\/Unia-www.jpg",1024,683,false],"1536x1536":["https:\/\/sarmacjabedzin.pl\/wp-content\/uploads\/2025\/11\/Unia-www.jpg",1536,1024,false],"2048x2048":["https:\/\/sarmacjabedzin.pl\/wp-content\/uploads\/2025\/11\/Unia-www.jpg",2048,1365,false],"sportspress-crop-medium":["https:\/\/sarmacjabedzin.pl\/wp-content\/uploads\/2025\/11\/Unia-www.jpg",300,200,false],"sportspress-fit-medium":["https:\/\/sarmacjabedzin.pl\/wp-content\/uploads\/2025\/11\/Unia-www.jpg",300,200,false],"sportspress-fit-icon":["https:\/\/sarmacjabedzin.pl\/wp-content\/uploads\/2025\/11\/Unia-www.jpg",128,85,false],"sportspress-fit-mini":["https:\/\/sarmacjabedzin.pl\/wp-content\/uploads\/2025\/11\/Unia-www.jpg",32,21,false],"ultp_layout_landscape_large":["https:\/\/sarmacjabedzin.pl\/wp-content\/uploads\/2025\/11\/Unia-www.jpg",1200,800,false],"ultp_layout_landscape":["https:\/\/sarmacjabedzin.pl\/wp-content\/uploads\/2025\/11\/Unia-www.jpg",855,570,false],"ultp_layout_portrait":["https:\/\/sarmacjabedzin.pl\/wp-content\/uploads\/2025\/11\/Unia-www.jpg",600,400,false],"ultp_layout_square":["https:\/\/sarmacjabedzin.pl\/wp-content\/uploads\/2025\/11\/Unia-www.jpg",600,400,false],"stm-1140-666":["https:\/\/sarmacjabedzin.pl\/wp-content\/uploads\/2025\/11\/Unia-www.jpg",999,666,false],"stm-1170-650":["https:\/\/sarmacjabedzin.pl\/wp-content\/uploads\/2025\/11\/Unia-www.jpg",975,650,false],"stm-570-350":["https:\/\/sarmacjabedzin.pl\/wp-content\/uploads\/2025\/11\/Unia-www.jpg",525,350,false],"stm-570-250":["https:\/\/sarmacjabedzin.pl\/wp-content\/uploads\/2025\/11\/Unia-www.jpg",375,250,false],"stm-270-370":["https:\/\/sarmacjabedzin.pl\/wp-content\/uploads\/2025\/11\/Unia-www.jpg",270,180,false],"stm-540-500":["https:\/\/sarmacjabedzin.pl\/wp-content\/uploads\/2025\/11\/Unia-www.jpg",540,360,false],"stm-270-530":["https:\/\/sarmacjabedzin.pl\/wp-content\/uploads\/2025\/11\/Unia-www.jpg",270,180,false],"stm-200-200":["https:\/\/sarmacjabedzin.pl\/wp-content\/uploads\/2025\/11\/Unia-www.jpg",200,133,false],"stm-85-105":["https:\/\/sarmacjabedzin.pl\/wp-content\/uploads\/2025\/11\/Unia-www.jpg",85,57,false],"stm-255-255":["https:\/\/sarmacjabedzin.pl\/wp-content\/uploads\/2025\/11\/Unia-www.jpg",255,170,false],"stm-360-240":["https:\/\/sarmacjabedzin.pl\/wp-content\/uploads\/2025\/11\/Unia-www.jpg",360,240,false],"stm-360-495":["https:\/\/sarmacjabedzin.pl\/wp-content\/uploads\/2025\/11\/Unia-www.jpg",360,240,false],"stm-445-400":["https:\/\/sarmacjabedzin.pl\/wp-content\/uploads\/2025\/11\/Unia-www.jpg",445,297,false],"stm-735-240":["https:\/\/sarmacjabedzin.pl\/wp-content\/uploads\/2025\/11\/Unia-www.jpg",360,240,false],"stm-255-183":["https:\/\/sarmacjabedzin.pl\/wp-content\/uploads\/2025\/11\/Unia-www.jpg",255,170,false],"stm-350-250":["https:\/\/sarmacjabedzin.pl\/wp-content\/uploads\/2025\/11\/Unia-www.jpg",350,233,false],"blog_list":["https:\/\/sarmacjabedzin.pl\/wp-content\/uploads\/2025\/11\/Unia-www.jpg",270,180,false],"blog_list_medium":["https:\/\/sarmacjabedzin.pl\/wp-content\/uploads\/2025\/11\/Unia-www.jpg",390,260,false],"gallery_thumbnail":["https:\/\/sarmacjabedzin.pl\/wp-content\/uploads\/2025\/11\/Unia-www.jpg",80,53,false],"gallery_image":["https:\/\/sarmacjabedzin.pl\/wp-content\/uploads\/2025\/11\/Unia-www.jpg",551,367,false],"gallery_image_mini":["https:\/\/sarmacjabedzin.pl\/wp-content\/uploads\/2025\/11\/Unia-www.jpg",143,95,false],"player_photo":["https:\/\/sarmacjabedzin.pl\/wp-content\/uploads\/2025\/11\/Unia-www.jpg",740,493,false],"team_logo":["https:\/\/sarmacjabedzin.pl\/wp-content\/uploads\/2025\/11\/Unia-www.jpg",98,65,false],"player_stat_ava":["https:\/\/sarmacjabedzin.pl\/wp-content\/uploads\/2025\/11\/Unia-www.jpg",550,367,false],"post-350-220":["https:\/\/sarmacjabedzin.pl\/wp-content\/uploads\/2025\/11\/Unia-www.jpg",330,220,false],"post-275-142":["https:\/\/sarmacjabedzin.pl\/wp-content\/uploads\/2025\/11\/Unia-www.jpg",213,142,false],"post-160-120":["https:\/\/sarmacjabedzin.pl\/wp-content\/uploads\/2025\/11\/Unia-www.jpg",160,107,false],"post-110-70":["https:\/\/sarmacjabedzin.pl\/wp-content\/uploads\/2025\/11\/Unia-www.jpg",105,70,false],"post-770-450":["https:\/\/sarmacjabedzin.pl\/wp-content\/uploads\/2025\/11\/Unia-www.jpg",675,450,false],"post-370-210":["https:\/\/sarmacjabedzin.pl\/wp-content\/uploads\/2025\/11\/Unia-www.jpg",315,210,false],"post-457-470":["https:\/\/sarmacjabedzin.pl\/wp-content\/uploads\/2025\/11\/Unia-www.jpg",457,305,false],"post-370-420":["https:\/\/sarmacjabedzin.pl\/wp-content\/uploads\/2025\/11\/Unia-www.jpg",370,247,false],"stm-445-445":["https:\/\/sarmacjabedzin.pl\/wp-content\/uploads\/2025\/11\/Unia-www.jpg",445,297,false],"stm-555-460":["https:\/\/sarmacjabedzin.pl\/wp-content\/uploads\/2025\/11\/Unia-www.jpg",555,370,false],"stm-350-450":["https:\/\/sarmacjabedzin.pl\/wp-content\/uploads\/2025\/11\/Unia-www.jpg",350,233,false],"stm-720-440":["https:\/\/sarmacjabedzin.pl\/wp-content\/uploads\/2025\/11\/Unia-www.jpg",660,440,false],"stm-270-270":["https:\/\/sarmacjabedzin.pl\/wp-content\/uploads\/2025\/11\/Unia-www.jpg",270,180,false],"stm-760-450":["https:\/\/sarmacjabedzin.pl\/wp-content\/uploads\/2025\/11\/Unia-www.jpg",675,450,false]},"rttpg_author":{"display_name":"tyrtak","author_link":false},"rttpg_comment":0,"rttpg_category":"<a href=\"https:\/\/sarmacjabedzin.pl\/index.php\/category\/soccer\/\" rel=\"category tag\">Liga<\/a> <a href=\"https:\/\/sarmacjabedzin.pl\/index.php\/category\/soccer\/relacja-z-meczu\/\" rel=\"category tag\">Relacja z meczu<\/a>","rttpg_excerpt":"Po kr\u00f3tkiej, \u015bwi\u0105tecznej przerwie pi\u0142karze Sarmacji B\u0119dzin ponownie wybiegli na muraw\u0119. W sobot\u0119, 8 listopada 2025 roku o godzinie 14:30, nasz zesp\u00f3\u0142 rozegra\u0142 na wyje\u017adzie spotkanie XIII kolejki ligowej, w kt\u00f3rym zmierzy\u0142 si\u0119 z dru\u017cyn\u0105 Unii Kosztowy. Gospodarze z dorobkiem 23 punkt\u00f3w zajmowali 6. miejsce w tabeli, natomiast Sarmacja, maj\u0105ca na swoim koncie 27 punkt\u00f3w,...","_links":{"self":[{"href":"https:\/\/sarmacjabedzin.pl\/index.php\/wp-json\/wp\/v2\/posts\/9675","targetHints":{"allow":["GET"]}}],"collection":[{"href":"https:\/\/sarmacjabedzin.pl\/index.php\/wp-json\/wp\/v2\/posts"}],"about":[{"href":"https:\/\/sarmacjabedzin.pl\/index.php\/wp-json\/wp\/v2\/types\/post"}],"author":[{"embeddable":true,"href":"https:\/\/sarmacjabedzin.pl\/index.php\/wp-json\/wp\/v2\/users\/1"}],"replies":[{"embeddable":true,"href":"https:\/\/sarmacjabedzin.pl\/index.php\/wp-json\/wp\/v2\/comments?post=9675"}],"version-history":[{"count":2,"href":"https:\/\/sarmacjabedzin.pl\/index.php\/wp-json\/wp\/v2\/posts\/9675\/revisions"}],"predecessor-version":[{"id":9680,"href":"https:\/\/sarmacjabedzin.pl\/index.php\/wp-json\/wp\/v2\/posts\/9675\/revisions\/9680"}],"wp:featuredmedia":[{"embeddable":true,"href":"https:\/\/sarmacjabedzin.pl\/index.php\/wp-json\/wp\/v2\/media\/9677"}],"wp:attachment":[{"href":"https:\/\/sarmacjabedzin.pl\/index.php\/wp-json\/wp\/v2\/media?parent=9675"}],"wp:term":[{"taxonomy":"category","embeddable":true,"href":"https:\/\/sarmacjabedzin.pl\/index.php\/wp-json\/wp\/v2\/categories?post=9675"},{"taxonomy":"post_tag","embeddable":true,"href":"https:\/\/sarmacjabedzin.pl\/index.php\/wp-json\/wp\/v2\/tags?post=9675"}],"curies":[{"name":"wp","href":"https:\/\/api.w.org\/{rel}","templated":true}]}}