{"id":9682,"date":"2025-11-10T13:11:10","date_gmt":"2025-11-10T12:11:10","guid":{"rendered":"https:\/\/sarmacjabedzin.pl\/?p=9682"},"modified":"2025-11-10T13:11:10","modified_gmt":"2025-11-10T12:11:10","slug":"wszystkiego-najlepszego-adi","status":"publish","type":"post","link":"https:\/\/sarmacjabedzin.pl\/index.php\/2025\/11\/10\/wszystkiego-najlepszego-adi\/","title":{"rendered":"Wszystkiego najlepszego Adi!"},"content":{"rendered":"<p data-start=\"201\" data-end=\"490\">Dzi\u015b, 10 listopada 2025 roku, swoje urodziny obchodzi <strong data-start=\"255\" data-end=\"272\">Adrian Karda\u015b<\/strong> \u2013 asystent trenera Sarmacji B\u0119dzin oraz szkoleniowiec RKS Grodziec. Z tej okazji sk\u0142adamy serdeczne \u017cyczenia: du\u017co zdrowia, pomy\u015blno\u015bci i wielu sportowych sukces\u00f3w, zar\u00f3wno na \u0142awce trenerskiej, jak i poza boiskiem!<\/p>\n<p data-start=\"492\" data-end=\"698\">Korzystaj\u0105c z okazji, przypominamy sylwetk\u0119 naszego solenizanta. Adrian Karda\u015b jest wychowankiem Sarmacji B\u0119dzin, w kt\u00f3rej sp\u0119dzi\u0142 jako zawodnik dziesi\u0119\u0107 sezon\u00f3w, godnie reprezentuj\u0105c barwy naszego klubu.<\/p>\n<p data-start=\"700\" data-end=\"1061\">Sw\u00f3j debiut w dru\u017cynie seniorskiej zaliczy\u0142 <strong data-start=\"744\" data-end=\"765\">22 maja 1999 roku<\/strong> w zwyci\u0119skim meczu z Hutnikiem Trzebinia (4:2), gdy w 75. minucie zmieni\u0142 na boisku Piotra J\u0119drusika. W barwach Sarmacji rozegra\u0142 <strong data-start=\"896\" data-end=\"920\">186 spotka\u0144 ligowych<\/strong>, zdobywaj\u0105c <strong data-start=\"933\" data-end=\"946\">17 bramek<\/strong>. Gra\u0142 na pozycjach obro\u0144cy i pomocnika, s\u0142yn\u0105c z precyzyjnych, d\u0142ugich poda\u0144 oraz ogromnego zaanga\u017cowania w gr\u0119.<\/p>\n<p data-start=\"700\" data-end=\"1061\">Jako zawodnik Sarmacji <strong>czterokrotnie<\/strong> zdobywa\u0142 <strong data-start=\"1389\" data-end=\"1431\">Puchar Polski podokr\u0119gu sosnowieckiego<\/strong>, zapisuj\u0105c si\u0119 na trwa\u0142e w historii naszego klubu.<\/p>\n<p data-start=\"1063\" data-end=\"1186\">Sw\u00f3j ostatni mecz ligowy jako zawodnik Sarmacji rozegra\u0142 <strong data-start=\"1120\" data-end=\"1143\">9 czerwca 2012 roku<\/strong> przeciwko Grunwaldowi Ruda \u015al\u0105ska (0:3).<\/p>\n<p data-start=\"1188\" data-end=\"1484\">Po kilkuletniej przerwie, w sezonie 2024\/2025, powr\u00f3ci\u0142 do klubu w roli asystenta trenera Micha\u0142a Pluty, a obecnie pe\u0142ni t\u0119 funkcj\u0119 u boku Tomasza Nowaka.<\/p>\n<p data-start=\"1486\" data-end=\"1649\">Adrian \u2013 dzi\u0119kujemy za lata oddania, pasji i pracy dla Sarmacji!<br data-start=\"1550\" data-end=\"1553\" \/>\u017byczymy Ci samych sukces\u00f3w, spe\u0142nienia marze\u0144 i wielu radosnych chwil w barwach naszego klubu!<\/p>\n","protected":false},"excerpt":{"rendered":"<p>Dzi\u015b, 10 listopada 2025 roku, swoje urodziny obchodzi Adrian Karda\u015b \u2013 asystent trenera Sarmacji B\u0119dzin oraz szkoleniowiec RKS Grodziec. Z tej okazji sk\u0142adamy serdeczne \u017cyczenia: du\u017co zdrowia, pomy\u015blno\u015bci i wielu sportowych sukces\u00f3w, zar\u00f3wno na \u0142awce trenerskiej, jak i poza boiskiem! Korzystaj\u0105c z okazji, przypominamy sylwetk\u0119 naszego solenizanta. Adrian Karda\u015b jest wychowankiem Sarmacji B\u0119dzin, w kt\u00f3rej&#8230;<\/p>\n","protected":false},"author":1,"featured_media":9684,"comment_status":"closed","ping_status":"closed","sticky":false,"template":"","format":"standard","meta":{"footnotes":""},"categories":[1],"tags":[],"class_list":["post-9682","post","type-post","status-publish","format-standard","has-post-thumbnail","hentry","category-aktualnosci"],"yoast_head":"<!-- This site is optimized with the Yoast SEO plugin v25.8 - https:\/\/yoast.com\/wordpress\/plugins\/seo\/ -->\n<title>Wszystkiego najlepszego Adi! | BKS Sarmacja B\u0119dzin<\/title>\n<meta name=\"robots\" content=\"index, follow, max-snippet:-1, max-image-preview:large, max-video-preview:-1\" \/>\n<link rel=\"canonical\" href=\"https:\/\/sarmacjabedzin.pl\/index.php\/2025\/11\/10\/wszystkiego-najlepszego-adi\/\" \/>\n<meta property=\"og:locale\" content=\"pl_PL\" \/>\n<meta property=\"og:type\" content=\"article\" \/>\n<meta property=\"og:title\" content=\"Wszystkiego najlepszego Adi! | BKS Sarmacja B\u0119dzin\" \/>\n<meta property=\"og:description\" content=\"Dzi\u015b, 10 listopada 2025 roku, swoje urodziny obchodzi Adrian Karda\u015b \u2013 asystent trenera Sarmacji B\u0119dzin oraz szkoleniowiec RKS Grodziec. Z tej okazji sk\u0142adamy serdeczne \u017cyczenia: du\u017co zdrowia, pomy\u015blno\u015bci i wielu sportowych sukces\u00f3w, zar\u00f3wno na \u0142awce trenerskiej, jak i poza boiskiem! Korzystaj\u0105c z okazji, przypominamy sylwetk\u0119 naszego solenizanta. Adrian Karda\u015b jest wychowankiem Sarmacji B\u0119dzin, w kt\u00f3rej...\" \/>\n<meta property=\"og:url\" content=\"https:\/\/sarmacjabedzin.pl\/index.php\/2025\/11\/10\/wszystkiego-najlepszego-adi\/\" \/>\n<meta property=\"og:site_name\" content=\"BKS Sarmacja B\u0119dzin\" \/>\n<meta property=\"article:publisher\" content=\"https:\/\/www.facebook.com\/SarmacjaBedzin\" \/>\n<meta property=\"article:published_time\" content=\"2025-11-10T12:11:10+00:00\" \/>\n<meta property=\"og:image\" content=\"http:\/\/sarmacjabedzin.pl\/wp-content\/uploads\/2025\/11\/Adi-social.jpg\" \/>\n\t<meta property=\"og:image:width\" content=\"1080\" \/>\n\t<meta property=\"og:image:height\" content=\"1350\" \/>\n\t<meta property=\"og:image:type\" content=\"image\/jpeg\" \/>\n<meta name=\"author\" content=\"tyrtak\" \/>\n<meta name=\"twitter:card\" content=\"summary_large_image\" \/>\n<meta name=\"twitter:label1\" content=\"Napisane przez\" \/>\n\t<meta name=\"twitter:data1\" content=\"tyrtak\" \/>\n\t<meta name=\"twitter:label2\" content=\"Szacowany czas czytania\" \/>\n\t<meta name=\"twitter:data2\" content=\"2 minuty\" \/>\n<script type=\"application\/ld+json\" class=\"yoast-schema-graph\">{\"@context\":\"https:\/\/schema.org\",\"@graph\":[{\"@type\":\"WebPage\",\"@id\":\"https:\/\/sarmacjabedzin.pl\/index.php\/2025\/11\/10\/wszystkiego-najlepszego-adi\/\",\"url\":\"https:\/\/sarmacjabedzin.pl\/index.php\/2025\/11\/10\/wszystkiego-najlepszego-adi\/\",\"name\":\"Wszystkiego najlepszego Adi! | BKS Sarmacja B\u0119dzin\",\"isPartOf\":{\"@id\":\"https:\/\/sarmacjabedzin.pl\/#website\"},\"primaryImageOfPage\":{\"@id\":\"https:\/\/sarmacjabedzin.pl\/index.php\/2025\/11\/10\/wszystkiego-najlepszego-adi\/#primaryimage\"},\"image\":{\"@id\":\"https:\/\/sarmacjabedzin.pl\/index.php\/2025\/11\/10\/wszystkiego-najlepszego-adi\/#primaryimage\"},\"thumbnailUrl\":\"https:\/\/sarmacjabedzin.pl\/wp-content\/uploads\/2025\/11\/Adi-www.jpg\",\"datePublished\":\"2025-11-10T12:11:10+00:00\",\"author\":{\"@id\":\"https:\/\/sarmacjabedzin.pl\/#\/schema\/person\/5417ea7b03bcd9adf58298a2265ce03a\"},\"breadcrumb\":{\"@id\":\"https:\/\/sarmacjabedzin.pl\/index.php\/2025\/11\/10\/wszystkiego-najlepszego-adi\/#breadcrumb\"},\"inLanguage\":\"pl-PL\",\"potentialAction\":[{\"@type\":\"ReadAction\",\"target\":[\"https:\/\/sarmacjabedzin.pl\/index.php\/2025\/11\/10\/wszystkiego-najlepszego-adi\/\"]}]},{\"@type\":\"ImageObject\",\"inLanguage\":\"pl-PL\",\"@id\":\"https:\/\/sarmacjabedzin.pl\/index.php\/2025\/11\/10\/wszystkiego-najlepszego-adi\/#primaryimage\",\"url\":\"https:\/\/sarmacjabedzin.pl\/wp-content\/uploads\/2025\/11\/Adi-www.jpg\",\"contentUrl\":\"https:\/\/sarmacjabedzin.pl\/wp-content\/uploads\/2025\/11\/Adi-www.jpg\",\"width\":1920,\"height\":1080},{\"@type\":\"BreadcrumbList\",\"@id\":\"https:\/\/sarmacjabedzin.pl\/index.php\/2025\/11\/10\/wszystkiego-najlepszego-adi\/#breadcrumb\",\"itemListElement\":[{\"@type\":\"ListItem\",\"position\":1,\"name\":\"Strona g\u0142\u00f3wna\",\"item\":\"https:\/\/sarmacjabedzin.pl\/\"},{\"@type\":\"ListItem\",\"position\":2,\"name\":\"Wszystkiego najlepszego Adi!\"}]},{\"@type\":\"WebSite\",\"@id\":\"https:\/\/sarmacjabedzin.pl\/#website\",\"url\":\"https:\/\/sarmacjabedzin.pl\/\",\"name\":\"BKS Sarmacja B\u0119dzin \u2013 Nieoficjalny serwis\",\"description\":\"Nieoficjalny serwis B\u0119dzi\u0144skiego Klubu Sportowego &quot;Sarmacja&quot;\",\"potentialAction\":[{\"@type\":\"SearchAction\",\"target\":{\"@type\":\"EntryPoint\",\"urlTemplate\":\"https:\/\/sarmacjabedzin.pl\/?s={search_term_string}\"},\"query-input\":{\"@type\":\"PropertyValueSpecification\",\"valueRequired\":true,\"valueName\":\"search_term_string\"}}],\"inLanguage\":\"pl-PL\"},{\"@type\":\"Person\",\"@id\":\"https:\/\/sarmacjabedzin.pl\/#\/schema\/person\/5417ea7b03bcd9adf58298a2265ce03a\",\"name\":\"tyrtak\",\"image\":{\"@type\":\"ImageObject\",\"inLanguage\":\"pl-PL\",\"@id\":\"https:\/\/sarmacjabedzin.pl\/#\/schema\/person\/image\/\",\"url\":\"https:\/\/secure.gravatar.com\/avatar\/49b7734c6795cf524710e96813a9fedc1ae3816e479d92490236b4cfc47a5ae1?s=96&d=mm&r=g\",\"contentUrl\":\"https:\/\/secure.gravatar.com\/avatar\/49b7734c6795cf524710e96813a9fedc1ae3816e479d92490236b4cfc47a5ae1?s=96&d=mm&r=g\",\"caption\":\"tyrtak\"}}]}<\/script>\n<!-- \/ Yoast SEO plugin. -->","yoast_head_json":{"title":"Wszystkiego najlepszego Adi! | BKS Sarmacja B\u0119dzin","robots":{"index":"index","follow":"follow","max-snippet":"max-snippet:-1","max-image-preview":"max-image-preview:large","max-video-preview":"max-video-preview:-1"},"canonical":"https:\/\/sarmacjabedzin.pl\/index.php\/2025\/11\/10\/wszystkiego-najlepszego-adi\/","og_locale":"pl_PL","og_type":"article","og_title":"Wszystkiego najlepszego Adi! | BKS Sarmacja B\u0119dzin","og_description":"Dzi\u015b, 10 listopada 2025 roku, swoje urodziny obchodzi Adrian Karda\u015b \u2013 asystent trenera Sarmacji B\u0119dzin oraz szkoleniowiec RKS Grodziec. Z tej okazji sk\u0142adamy serdeczne \u017cyczenia: du\u017co zdrowia, pomy\u015blno\u015bci i wielu sportowych sukces\u00f3w, zar\u00f3wno na \u0142awce trenerskiej, jak i poza boiskiem! Korzystaj\u0105c z okazji, przypominamy sylwetk\u0119 naszego solenizanta. Adrian Karda\u015b jest wychowankiem Sarmacji B\u0119dzin, w kt\u00f3rej...","og_url":"https:\/\/sarmacjabedzin.pl\/index.php\/2025\/11\/10\/wszystkiego-najlepszego-adi\/","og_site_name":"BKS Sarmacja B\u0119dzin","article_publisher":"https:\/\/www.facebook.com\/SarmacjaBedzin","article_published_time":"2025-11-10T12:11:10+00:00","og_image":[{"width":1080,"height":1350,"url":"http:\/\/sarmacjabedzin.pl\/wp-content\/uploads\/2025\/11\/Adi-social.jpg","type":"image\/jpeg"}],"author":"tyrtak","twitter_card":"summary_large_image","twitter_misc":{"Napisane przez":"tyrtak","Szacowany czas czytania":"2 minuty"},"schema":{"@context":"https:\/\/schema.org","@graph":[{"@type":"WebPage","@id":"https:\/\/sarmacjabedzin.pl\/index.php\/2025\/11\/10\/wszystkiego-najlepszego-adi\/","url":"https:\/\/sarmacjabedzin.pl\/index.php\/2025\/11\/10\/wszystkiego-najlepszego-adi\/","name":"Wszystkiego najlepszego Adi! | BKS Sarmacja B\u0119dzin","isPartOf":{"@id":"https:\/\/sarmacjabedzin.pl\/#website"},"primaryImageOfPage":{"@id":"https:\/\/sarmacjabedzin.pl\/index.php\/2025\/11\/10\/wszystkiego-najlepszego-adi\/#primaryimage"},"image":{"@id":"https:\/\/sarmacjabedzin.pl\/index.php\/2025\/11\/10\/wszystkiego-najlepszego-adi\/#primaryimage"},"thumbnailUrl":"https:\/\/sarmacjabedzin.pl\/wp-content\/uploads\/2025\/11\/Adi-www.jpg","datePublished":"2025-11-10T12:11:10+00:00","author":{"@id":"https:\/\/sarmacjabedzin.pl\/#\/schema\/person\/5417ea7b03bcd9adf58298a2265ce03a"},"breadcrumb":{"@id":"https:\/\/sarmacjabedzin.pl\/index.php\/2025\/11\/10\/wszystkiego-najlepszego-adi\/#breadcrumb"},"inLanguage":"pl-PL","potentialAction":[{"@type":"ReadAction","target":["https:\/\/sarmacjabedzin.pl\/index.php\/2025\/11\/10\/wszystkiego-najlepszego-adi\/"]}]},{"@type":"ImageObject","inLanguage":"pl-PL","@id":"https:\/\/sarmacjabedzin.pl\/index.php\/2025\/11\/10\/wszystkiego-najlepszego-adi\/#primaryimage","url":"https:\/\/sarmacjabedzin.pl\/wp-content\/uploads\/2025\/11\/Adi-www.jpg","contentUrl":"https:\/\/sarmacjabedzin.pl\/wp-content\/uploads\/2025\/11\/Adi-www.jpg","width":1920,"height":1080},{"@type":"BreadcrumbList","@id":"https:\/\/sarmacjabedzin.pl\/index.php\/2025\/11\/10\/wszystkiego-najlepszego-adi\/#breadcrumb","itemListElement":[{"@type":"ListItem","position":1,"name":"Strona g\u0142\u00f3wna","item":"https:\/\/sarmacjabedzin.pl\/"},{"@type":"ListItem","position":2,"name":"Wszystkiego najlepszego Adi!"}]},{"@type":"WebSite","@id":"https:\/\/sarmacjabedzin.pl\/#website","url":"https:\/\/sarmacjabedzin.pl\/","name":"BKS Sarmacja B\u0119dzin \u2013 Nieoficjalny serwis","description":"Nieoficjalny serwis B\u0119dzi\u0144skiego Klubu Sportowego &quot;Sarmacja&quot;","potentialAction":[{"@type":"SearchAction","target":{"@type":"EntryPoint","urlTemplate":"https:\/\/sarmacjabedzin.pl\/?s={search_term_string}"},"query-input":{"@type":"PropertyValueSpecification","valueRequired":true,"valueName":"search_term_string"}}],"inLanguage":"pl-PL"},{"@type":"Person","@id":"https:\/\/sarmacjabedzin.pl\/#\/schema\/person\/5417ea7b03bcd9adf58298a2265ce03a","name":"tyrtak","image":{"@type":"ImageObject","inLanguage":"pl-PL","@id":"https:\/\/sarmacjabedzin.pl\/#\/schema\/person\/image\/","url":"https:\/\/secure.gravatar.com\/avatar\/49b7734c6795cf524710e96813a9fedc1ae3816e479d92490236b4cfc47a5ae1?s=96&d=mm&r=g","contentUrl":"https:\/\/secure.gravatar.com\/avatar\/49b7734c6795cf524710e96813a9fedc1ae3816e479d92490236b4cfc47a5ae1?s=96&d=mm&r=g","caption":"tyrtak"}}]}},"rttpg_featured_image_url":{"full":["https:\/\/sarmacjabedzin.pl\/wp-content\/uploads\/2025\/11\/Adi-www.jpg",1920,1080,false],"landscape":["https:\/\/sarmacjabedzin.pl\/wp-content\/uploads\/2025\/11\/Adi-www.jpg",1920,1080,false],"portraits":["https:\/\/sarmacjabedzin.pl\/wp-content\/uploads\/2025\/11\/Adi-www.jpg",1920,1080,false],"thumbnail":["https:\/\/sarmacjabedzin.pl\/wp-content\/uploads\/2025\/11\/Adi-www.jpg",150,84,false],"medium":["https:\/\/sarmacjabedzin.pl\/wp-content\/uploads\/2025\/11\/Adi-www.jpg",300,169,false],"large":["https:\/\/sarmacjabedzin.pl\/wp-content\/uploads\/2025\/11\/Adi-www.jpg",1024,576,false],"1536x1536":["https:\/\/sarmacjabedzin.pl\/wp-content\/uploads\/2025\/11\/Adi-www.jpg",1536,864,false],"2048x2048":["https:\/\/sarmacjabedzin.pl\/wp-content\/uploads\/2025\/11\/Adi-www.jpg",1920,1080,false],"sportspress-crop-medium":["https:\/\/sarmacjabedzin.pl\/wp-content\/uploads\/2025\/11\/Adi-www.jpg",300,169,false],"sportspress-fit-medium":["https:\/\/sarmacjabedzin.pl\/wp-content\/uploads\/2025\/11\/Adi-www.jpg",300,169,false],"sportspress-fit-icon":["https:\/\/sarmacjabedzin.pl\/wp-content\/uploads\/2025\/11\/Adi-www.jpg",128,72,false],"sportspress-fit-mini":["https:\/\/sarmacjabedzin.pl\/wp-content\/uploads\/2025\/11\/Adi-www.jpg",32,18,false],"ultp_layout_landscape_large":["https:\/\/sarmacjabedzin.pl\/wp-content\/uploads\/2025\/11\/Adi-www.jpg",1200,675,false],"ultp_layout_landscape":["https:\/\/sarmacjabedzin.pl\/wp-content\/uploads\/2025\/11\/Adi-www.jpg",870,489,false],"ultp_layout_portrait":["https:\/\/sarmacjabedzin.pl\/wp-content\/uploads\/2025\/11\/Adi-www.jpg",600,338,false],"ultp_layout_square":["https:\/\/sarmacjabedzin.pl\/wp-content\/uploads\/2025\/11\/Adi-www.jpg",600,338,false],"stm-1140-666":["https:\/\/sarmacjabedzin.pl\/wp-content\/uploads\/2025\/11\/Adi-www.jpg",1140,641,false],"stm-1170-650":["https:\/\/sarmacjabedzin.pl\/wp-content\/uploads\/2025\/11\/Adi-www.jpg",1156,650,false],"stm-570-350":["https:\/\/sarmacjabedzin.pl\/wp-content\/uploads\/2025\/11\/Adi-www.jpg",570,321,false],"stm-570-250":["https:\/\/sarmacjabedzin.pl\/wp-content\/uploads\/2025\/11\/Adi-www.jpg",444,250,false],"stm-270-370":["https:\/\/sarmacjabedzin.pl\/wp-content\/uploads\/2025\/11\/Adi-www.jpg",270,152,false],"stm-540-500":["https:\/\/sarmacjabedzin.pl\/wp-content\/uploads\/2025\/11\/Adi-www.jpg",540,304,false],"stm-270-530":["https:\/\/sarmacjabedzin.pl\/wp-content\/uploads\/2025\/11\/Adi-www.jpg",270,152,false],"stm-200-200":["https:\/\/sarmacjabedzin.pl\/wp-content\/uploads\/2025\/11\/Adi-www.jpg",200,113,false],"stm-85-105":["https:\/\/sarmacjabedzin.pl\/wp-content\/uploads\/2025\/11\/Adi-www.jpg",85,48,false],"stm-255-255":["https:\/\/sarmacjabedzin.pl\/wp-content\/uploads\/2025\/11\/Adi-www.jpg",255,143,false],"stm-360-240":["https:\/\/sarmacjabedzin.pl\/wp-content\/uploads\/2025\/11\/Adi-www.jpg",360,203,false],"stm-360-495":["https:\/\/sarmacjabedzin.pl\/wp-content\/uploads\/2025\/11\/Adi-www.jpg",360,203,false],"stm-445-400":["https:\/\/sarmacjabedzin.pl\/wp-content\/uploads\/2025\/11\/Adi-www.jpg",445,250,false],"stm-735-240":["https:\/\/sarmacjabedzin.pl\/wp-content\/uploads\/2025\/11\/Adi-www.jpg",427,240,false],"stm-255-183":["https:\/\/sarmacjabedzin.pl\/wp-content\/uploads\/2025\/11\/Adi-www.jpg",255,143,false],"stm-350-250":["https:\/\/sarmacjabedzin.pl\/wp-content\/uploads\/2025\/11\/Adi-www.jpg",350,197,false],"blog_list":["https:\/\/sarmacjabedzin.pl\/wp-content\/uploads\/2025\/11\/Adi-www.jpg",270,152,false],"blog_list_medium":["https:\/\/sarmacjabedzin.pl\/wp-content\/uploads\/2025\/11\/Adi-www.jpg",390,219,false],"gallery_thumbnail":["https:\/\/sarmacjabedzin.pl\/wp-content\/uploads\/2025\/11\/Adi-www.jpg",80,45,false],"gallery_image":["https:\/\/sarmacjabedzin.pl\/wp-content\/uploads\/2025\/11\/Adi-www.jpg",560,315,false],"gallery_image_mini":["https:\/\/sarmacjabedzin.pl\/wp-content\/uploads\/2025\/11\/Adi-www.jpg",143,80,false],"player_photo":["https:\/\/sarmacjabedzin.pl\/wp-content\/uploads\/2025\/11\/Adi-www.jpg",740,416,false],"team_logo":["https:\/\/sarmacjabedzin.pl\/wp-content\/uploads\/2025\/11\/Adi-www.jpg",98,55,false],"player_stat_ava":["https:\/\/sarmacjabedzin.pl\/wp-content\/uploads\/2025\/11\/Adi-www.jpg",550,309,false],"post-350-220":["https:\/\/sarmacjabedzin.pl\/wp-content\/uploads\/2025\/11\/Adi-www.jpg",350,197,false],"post-275-142":["https:\/\/sarmacjabedzin.pl\/wp-content\/uploads\/2025\/11\/Adi-www.jpg",252,142,false],"post-160-120":["https:\/\/sarmacjabedzin.pl\/wp-content\/uploads\/2025\/11\/Adi-www.jpg",160,90,false],"post-110-70":["https:\/\/sarmacjabedzin.pl\/wp-content\/uploads\/2025\/11\/Adi-www.jpg",110,62,false],"post-770-450":["https:\/\/sarmacjabedzin.pl\/wp-content\/uploads\/2025\/11\/Adi-www.jpg",770,433,false],"post-370-210":["https:\/\/sarmacjabedzin.pl\/wp-content\/uploads\/2025\/11\/Adi-www.jpg",370,208,false],"post-457-470":["https:\/\/sarmacjabedzin.pl\/wp-content\/uploads\/2025\/11\/Adi-www.jpg",457,257,false],"post-370-420":["https:\/\/sarmacjabedzin.pl\/wp-content\/uploads\/2025\/11\/Adi-www.jpg",370,208,false],"stm-445-445":["https:\/\/sarmacjabedzin.pl\/wp-content\/uploads\/2025\/11\/Adi-www.jpg",445,250,false],"stm-555-460":["https:\/\/sarmacjabedzin.pl\/wp-content\/uploads\/2025\/11\/Adi-www.jpg",555,312,false],"stm-350-450":["https:\/\/sarmacjabedzin.pl\/wp-content\/uploads\/2025\/11\/Adi-www.jpg",350,197,false],"stm-720-440":["https:\/\/sarmacjabedzin.pl\/wp-content\/uploads\/2025\/11\/Adi-www.jpg",720,405,false],"stm-270-270":["https:\/\/sarmacjabedzin.pl\/wp-content\/uploads\/2025\/11\/Adi-www.jpg",270,152,false],"stm-760-450":["https:\/\/sarmacjabedzin.pl\/wp-content\/uploads\/2025\/11\/Adi-www.jpg",760,428,false]},"rttpg_author":{"display_name":"tyrtak","author_link":false},"rttpg_comment":0,"rttpg_category":"<a href=\"https:\/\/sarmacjabedzin.pl\/index.php\/category\/aktualnosci\/\" rel=\"category tag\">Aktualno\u015bci<\/a>","rttpg_excerpt":"Dzi\u015b, 10 listopada 2025 roku, swoje urodziny obchodzi Adrian Karda\u015b \u2013 asystent trenera Sarmacji B\u0119dzin oraz szkoleniowiec RKS Grodziec. Z tej okazji sk\u0142adamy serdeczne \u017cyczenia: du\u017co zdrowia, pomy\u015blno\u015bci i wielu sportowych sukces\u00f3w, zar\u00f3wno na \u0142awce trenerskiej, jak i poza boiskiem! Korzystaj\u0105c z okazji, przypominamy sylwetk\u0119 naszego solenizanta. Adrian Karda\u015b jest wychowankiem Sarmacji B\u0119dzin, w kt\u00f3rej...","_links":{"self":[{"href":"https:\/\/sarmacjabedzin.pl\/index.php\/wp-json\/wp\/v2\/posts\/9682","targetHints":{"allow":["GET"]}}],"collection":[{"href":"https:\/\/sarmacjabedzin.pl\/index.php\/wp-json\/wp\/v2\/posts"}],"about":[{"href":"https:\/\/sarmacjabedzin.pl\/index.php\/wp-json\/wp\/v2\/types\/post"}],"author":[{"embeddable":true,"href":"https:\/\/sarmacjabedzin.pl\/index.php\/wp-json\/wp\/v2\/users\/1"}],"replies":[{"embeddable":true,"href":"https:\/\/sarmacjabedzin.pl\/index.php\/wp-json\/wp\/v2\/comments?post=9682"}],"version-history":[{"count":1,"href":"https:\/\/sarmacjabedzin.pl\/index.php\/wp-json\/wp\/v2\/posts\/9682\/revisions"}],"predecessor-version":[{"id":9685,"href":"https:\/\/sarmacjabedzin.pl\/index.php\/wp-json\/wp\/v2\/posts\/9682\/revisions\/9685"}],"wp:featuredmedia":[{"embeddable":true,"href":"https:\/\/sarmacjabedzin.pl\/index.php\/wp-json\/wp\/v2\/media\/9684"}],"wp:attachment":[{"href":"https:\/\/sarmacjabedzin.pl\/index.php\/wp-json\/wp\/v2\/media?parent=9682"}],"wp:term":[{"taxonomy":"category","embeddable":true,"href":"https:\/\/sarmacjabedzin.pl\/index.php\/wp-json\/wp\/v2\/categories?post=9682"},{"taxonomy":"post_tag","embeddable":true,"href":"https:\/\/sarmacjabedzin.pl\/index.php\/wp-json\/wp\/v2\/tags?post=9682"}],"curies":[{"name":"wp","href":"https:\/\/api.w.org\/{rel}","templated":true}]}}