{"id":9703,"date":"2025-11-15T17:40:03","date_gmt":"2025-11-15T16:40:03","guid":{"rendered":"https:\/\/sarmacjabedzin.pl\/?p=9703"},"modified":"2025-11-15T17:40:03","modified_gmt":"2025-11-15T16:40:03","slug":"sarmacja-konczy-rok-u-siebie-wygrana","status":"publish","type":"post","link":"https:\/\/sarmacjabedzin.pl\/index.php\/2025\/11\/15\/sarmacja-konczy-rok-u-siebie-wygrana\/","title":{"rendered":"Sarmacja ko\u0144czy rok u siebie wygran\u0105!"},"content":{"rendered":"<p data-start=\"241\" data-end=\"715\">W sobot\u0119, 15 listopada 2025 roku o godzinie 13:30, pi\u0142karze Sarmacji B\u0119dzin rozegrali na w\u0142asnym stadionie spotkanie XIV kolejki ligowej, mierz\u0105c si\u0119 z dru\u017cyn\u0105 Pogoni Imielin. Go\u015bcie, maj\u0105cy na koncie 21 punkt\u00f3w, plasowali si\u0119 na 9. miejscu w tabeli, za\u015b Sarmacja jako lider przyst\u0119powa\u0142a do meczu z dorobkiem 30 punkt\u00f3w. W poprzedniej kolejce podopieczni trenera Tomasza Nowaka pewnie pokonali Uni\u0119 Kosztowy 4:1, natomiast Pogo\u0144 wygra\u0142a na wyje\u017adzie z Siemianowiczank\u0105 5:3.<\/p>\n<p data-start=\"717\" data-end=\"857\">Ostatnie ligowe starcie obu zespo\u0142\u00f3w zako\u0144czy\u0142o si\u0119 pora\u017ck\u0105 b\u0119dzinian 1:3 w Imielinie, dlatego tym bardziej zale\u017ca\u0142o gospodarzom na rewan\u017cu.<\/p>\n<p data-start=\"859\" data-end=\"1202\">Pierwsza po\u0142owa odby\u0142a si\u0119 pod kontrol\u0105 gospodarzy. Od pierwszych minut Sarmacja narzuci\u0142a swoje tempo i dominowa\u0142a na murawie. Ju\u017c w 5. minucie Mateusz Popczyk by\u0142 bliski otwarcia wyniku, ale futbol\u00f3wka po jego g\u0142\u00f3wce min\u0119\u0142a bramk\u0119 rywala. Chwil\u0119 p\u00f3\u017aniej Oliwer Zalewski pr\u00f3bowa\u0142 zaskoczy\u0107 bramkarza Pogoni strza\u0142em g\u0142ow\u0105, lecz bezskutecznie.<\/p>\n<p data-start=\"1204\" data-end=\"1560\">W 20. minucie po mocnym uderzeniu z rzutu wolnego autorstwa Marka Kocota pi\u0142ka odbi\u0142a si\u0119 od bramkarza, jednak dobitka jego kolegi nie dosz\u0142a do skutku. Ofensywa Sarmacji trwa\u0142a nadal i w 31. minucie wysi\u0142ki gospodarzy przynios\u0142y efekt. Po dograniu \u0141ukasza Ignalskiego pi\u0142k\u0119 przej\u0105\u0142 Jakub Kaczmarek, kt\u00f3ry sprytnym strza\u0142em da\u0142 b\u0119dzinianom prowadzenie 1:0.<\/p>\n<p data-start=\"1562\" data-end=\"1776\">Pod koniec pierwszej po\u0142owy doskona\u0142\u0105 okazj\u0119 zmarnowa\u0142 Kacper Jasi\u0144ski \u2014 po \u015bwietnym podaniu od Kocota nie zdo\u0142a\u0142 pokona\u0107 bramkarza w sytuacji sam na sam. Do przerwy lider prowadzi\u0142 1:0, kontroluj\u0105c przebieg meczu.<\/p>\n<p data-start=\"1778\" data-end=\"2034\">W 48. minucie Zalewski ponownie spr\u00f3bowa\u0142 strza\u0142u z dystansu, jednak pi\u0142ka min\u0119\u0142a s\u0142upek. W 53. minucie Popczyk uderzy\u0142 wprost w bramkarza, ale kilka minut p\u00f3\u017aniej zrehabilitowa\u0142 si\u0119, wykorzystuj\u0105c \u015bwietn\u0105 asyst\u0119 Tomasza Nowaka i podwy\u017cszaj\u0105c wynik na 2:0.<\/p>\n<p data-start=\"2036\" data-end=\"2248\">Przyjezdni starali si\u0119 szuka\u0107 swoich szans \u2014 w 67. minucie oddali gro\u017any strza\u0142 obok bramki Rafa\u0142a Dawida. Mimo tego defensywa Sarmacji potwierdzi\u0142a, \u017ce zas\u0142u\u017cenie przewodzi w klasyfikacji najlepszych obron ligi.<\/p>\n<p data-start=\"2250\" data-end=\"2437\">W 85. minucie dosz\u0142o do niecodziennej sytuacji. S\u0119dzia przedwcze\u015bnie zako\u0144czy\u0142 mecz, jednak po konsultacji z asystentem doliczy\u0142 jeszcze pi\u0119\u0107 minut, kt\u00f3re nie przynios\u0142y zmiany rezultatu.<\/p>\n<p data-start=\"2439\" data-end=\"2656\">Sarmacja zrewan\u017cowa\u0142a si\u0119 Pogoni za wiosenn\u0105 pora\u017ck\u0119 i zwyci\u0119\u017cy\u0142a 2:0, utrzymuj\u0105c pierwsze miejsce w tabeli. G\u00f3rnik Piaski r\u00f3wnie\u017c wygra\u0142 swoje spotkanie i pozostaje tu\u017c za plecami b\u0119dzinian, trac\u0105c tylko jeden punkt. Mecz ten by\u0142 ostatnim domowym spotkaniem ligowym w tym roku.<\/p>\n<p data-start=\"2658\" data-end=\"2901\">Przed nami ostatnia kolejka rundy jesiennej. Sarmacja zmierzy si\u0119 na wyje\u017adzie z Niwami Brudzowice. Czy nasi zawodnicy zostan\u0105 mistrzem jesieni? Wszystko pozostaje w nogach pi\u0142karzy, kt\u00f3rzy z pewno\u015bci\u0105 zrobi\u0105 wszystko, by utrzyma\u0107 prowadzenie.<\/p>\n<h3 data-start=\"2903\" data-end=\"3038\"><strong data-start=\"2903\" data-end=\"2948\">Sarmacja B\u0119dzin \u2013 Pogo\u0144 Imielin 2:0 (1:0)<\/strong><\/h3>\n<p data-start=\"2903\" data-end=\"3038\"><strong data-start=\"2951\" data-end=\"2962\">S\u0119dzia:<\/strong> Mateusz Skorupa (Cz\u0119stochowa)<br data-start=\"2992\" data-end=\"2995\" \/><strong data-start=\"2995\" data-end=\"3006\">Bramki:<\/strong><br data-start=\"3006\" data-end=\"3009\" \/>31&#8242; Kaczmarek<br data-start=\"3022\" data-end=\"3025\" \/>57&#8242; Popczyk<\/p>\n<p data-start=\"3040\" data-end=\"3232\"><strong data-start=\"3040\" data-end=\"3060\">Sarmacja B\u0119dzin:<\/strong> Dawid \u2013 Dul, Habrat, Wnuk, Ignalski, Kaczmarek (62&#8242; G\u00f3ral), Zalewski (62&#8242; Samborski), Nowak, Kocot, Jasi\u0144ski (71&#8242; Sych), Popczyk (76&#8242; Kasprzyk).<\/p>\n<p data-start=\"3040\" data-end=\"3232\"><strong data-start=\"3208\" data-end=\"3219\">Trener:<\/strong> Tomasz Nowak<\/p>\n","protected":false},"excerpt":{"rendered":"<p>W sobot\u0119, 15 listopada 2025 roku o godzinie 13:30, pi\u0142karze Sarmacji B\u0119dzin rozegrali na w\u0142asnym stadionie spotkanie XIV kolejki ligowej, mierz\u0105c si\u0119 z dru\u017cyn\u0105 Pogoni Imielin. Go\u015bcie, maj\u0105cy na koncie 21 punkt\u00f3w, plasowali si\u0119 na 9. miejscu w tabeli, za\u015b Sarmacja jako lider przyst\u0119powa\u0142a do meczu z dorobkiem 30 punkt\u00f3w. W poprzedniej kolejce podopieczni trenera&#8230;<\/p>\n","protected":false},"author":1,"featured_media":9704,"comment_status":"closed","ping_status":"closed","sticky":false,"template":"","format":"standard","meta":{"footnotes":""},"categories":[64,142],"tags":[],"class_list":["post-9703","post","type-post","status-publish","format-standard","has-post-thumbnail","hentry","category-soccer","category-relacja-z-meczu"],"yoast_head":"<!-- This site is optimized with the Yoast SEO plugin v25.8 - https:\/\/yoast.com\/wordpress\/plugins\/seo\/ -->\n<title>Sarmacja ko\u0144czy rok u siebie wygran\u0105! | BKS Sarmacja B\u0119dzin<\/title>\n<meta name=\"robots\" content=\"index, follow, max-snippet:-1, max-image-preview:large, max-video-preview:-1\" \/>\n<link rel=\"canonical\" href=\"https:\/\/sarmacjabedzin.pl\/index.php\/2025\/11\/15\/sarmacja-konczy-rok-u-siebie-wygrana\/\" \/>\n<meta property=\"og:locale\" content=\"pl_PL\" \/>\n<meta property=\"og:type\" content=\"article\" \/>\n<meta property=\"og:title\" content=\"Sarmacja ko\u0144czy rok u siebie wygran\u0105! | BKS Sarmacja B\u0119dzin\" \/>\n<meta property=\"og:description\" content=\"W sobot\u0119, 15 listopada 2025 roku o godzinie 13:30, pi\u0142karze Sarmacji B\u0119dzin rozegrali na w\u0142asnym stadionie spotkanie XIV kolejki ligowej, mierz\u0105c si\u0119 z dru\u017cyn\u0105 Pogoni Imielin. Go\u015bcie, maj\u0105cy na koncie 21 punkt\u00f3w, plasowali si\u0119 na 9. miejscu w tabeli, za\u015b Sarmacja jako lider przyst\u0119powa\u0142a do meczu z dorobkiem 30 punkt\u00f3w. W poprzedniej kolejce podopieczni trenera...\" \/>\n<meta property=\"og:url\" content=\"https:\/\/sarmacjabedzin.pl\/index.php\/2025\/11\/15\/sarmacja-konczy-rok-u-siebie-wygrana\/\" \/>\n<meta property=\"og:site_name\" content=\"BKS Sarmacja B\u0119dzin\" \/>\n<meta property=\"article:publisher\" content=\"https:\/\/www.facebook.com\/SarmacjaBedzin\" \/>\n<meta property=\"article:published_time\" content=\"2025-11-15T16:40:03+00:00\" \/>\n<meta property=\"og:image\" content=\"http:\/\/sarmacjabedzin.pl\/wp-content\/uploads\/2025\/11\/DAN_5207-2.jpg\" \/>\n\t<meta property=\"og:image:width\" content=\"2048\" \/>\n\t<meta property=\"og:image:height\" content=\"1365\" \/>\n\t<meta property=\"og:image:type\" content=\"image\/jpeg\" \/>\n<meta name=\"author\" content=\"tyrtak\" \/>\n<meta name=\"twitter:card\" content=\"summary_large_image\" \/>\n<meta name=\"twitter:label1\" content=\"Napisane przez\" \/>\n\t<meta name=\"twitter:data1\" content=\"tyrtak\" \/>\n\t<meta name=\"twitter:label2\" content=\"Szacowany czas czytania\" \/>\n\t<meta name=\"twitter:data2\" content=\"3 minuty\" \/>\n<script type=\"application\/ld+json\" class=\"yoast-schema-graph\">{\"@context\":\"https:\/\/schema.org\",\"@graph\":[{\"@type\":\"WebPage\",\"@id\":\"https:\/\/sarmacjabedzin.pl\/index.php\/2025\/11\/15\/sarmacja-konczy-rok-u-siebie-wygrana\/\",\"url\":\"https:\/\/sarmacjabedzin.pl\/index.php\/2025\/11\/15\/sarmacja-konczy-rok-u-siebie-wygrana\/\",\"name\":\"Sarmacja ko\u0144czy rok u siebie wygran\u0105! | BKS Sarmacja B\u0119dzin\",\"isPartOf\":{\"@id\":\"https:\/\/sarmacjabedzin.pl\/#website\"},\"primaryImageOfPage\":{\"@id\":\"https:\/\/sarmacjabedzin.pl\/index.php\/2025\/11\/15\/sarmacja-konczy-rok-u-siebie-wygrana\/#primaryimage\"},\"image\":{\"@id\":\"https:\/\/sarmacjabedzin.pl\/index.php\/2025\/11\/15\/sarmacja-konczy-rok-u-siebie-wygrana\/#primaryimage\"},\"thumbnailUrl\":\"https:\/\/sarmacjabedzin.pl\/wp-content\/uploads\/2025\/11\/DAN_5207-2.jpg\",\"datePublished\":\"2025-11-15T16:40:03+00:00\",\"author\":{\"@id\":\"https:\/\/sarmacjabedzin.pl\/#\/schema\/person\/5417ea7b03bcd9adf58298a2265ce03a\"},\"breadcrumb\":{\"@id\":\"https:\/\/sarmacjabedzin.pl\/index.php\/2025\/11\/15\/sarmacja-konczy-rok-u-siebie-wygrana\/#breadcrumb\"},\"inLanguage\":\"pl-PL\",\"potentialAction\":[{\"@type\":\"ReadAction\",\"target\":[\"https:\/\/sarmacjabedzin.pl\/index.php\/2025\/11\/15\/sarmacja-konczy-rok-u-siebie-wygrana\/\"]}]},{\"@type\":\"ImageObject\",\"inLanguage\":\"pl-PL\",\"@id\":\"https:\/\/sarmacjabedzin.pl\/index.php\/2025\/11\/15\/sarmacja-konczy-rok-u-siebie-wygrana\/#primaryimage\",\"url\":\"https:\/\/sarmacjabedzin.pl\/wp-content\/uploads\/2025\/11\/DAN_5207-2.jpg\",\"contentUrl\":\"https:\/\/sarmacjabedzin.pl\/wp-content\/uploads\/2025\/11\/DAN_5207-2.jpg\",\"width\":2048,\"height\":1365},{\"@type\":\"BreadcrumbList\",\"@id\":\"https:\/\/sarmacjabedzin.pl\/index.php\/2025\/11\/15\/sarmacja-konczy-rok-u-siebie-wygrana\/#breadcrumb\",\"itemListElement\":[{\"@type\":\"ListItem\",\"position\":1,\"name\":\"Strona g\u0142\u00f3wna\",\"item\":\"https:\/\/sarmacjabedzin.pl\/\"},{\"@type\":\"ListItem\",\"position\":2,\"name\":\"Sarmacja ko\u0144czy rok u siebie wygran\u0105!\"}]},{\"@type\":\"WebSite\",\"@id\":\"https:\/\/sarmacjabedzin.pl\/#website\",\"url\":\"https:\/\/sarmacjabedzin.pl\/\",\"name\":\"BKS Sarmacja B\u0119dzin \u2013 Nieoficjalny serwis\",\"description\":\"Nieoficjalny serwis B\u0119dzi\u0144skiego Klubu Sportowego &quot;Sarmacja&quot;\",\"potentialAction\":[{\"@type\":\"SearchAction\",\"target\":{\"@type\":\"EntryPoint\",\"urlTemplate\":\"https:\/\/sarmacjabedzin.pl\/?s={search_term_string}\"},\"query-input\":{\"@type\":\"PropertyValueSpecification\",\"valueRequired\":true,\"valueName\":\"search_term_string\"}}],\"inLanguage\":\"pl-PL\"},{\"@type\":\"Person\",\"@id\":\"https:\/\/sarmacjabedzin.pl\/#\/schema\/person\/5417ea7b03bcd9adf58298a2265ce03a\",\"name\":\"tyrtak\",\"image\":{\"@type\":\"ImageObject\",\"inLanguage\":\"pl-PL\",\"@id\":\"https:\/\/sarmacjabedzin.pl\/#\/schema\/person\/image\/\",\"url\":\"https:\/\/secure.gravatar.com\/avatar\/49b7734c6795cf524710e96813a9fedc1ae3816e479d92490236b4cfc47a5ae1?s=96&d=mm&r=g\",\"contentUrl\":\"https:\/\/secure.gravatar.com\/avatar\/49b7734c6795cf524710e96813a9fedc1ae3816e479d92490236b4cfc47a5ae1?s=96&d=mm&r=g\",\"caption\":\"tyrtak\"}}]}<\/script>\n<!-- \/ Yoast SEO plugin. -->","yoast_head_json":{"title":"Sarmacja ko\u0144czy rok u siebie wygran\u0105! | BKS Sarmacja B\u0119dzin","robots":{"index":"index","follow":"follow","max-snippet":"max-snippet:-1","max-image-preview":"max-image-preview:large","max-video-preview":"max-video-preview:-1"},"canonical":"https:\/\/sarmacjabedzin.pl\/index.php\/2025\/11\/15\/sarmacja-konczy-rok-u-siebie-wygrana\/","og_locale":"pl_PL","og_type":"article","og_title":"Sarmacja ko\u0144czy rok u siebie wygran\u0105! | BKS Sarmacja B\u0119dzin","og_description":"W sobot\u0119, 15 listopada 2025 roku o godzinie 13:30, pi\u0142karze Sarmacji B\u0119dzin rozegrali na w\u0142asnym stadionie spotkanie XIV kolejki ligowej, mierz\u0105c si\u0119 z dru\u017cyn\u0105 Pogoni Imielin. Go\u015bcie, maj\u0105cy na koncie 21 punkt\u00f3w, plasowali si\u0119 na 9. miejscu w tabeli, za\u015b Sarmacja jako lider przyst\u0119powa\u0142a do meczu z dorobkiem 30 punkt\u00f3w. W poprzedniej kolejce podopieczni trenera...","og_url":"https:\/\/sarmacjabedzin.pl\/index.php\/2025\/11\/15\/sarmacja-konczy-rok-u-siebie-wygrana\/","og_site_name":"BKS Sarmacja B\u0119dzin","article_publisher":"https:\/\/www.facebook.com\/SarmacjaBedzin","article_published_time":"2025-11-15T16:40:03+00:00","og_image":[{"width":2048,"height":1365,"url":"http:\/\/sarmacjabedzin.pl\/wp-content\/uploads\/2025\/11\/DAN_5207-2.jpg","type":"image\/jpeg"}],"author":"tyrtak","twitter_card":"summary_large_image","twitter_misc":{"Napisane przez":"tyrtak","Szacowany czas czytania":"3 minuty"},"schema":{"@context":"https:\/\/schema.org","@graph":[{"@type":"WebPage","@id":"https:\/\/sarmacjabedzin.pl\/index.php\/2025\/11\/15\/sarmacja-konczy-rok-u-siebie-wygrana\/","url":"https:\/\/sarmacjabedzin.pl\/index.php\/2025\/11\/15\/sarmacja-konczy-rok-u-siebie-wygrana\/","name":"Sarmacja ko\u0144czy rok u siebie wygran\u0105! | BKS Sarmacja B\u0119dzin","isPartOf":{"@id":"https:\/\/sarmacjabedzin.pl\/#website"},"primaryImageOfPage":{"@id":"https:\/\/sarmacjabedzin.pl\/index.php\/2025\/11\/15\/sarmacja-konczy-rok-u-siebie-wygrana\/#primaryimage"},"image":{"@id":"https:\/\/sarmacjabedzin.pl\/index.php\/2025\/11\/15\/sarmacja-konczy-rok-u-siebie-wygrana\/#primaryimage"},"thumbnailUrl":"https:\/\/sarmacjabedzin.pl\/wp-content\/uploads\/2025\/11\/DAN_5207-2.jpg","datePublished":"2025-11-15T16:40:03+00:00","author":{"@id":"https:\/\/sarmacjabedzin.pl\/#\/schema\/person\/5417ea7b03bcd9adf58298a2265ce03a"},"breadcrumb":{"@id":"https:\/\/sarmacjabedzin.pl\/index.php\/2025\/11\/15\/sarmacja-konczy-rok-u-siebie-wygrana\/#breadcrumb"},"inLanguage":"pl-PL","potentialAction":[{"@type":"ReadAction","target":["https:\/\/sarmacjabedzin.pl\/index.php\/2025\/11\/15\/sarmacja-konczy-rok-u-siebie-wygrana\/"]}]},{"@type":"ImageObject","inLanguage":"pl-PL","@id":"https:\/\/sarmacjabedzin.pl\/index.php\/2025\/11\/15\/sarmacja-konczy-rok-u-siebie-wygrana\/#primaryimage","url":"https:\/\/sarmacjabedzin.pl\/wp-content\/uploads\/2025\/11\/DAN_5207-2.jpg","contentUrl":"https:\/\/sarmacjabedzin.pl\/wp-content\/uploads\/2025\/11\/DAN_5207-2.jpg","width":2048,"height":1365},{"@type":"BreadcrumbList","@id":"https:\/\/sarmacjabedzin.pl\/index.php\/2025\/11\/15\/sarmacja-konczy-rok-u-siebie-wygrana\/#breadcrumb","itemListElement":[{"@type":"ListItem","position":1,"name":"Strona g\u0142\u00f3wna","item":"https:\/\/sarmacjabedzin.pl\/"},{"@type":"ListItem","position":2,"name":"Sarmacja ko\u0144czy rok u siebie wygran\u0105!"}]},{"@type":"WebSite","@id":"https:\/\/sarmacjabedzin.pl\/#website","url":"https:\/\/sarmacjabedzin.pl\/","name":"BKS Sarmacja B\u0119dzin \u2013 Nieoficjalny serwis","description":"Nieoficjalny serwis B\u0119dzi\u0144skiego Klubu Sportowego &quot;Sarmacja&quot;","potentialAction":[{"@type":"SearchAction","target":{"@type":"EntryPoint","urlTemplate":"https:\/\/sarmacjabedzin.pl\/?s={search_term_string}"},"query-input":{"@type":"PropertyValueSpecification","valueRequired":true,"valueName":"search_term_string"}}],"inLanguage":"pl-PL"},{"@type":"Person","@id":"https:\/\/sarmacjabedzin.pl\/#\/schema\/person\/5417ea7b03bcd9adf58298a2265ce03a","name":"tyrtak","image":{"@type":"ImageObject","inLanguage":"pl-PL","@id":"https:\/\/sarmacjabedzin.pl\/#\/schema\/person\/image\/","url":"https:\/\/secure.gravatar.com\/avatar\/49b7734c6795cf524710e96813a9fedc1ae3816e479d92490236b4cfc47a5ae1?s=96&d=mm&r=g","contentUrl":"https:\/\/secure.gravatar.com\/avatar\/49b7734c6795cf524710e96813a9fedc1ae3816e479d92490236b4cfc47a5ae1?s=96&d=mm&r=g","caption":"tyrtak"}}]}},"rttpg_featured_image_url":{"full":["https:\/\/sarmacjabedzin.pl\/wp-content\/uploads\/2025\/11\/DAN_5207-2.jpg",2048,1365,false],"landscape":["https:\/\/sarmacjabedzin.pl\/wp-content\/uploads\/2025\/11\/DAN_5207-2.jpg",2048,1365,false],"portraits":["https:\/\/sarmacjabedzin.pl\/wp-content\/uploads\/2025\/11\/DAN_5207-2.jpg",2048,1365,false],"thumbnail":["https:\/\/sarmacjabedzin.pl\/wp-content\/uploads\/2025\/11\/DAN_5207-2.jpg",150,100,false],"medium":["https:\/\/sarmacjabedzin.pl\/wp-content\/uploads\/2025\/11\/DAN_5207-2.jpg",300,200,false],"large":["https:\/\/sarmacjabedzin.pl\/wp-content\/uploads\/2025\/11\/DAN_5207-2.jpg",1024,683,false],"1536x1536":["https:\/\/sarmacjabedzin.pl\/wp-content\/uploads\/2025\/11\/DAN_5207-2.jpg",1536,1024,false],"2048x2048":["https:\/\/sarmacjabedzin.pl\/wp-content\/uploads\/2025\/11\/DAN_5207-2.jpg",2048,1365,false],"sportspress-crop-medium":["https:\/\/sarmacjabedzin.pl\/wp-content\/uploads\/2025\/11\/DAN_5207-2.jpg",300,200,false],"sportspress-fit-medium":["https:\/\/sarmacjabedzin.pl\/wp-content\/uploads\/2025\/11\/DAN_5207-2.jpg",300,200,false],"sportspress-fit-icon":["https:\/\/sarmacjabedzin.pl\/wp-content\/uploads\/2025\/11\/DAN_5207-2.jpg",128,85,false],"sportspress-fit-mini":["https:\/\/sarmacjabedzin.pl\/wp-content\/uploads\/2025\/11\/DAN_5207-2.jpg",32,21,false],"ultp_layout_landscape_large":["https:\/\/sarmacjabedzin.pl\/wp-content\/uploads\/2025\/11\/DAN_5207-2.jpg",1200,800,false],"ultp_layout_landscape":["https:\/\/sarmacjabedzin.pl\/wp-content\/uploads\/2025\/11\/DAN_5207-2.jpg",855,570,false],"ultp_layout_portrait":["https:\/\/sarmacjabedzin.pl\/wp-content\/uploads\/2025\/11\/DAN_5207-2.jpg",600,400,false],"ultp_layout_square":["https:\/\/sarmacjabedzin.pl\/wp-content\/uploads\/2025\/11\/DAN_5207-2.jpg",600,400,false],"stm-1140-666":["https:\/\/sarmacjabedzin.pl\/wp-content\/uploads\/2025\/11\/DAN_5207-2.jpg",999,666,false],"stm-1170-650":["https:\/\/sarmacjabedzin.pl\/wp-content\/uploads\/2025\/11\/DAN_5207-2.jpg",975,650,false],"stm-570-350":["https:\/\/sarmacjabedzin.pl\/wp-content\/uploads\/2025\/11\/DAN_5207-2.jpg",525,350,false],"stm-570-250":["https:\/\/sarmacjabedzin.pl\/wp-content\/uploads\/2025\/11\/DAN_5207-2.jpg",375,250,false],"stm-270-370":["https:\/\/sarmacjabedzin.pl\/wp-content\/uploads\/2025\/11\/DAN_5207-2.jpg",270,180,false],"stm-540-500":["https:\/\/sarmacjabedzin.pl\/wp-content\/uploads\/2025\/11\/DAN_5207-2.jpg",540,360,false],"stm-270-530":["https:\/\/sarmacjabedzin.pl\/wp-content\/uploads\/2025\/11\/DAN_5207-2.jpg",270,180,false],"stm-200-200":["https:\/\/sarmacjabedzin.pl\/wp-content\/uploads\/2025\/11\/DAN_5207-2.jpg",200,133,false],"stm-85-105":["https:\/\/sarmacjabedzin.pl\/wp-content\/uploads\/2025\/11\/DAN_5207-2.jpg",85,57,false],"stm-255-255":["https:\/\/sarmacjabedzin.pl\/wp-content\/uploads\/2025\/11\/DAN_5207-2.jpg",255,170,false],"stm-360-240":["https:\/\/sarmacjabedzin.pl\/wp-content\/uploads\/2025\/11\/DAN_5207-2.jpg",360,240,false],"stm-360-495":["https:\/\/sarmacjabedzin.pl\/wp-content\/uploads\/2025\/11\/DAN_5207-2.jpg",360,240,false],"stm-445-400":["https:\/\/sarmacjabedzin.pl\/wp-content\/uploads\/2025\/11\/DAN_5207-2.jpg",445,297,false],"stm-735-240":["https:\/\/sarmacjabedzin.pl\/wp-content\/uploads\/2025\/11\/DAN_5207-2.jpg",360,240,false],"stm-255-183":["https:\/\/sarmacjabedzin.pl\/wp-content\/uploads\/2025\/11\/DAN_5207-2.jpg",255,170,false],"stm-350-250":["https:\/\/sarmacjabedzin.pl\/wp-content\/uploads\/2025\/11\/DAN_5207-2.jpg",350,233,false],"blog_list":["https:\/\/sarmacjabedzin.pl\/wp-content\/uploads\/2025\/11\/DAN_5207-2.jpg",270,180,false],"blog_list_medium":["https:\/\/sarmacjabedzin.pl\/wp-content\/uploads\/2025\/11\/DAN_5207-2.jpg",390,260,false],"gallery_thumbnail":["https:\/\/sarmacjabedzin.pl\/wp-content\/uploads\/2025\/11\/DAN_5207-2.jpg",80,53,false],"gallery_image":["https:\/\/sarmacjabedzin.pl\/wp-content\/uploads\/2025\/11\/DAN_5207-2.jpg",551,367,false],"gallery_image_mini":["https:\/\/sarmacjabedzin.pl\/wp-content\/uploads\/2025\/11\/DAN_5207-2.jpg",143,95,false],"player_photo":["https:\/\/sarmacjabedzin.pl\/wp-content\/uploads\/2025\/11\/DAN_5207-2.jpg",740,493,false],"team_logo":["https:\/\/sarmacjabedzin.pl\/wp-content\/uploads\/2025\/11\/DAN_5207-2.jpg",98,65,false],"player_stat_ava":["https:\/\/sarmacjabedzin.pl\/wp-content\/uploads\/2025\/11\/DAN_5207-2.jpg",550,367,false],"post-350-220":["https:\/\/sarmacjabedzin.pl\/wp-content\/uploads\/2025\/11\/DAN_5207-2.jpg",330,220,false],"post-275-142":["https:\/\/sarmacjabedzin.pl\/wp-content\/uploads\/2025\/11\/DAN_5207-2.jpg",213,142,false],"post-160-120":["https:\/\/sarmacjabedzin.pl\/wp-content\/uploads\/2025\/11\/DAN_5207-2.jpg",160,107,false],"post-110-70":["https:\/\/sarmacjabedzin.pl\/wp-content\/uploads\/2025\/11\/DAN_5207-2.jpg",105,70,false],"post-770-450":["https:\/\/sarmacjabedzin.pl\/wp-content\/uploads\/2025\/11\/DAN_5207-2.jpg",675,450,false],"post-370-210":["https:\/\/sarmacjabedzin.pl\/wp-content\/uploads\/2025\/11\/DAN_5207-2.jpg",315,210,false],"post-457-470":["https:\/\/sarmacjabedzin.pl\/wp-content\/uploads\/2025\/11\/DAN_5207-2.jpg",457,305,false],"post-370-420":["https:\/\/sarmacjabedzin.pl\/wp-content\/uploads\/2025\/11\/DAN_5207-2.jpg",370,247,false],"stm-445-445":["https:\/\/sarmacjabedzin.pl\/wp-content\/uploads\/2025\/11\/DAN_5207-2.jpg",445,297,false],"stm-555-460":["https:\/\/sarmacjabedzin.pl\/wp-content\/uploads\/2025\/11\/DAN_5207-2.jpg",555,370,false],"stm-350-450":["https:\/\/sarmacjabedzin.pl\/wp-content\/uploads\/2025\/11\/DAN_5207-2.jpg",350,233,false],"stm-720-440":["https:\/\/sarmacjabedzin.pl\/wp-content\/uploads\/2025\/11\/DAN_5207-2.jpg",660,440,false],"stm-270-270":["https:\/\/sarmacjabedzin.pl\/wp-content\/uploads\/2025\/11\/DAN_5207-2.jpg",270,180,false],"stm-760-450":["https:\/\/sarmacjabedzin.pl\/wp-content\/uploads\/2025\/11\/DAN_5207-2.jpg",675,450,false]},"rttpg_author":{"display_name":"tyrtak","author_link":false},"rttpg_comment":0,"rttpg_category":"<a href=\"https:\/\/sarmacjabedzin.pl\/index.php\/category\/soccer\/\" rel=\"category tag\">Liga<\/a> <a href=\"https:\/\/sarmacjabedzin.pl\/index.php\/category\/soccer\/relacja-z-meczu\/\" rel=\"category tag\">Relacja z meczu<\/a>","rttpg_excerpt":"W sobot\u0119, 15 listopada 2025 roku o godzinie 13:30, pi\u0142karze Sarmacji B\u0119dzin rozegrali na w\u0142asnym stadionie spotkanie XIV kolejki ligowej, mierz\u0105c si\u0119 z dru\u017cyn\u0105 Pogoni Imielin. Go\u015bcie, maj\u0105cy na koncie 21 punkt\u00f3w, plasowali si\u0119 na 9. miejscu w tabeli, za\u015b Sarmacja jako lider przyst\u0119powa\u0142a do meczu z dorobkiem 30 punkt\u00f3w. W poprzedniej kolejce podopieczni trenera...","_links":{"self":[{"href":"https:\/\/sarmacjabedzin.pl\/index.php\/wp-json\/wp\/v2\/posts\/9703","targetHints":{"allow":["GET"]}}],"collection":[{"href":"https:\/\/sarmacjabedzin.pl\/index.php\/wp-json\/wp\/v2\/posts"}],"about":[{"href":"https:\/\/sarmacjabedzin.pl\/index.php\/wp-json\/wp\/v2\/types\/post"}],"author":[{"embeddable":true,"href":"https:\/\/sarmacjabedzin.pl\/index.php\/wp-json\/wp\/v2\/users\/1"}],"replies":[{"embeddable":true,"href":"https:\/\/sarmacjabedzin.pl\/index.php\/wp-json\/wp\/v2\/comments?post=9703"}],"version-history":[{"count":1,"href":"https:\/\/sarmacjabedzin.pl\/index.php\/wp-json\/wp\/v2\/posts\/9703\/revisions"}],"predecessor-version":[{"id":9706,"href":"https:\/\/sarmacjabedzin.pl\/index.php\/wp-json\/wp\/v2\/posts\/9703\/revisions\/9706"}],"wp:featuredmedia":[{"embeddable":true,"href":"https:\/\/sarmacjabedzin.pl\/index.php\/wp-json\/wp\/v2\/media\/9704"}],"wp:attachment":[{"href":"https:\/\/sarmacjabedzin.pl\/index.php\/wp-json\/wp\/v2\/media?parent=9703"}],"wp:term":[{"taxonomy":"category","embeddable":true,"href":"https:\/\/sarmacjabedzin.pl\/index.php\/wp-json\/wp\/v2\/categories?post=9703"},{"taxonomy":"post_tag","embeddable":true,"href":"https:\/\/sarmacjabedzin.pl\/index.php\/wp-json\/wp\/v2\/tags?post=9703"}],"curies":[{"name":"wp","href":"https:\/\/api.w.org\/{rel}","templated":true}]}}