{"id":979,"date":"2017-03-19T12:37:56","date_gmt":"2017-03-19T11:37:56","guid":{"rendered":"http:\/\/sarmacjabedzin.pl\/index.php\/2017\/03\/19\/zwyciestwo-po-dramatycznej-koncowce\/"},"modified":"2017-03-19T12:37:56","modified_gmt":"2017-03-19T11:37:56","slug":"zwyciestwo-po-dramatycznej-koncowce","status":"publish","type":"post","link":"https:\/\/sarmacjabedzin.pl\/index.php\/2017\/03\/19\/zwyciestwo-po-dramatycznej-koncowce\/","title":{"rendered":"Zwyci\u0119stwo po dramatycznej ko\u0144c\u00f3wce!"},"content":{"rendered":"<p style=\"margin-bottom: 0cm;\">Dzi\u015b 19.03.2017r o godz.11.00 pi\u0142karze Sarmacji B\u0119dzin rozegrali wyjazdowe spotkanie ligowe z rezerwami GKS-u Tychy. Po ostatniej bolesnej pora\u017cce z RKS-em Grodziec 2:3 na w\u0142asnym stadionie podra\u017cnieni Sarmaci chcieli dzi\u015b udowodni\u0107, \u017ce by\u0142a to tylko jednorazowa wpadka. Zadanie to nie by\u0142o jednak \u0142atwe.<\/p>\n<p style=\"margin-bottom: 0cm;\">Dru\u017cyna GKS-u Tychy walcz\u0105ca o utrzymanie, na w\u0142asnym obiekcie jest bardzo gro\u017ana i musi na nim szuka\u0107 cennych punkt\u00f3w.<\/p>\n<p style=\"margin-bottom: 0cm;\">Trener Krzysztof Kie\u0142b po ostatnim spotkaniu dokona\u0142 dw\u00f3ch zmian w sk\u0142adzie.<\/p>\n<p style=\"margin-bottom: 0cm;\">Stoj\u0105cego w bramce Dariusza Maciejowskiego zast\u0105pi\u0142 debiutuj\u0105cy w barwach b\u0119dzinian golkiper G\u00f3rnika Zabrze Tomasz Lewandowski, a Remigiusza Malickiego powracaj\u0105cy po przerwie spowodowanej kartkami J\u00f3zef Misztal.<\/p>\n<p style=\"margin-bottom: 0cm;\">Pierwsz\u0105 znakomit\u0105 szans\u0119 na zdobycie gola w 19 minucie zaprzepa\u015bci\u0142 Artur Nowak. Po \u015bwietnym podaniu od Micha\u0142a Dyrdy stan\u0105\u0142 oko w oko z bramkarzem gospodarzy. Niestety jego strza\u0142 nie by\u0142 w stanie zaskoczy\u0107 golkipera miejscowych.<\/p>\n<p style=\"margin-bottom: 0cm;\">Chwil\u0119 potem w polu karnym rywala strza\u0142em nad bramk\u0105 popisa\u0142 si\u0119 Andrzej Buchcik.<\/p>\n<p style=\"margin-bottom: 0cm;\">W 22 minucie Bartosz Derlatka zagra\u0142 ze \u015brodka boiska na praw\u0105 stron\u0119 do Rafa\u0142a J\u0119drzejczyka. Ten pos\u0142a\u0142 pi\u0142k\u0119 do znajduj\u0105cego si\u0119 w polu karnym gospodarzy Artura Nowaka, kt\u00f3ry z bliskiej odleg\u0142o\u015bci zmie\u015bci\u0142 j\u0105 w siatce GKS-u.<\/p>\n<p style=\"margin-bottom: 0cm;\">W 28 minucie Alex Tyszczak przej\u0105\u0142 futbol\u00f3wk\u0119 na 20 metrze od bramki rywala i pogna\u0142 z ni\u0105 w kierunku wybiegaj\u0105cego do niego bramkarza. Niestety pr\u00f3ba przelobowania go zako\u0144czy\u0142a si\u0119 niepowodzeniem, a pi\u0142ka wpad\u0142a w r\u0119kawice golkipera tyszan.<\/p>\n<p style=\"margin-bottom: 0cm;\">W 41 minucie celnym strza\u0142em pod poprzeczk\u0119 z naro\u017cnika pola karnego po d\u0142ugim rogu popisa\u0142 si\u0119 Bartosz Derlatka.<\/p>\n<p style=\"margin-bottom: 0cm;\">W 45 minucie \u015bwietn\u0105 interwencj\u0105 po uderzeniu pi\u0142karza gospodarzy popisa\u0142 si\u0119 Tomasz Lewandowski.<\/p>\n<p style=\"margin-bottom: 0cm;\">Sarmacja do przerwy zas\u0142u\u017cenie prowadzi\u0142a 2:0.<\/p>\n<p style=\"margin-bottom: 0cm;\">W drugiej po\u0142owie gospodarze bardzo szybko zdobyli kontaktowego gola.<\/p>\n<p style=\"margin-bottom: 0cm;\">W 48 minucie po faulu Daniela Sroki gospodarze otrzymali rzut wolny zza pola karnego. <br \/>Po tym zdarzeniu pi\u0142karz gospodarzy kapitalnym strza\u0142em zdo\u0142a\u0142 pokona\u0107 golkipera b\u0119dzinian.<\/p>\n<p style=\"margin-bottom: 0cm;\">W 70 minucie znajduj\u0105cy si\u0119 w polu karnym Alex Tyszczak zosta\u0142 sfaulowany. S\u0119dzia wskaza\u0142 na wapno. Trzeciego gola dla Sarmacji z rzutu karnego zdoby\u0142 J\u00f3zef Misztal. <br \/>Mimo sporej przewagi tyszan b\u0119dzinianie dzielnie bronili cennego wyniku.<\/p>\n<p style=\"margin-bottom: 0cm;\">W 80 minucie uda\u0142o si\u0119 jednak miejscowym odzyska\u0107 nadziej\u0119 na uzyskanie korzystnego rezultatu.<\/p>\n<p style=\"margin-bottom: 0cm;\">Tym razem po faulu na zawodniku gospodarzy arbiter zarz\u0105dzi\u0142 \u201ejedenastk\u0119\u201d, po kt\u00f3rej to GKS zmniejszy\u0142 rozmiary pora\u017cki na 2:3.<\/p>\n<p style=\"margin-bottom: 0cm;\">Ostatnie minuty przebiega\u0142y pod dyktando rywala, kt\u00f3ry do ostatnich sekund walczy\u0142 o zdobycie remisowego gola.<\/p>\n<p style=\"margin-bottom: 0cm;\">W 83 minucie b\u0119d\u0105cy ju\u017c na \u0142awce J\u00f3zef Misztal nie wytrzyma\u0142 napi\u0119cia i ukarany zosta\u0142 przez s\u0119dziego drug\u0105 \u017c\u00f3\u0142t\u0105 kartk\u0105, a nast\u0119pnie czerwon\u0105.<\/p>\n<p style=\"margin-bottom: 0cm;\">Tego samego w 86 minucie dozna\u0142 Andrzej Buchcik, kt\u00f3ry musia\u0142 opu\u015bci\u0107 plac gry.<\/p>\n<p style=\"margin-bottom: 0cm;\">Mimo dramatycznej ko\u0144c\u00f3wki Sarmacja zdo\u0142a\u0142a dowie\u017a\u0107 do ko\u0144ca cenne zwyci\u0119stwo 3:2. Tym samym b\u0119dzinianie dalej pozostaj\u0105 na trzecim miejscu w tabeli. Ju\u017c w najbli\u017csz\u0105 sobot\u0119 Sarmacja na w\u0142asnym stadionie go\u015bci\u0107 b\u0119dzie MKS Myszk\u00f3w.<\/p>\n<p style=\"margin-bottom: 0cm;\">\u00a0<\/p>\n<p style=\"margin-bottom: 0cm;\"><strong>GKS II Tychy \u2013 Sarmacja B\u0119dzin 2:3 (0:2)<\/strong><\/p>\n<p style=\"margin-bottom: 0cm;\"><strong>Bramki:<\/strong><\/p>\n<p style=\"margin-bottom: 0cm;\">22&#8242; Nowak<\/p>\n<p style=\"margin-bottom: 0cm;\">41&#8242; B.Derlatka<\/p>\n<p style=\"margin-bottom: 0cm;\">70&#8242; (k) Misztal<\/p>\n<p style=\"margin-bottom: 0cm;\">_____________________<\/p>\n<p style=\"margin-bottom: 0cm;\">48&#8242; (w)<\/p>\n<p style=\"margin-bottom: 0cm;\">80&#8242; (k)<\/p>\n<p style=\"margin-bottom: 0cm;\">\u00a0<\/p>\n<p style=\"margin-bottom: 0cm;\"><strong>\u017b\u00f3\u0142te kartki:<\/strong><\/p>\n<p style=\"margin-bottom: 0cm;\">48&#8242; Sroka<\/p>\n<p style=\"margin-bottom: 0cm;\">53&#8242;, 83&#8242; Misztal<\/p>\n<p style=\"margin-bottom: 0cm;\">53&#8242;, 86&#8242; Buchcik<\/p>\n<p style=\"margin-bottom: 0cm;\">\u00a0<\/p>\n<p style=\"margin-bottom: 0cm;\"><strong>Czerwone kartki:<\/strong><br \/>83&#8242; (dwie \u017c\u00f3\u0142te) Misztal<br \/>86&#8242; (dwie \u017c\u00f3\u0142te) Buchcik<\/p>\n<p style=\"margin-bottom: 0cm;\">\u00a0<\/p>\n<p>\u00a0<\/p>\n<p style=\"margin-bottom: 0cm;\"><strong>Sarmacja B\u0119dzin:<\/strong> Lewandowski, Kowalski, Buchcik, Kita, Sroka, Misztal (81&#8242; Majka), Dyrda (54&#8242; M.Derlatka), B.Derlatka, J\u0119drzejczyk, Tyszczak (87&#8242; Malicki), Nowak (90&#8217;+4&#8242; Kowalczyk)<\/p>\n","protected":false},"excerpt":{"rendered":"<p>Dzi\u015b 19.03.2017r o godz.11.00 pi\u0142karze Sarmacji B\u0119dzin rozegrali wyjazdowe spotkanie ligowe z rezerwami GKS-u Tychy. Po ostatniej bolesnej pora\u017cce z RKS-em Grodziec 2:3 na w\u0142asnym stadionie podra\u017cnieni Sarmaci chcieli dzi\u015b udowodni\u0107, \u017ce by\u0142a to tylko jednorazowa wpadka. Zadanie to nie by\u0142o jednak \u0142atwe. Dru\u017cyna GKS-u Tychy walcz\u0105ca o utrzymanie, na w\u0142asnym obiekcie jest bardzo gro\u017ana&#8230;<\/p>\n","protected":false},"author":1,"featured_media":978,"comment_status":"open","ping_status":"open","sticky":false,"template":"","format":"standard","meta":{"footnotes":""},"categories":[64],"tags":[],"class_list":["post-979","post","type-post","status-publish","format-standard","has-post-thumbnail","hentry","category-soccer"],"yoast_head":"<!-- This site is optimized with the Yoast SEO plugin v25.8 - https:\/\/yoast.com\/wordpress\/plugins\/seo\/ -->\n<title>Zwyci\u0119stwo po dramatycznej ko\u0144c\u00f3wce! | BKS Sarmacja B\u0119dzin<\/title>\n<meta name=\"robots\" content=\"index, follow, max-snippet:-1, max-image-preview:large, max-video-preview:-1\" \/>\n<link rel=\"canonical\" href=\"https:\/\/sarmacjabedzin.pl\/index.php\/2017\/03\/19\/zwyciestwo-po-dramatycznej-koncowce\/\" \/>\n<meta property=\"og:locale\" content=\"pl_PL\" \/>\n<meta property=\"og:type\" content=\"article\" \/>\n<meta property=\"og:title\" content=\"Zwyci\u0119stwo po dramatycznej ko\u0144c\u00f3wce! | BKS Sarmacja B\u0119dzin\" \/>\n<meta property=\"og:description\" content=\"Dzi\u015b 19.03.2017r o godz.11.00 pi\u0142karze Sarmacji B\u0119dzin rozegrali wyjazdowe spotkanie ligowe z rezerwami GKS-u Tychy. Po ostatniej bolesnej pora\u017cce z RKS-em Grodziec 2:3 na w\u0142asnym stadionie podra\u017cnieni Sarmaci chcieli dzi\u015b udowodni\u0107, \u017ce by\u0142a to tylko jednorazowa wpadka. Zadanie to nie by\u0142o jednak \u0142atwe. Dru\u017cyna GKS-u Tychy walcz\u0105ca o utrzymanie, na w\u0142asnym obiekcie jest bardzo gro\u017ana...\" \/>\n<meta property=\"og:url\" content=\"https:\/\/sarmacjabedzin.pl\/index.php\/2017\/03\/19\/zwyciestwo-po-dramatycznej-koncowce\/\" \/>\n<meta property=\"og:site_name\" content=\"BKS Sarmacja B\u0119dzin\" \/>\n<meta property=\"article:publisher\" content=\"https:\/\/www.facebook.com\/SarmacjaBedzin\" \/>\n<meta property=\"article:published_time\" content=\"2017-03-19T11:37:56+00:00\" \/>\n<meta property=\"og:image\" content=\"https:\/\/sarmacjabedzin.pl\/wp-content\/uploads\/2017\/03\/radosc.jpg\" \/>\n\t<meta property=\"og:image:width\" content=\"1200\" \/>\n\t<meta property=\"og:image:height\" content=\"798\" \/>\n\t<meta property=\"og:image:type\" content=\"image\/jpeg\" \/>\n<meta name=\"author\" content=\"tyrtak\" \/>\n<meta name=\"twitter:card\" content=\"summary_large_image\" \/>\n<meta name=\"twitter:label1\" content=\"Napisane przez\" \/>\n\t<meta name=\"twitter:data1\" content=\"tyrtak\" \/>\n\t<meta name=\"twitter:label2\" content=\"Szacowany czas czytania\" \/>\n\t<meta name=\"twitter:data2\" content=\"3 minuty\" \/>\n<script type=\"application\/ld+json\" class=\"yoast-schema-graph\">{\"@context\":\"https:\/\/schema.org\",\"@graph\":[{\"@type\":\"WebPage\",\"@id\":\"https:\/\/sarmacjabedzin.pl\/index.php\/2017\/03\/19\/zwyciestwo-po-dramatycznej-koncowce\/\",\"url\":\"https:\/\/sarmacjabedzin.pl\/index.php\/2017\/03\/19\/zwyciestwo-po-dramatycznej-koncowce\/\",\"name\":\"Zwyci\u0119stwo po dramatycznej ko\u0144c\u00f3wce! | BKS Sarmacja B\u0119dzin\",\"isPartOf\":{\"@id\":\"https:\/\/sarmacjabedzin.pl\/#website\"},\"primaryImageOfPage\":{\"@id\":\"https:\/\/sarmacjabedzin.pl\/index.php\/2017\/03\/19\/zwyciestwo-po-dramatycznej-koncowce\/#primaryimage\"},\"image\":{\"@id\":\"https:\/\/sarmacjabedzin.pl\/index.php\/2017\/03\/19\/zwyciestwo-po-dramatycznej-koncowce\/#primaryimage\"},\"thumbnailUrl\":\"https:\/\/sarmacjabedzin.pl\/wp-content\/uploads\/2017\/03\/radosc.jpg\",\"datePublished\":\"2017-03-19T11:37:56+00:00\",\"author\":{\"@id\":\"https:\/\/sarmacjabedzin.pl\/#\/schema\/person\/5417ea7b03bcd9adf58298a2265ce03a\"},\"breadcrumb\":{\"@id\":\"https:\/\/sarmacjabedzin.pl\/index.php\/2017\/03\/19\/zwyciestwo-po-dramatycznej-koncowce\/#breadcrumb\"},\"inLanguage\":\"pl-PL\",\"potentialAction\":[{\"@type\":\"ReadAction\",\"target\":[\"https:\/\/sarmacjabedzin.pl\/index.php\/2017\/03\/19\/zwyciestwo-po-dramatycznej-koncowce\/\"]}]},{\"@type\":\"ImageObject\",\"inLanguage\":\"pl-PL\",\"@id\":\"https:\/\/sarmacjabedzin.pl\/index.php\/2017\/03\/19\/zwyciestwo-po-dramatycznej-koncowce\/#primaryimage\",\"url\":\"https:\/\/sarmacjabedzin.pl\/wp-content\/uploads\/2017\/03\/radosc.jpg\",\"contentUrl\":\"https:\/\/sarmacjabedzin.pl\/wp-content\/uploads\/2017\/03\/radosc.jpg\",\"width\":1200,\"height\":798},{\"@type\":\"BreadcrumbList\",\"@id\":\"https:\/\/sarmacjabedzin.pl\/index.php\/2017\/03\/19\/zwyciestwo-po-dramatycznej-koncowce\/#breadcrumb\",\"itemListElement\":[{\"@type\":\"ListItem\",\"position\":1,\"name\":\"Strona g\u0142\u00f3wna\",\"item\":\"https:\/\/sarmacjabedzin.pl\/\"},{\"@type\":\"ListItem\",\"position\":2,\"name\":\"Zwyci\u0119stwo po dramatycznej ko\u0144c\u00f3wce!\"}]},{\"@type\":\"WebSite\",\"@id\":\"https:\/\/sarmacjabedzin.pl\/#website\",\"url\":\"https:\/\/sarmacjabedzin.pl\/\",\"name\":\"BKS Sarmacja B\u0119dzin \u2013 Nieoficjalny serwis\",\"description\":\"Nieoficjalny serwis B\u0119dzi\u0144skiego Klubu Sportowego &quot;Sarmacja&quot;\",\"potentialAction\":[{\"@type\":\"SearchAction\",\"target\":{\"@type\":\"EntryPoint\",\"urlTemplate\":\"https:\/\/sarmacjabedzin.pl\/?s={search_term_string}\"},\"query-input\":{\"@type\":\"PropertyValueSpecification\",\"valueRequired\":true,\"valueName\":\"search_term_string\"}}],\"inLanguage\":\"pl-PL\"},{\"@type\":\"Person\",\"@id\":\"https:\/\/sarmacjabedzin.pl\/#\/schema\/person\/5417ea7b03bcd9adf58298a2265ce03a\",\"name\":\"tyrtak\",\"image\":{\"@type\":\"ImageObject\",\"inLanguage\":\"pl-PL\",\"@id\":\"https:\/\/sarmacjabedzin.pl\/#\/schema\/person\/image\/\",\"url\":\"https:\/\/secure.gravatar.com\/avatar\/49b7734c6795cf524710e96813a9fedc1ae3816e479d92490236b4cfc47a5ae1?s=96&d=mm&r=g\",\"contentUrl\":\"https:\/\/secure.gravatar.com\/avatar\/49b7734c6795cf524710e96813a9fedc1ae3816e479d92490236b4cfc47a5ae1?s=96&d=mm&r=g\",\"caption\":\"tyrtak\"}}]}<\/script>\n<!-- \/ Yoast SEO plugin. -->","yoast_head_json":{"title":"Zwyci\u0119stwo po dramatycznej ko\u0144c\u00f3wce! | BKS Sarmacja B\u0119dzin","robots":{"index":"index","follow":"follow","max-snippet":"max-snippet:-1","max-image-preview":"max-image-preview:large","max-video-preview":"max-video-preview:-1"},"canonical":"https:\/\/sarmacjabedzin.pl\/index.php\/2017\/03\/19\/zwyciestwo-po-dramatycznej-koncowce\/","og_locale":"pl_PL","og_type":"article","og_title":"Zwyci\u0119stwo po dramatycznej ko\u0144c\u00f3wce! | BKS Sarmacja B\u0119dzin","og_description":"Dzi\u015b 19.03.2017r o godz.11.00 pi\u0142karze Sarmacji B\u0119dzin rozegrali wyjazdowe spotkanie ligowe z rezerwami GKS-u Tychy. Po ostatniej bolesnej pora\u017cce z RKS-em Grodziec 2:3 na w\u0142asnym stadionie podra\u017cnieni Sarmaci chcieli dzi\u015b udowodni\u0107, \u017ce by\u0142a to tylko jednorazowa wpadka. Zadanie to nie by\u0142o jednak \u0142atwe. Dru\u017cyna GKS-u Tychy walcz\u0105ca o utrzymanie, na w\u0142asnym obiekcie jest bardzo gro\u017ana...","og_url":"https:\/\/sarmacjabedzin.pl\/index.php\/2017\/03\/19\/zwyciestwo-po-dramatycznej-koncowce\/","og_site_name":"BKS Sarmacja B\u0119dzin","article_publisher":"https:\/\/www.facebook.com\/SarmacjaBedzin","article_published_time":"2017-03-19T11:37:56+00:00","og_image":[{"width":1200,"height":798,"url":"https:\/\/sarmacjabedzin.pl\/wp-content\/uploads\/2017\/03\/radosc.jpg","type":"image\/jpeg"}],"author":"tyrtak","twitter_card":"summary_large_image","twitter_misc":{"Napisane przez":"tyrtak","Szacowany czas czytania":"3 minuty"},"schema":{"@context":"https:\/\/schema.org","@graph":[{"@type":"WebPage","@id":"https:\/\/sarmacjabedzin.pl\/index.php\/2017\/03\/19\/zwyciestwo-po-dramatycznej-koncowce\/","url":"https:\/\/sarmacjabedzin.pl\/index.php\/2017\/03\/19\/zwyciestwo-po-dramatycznej-koncowce\/","name":"Zwyci\u0119stwo po dramatycznej ko\u0144c\u00f3wce! | BKS Sarmacja B\u0119dzin","isPartOf":{"@id":"https:\/\/sarmacjabedzin.pl\/#website"},"primaryImageOfPage":{"@id":"https:\/\/sarmacjabedzin.pl\/index.php\/2017\/03\/19\/zwyciestwo-po-dramatycznej-koncowce\/#primaryimage"},"image":{"@id":"https:\/\/sarmacjabedzin.pl\/index.php\/2017\/03\/19\/zwyciestwo-po-dramatycznej-koncowce\/#primaryimage"},"thumbnailUrl":"https:\/\/sarmacjabedzin.pl\/wp-content\/uploads\/2017\/03\/radosc.jpg","datePublished":"2017-03-19T11:37:56+00:00","author":{"@id":"https:\/\/sarmacjabedzin.pl\/#\/schema\/person\/5417ea7b03bcd9adf58298a2265ce03a"},"breadcrumb":{"@id":"https:\/\/sarmacjabedzin.pl\/index.php\/2017\/03\/19\/zwyciestwo-po-dramatycznej-koncowce\/#breadcrumb"},"inLanguage":"pl-PL","potentialAction":[{"@type":"ReadAction","target":["https:\/\/sarmacjabedzin.pl\/index.php\/2017\/03\/19\/zwyciestwo-po-dramatycznej-koncowce\/"]}]},{"@type":"ImageObject","inLanguage":"pl-PL","@id":"https:\/\/sarmacjabedzin.pl\/index.php\/2017\/03\/19\/zwyciestwo-po-dramatycznej-koncowce\/#primaryimage","url":"https:\/\/sarmacjabedzin.pl\/wp-content\/uploads\/2017\/03\/radosc.jpg","contentUrl":"https:\/\/sarmacjabedzin.pl\/wp-content\/uploads\/2017\/03\/radosc.jpg","width":1200,"height":798},{"@type":"BreadcrumbList","@id":"https:\/\/sarmacjabedzin.pl\/index.php\/2017\/03\/19\/zwyciestwo-po-dramatycznej-koncowce\/#breadcrumb","itemListElement":[{"@type":"ListItem","position":1,"name":"Strona g\u0142\u00f3wna","item":"https:\/\/sarmacjabedzin.pl\/"},{"@type":"ListItem","position":2,"name":"Zwyci\u0119stwo po dramatycznej ko\u0144c\u00f3wce!"}]},{"@type":"WebSite","@id":"https:\/\/sarmacjabedzin.pl\/#website","url":"https:\/\/sarmacjabedzin.pl\/","name":"BKS Sarmacja B\u0119dzin \u2013 Nieoficjalny serwis","description":"Nieoficjalny serwis B\u0119dzi\u0144skiego Klubu Sportowego &quot;Sarmacja&quot;","potentialAction":[{"@type":"SearchAction","target":{"@type":"EntryPoint","urlTemplate":"https:\/\/sarmacjabedzin.pl\/?s={search_term_string}"},"query-input":{"@type":"PropertyValueSpecification","valueRequired":true,"valueName":"search_term_string"}}],"inLanguage":"pl-PL"},{"@type":"Person","@id":"https:\/\/sarmacjabedzin.pl\/#\/schema\/person\/5417ea7b03bcd9adf58298a2265ce03a","name":"tyrtak","image":{"@type":"ImageObject","inLanguage":"pl-PL","@id":"https:\/\/sarmacjabedzin.pl\/#\/schema\/person\/image\/","url":"https:\/\/secure.gravatar.com\/avatar\/49b7734c6795cf524710e96813a9fedc1ae3816e479d92490236b4cfc47a5ae1?s=96&d=mm&r=g","contentUrl":"https:\/\/secure.gravatar.com\/avatar\/49b7734c6795cf524710e96813a9fedc1ae3816e479d92490236b4cfc47a5ae1?s=96&d=mm&r=g","caption":"tyrtak"}}]}},"rttpg_featured_image_url":{"full":["https:\/\/sarmacjabedzin.pl\/wp-content\/uploads\/2017\/03\/radosc.jpg",1200,798,false],"landscape":["https:\/\/sarmacjabedzin.pl\/wp-content\/uploads\/2017\/03\/radosc.jpg",1200,798,false],"portraits":["https:\/\/sarmacjabedzin.pl\/wp-content\/uploads\/2017\/03\/radosc.jpg",1200,798,false],"thumbnail":["https:\/\/sarmacjabedzin.pl\/wp-content\/uploads\/2017\/03\/radosc-150x150.jpg",150,150,true],"medium":["https:\/\/sarmacjabedzin.pl\/wp-content\/uploads\/2017\/03\/radosc-300x200.jpg",300,200,true],"large":["https:\/\/sarmacjabedzin.pl\/wp-content\/uploads\/2017\/03\/radosc-1024x681.jpg",1024,681,true],"1536x1536":["https:\/\/sarmacjabedzin.pl\/wp-content\/uploads\/2017\/03\/radosc.jpg",1200,798,false],"2048x2048":["https:\/\/sarmacjabedzin.pl\/wp-content\/uploads\/2017\/03\/radosc.jpg",1200,798,false],"sportspress-crop-medium":["https:\/\/sarmacjabedzin.pl\/wp-content\/uploads\/2017\/03\/radosc-300x300.jpg",300,300,true],"sportspress-fit-medium":["https:\/\/sarmacjabedzin.pl\/wp-content\/uploads\/2017\/03\/radosc-300x200.jpg",300,200,true],"sportspress-fit-icon":["https:\/\/sarmacjabedzin.pl\/wp-content\/uploads\/2017\/03\/radosc-128x85.jpg",128,85,true],"sportspress-fit-mini":["https:\/\/sarmacjabedzin.pl\/wp-content\/uploads\/2017\/03\/radosc-32x21.jpg",32,21,true],"ultp_layout_landscape_large":["https:\/\/sarmacjabedzin.pl\/wp-content\/uploads\/2017\/03\/radosc.jpg",1200,798,false],"ultp_layout_landscape":["https:\/\/sarmacjabedzin.pl\/wp-content\/uploads\/2017\/03\/radosc.jpg",857,570,false],"ultp_layout_portrait":["https:\/\/sarmacjabedzin.pl\/wp-content\/uploads\/2017\/03\/radosc.jpg",600,399,false],"ultp_layout_square":["https:\/\/sarmacjabedzin.pl\/wp-content\/uploads\/2017\/03\/radosc.jpg",600,399,false],"stm-1140-666":["https:\/\/sarmacjabedzin.pl\/wp-content\/uploads\/2017\/03\/radosc-1140x666.jpg",1140,666,true],"stm-1170-650":["https:\/\/sarmacjabedzin.pl\/wp-content\/uploads\/2017\/03\/radosc-1170x650.jpg",1170,650,true],"stm-570-350":["https:\/\/sarmacjabedzin.pl\/wp-content\/uploads\/2017\/03\/radosc-570x350.jpg",570,350,true],"stm-570-250":["https:\/\/sarmacjabedzin.pl\/wp-content\/uploads\/2017\/03\/radosc-570x250.jpg",570,250,true],"stm-270-370":["https:\/\/sarmacjabedzin.pl\/wp-content\/uploads\/2017\/03\/radosc-270x370.jpg",270,370,true],"stm-540-500":["https:\/\/sarmacjabedzin.pl\/wp-content\/uploads\/2017\/03\/radosc-540x500.jpg",540,500,true],"stm-270-530":["https:\/\/sarmacjabedzin.pl\/wp-content\/uploads\/2017\/03\/radosc-270x530.jpg",270,530,true],"stm-200-200":["https:\/\/sarmacjabedzin.pl\/wp-content\/uploads\/2017\/03\/radosc-200x200.jpg",200,200,true],"stm-85-105":["https:\/\/sarmacjabedzin.pl\/wp-content\/uploads\/2017\/03\/radosc-85x105.jpg",85,105,true],"stm-255-255":["https:\/\/sarmacjabedzin.pl\/wp-content\/uploads\/2017\/03\/radosc-255x255.jpg",255,255,true],"stm-360-240":["https:\/\/sarmacjabedzin.pl\/wp-content\/uploads\/2017\/03\/radosc-360x240.jpg",360,240,true],"stm-360-495":["https:\/\/sarmacjabedzin.pl\/wp-content\/uploads\/2017\/03\/radosc-360x495.jpg",360,495,true],"stm-445-400":["https:\/\/sarmacjabedzin.pl\/wp-content\/uploads\/2017\/03\/radosc-445x400.jpg",445,400,true],"stm-735-240":["https:\/\/sarmacjabedzin.pl\/wp-content\/uploads\/2017\/03\/radosc-735x240.jpg",735,240,true],"stm-255-183":["https:\/\/sarmacjabedzin.pl\/wp-content\/uploads\/2017\/03\/radosc-255x183.jpg",255,183,true],"stm-350-250":["https:\/\/sarmacjabedzin.pl\/wp-content\/uploads\/2017\/03\/radosc-350x250.jpg",350,250,true],"blog_list":["https:\/\/sarmacjabedzin.pl\/wp-content\/uploads\/2017\/03\/radosc-270x220.jpg",270,220,true],"blog_list_medium":["https:\/\/sarmacjabedzin.pl\/wp-content\/uploads\/2017\/03\/radosc-390x345.jpg",390,345,true],"gallery_thumbnail":["https:\/\/sarmacjabedzin.pl\/wp-content\/uploads\/2017\/03\/radosc-80x80.jpg",80,80,true],"gallery_image":["https:\/\/sarmacjabedzin.pl\/wp-content\/uploads\/2017\/03\/radosc-560x367.jpg",560,367,true],"gallery_image_mini":["https:\/\/sarmacjabedzin.pl\/wp-content\/uploads\/2017\/03\/radosc-143x116.jpg",143,116,true],"player_photo":["https:\/\/sarmacjabedzin.pl\/wp-content\/uploads\/2017\/03\/radosc-740x740.jpg",740,740,true],"team_logo":["https:\/\/sarmacjabedzin.pl\/wp-content\/uploads\/2017\/03\/radosc-98x65.jpg",98,65,true],"player_stat_ava":["https:\/\/sarmacjabedzin.pl\/wp-content\/uploads\/2017\/03\/radosc-550x580.jpg",550,580,true],"post-350-220":["https:\/\/sarmacjabedzin.pl\/wp-content\/uploads\/2017\/03\/radosc-350x220.jpg",350,220,true],"post-275-142":["https:\/\/sarmacjabedzin.pl\/wp-content\/uploads\/2017\/03\/radosc-275x142.jpg",275,142,true],"post-160-120":["https:\/\/sarmacjabedzin.pl\/wp-content\/uploads\/2017\/03\/radosc-160x120.jpg",160,120,true],"post-110-70":["https:\/\/sarmacjabedzin.pl\/wp-content\/uploads\/2017\/03\/radosc-110x70.jpg",110,70,true],"post-770-450":["https:\/\/sarmacjabedzin.pl\/wp-content\/uploads\/2017\/03\/radosc-770x450.jpg",770,450,true],"post-370-210":["https:\/\/sarmacjabedzin.pl\/wp-content\/uploads\/2017\/03\/radosc-370x210.jpg",370,210,true],"post-457-470":["https:\/\/sarmacjabedzin.pl\/wp-content\/uploads\/2017\/03\/radosc-457x470.jpg",457,470,true],"post-370-420":["https:\/\/sarmacjabedzin.pl\/wp-content\/uploads\/2017\/03\/radosc-370x420.jpg",370,420,true],"stm-445-445":["https:\/\/sarmacjabedzin.pl\/wp-content\/uploads\/2017\/03\/radosc-445x445.jpg",445,445,true],"stm-555-460":["https:\/\/sarmacjabedzin.pl\/wp-content\/uploads\/2017\/03\/radosc-555x460.jpg",555,460,true],"stm-350-450":["https:\/\/sarmacjabedzin.pl\/wp-content\/uploads\/2017\/03\/radosc-350x450.jpg",350,450,true],"stm-720-440":["https:\/\/sarmacjabedzin.pl\/wp-content\/uploads\/2017\/03\/radosc-720x440.jpg",720,440,true],"stm-270-270":["https:\/\/sarmacjabedzin.pl\/wp-content\/uploads\/2017\/03\/radosc.jpg",270,180,false],"stm-760-450":["https:\/\/sarmacjabedzin.pl\/wp-content\/uploads\/2017\/03\/radosc.jpg",677,450,false]},"rttpg_author":{"display_name":"tyrtak","author_link":false},"rttpg_comment":0,"rttpg_category":"<a href=\"https:\/\/sarmacjabedzin.pl\/index.php\/category\/soccer\/\" rel=\"category tag\">Liga<\/a>","rttpg_excerpt":"Dzi\u015b 19.03.2017r o godz.11.00 pi\u0142karze Sarmacji B\u0119dzin rozegrali wyjazdowe spotkanie ligowe z rezerwami GKS-u Tychy. Po ostatniej bolesnej pora\u017cce z RKS-em Grodziec 2:3 na w\u0142asnym stadionie podra\u017cnieni Sarmaci chcieli dzi\u015b udowodni\u0107, \u017ce by\u0142a to tylko jednorazowa wpadka. Zadanie to nie by\u0142o jednak \u0142atwe. Dru\u017cyna GKS-u Tychy walcz\u0105ca o utrzymanie, na w\u0142asnym obiekcie jest bardzo gro\u017ana...","_links":{"self":[{"href":"https:\/\/sarmacjabedzin.pl\/index.php\/wp-json\/wp\/v2\/posts\/979","targetHints":{"allow":["GET"]}}],"collection":[{"href":"https:\/\/sarmacjabedzin.pl\/index.php\/wp-json\/wp\/v2\/posts"}],"about":[{"href":"https:\/\/sarmacjabedzin.pl\/index.php\/wp-json\/wp\/v2\/types\/post"}],"author":[{"embeddable":true,"href":"https:\/\/sarmacjabedzin.pl\/index.php\/wp-json\/wp\/v2\/users\/1"}],"replies":[{"embeddable":true,"href":"https:\/\/sarmacjabedzin.pl\/index.php\/wp-json\/wp\/v2\/comments?post=979"}],"version-history":[{"count":0,"href":"https:\/\/sarmacjabedzin.pl\/index.php\/wp-json\/wp\/v2\/posts\/979\/revisions"}],"wp:featuredmedia":[{"embeddable":true,"href":"https:\/\/sarmacjabedzin.pl\/index.php\/wp-json\/wp\/v2\/media\/978"}],"wp:attachment":[{"href":"https:\/\/sarmacjabedzin.pl\/index.php\/wp-json\/wp\/v2\/media?parent=979"}],"wp:term":[{"taxonomy":"category","embeddable":true,"href":"https:\/\/sarmacjabedzin.pl\/index.php\/wp-json\/wp\/v2\/categories?post=979"},{"taxonomy":"post_tag","embeddable":true,"href":"https:\/\/sarmacjabedzin.pl\/index.php\/wp-json\/wp\/v2\/tags?post=979"}],"curies":[{"name":"wp","href":"https:\/\/api.w.org\/{rel}","templated":true}]}}