{"id":9811,"date":"2026-01-29T07:24:00","date_gmt":"2026-01-29T06:24:00","guid":{"rendered":"https:\/\/sarmacjabedzin.pl\/?p=9811"},"modified":"2026-01-29T07:24:00","modified_gmt":"2026-01-29T06:24:00","slug":"dwa-sparingi-w-sobote","status":"publish","type":"post","link":"https:\/\/sarmacjabedzin.pl\/index.php\/2026\/01\/29\/dwa-sparingi-w-sobote\/","title":{"rendered":"Dwa sparingi w sobot\u0119!"},"content":{"rendered":"<p data-start=\"343\" data-end=\"534\">W sobot\u0119, <strong data-start=\"353\" data-end=\"378\">31 stycznia 2026 roku<\/strong>, pi\u0142karzy Sarmacji B\u0119dzin oraz jej kibic\u00f3w czeka prawdziwy pi\u0142karski maraton. Tego dnia zesp\u00f3\u0142 rozegra <strong data-start=\"482\" data-end=\"505\">dwa mecze kontrolne<\/strong> z wy\u017cej notowanymi rywalami.<\/p>\n<p data-start=\"536\" data-end=\"1158\"><strong>O godzinie<\/strong> <strong data-start=\"547\" data-end=\"556\">11:00<\/strong>, na sztucznej murawie b\u0119dzi\u0144skiego OSiR-u, Sarmacja zmierzy si\u0119 z <strong>V-ligow\u0105 Uni\u0105 D\u0105browa G\u00f3rnicza<\/strong>, kt\u00f3ra po rundzie jesiennej zajmuje 9. miejsce w tabeli. Ostatni pojedynek obu dru\u017cyn odby\u0142 si\u0119 3 wrze\u015bnia 2025 roku w B\u0119dzinie, w ramach II rundy Pucharu Polski Podokr\u0119gu Sosnowieckiego. Po niezwykle emocjonuj\u0105cym spotkaniu lepsi okazali si\u0119 w\u00f3wczas Sarmaci, zwyci\u0119\u017caj\u0105c 3:2 (0:1). Do 89. minuty to rywale prowadzili 2:1, jednak kapitalna ko\u0144c\u00f3wka b\u0119dzinian zapewni\u0142a im awans do kolejnej rundy. Bramki dla Sarmacji zdobyli Jasi\u0144ski (67\u2019, 94\u2019) oraz Kocot (89\u2019).<\/p>\n<p data-start=\"1160\" data-end=\"1575\"><strong>Zaledwie dwie godziny p\u00f3\u017aniej, o 13:00<\/strong>, b\u0119dzinianie podejm\u0105 kolejnego rywala \u2013 <strong>IV-ligow\u0105 Sp\u00f3jni\u0119 Landek<\/strong>, kt\u00f3ra po rundzie jesiennej zajmuje 4. miejsce w tabeli. Ostatnie spotkanie pomi\u0119dzy tymi zespo\u0142ami mia\u0142o miejsce 15 lutego 2020 roku w B\u0119dzinie i r\u00f3wnie\u017c mia\u0142o charakter sparingowy. Tamto starcie zako\u0144czy\u0142o si\u0119 pora\u017ck\u0105 Sarmacji 2:3 (2:1), a oba gole dla gospodarzy zdoby\u0142 Miko\u0142aj G\u0105dek.<\/p>\n<p data-start=\"1577\" data-end=\"1717\">Jak zaprezentuj\u0105 si\u0119 podopieczni trenera Tomasza Nowaka w starciach z wy\u017cej notowanymi rywalami, przekonamy si\u0119 ju\u017c w najbli\u017csz\u0105 sobot\u0119.<\/p>\n<p data-start=\"1577\" data-end=\"1717\"><a href=\"http:\/\/sarmacjabedzin.pl\/wp-content\/uploads\/2026\/01\/Dwa-sparingi-social.png\"><img loading=\"lazy\" decoding=\"async\" class=\"aligncenter size-full wp-image-9812\" src=\"http:\/\/sarmacjabedzin.pl\/wp-content\/uploads\/2026\/01\/Dwa-sparingi-social.png\" alt=\"\" width=\"1080\" height=\"1350\" \/><\/a><\/p>\n","protected":false},"excerpt":{"rendered":"<p>W sobot\u0119, 31 stycznia 2026 roku, pi\u0142karzy Sarmacji B\u0119dzin oraz jej kibic\u00f3w czeka prawdziwy pi\u0142karski maraton. Tego dnia zesp\u00f3\u0142 rozegra dwa mecze kontrolne z wy\u017cej notowanymi rywalami. O godzinie 11:00, na sztucznej murawie b\u0119dzi\u0144skiego OSiR-u, Sarmacja zmierzy si\u0119 z V-ligow\u0105 Uni\u0105 D\u0105browa G\u00f3rnicza, kt\u00f3ra po rundzie jesiennej zajmuje 9. miejsce w tabeli. Ostatni pojedynek obu&#8230;<\/p>\n","protected":false},"author":1,"featured_media":9743,"comment_status":"closed","ping_status":"closed","sticky":false,"template":"","format":"standard","meta":{"footnotes":""},"categories":[59,150],"tags":[],"class_list":["post-9811","post","type-post","status-publish","format-standard","has-post-thumbnail","hentry","category-blog","category-zapowiedz-meczu-blog"],"yoast_head":"<!-- This site is optimized with the Yoast SEO plugin v25.8 - https:\/\/yoast.com\/wordpress\/plugins\/seo\/ -->\n<title>Dwa sparingi w sobot\u0119! | BKS Sarmacja B\u0119dzin<\/title>\n<meta name=\"robots\" content=\"index, follow, max-snippet:-1, max-image-preview:large, max-video-preview:-1\" \/>\n<link rel=\"canonical\" href=\"https:\/\/sarmacjabedzin.pl\/index.php\/2026\/01\/29\/dwa-sparingi-w-sobote\/\" \/>\n<meta property=\"og:locale\" content=\"pl_PL\" \/>\n<meta property=\"og:type\" content=\"article\" \/>\n<meta property=\"og:title\" content=\"Dwa sparingi w sobot\u0119! | BKS Sarmacja B\u0119dzin\" \/>\n<meta property=\"og:description\" content=\"W sobot\u0119, 31 stycznia 2026 roku, pi\u0142karzy Sarmacji B\u0119dzin oraz jej kibic\u00f3w czeka prawdziwy pi\u0142karski maraton. Tego dnia zesp\u00f3\u0142 rozegra dwa mecze kontrolne z wy\u017cej notowanymi rywalami. O godzinie 11:00, na sztucznej murawie b\u0119dzi\u0144skiego OSiR-u, Sarmacja zmierzy si\u0119 z V-ligow\u0105 Uni\u0105 D\u0105browa G\u00f3rnicza, kt\u00f3ra po rundzie jesiennej zajmuje 9. miejsce w tabeli. Ostatni pojedynek obu...\" \/>\n<meta property=\"og:url\" content=\"https:\/\/sarmacjabedzin.pl\/index.php\/2026\/01\/29\/dwa-sparingi-w-sobote\/\" \/>\n<meta property=\"og:site_name\" content=\"BKS Sarmacja B\u0119dzin\" \/>\n<meta property=\"article:publisher\" content=\"https:\/\/www.facebook.com\/SarmacjaBedzin\" \/>\n<meta property=\"article:published_time\" content=\"2026-01-29T06:24:00+00:00\" \/>\n<meta property=\"og:image\" content=\"http:\/\/sarmacjabedzin.pl\/wp-content\/uploads\/2025\/11\/Gwarek-01.jpg\" \/>\n\t<meta property=\"og:image:width\" content=\"2048\" \/>\n\t<meta property=\"og:image:height\" content=\"1365\" \/>\n\t<meta property=\"og:image:type\" content=\"image\/jpeg\" \/>\n<meta name=\"author\" content=\"tyrtak\" \/>\n<meta name=\"twitter:card\" content=\"summary_large_image\" \/>\n<meta name=\"twitter:label1\" content=\"Napisane przez\" \/>\n\t<meta name=\"twitter:data1\" content=\"tyrtak\" \/>\n\t<meta name=\"twitter:label2\" content=\"Szacowany czas czytania\" \/>\n\t<meta name=\"twitter:data2\" content=\"2 minuty\" \/>\n<script type=\"application\/ld+json\" class=\"yoast-schema-graph\">{\"@context\":\"https:\/\/schema.org\",\"@graph\":[{\"@type\":\"WebPage\",\"@id\":\"https:\/\/sarmacjabedzin.pl\/index.php\/2026\/01\/29\/dwa-sparingi-w-sobote\/\",\"url\":\"https:\/\/sarmacjabedzin.pl\/index.php\/2026\/01\/29\/dwa-sparingi-w-sobote\/\",\"name\":\"Dwa sparingi w sobot\u0119! | BKS Sarmacja B\u0119dzin\",\"isPartOf\":{\"@id\":\"https:\/\/sarmacjabedzin.pl\/#website\"},\"primaryImageOfPage\":{\"@id\":\"https:\/\/sarmacjabedzin.pl\/index.php\/2026\/01\/29\/dwa-sparingi-w-sobote\/#primaryimage\"},\"image\":{\"@id\":\"https:\/\/sarmacjabedzin.pl\/index.php\/2026\/01\/29\/dwa-sparingi-w-sobote\/#primaryimage\"},\"thumbnailUrl\":\"https:\/\/sarmacjabedzin.pl\/wp-content\/uploads\/2025\/11\/Gwarek-01.jpg\",\"datePublished\":\"2026-01-29T06:24:00+00:00\",\"author\":{\"@id\":\"https:\/\/sarmacjabedzin.pl\/#\/schema\/person\/5417ea7b03bcd9adf58298a2265ce03a\"},\"breadcrumb\":{\"@id\":\"https:\/\/sarmacjabedzin.pl\/index.php\/2026\/01\/29\/dwa-sparingi-w-sobote\/#breadcrumb\"},\"inLanguage\":\"pl-PL\",\"potentialAction\":[{\"@type\":\"ReadAction\",\"target\":[\"https:\/\/sarmacjabedzin.pl\/index.php\/2026\/01\/29\/dwa-sparingi-w-sobote\/\"]}]},{\"@type\":\"ImageObject\",\"inLanguage\":\"pl-PL\",\"@id\":\"https:\/\/sarmacjabedzin.pl\/index.php\/2026\/01\/29\/dwa-sparingi-w-sobote\/#primaryimage\",\"url\":\"https:\/\/sarmacjabedzin.pl\/wp-content\/uploads\/2025\/11\/Gwarek-01.jpg\",\"contentUrl\":\"https:\/\/sarmacjabedzin.pl\/wp-content\/uploads\/2025\/11\/Gwarek-01.jpg\",\"width\":2048,\"height\":1365},{\"@type\":\"BreadcrumbList\",\"@id\":\"https:\/\/sarmacjabedzin.pl\/index.php\/2026\/01\/29\/dwa-sparingi-w-sobote\/#breadcrumb\",\"itemListElement\":[{\"@type\":\"ListItem\",\"position\":1,\"name\":\"Strona g\u0142\u00f3wna\",\"item\":\"https:\/\/sarmacjabedzin.pl\/\"},{\"@type\":\"ListItem\",\"position\":2,\"name\":\"Dwa sparingi w sobot\u0119!\"}]},{\"@type\":\"WebSite\",\"@id\":\"https:\/\/sarmacjabedzin.pl\/#website\",\"url\":\"https:\/\/sarmacjabedzin.pl\/\",\"name\":\"BKS Sarmacja B\u0119dzin \u2013 Nieoficjalny serwis\",\"description\":\"Nieoficjalny serwis B\u0119dzi\u0144skiego Klubu Sportowego &quot;Sarmacja&quot;\",\"potentialAction\":[{\"@type\":\"SearchAction\",\"target\":{\"@type\":\"EntryPoint\",\"urlTemplate\":\"https:\/\/sarmacjabedzin.pl\/?s={search_term_string}\"},\"query-input\":{\"@type\":\"PropertyValueSpecification\",\"valueRequired\":true,\"valueName\":\"search_term_string\"}}],\"inLanguage\":\"pl-PL\"},{\"@type\":\"Person\",\"@id\":\"https:\/\/sarmacjabedzin.pl\/#\/schema\/person\/5417ea7b03bcd9adf58298a2265ce03a\",\"name\":\"tyrtak\",\"image\":{\"@type\":\"ImageObject\",\"inLanguage\":\"pl-PL\",\"@id\":\"https:\/\/sarmacjabedzin.pl\/#\/schema\/person\/image\/\",\"url\":\"https:\/\/secure.gravatar.com\/avatar\/49b7734c6795cf524710e96813a9fedc1ae3816e479d92490236b4cfc47a5ae1?s=96&d=mm&r=g\",\"contentUrl\":\"https:\/\/secure.gravatar.com\/avatar\/49b7734c6795cf524710e96813a9fedc1ae3816e479d92490236b4cfc47a5ae1?s=96&d=mm&r=g\",\"caption\":\"tyrtak\"}}]}<\/script>\n<!-- \/ Yoast SEO plugin. -->","yoast_head_json":{"title":"Dwa sparingi w sobot\u0119! | BKS Sarmacja B\u0119dzin","robots":{"index":"index","follow":"follow","max-snippet":"max-snippet:-1","max-image-preview":"max-image-preview:large","max-video-preview":"max-video-preview:-1"},"canonical":"https:\/\/sarmacjabedzin.pl\/index.php\/2026\/01\/29\/dwa-sparingi-w-sobote\/","og_locale":"pl_PL","og_type":"article","og_title":"Dwa sparingi w sobot\u0119! | BKS Sarmacja B\u0119dzin","og_description":"W sobot\u0119, 31 stycznia 2026 roku, pi\u0142karzy Sarmacji B\u0119dzin oraz jej kibic\u00f3w czeka prawdziwy pi\u0142karski maraton. Tego dnia zesp\u00f3\u0142 rozegra dwa mecze kontrolne z wy\u017cej notowanymi rywalami. O godzinie 11:00, na sztucznej murawie b\u0119dzi\u0144skiego OSiR-u, Sarmacja zmierzy si\u0119 z V-ligow\u0105 Uni\u0105 D\u0105browa G\u00f3rnicza, kt\u00f3ra po rundzie jesiennej zajmuje 9. miejsce w tabeli. Ostatni pojedynek obu...","og_url":"https:\/\/sarmacjabedzin.pl\/index.php\/2026\/01\/29\/dwa-sparingi-w-sobote\/","og_site_name":"BKS Sarmacja B\u0119dzin","article_publisher":"https:\/\/www.facebook.com\/SarmacjaBedzin","article_published_time":"2026-01-29T06:24:00+00:00","og_image":[{"width":2048,"height":1365,"url":"http:\/\/sarmacjabedzin.pl\/wp-content\/uploads\/2025\/11\/Gwarek-01.jpg","type":"image\/jpeg"}],"author":"tyrtak","twitter_card":"summary_large_image","twitter_misc":{"Napisane przez":"tyrtak","Szacowany czas czytania":"2 minuty"},"schema":{"@context":"https:\/\/schema.org","@graph":[{"@type":"WebPage","@id":"https:\/\/sarmacjabedzin.pl\/index.php\/2026\/01\/29\/dwa-sparingi-w-sobote\/","url":"https:\/\/sarmacjabedzin.pl\/index.php\/2026\/01\/29\/dwa-sparingi-w-sobote\/","name":"Dwa sparingi w sobot\u0119! | BKS Sarmacja B\u0119dzin","isPartOf":{"@id":"https:\/\/sarmacjabedzin.pl\/#website"},"primaryImageOfPage":{"@id":"https:\/\/sarmacjabedzin.pl\/index.php\/2026\/01\/29\/dwa-sparingi-w-sobote\/#primaryimage"},"image":{"@id":"https:\/\/sarmacjabedzin.pl\/index.php\/2026\/01\/29\/dwa-sparingi-w-sobote\/#primaryimage"},"thumbnailUrl":"https:\/\/sarmacjabedzin.pl\/wp-content\/uploads\/2025\/11\/Gwarek-01.jpg","datePublished":"2026-01-29T06:24:00+00:00","author":{"@id":"https:\/\/sarmacjabedzin.pl\/#\/schema\/person\/5417ea7b03bcd9adf58298a2265ce03a"},"breadcrumb":{"@id":"https:\/\/sarmacjabedzin.pl\/index.php\/2026\/01\/29\/dwa-sparingi-w-sobote\/#breadcrumb"},"inLanguage":"pl-PL","potentialAction":[{"@type":"ReadAction","target":["https:\/\/sarmacjabedzin.pl\/index.php\/2026\/01\/29\/dwa-sparingi-w-sobote\/"]}]},{"@type":"ImageObject","inLanguage":"pl-PL","@id":"https:\/\/sarmacjabedzin.pl\/index.php\/2026\/01\/29\/dwa-sparingi-w-sobote\/#primaryimage","url":"https:\/\/sarmacjabedzin.pl\/wp-content\/uploads\/2025\/11\/Gwarek-01.jpg","contentUrl":"https:\/\/sarmacjabedzin.pl\/wp-content\/uploads\/2025\/11\/Gwarek-01.jpg","width":2048,"height":1365},{"@type":"BreadcrumbList","@id":"https:\/\/sarmacjabedzin.pl\/index.php\/2026\/01\/29\/dwa-sparingi-w-sobote\/#breadcrumb","itemListElement":[{"@type":"ListItem","position":1,"name":"Strona g\u0142\u00f3wna","item":"https:\/\/sarmacjabedzin.pl\/"},{"@type":"ListItem","position":2,"name":"Dwa sparingi w sobot\u0119!"}]},{"@type":"WebSite","@id":"https:\/\/sarmacjabedzin.pl\/#website","url":"https:\/\/sarmacjabedzin.pl\/","name":"BKS Sarmacja B\u0119dzin \u2013 Nieoficjalny serwis","description":"Nieoficjalny serwis B\u0119dzi\u0144skiego Klubu Sportowego &quot;Sarmacja&quot;","potentialAction":[{"@type":"SearchAction","target":{"@type":"EntryPoint","urlTemplate":"https:\/\/sarmacjabedzin.pl\/?s={search_term_string}"},"query-input":{"@type":"PropertyValueSpecification","valueRequired":true,"valueName":"search_term_string"}}],"inLanguage":"pl-PL"},{"@type":"Person","@id":"https:\/\/sarmacjabedzin.pl\/#\/schema\/person\/5417ea7b03bcd9adf58298a2265ce03a","name":"tyrtak","image":{"@type":"ImageObject","inLanguage":"pl-PL","@id":"https:\/\/sarmacjabedzin.pl\/#\/schema\/person\/image\/","url":"https:\/\/secure.gravatar.com\/avatar\/49b7734c6795cf524710e96813a9fedc1ae3816e479d92490236b4cfc47a5ae1?s=96&d=mm&r=g","contentUrl":"https:\/\/secure.gravatar.com\/avatar\/49b7734c6795cf524710e96813a9fedc1ae3816e479d92490236b4cfc47a5ae1?s=96&d=mm&r=g","caption":"tyrtak"}}]}},"rttpg_featured_image_url":{"full":["https:\/\/sarmacjabedzin.pl\/wp-content\/uploads\/2025\/11\/Gwarek-01.jpg",2048,1365,false],"landscape":["https:\/\/sarmacjabedzin.pl\/wp-content\/uploads\/2025\/11\/Gwarek-01.jpg",2048,1365,false],"portraits":["https:\/\/sarmacjabedzin.pl\/wp-content\/uploads\/2025\/11\/Gwarek-01.jpg",2048,1365,false],"thumbnail":["https:\/\/sarmacjabedzin.pl\/wp-content\/uploads\/2025\/11\/Gwarek-01.jpg",150,100,false],"medium":["https:\/\/sarmacjabedzin.pl\/wp-content\/uploads\/2025\/11\/Gwarek-01.jpg",300,200,false],"large":["https:\/\/sarmacjabedzin.pl\/wp-content\/uploads\/2025\/11\/Gwarek-01.jpg",1024,683,false],"1536x1536":["https:\/\/sarmacjabedzin.pl\/wp-content\/uploads\/2025\/11\/Gwarek-01.jpg",1536,1024,false],"2048x2048":["https:\/\/sarmacjabedzin.pl\/wp-content\/uploads\/2025\/11\/Gwarek-01.jpg",2048,1365,false],"sportspress-crop-medium":["https:\/\/sarmacjabedzin.pl\/wp-content\/uploads\/2025\/11\/Gwarek-01.jpg",300,200,false],"sportspress-fit-medium":["https:\/\/sarmacjabedzin.pl\/wp-content\/uploads\/2025\/11\/Gwarek-01.jpg",300,200,false],"sportspress-fit-icon":["https:\/\/sarmacjabedzin.pl\/wp-content\/uploads\/2025\/11\/Gwarek-01.jpg",128,85,false],"sportspress-fit-mini":["https:\/\/sarmacjabedzin.pl\/wp-content\/uploads\/2025\/11\/Gwarek-01.jpg",32,21,false],"ultp_layout_landscape_large":["https:\/\/sarmacjabedzin.pl\/wp-content\/uploads\/2025\/11\/Gwarek-01.jpg",1200,800,false],"ultp_layout_landscape":["https:\/\/sarmacjabedzin.pl\/wp-content\/uploads\/2025\/11\/Gwarek-01.jpg",855,570,false],"ultp_layout_portrait":["https:\/\/sarmacjabedzin.pl\/wp-content\/uploads\/2025\/11\/Gwarek-01.jpg",600,400,false],"ultp_layout_square":["https:\/\/sarmacjabedzin.pl\/wp-content\/uploads\/2025\/11\/Gwarek-01.jpg",600,400,false],"stm-1140-666":["https:\/\/sarmacjabedzin.pl\/wp-content\/uploads\/2025\/11\/Gwarek-01.jpg",999,666,false],"stm-1170-650":["https:\/\/sarmacjabedzin.pl\/wp-content\/uploads\/2025\/11\/Gwarek-01.jpg",975,650,false],"stm-570-350":["https:\/\/sarmacjabedzin.pl\/wp-content\/uploads\/2025\/11\/Gwarek-01.jpg",525,350,false],"stm-570-250":["https:\/\/sarmacjabedzin.pl\/wp-content\/uploads\/2025\/11\/Gwarek-01.jpg",375,250,false],"stm-270-370":["https:\/\/sarmacjabedzin.pl\/wp-content\/uploads\/2025\/11\/Gwarek-01.jpg",270,180,false],"stm-540-500":["https:\/\/sarmacjabedzin.pl\/wp-content\/uploads\/2025\/11\/Gwarek-01.jpg",540,360,false],"stm-270-530":["https:\/\/sarmacjabedzin.pl\/wp-content\/uploads\/2025\/11\/Gwarek-01.jpg",270,180,false],"stm-200-200":["https:\/\/sarmacjabedzin.pl\/wp-content\/uploads\/2025\/11\/Gwarek-01.jpg",200,133,false],"stm-85-105":["https:\/\/sarmacjabedzin.pl\/wp-content\/uploads\/2025\/11\/Gwarek-01.jpg",85,57,false],"stm-255-255":["https:\/\/sarmacjabedzin.pl\/wp-content\/uploads\/2025\/11\/Gwarek-01.jpg",255,170,false],"stm-360-240":["https:\/\/sarmacjabedzin.pl\/wp-content\/uploads\/2025\/11\/Gwarek-01.jpg",360,240,false],"stm-360-495":["https:\/\/sarmacjabedzin.pl\/wp-content\/uploads\/2025\/11\/Gwarek-01.jpg",360,240,false],"stm-445-400":["https:\/\/sarmacjabedzin.pl\/wp-content\/uploads\/2025\/11\/Gwarek-01.jpg",445,297,false],"stm-735-240":["https:\/\/sarmacjabedzin.pl\/wp-content\/uploads\/2025\/11\/Gwarek-01.jpg",360,240,false],"stm-255-183":["https:\/\/sarmacjabedzin.pl\/wp-content\/uploads\/2025\/11\/Gwarek-01.jpg",255,170,false],"stm-350-250":["https:\/\/sarmacjabedzin.pl\/wp-content\/uploads\/2025\/11\/Gwarek-01.jpg",350,233,false],"blog_list":["https:\/\/sarmacjabedzin.pl\/wp-content\/uploads\/2025\/11\/Gwarek-01.jpg",270,180,false],"blog_list_medium":["https:\/\/sarmacjabedzin.pl\/wp-content\/uploads\/2025\/11\/Gwarek-01.jpg",390,260,false],"gallery_thumbnail":["https:\/\/sarmacjabedzin.pl\/wp-content\/uploads\/2025\/11\/Gwarek-01.jpg",80,53,false],"gallery_image":["https:\/\/sarmacjabedzin.pl\/wp-content\/uploads\/2025\/11\/Gwarek-01.jpg",551,367,false],"gallery_image_mini":["https:\/\/sarmacjabedzin.pl\/wp-content\/uploads\/2025\/11\/Gwarek-01.jpg",143,95,false],"player_photo":["https:\/\/sarmacjabedzin.pl\/wp-content\/uploads\/2025\/11\/Gwarek-01.jpg",740,493,false],"team_logo":["https:\/\/sarmacjabedzin.pl\/wp-content\/uploads\/2025\/11\/Gwarek-01.jpg",98,65,false],"player_stat_ava":["https:\/\/sarmacjabedzin.pl\/wp-content\/uploads\/2025\/11\/Gwarek-01.jpg",550,367,false],"post-350-220":["https:\/\/sarmacjabedzin.pl\/wp-content\/uploads\/2025\/11\/Gwarek-01.jpg",330,220,false],"post-275-142":["https:\/\/sarmacjabedzin.pl\/wp-content\/uploads\/2025\/11\/Gwarek-01.jpg",213,142,false],"post-160-120":["https:\/\/sarmacjabedzin.pl\/wp-content\/uploads\/2025\/11\/Gwarek-01.jpg",160,107,false],"post-110-70":["https:\/\/sarmacjabedzin.pl\/wp-content\/uploads\/2025\/11\/Gwarek-01.jpg",105,70,false],"post-770-450":["https:\/\/sarmacjabedzin.pl\/wp-content\/uploads\/2025\/11\/Gwarek-01.jpg",675,450,false],"post-370-210":["https:\/\/sarmacjabedzin.pl\/wp-content\/uploads\/2025\/11\/Gwarek-01.jpg",315,210,false],"post-457-470":["https:\/\/sarmacjabedzin.pl\/wp-content\/uploads\/2025\/11\/Gwarek-01.jpg",457,305,false],"post-370-420":["https:\/\/sarmacjabedzin.pl\/wp-content\/uploads\/2025\/11\/Gwarek-01.jpg",370,247,false],"stm-445-445":["https:\/\/sarmacjabedzin.pl\/wp-content\/uploads\/2025\/11\/Gwarek-01.jpg",445,297,false],"stm-555-460":["https:\/\/sarmacjabedzin.pl\/wp-content\/uploads\/2025\/11\/Gwarek-01.jpg",555,370,false],"stm-350-450":["https:\/\/sarmacjabedzin.pl\/wp-content\/uploads\/2025\/11\/Gwarek-01.jpg",350,233,false],"stm-720-440":["https:\/\/sarmacjabedzin.pl\/wp-content\/uploads\/2025\/11\/Gwarek-01.jpg",660,440,false],"stm-270-270":["https:\/\/sarmacjabedzin.pl\/wp-content\/uploads\/2025\/11\/Gwarek-01.jpg",270,180,false],"stm-760-450":["https:\/\/sarmacjabedzin.pl\/wp-content\/uploads\/2025\/11\/Gwarek-01.jpg",675,450,false]},"rttpg_author":{"display_name":"tyrtak","author_link":false},"rttpg_comment":0,"rttpg_category":"<a href=\"https:\/\/sarmacjabedzin.pl\/index.php\/category\/blog\/\" rel=\"category tag\">Sparingi<\/a> <a href=\"https:\/\/sarmacjabedzin.pl\/index.php\/category\/blog\/zapowiedz-meczu-blog\/\" rel=\"category tag\">Zapowied\u017a meczu<\/a>","rttpg_excerpt":"W sobot\u0119, 31 stycznia 2026 roku, pi\u0142karzy Sarmacji B\u0119dzin oraz jej kibic\u00f3w czeka prawdziwy pi\u0142karski maraton. Tego dnia zesp\u00f3\u0142 rozegra dwa mecze kontrolne z wy\u017cej notowanymi rywalami. O godzinie 11:00, na sztucznej murawie b\u0119dzi\u0144skiego OSiR-u, Sarmacja zmierzy si\u0119 z V-ligow\u0105 Uni\u0105 D\u0105browa G\u00f3rnicza, kt\u00f3ra po rundzie jesiennej zajmuje 9. miejsce w tabeli. Ostatni pojedynek obu...","_links":{"self":[{"href":"https:\/\/sarmacjabedzin.pl\/index.php\/wp-json\/wp\/v2\/posts\/9811","targetHints":{"allow":["GET"]}}],"collection":[{"href":"https:\/\/sarmacjabedzin.pl\/index.php\/wp-json\/wp\/v2\/posts"}],"about":[{"href":"https:\/\/sarmacjabedzin.pl\/index.php\/wp-json\/wp\/v2\/types\/post"}],"author":[{"embeddable":true,"href":"https:\/\/sarmacjabedzin.pl\/index.php\/wp-json\/wp\/v2\/users\/1"}],"replies":[{"embeddable":true,"href":"https:\/\/sarmacjabedzin.pl\/index.php\/wp-json\/wp\/v2\/comments?post=9811"}],"version-history":[{"count":1,"href":"https:\/\/sarmacjabedzin.pl\/index.php\/wp-json\/wp\/v2\/posts\/9811\/revisions"}],"predecessor-version":[{"id":9813,"href":"https:\/\/sarmacjabedzin.pl\/index.php\/wp-json\/wp\/v2\/posts\/9811\/revisions\/9813"}],"wp:featuredmedia":[{"embeddable":true,"href":"https:\/\/sarmacjabedzin.pl\/index.php\/wp-json\/wp\/v2\/media\/9743"}],"wp:attachment":[{"href":"https:\/\/sarmacjabedzin.pl\/index.php\/wp-json\/wp\/v2\/media?parent=9811"}],"wp:term":[{"taxonomy":"category","embeddable":true,"href":"https:\/\/sarmacjabedzin.pl\/index.php\/wp-json\/wp\/v2\/categories?post=9811"},{"taxonomy":"post_tag","embeddable":true,"href":"https:\/\/sarmacjabedzin.pl\/index.php\/wp-json\/wp\/v2\/tags?post=9811"}],"curies":[{"name":"wp","href":"https:\/\/api.w.org\/{rel}","templated":true}]}}