{"id":9886,"date":"2026-03-07T16:22:13","date_gmt":"2026-03-07T15:22:13","guid":{"rendered":"https:\/\/sarmacjabedzin.pl\/?p=9886"},"modified":"2026-03-07T16:22:13","modified_gmt":"2026-03-07T15:22:13","slug":"popczyk-show","status":"publish","type":"post","link":"https:\/\/sarmacjabedzin.pl\/index.php\/2026\/03\/07\/popczyk-show\/","title":{"rendered":"Popczyk show!"},"content":{"rendered":"<p data-start=\"191\" data-end=\"529\">W dniu 7 marca 2026 roku o godz. 11:00 na p\u0142ycie g\u0142\u00f3wnej w Grod\u017acu pi\u0142karze Sarmacja B\u0119dzin rozegrali ostatni mecz sparingowy przed rund\u0105 wiosenn\u0105 sezonu 2025\/2026. Tym razem b\u0119dzinianie podejmowali przedstawiciela krakowskiej okr\u0119g\u00f3wki \u2013 Tramwaj Krak\u00f3w. Go\u015bcie po rundzie jesiennej, z dorobkiem 25 punkt\u00f3w, zajmuj\u0105 3. miejsce w tabeli.<\/p>\n<p data-start=\"531\" data-end=\"807\">Ju\u017c od pierwszych minut spotkania Sarmaci ruszyli do zdecydowanego ataku. Zaledwie 4 minuty po rozpocz\u0119ciu gry prowadzili 1:0. W\u00f3wczas znakomit\u0105 wrzutk\u0105 w pole karne popisa\u0142 si\u0119 Daniel Kami\u0144ski, a pi\u0142ka spad\u0142a wprost na g\u0142ow\u0119 Mateusza Popczyka, kt\u00f3ry skierowa\u0142 j\u0105 do siatki.<\/p>\n<p data-start=\"809\" data-end=\"1122\">Ten sam zawodnik w 12. minucie z bliskiej odleg\u0142o\u015bci podwy\u017cszy\u0142 wynik na 2:0 dla b\u0119dzinian. Chwil\u0119 p\u00f3\u017aniej mog\u0142o by\u0107 ju\u017c 3:0, jednak sytuacji sam na sam z bramkarzem nie wykorzysta\u0142 Hubert Sych. W 20. minucie zdo\u0142a\u0142 si\u0119 jednak zrehabilitowa\u0107 w identycznej sytuacji, tym razem skutecznie lobuj\u0105c golkipera go\u015bci.<\/p>\n<p data-start=\"1124\" data-end=\"1298\">W 22. i 23. minucie ten sam zawodnik mia\u0142 kolejne okazje. Najpierw jego strza\u0142 z bliska obroni\u0142 bramkarz, a chwil\u0119 p\u00f3\u017aniej z oko\u0142o dw\u00f3ch metr\u00f3w pos\u0142a\u0142 pi\u0142k\u0119 nad poprzeczk\u0105.<\/p>\n<p data-start=\"1300\" data-end=\"1471\">W 27. minucie Olivier Zaj\u0105c popisa\u0142 si\u0119 fantastycznym podaniem w uliczk\u0119 do Mateusza Popczyka, kt\u00f3ry maj\u0105c przed sob\u0105 tylko bramkarza zdoby\u0142 czwartego gola dla Sarmacji.<\/p>\n<p data-start=\"1473\" data-end=\"1807\">W 38. minucie Maciej Widurski do\u015brodkowa\u0142 na g\u0142ow\u0119 Popczyka, a pi\u0142ka ponownie wyl\u0105dowa\u0142a w siatce krakowian. Dwie minuty p\u00f3\u017aniej Widurski sam stan\u0105\u0142 przed bramkarzem, jednak nie zdo\u0142a\u0142 wykorzysta\u0107 dogodnej okazji. Niestety chwilow\u0105 dekoncentracj\u0119 defensywy gospodarzy go\u015bcie wykorzystali w 45. minucie, zdobywaj\u0105c bramk\u0119 kontaktow\u0105.<\/p>\n<p data-start=\"1809\" data-end=\"1963\">W 58. minucie, graj\u0105cy od pocz\u0105tku drugiej po\u0142owy Bartosz Wyralski do\u015brodkowa\u0142 na g\u0142ow\u0119 Mateusza Popczyka, kt\u00f3ry po raz kolejny trafi\u0142 do siatki rywali.<\/p>\n<p data-start=\"1965\" data-end=\"2219\">W 60. minucie boisko opu\u015bci\u0142 lider i kapitan Sarmacji Tomasz Nowak, co szybko prze\u0142o\u017cy\u0142o si\u0119 na jako\u015b\u0107 gry zespo\u0142u. Zaledwie siedem minut p\u00f3\u017aniej rezerwowy bramkarz Jakub Majewski nie zdo\u0142a\u0142 wy\u0142apa\u0107 pi\u0142ki, co kosztowa\u0142o gospodarzy utrat\u0119 drugiego gola.<\/p>\n<p data-start=\"2221\" data-end=\"2513\">W 75. minucie Sarmaci odpowiedzieli si\u00f3dmym trafieniem. Oliwer Zalewski zaliczy\u0142 asyst\u0119 do Mateusza Popczyka, kt\u00f3ry zako\u0144czy\u0142 akcj\u0119 celnym strza\u0142em na 7:2. By\u0142 to sz\u00f3sty gol tego zawodnika w tym spotkaniu. Na tydzie\u0144 przed wznowieniem rozgrywek forma napastnika Sarmacji wygl\u0105da znakomicie.<\/p>\n<p data-start=\"2515\" data-end=\"2701\">W 85. minucie Hubert Sych zmarnowa\u0142 kolejn\u0105 stuprocentow\u0105 okazj\u0119, ponownie znajduj\u0105c si\u0119 sam na sam z bramkarzem. Przy wi\u0119kszej skuteczno\u015bci tego zawodnika wynik m\u00f3g\u0142by by\u0107 dwucyfrowy.<\/p>\n<p data-start=\"2703\" data-end=\"2793\">W 86. minucie krakowianie zdobyli jeszcze jednego gola po strzale z bliskiej odleg\u0142o\u015bci.<\/p>\n<p data-start=\"2795\" data-end=\"3075\">Ostatecznie Sarmacja B\u0119dzin zdecydowanie pokona\u0142a Tramwaj Krak\u00f3w <strong data-start=\"2860\" data-end=\"2873\">7:3 (5:1)<\/strong>. Pierwsza po\u0142owa w wykonaniu gospodarzy by\u0142a znakomita, natomiast po zmianach obraz gry nie wygl\u0105da\u0142 ju\u017c tak imponuj\u0105co. Mimo to kibice Sarmacji mogli by\u0107 usatysfakcjonowani z postawy swojej dru\u017cyny.<\/p>\n<p data-start=\"3077\" data-end=\"3341\">Ju\u017c za tydzie\u0144 ruszaj\u0105 rozgrywki ligowe. Pierwszym rywalem b\u0119dzinian b\u0119dzie zesp\u00f3\u0142 Wawel Wirek, kt\u00f3ry dzi\u015b rozegra\u0142 zaleg\u0142y mecz z Pogo\u0144 Imielin. Spotkanie zako\u0144czy\u0142o si\u0119 remisem 1:1, co oznacza, \u017ce na p\u00f3\u0142metku sezonu dru\u017cyna z Wirku traci do Sarmacji 5 punkt\u00f3w.<\/p>\n<hr data-start=\"3343\" data-end=\"3346\" \/>\n<p data-start=\"3348\" data-end=\"3396\"><strong data-start=\"3348\" data-end=\"3394\">Sarmacja B\u0119dzin \u2013 Tramwaj Krak\u00f3w 7:3 (5:1)<\/strong><\/p>\n<p data-start=\"3398\" data-end=\"3477\"><strong data-start=\"3398\" data-end=\"3409\">Bramki:<\/strong><br data-start=\"3409\" data-end=\"3412\" \/>4&#8242;(g), 12&#8242;, 27&#8242;, 38&#8242;(g), 58&#8242;(g), 75&#8242; Popczyk<br data-start=\"3460\" data-end=\"3463\" \/>20&#8242; Sych<strong data-start=\"3467\" data-end=\"3475\"><br \/>\n<\/strong>__________<br \/>\n45&#8242;<br data-start=\"3482\" data-end=\"3485\" \/>67&#8242;<br data-start=\"3488\" data-end=\"3491\" \/>86&#8242;<\/p>\n<p data-start=\"3498\" data-end=\"3717\"><strong data-start=\"3498\" data-end=\"3518\">Sarmacja B\u0119dzin:<\/strong><br data-start=\"3518\" data-end=\"3521\" \/>Dawid (65&#8242; Majewski) \u2013 Dul (46&#8242; Wyralski), Zaj\u0105c (60&#8242; Hajdara), Wnuk, Kami\u0144ski (75&#8242; Zaj\u0105c), Sych (60&#8242; Samborski), Widurski (46&#8242; Zalewski), Nowak (60&#8242; G\u00f3ral), Kocot, Jasi\u0144ski (75&#8242; Sych), Popczyk.<\/p>\n<p data-start=\"3719\" data-end=\"3744\"><strong data-start=\"3719\" data-end=\"3730\">Trener:<\/strong> Tomasz Nowak.<\/p>\n","protected":false},"excerpt":{"rendered":"<p>W dniu 7 marca 2026 roku o godz. 11:00 na p\u0142ycie g\u0142\u00f3wnej w Grod\u017acu pi\u0142karze Sarmacja B\u0119dzin rozegrali ostatni mecz sparingowy przed rund\u0105 wiosenn\u0105 sezonu 2025\/2026. Tym razem b\u0119dzinianie podejmowali przedstawiciela krakowskiej okr\u0119g\u00f3wki \u2013 Tramwaj Krak\u00f3w. Go\u015bcie po rundzie jesiennej, z dorobkiem 25 punkt\u00f3w, zajmuj\u0105 3. miejsce w tabeli. Ju\u017c od pierwszych minut spotkania Sarmaci&#8230;<\/p>\n","protected":false},"author":1,"featured_media":9887,"comment_status":"closed","ping_status":"closed","sticky":false,"template":"","format":"standard","meta":{"footnotes":""},"categories":[148,59],"tags":[],"class_list":["post-9886","post","type-post","status-publish","format-standard","has-post-thumbnail","hentry","category-relacja-z-meczu-blog","category-blog"],"yoast_head":"<!-- This site is optimized with the Yoast SEO plugin v25.8 - https:\/\/yoast.com\/wordpress\/plugins\/seo\/ -->\n<title>Popczyk show! | BKS Sarmacja B\u0119dzin<\/title>\n<meta name=\"robots\" content=\"index, follow, max-snippet:-1, max-image-preview:large, max-video-preview:-1\" \/>\n<link rel=\"canonical\" href=\"https:\/\/sarmacjabedzin.pl\/index.php\/2026\/03\/07\/popczyk-show\/\" \/>\n<meta property=\"og:locale\" content=\"pl_PL\" \/>\n<meta property=\"og:type\" content=\"article\" \/>\n<meta property=\"og:title\" content=\"Popczyk show! | BKS Sarmacja B\u0119dzin\" \/>\n<meta property=\"og:description\" content=\"W dniu 7 marca 2026 roku o godz. 11:00 na p\u0142ycie g\u0142\u00f3wnej w Grod\u017acu pi\u0142karze Sarmacja B\u0119dzin rozegrali ostatni mecz sparingowy przed rund\u0105 wiosenn\u0105 sezonu 2025\/2026. Tym razem b\u0119dzinianie podejmowali przedstawiciela krakowskiej okr\u0119g\u00f3wki \u2013 Tramwaj Krak\u00f3w. Go\u015bcie po rundzie jesiennej, z dorobkiem 25 punkt\u00f3w, zajmuj\u0105 3. miejsce w tabeli. Ju\u017c od pierwszych minut spotkania Sarmaci...\" \/>\n<meta property=\"og:url\" content=\"https:\/\/sarmacjabedzin.pl\/index.php\/2026\/03\/07\/popczyk-show\/\" \/>\n<meta property=\"og:site_name\" content=\"BKS Sarmacja B\u0119dzin\" \/>\n<meta property=\"article:publisher\" content=\"https:\/\/www.facebook.com\/SarmacjaBedzin\" \/>\n<meta property=\"article:published_time\" content=\"2026-03-07T15:22:13+00:00\" \/>\n<meta property=\"og:image\" content=\"http:\/\/sarmacjabedzin.pl\/wp-content\/uploads\/2026\/03\/DAN_7447.jpg\" \/>\n\t<meta property=\"og:image:width\" content=\"2048\" \/>\n\t<meta property=\"og:image:height\" content=\"1365\" \/>\n\t<meta property=\"og:image:type\" content=\"image\/jpeg\" \/>\n<meta name=\"author\" content=\"tyrtak\" \/>\n<meta name=\"twitter:card\" content=\"summary_large_image\" \/>\n<meta name=\"twitter:label1\" content=\"Napisane przez\" \/>\n\t<meta name=\"twitter:data1\" content=\"tyrtak\" \/>\n\t<meta name=\"twitter:label2\" content=\"Szacowany czas czytania\" \/>\n\t<meta name=\"twitter:data2\" content=\"4 minuty\" \/>\n<script type=\"application\/ld+json\" class=\"yoast-schema-graph\">{\"@context\":\"https:\/\/schema.org\",\"@graph\":[{\"@type\":\"WebPage\",\"@id\":\"https:\/\/sarmacjabedzin.pl\/index.php\/2026\/03\/07\/popczyk-show\/\",\"url\":\"https:\/\/sarmacjabedzin.pl\/index.php\/2026\/03\/07\/popczyk-show\/\",\"name\":\"Popczyk show! | BKS Sarmacja B\u0119dzin\",\"isPartOf\":{\"@id\":\"https:\/\/sarmacjabedzin.pl\/#website\"},\"primaryImageOfPage\":{\"@id\":\"https:\/\/sarmacjabedzin.pl\/index.php\/2026\/03\/07\/popczyk-show\/#primaryimage\"},\"image\":{\"@id\":\"https:\/\/sarmacjabedzin.pl\/index.php\/2026\/03\/07\/popczyk-show\/#primaryimage\"},\"thumbnailUrl\":\"https:\/\/sarmacjabedzin.pl\/wp-content\/uploads\/2026\/03\/DAN_7447.jpg\",\"datePublished\":\"2026-03-07T15:22:13+00:00\",\"author\":{\"@id\":\"https:\/\/sarmacjabedzin.pl\/#\/schema\/person\/5417ea7b03bcd9adf58298a2265ce03a\"},\"breadcrumb\":{\"@id\":\"https:\/\/sarmacjabedzin.pl\/index.php\/2026\/03\/07\/popczyk-show\/#breadcrumb\"},\"inLanguage\":\"pl-PL\",\"potentialAction\":[{\"@type\":\"ReadAction\",\"target\":[\"https:\/\/sarmacjabedzin.pl\/index.php\/2026\/03\/07\/popczyk-show\/\"]}]},{\"@type\":\"ImageObject\",\"inLanguage\":\"pl-PL\",\"@id\":\"https:\/\/sarmacjabedzin.pl\/index.php\/2026\/03\/07\/popczyk-show\/#primaryimage\",\"url\":\"https:\/\/sarmacjabedzin.pl\/wp-content\/uploads\/2026\/03\/DAN_7447.jpg\",\"contentUrl\":\"https:\/\/sarmacjabedzin.pl\/wp-content\/uploads\/2026\/03\/DAN_7447.jpg\",\"width\":2048,\"height\":1365},{\"@type\":\"BreadcrumbList\",\"@id\":\"https:\/\/sarmacjabedzin.pl\/index.php\/2026\/03\/07\/popczyk-show\/#breadcrumb\",\"itemListElement\":[{\"@type\":\"ListItem\",\"position\":1,\"name\":\"Strona g\u0142\u00f3wna\",\"item\":\"https:\/\/sarmacjabedzin.pl\/\"},{\"@type\":\"ListItem\",\"position\":2,\"name\":\"Popczyk show!\"}]},{\"@type\":\"WebSite\",\"@id\":\"https:\/\/sarmacjabedzin.pl\/#website\",\"url\":\"https:\/\/sarmacjabedzin.pl\/\",\"name\":\"BKS Sarmacja B\u0119dzin \u2013 Nieoficjalny serwis\",\"description\":\"Nieoficjalny serwis B\u0119dzi\u0144skiego Klubu Sportowego &quot;Sarmacja&quot;\",\"potentialAction\":[{\"@type\":\"SearchAction\",\"target\":{\"@type\":\"EntryPoint\",\"urlTemplate\":\"https:\/\/sarmacjabedzin.pl\/?s={search_term_string}\"},\"query-input\":{\"@type\":\"PropertyValueSpecification\",\"valueRequired\":true,\"valueName\":\"search_term_string\"}}],\"inLanguage\":\"pl-PL\"},{\"@type\":\"Person\",\"@id\":\"https:\/\/sarmacjabedzin.pl\/#\/schema\/person\/5417ea7b03bcd9adf58298a2265ce03a\",\"name\":\"tyrtak\",\"image\":{\"@type\":\"ImageObject\",\"inLanguage\":\"pl-PL\",\"@id\":\"https:\/\/sarmacjabedzin.pl\/#\/schema\/person\/image\/\",\"url\":\"https:\/\/secure.gravatar.com\/avatar\/49b7734c6795cf524710e96813a9fedc1ae3816e479d92490236b4cfc47a5ae1?s=96&d=mm&r=g\",\"contentUrl\":\"https:\/\/secure.gravatar.com\/avatar\/49b7734c6795cf524710e96813a9fedc1ae3816e479d92490236b4cfc47a5ae1?s=96&d=mm&r=g\",\"caption\":\"tyrtak\"}}]}<\/script>\n<!-- \/ Yoast SEO plugin. -->","yoast_head_json":{"title":"Popczyk show! | BKS Sarmacja B\u0119dzin","robots":{"index":"index","follow":"follow","max-snippet":"max-snippet:-1","max-image-preview":"max-image-preview:large","max-video-preview":"max-video-preview:-1"},"canonical":"https:\/\/sarmacjabedzin.pl\/index.php\/2026\/03\/07\/popczyk-show\/","og_locale":"pl_PL","og_type":"article","og_title":"Popczyk show! | BKS Sarmacja B\u0119dzin","og_description":"W dniu 7 marca 2026 roku o godz. 11:00 na p\u0142ycie g\u0142\u00f3wnej w Grod\u017acu pi\u0142karze Sarmacja B\u0119dzin rozegrali ostatni mecz sparingowy przed rund\u0105 wiosenn\u0105 sezonu 2025\/2026. Tym razem b\u0119dzinianie podejmowali przedstawiciela krakowskiej okr\u0119g\u00f3wki \u2013 Tramwaj Krak\u00f3w. Go\u015bcie po rundzie jesiennej, z dorobkiem 25 punkt\u00f3w, zajmuj\u0105 3. miejsce w tabeli. Ju\u017c od pierwszych minut spotkania Sarmaci...","og_url":"https:\/\/sarmacjabedzin.pl\/index.php\/2026\/03\/07\/popczyk-show\/","og_site_name":"BKS Sarmacja B\u0119dzin","article_publisher":"https:\/\/www.facebook.com\/SarmacjaBedzin","article_published_time":"2026-03-07T15:22:13+00:00","og_image":[{"width":2048,"height":1365,"url":"http:\/\/sarmacjabedzin.pl\/wp-content\/uploads\/2026\/03\/DAN_7447.jpg","type":"image\/jpeg"}],"author":"tyrtak","twitter_card":"summary_large_image","twitter_misc":{"Napisane przez":"tyrtak","Szacowany czas czytania":"4 minuty"},"schema":{"@context":"https:\/\/schema.org","@graph":[{"@type":"WebPage","@id":"https:\/\/sarmacjabedzin.pl\/index.php\/2026\/03\/07\/popczyk-show\/","url":"https:\/\/sarmacjabedzin.pl\/index.php\/2026\/03\/07\/popczyk-show\/","name":"Popczyk show! | BKS Sarmacja B\u0119dzin","isPartOf":{"@id":"https:\/\/sarmacjabedzin.pl\/#website"},"primaryImageOfPage":{"@id":"https:\/\/sarmacjabedzin.pl\/index.php\/2026\/03\/07\/popczyk-show\/#primaryimage"},"image":{"@id":"https:\/\/sarmacjabedzin.pl\/index.php\/2026\/03\/07\/popczyk-show\/#primaryimage"},"thumbnailUrl":"https:\/\/sarmacjabedzin.pl\/wp-content\/uploads\/2026\/03\/DAN_7447.jpg","datePublished":"2026-03-07T15:22:13+00:00","author":{"@id":"https:\/\/sarmacjabedzin.pl\/#\/schema\/person\/5417ea7b03bcd9adf58298a2265ce03a"},"breadcrumb":{"@id":"https:\/\/sarmacjabedzin.pl\/index.php\/2026\/03\/07\/popczyk-show\/#breadcrumb"},"inLanguage":"pl-PL","potentialAction":[{"@type":"ReadAction","target":["https:\/\/sarmacjabedzin.pl\/index.php\/2026\/03\/07\/popczyk-show\/"]}]},{"@type":"ImageObject","inLanguage":"pl-PL","@id":"https:\/\/sarmacjabedzin.pl\/index.php\/2026\/03\/07\/popczyk-show\/#primaryimage","url":"https:\/\/sarmacjabedzin.pl\/wp-content\/uploads\/2026\/03\/DAN_7447.jpg","contentUrl":"https:\/\/sarmacjabedzin.pl\/wp-content\/uploads\/2026\/03\/DAN_7447.jpg","width":2048,"height":1365},{"@type":"BreadcrumbList","@id":"https:\/\/sarmacjabedzin.pl\/index.php\/2026\/03\/07\/popczyk-show\/#breadcrumb","itemListElement":[{"@type":"ListItem","position":1,"name":"Strona g\u0142\u00f3wna","item":"https:\/\/sarmacjabedzin.pl\/"},{"@type":"ListItem","position":2,"name":"Popczyk show!"}]},{"@type":"WebSite","@id":"https:\/\/sarmacjabedzin.pl\/#website","url":"https:\/\/sarmacjabedzin.pl\/","name":"BKS Sarmacja B\u0119dzin \u2013 Nieoficjalny serwis","description":"Nieoficjalny serwis B\u0119dzi\u0144skiego Klubu Sportowego &quot;Sarmacja&quot;","potentialAction":[{"@type":"SearchAction","target":{"@type":"EntryPoint","urlTemplate":"https:\/\/sarmacjabedzin.pl\/?s={search_term_string}"},"query-input":{"@type":"PropertyValueSpecification","valueRequired":true,"valueName":"search_term_string"}}],"inLanguage":"pl-PL"},{"@type":"Person","@id":"https:\/\/sarmacjabedzin.pl\/#\/schema\/person\/5417ea7b03bcd9adf58298a2265ce03a","name":"tyrtak","image":{"@type":"ImageObject","inLanguage":"pl-PL","@id":"https:\/\/sarmacjabedzin.pl\/#\/schema\/person\/image\/","url":"https:\/\/secure.gravatar.com\/avatar\/49b7734c6795cf524710e96813a9fedc1ae3816e479d92490236b4cfc47a5ae1?s=96&d=mm&r=g","contentUrl":"https:\/\/secure.gravatar.com\/avatar\/49b7734c6795cf524710e96813a9fedc1ae3816e479d92490236b4cfc47a5ae1?s=96&d=mm&r=g","caption":"tyrtak"}}]}},"rttpg_featured_image_url":{"full":["https:\/\/sarmacjabedzin.pl\/wp-content\/uploads\/2026\/03\/DAN_7447.jpg",2048,1365,false],"landscape":["https:\/\/sarmacjabedzin.pl\/wp-content\/uploads\/2026\/03\/DAN_7447.jpg",2048,1365,false],"portraits":["https:\/\/sarmacjabedzin.pl\/wp-content\/uploads\/2026\/03\/DAN_7447.jpg",2048,1365,false],"thumbnail":["https:\/\/sarmacjabedzin.pl\/wp-content\/uploads\/2026\/03\/DAN_7447.jpg",150,100,false],"medium":["https:\/\/sarmacjabedzin.pl\/wp-content\/uploads\/2026\/03\/DAN_7447.jpg",300,200,false],"large":["https:\/\/sarmacjabedzin.pl\/wp-content\/uploads\/2026\/03\/DAN_7447.jpg",1024,683,false],"1536x1536":["https:\/\/sarmacjabedzin.pl\/wp-content\/uploads\/2026\/03\/DAN_7447.jpg",1536,1024,false],"2048x2048":["https:\/\/sarmacjabedzin.pl\/wp-content\/uploads\/2026\/03\/DAN_7447.jpg",2048,1365,false],"sportspress-crop-medium":["https:\/\/sarmacjabedzin.pl\/wp-content\/uploads\/2026\/03\/DAN_7447.jpg",300,200,false],"sportspress-fit-medium":["https:\/\/sarmacjabedzin.pl\/wp-content\/uploads\/2026\/03\/DAN_7447.jpg",300,200,false],"sportspress-fit-icon":["https:\/\/sarmacjabedzin.pl\/wp-content\/uploads\/2026\/03\/DAN_7447.jpg",128,85,false],"sportspress-fit-mini":["https:\/\/sarmacjabedzin.pl\/wp-content\/uploads\/2026\/03\/DAN_7447.jpg",32,21,false],"ultp_layout_landscape_large":["https:\/\/sarmacjabedzin.pl\/wp-content\/uploads\/2026\/03\/DAN_7447.jpg",1200,800,false],"ultp_layout_landscape":["https:\/\/sarmacjabedzin.pl\/wp-content\/uploads\/2026\/03\/DAN_7447.jpg",855,570,false],"ultp_layout_portrait":["https:\/\/sarmacjabedzin.pl\/wp-content\/uploads\/2026\/03\/DAN_7447.jpg",600,400,false],"ultp_layout_square":["https:\/\/sarmacjabedzin.pl\/wp-content\/uploads\/2026\/03\/DAN_7447.jpg",600,400,false],"stm-1140-666":["https:\/\/sarmacjabedzin.pl\/wp-content\/uploads\/2026\/03\/DAN_7447.jpg",999,666,false],"stm-1170-650":["https:\/\/sarmacjabedzin.pl\/wp-content\/uploads\/2026\/03\/DAN_7447.jpg",975,650,false],"stm-570-350":["https:\/\/sarmacjabedzin.pl\/wp-content\/uploads\/2026\/03\/DAN_7447.jpg",525,350,false],"stm-570-250":["https:\/\/sarmacjabedzin.pl\/wp-content\/uploads\/2026\/03\/DAN_7447.jpg",375,250,false],"stm-270-370":["https:\/\/sarmacjabedzin.pl\/wp-content\/uploads\/2026\/03\/DAN_7447.jpg",270,180,false],"stm-540-500":["https:\/\/sarmacjabedzin.pl\/wp-content\/uploads\/2026\/03\/DAN_7447.jpg",540,360,false],"stm-270-530":["https:\/\/sarmacjabedzin.pl\/wp-content\/uploads\/2026\/03\/DAN_7447.jpg",270,180,false],"stm-200-200":["https:\/\/sarmacjabedzin.pl\/wp-content\/uploads\/2026\/03\/DAN_7447.jpg",200,133,false],"stm-85-105":["https:\/\/sarmacjabedzin.pl\/wp-content\/uploads\/2026\/03\/DAN_7447.jpg",85,57,false],"stm-255-255":["https:\/\/sarmacjabedzin.pl\/wp-content\/uploads\/2026\/03\/DAN_7447.jpg",255,170,false],"stm-360-240":["https:\/\/sarmacjabedzin.pl\/wp-content\/uploads\/2026\/03\/DAN_7447.jpg",360,240,false],"stm-360-495":["https:\/\/sarmacjabedzin.pl\/wp-content\/uploads\/2026\/03\/DAN_7447.jpg",360,240,false],"stm-445-400":["https:\/\/sarmacjabedzin.pl\/wp-content\/uploads\/2026\/03\/DAN_7447.jpg",445,297,false],"stm-735-240":["https:\/\/sarmacjabedzin.pl\/wp-content\/uploads\/2026\/03\/DAN_7447.jpg",360,240,false],"stm-255-183":["https:\/\/sarmacjabedzin.pl\/wp-content\/uploads\/2026\/03\/DAN_7447.jpg",255,170,false],"stm-350-250":["https:\/\/sarmacjabedzin.pl\/wp-content\/uploads\/2026\/03\/DAN_7447.jpg",350,233,false],"blog_list":["https:\/\/sarmacjabedzin.pl\/wp-content\/uploads\/2026\/03\/DAN_7447.jpg",270,180,false],"blog_list_medium":["https:\/\/sarmacjabedzin.pl\/wp-content\/uploads\/2026\/03\/DAN_7447.jpg",390,260,false],"gallery_thumbnail":["https:\/\/sarmacjabedzin.pl\/wp-content\/uploads\/2026\/03\/DAN_7447.jpg",80,53,false],"gallery_image":["https:\/\/sarmacjabedzin.pl\/wp-content\/uploads\/2026\/03\/DAN_7447.jpg",551,367,false],"gallery_image_mini":["https:\/\/sarmacjabedzin.pl\/wp-content\/uploads\/2026\/03\/DAN_7447.jpg",143,95,false],"player_photo":["https:\/\/sarmacjabedzin.pl\/wp-content\/uploads\/2026\/03\/DAN_7447.jpg",740,493,false],"team_logo":["https:\/\/sarmacjabedzin.pl\/wp-content\/uploads\/2026\/03\/DAN_7447.jpg",98,65,false],"player_stat_ava":["https:\/\/sarmacjabedzin.pl\/wp-content\/uploads\/2026\/03\/DAN_7447.jpg",550,367,false],"post-350-220":["https:\/\/sarmacjabedzin.pl\/wp-content\/uploads\/2026\/03\/DAN_7447.jpg",330,220,false],"post-275-142":["https:\/\/sarmacjabedzin.pl\/wp-content\/uploads\/2026\/03\/DAN_7447.jpg",213,142,false],"post-160-120":["https:\/\/sarmacjabedzin.pl\/wp-content\/uploads\/2026\/03\/DAN_7447.jpg",160,107,false],"post-110-70":["https:\/\/sarmacjabedzin.pl\/wp-content\/uploads\/2026\/03\/DAN_7447.jpg",105,70,false],"post-770-450":["https:\/\/sarmacjabedzin.pl\/wp-content\/uploads\/2026\/03\/DAN_7447.jpg",675,450,false],"post-370-210":["https:\/\/sarmacjabedzin.pl\/wp-content\/uploads\/2026\/03\/DAN_7447.jpg",315,210,false],"post-457-470":["https:\/\/sarmacjabedzin.pl\/wp-content\/uploads\/2026\/03\/DAN_7447.jpg",457,305,false],"post-370-420":["https:\/\/sarmacjabedzin.pl\/wp-content\/uploads\/2026\/03\/DAN_7447.jpg",370,247,false],"stm-445-445":["https:\/\/sarmacjabedzin.pl\/wp-content\/uploads\/2026\/03\/DAN_7447.jpg",445,297,false],"stm-555-460":["https:\/\/sarmacjabedzin.pl\/wp-content\/uploads\/2026\/03\/DAN_7447.jpg",555,370,false],"stm-350-450":["https:\/\/sarmacjabedzin.pl\/wp-content\/uploads\/2026\/03\/DAN_7447.jpg",350,233,false],"stm-720-440":["https:\/\/sarmacjabedzin.pl\/wp-content\/uploads\/2026\/03\/DAN_7447.jpg",660,440,false],"stm-270-270":["https:\/\/sarmacjabedzin.pl\/wp-content\/uploads\/2026\/03\/DAN_7447.jpg",270,180,false],"stm-760-450":["https:\/\/sarmacjabedzin.pl\/wp-content\/uploads\/2026\/03\/DAN_7447.jpg",675,450,false]},"rttpg_author":{"display_name":"tyrtak","author_link":false},"rttpg_comment":0,"rttpg_category":"<a href=\"https:\/\/sarmacjabedzin.pl\/index.php\/category\/blog\/relacja-z-meczu-blog\/\" rel=\"category tag\">Relacja z meczu<\/a> <a href=\"https:\/\/sarmacjabedzin.pl\/index.php\/category\/blog\/\" rel=\"category tag\">Sparingi<\/a>","rttpg_excerpt":"W dniu 7 marca 2026 roku o godz. 11:00 na p\u0142ycie g\u0142\u00f3wnej w Grod\u017acu pi\u0142karze Sarmacja B\u0119dzin rozegrali ostatni mecz sparingowy przed rund\u0105 wiosenn\u0105 sezonu 2025\/2026. Tym razem b\u0119dzinianie podejmowali przedstawiciela krakowskiej okr\u0119g\u00f3wki \u2013 Tramwaj Krak\u00f3w. Go\u015bcie po rundzie jesiennej, z dorobkiem 25 punkt\u00f3w, zajmuj\u0105 3. miejsce w tabeli. Ju\u017c od pierwszych minut spotkania Sarmaci...","_links":{"self":[{"href":"https:\/\/sarmacjabedzin.pl\/index.php\/wp-json\/wp\/v2\/posts\/9886","targetHints":{"allow":["GET"]}}],"collection":[{"href":"https:\/\/sarmacjabedzin.pl\/index.php\/wp-json\/wp\/v2\/posts"}],"about":[{"href":"https:\/\/sarmacjabedzin.pl\/index.php\/wp-json\/wp\/v2\/types\/post"}],"author":[{"embeddable":true,"href":"https:\/\/sarmacjabedzin.pl\/index.php\/wp-json\/wp\/v2\/users\/1"}],"replies":[{"embeddable":true,"href":"https:\/\/sarmacjabedzin.pl\/index.php\/wp-json\/wp\/v2\/comments?post=9886"}],"version-history":[{"count":1,"href":"https:\/\/sarmacjabedzin.pl\/index.php\/wp-json\/wp\/v2\/posts\/9886\/revisions"}],"predecessor-version":[{"id":9888,"href":"https:\/\/sarmacjabedzin.pl\/index.php\/wp-json\/wp\/v2\/posts\/9886\/revisions\/9888"}],"wp:featuredmedia":[{"embeddable":true,"href":"https:\/\/sarmacjabedzin.pl\/index.php\/wp-json\/wp\/v2\/media\/9887"}],"wp:attachment":[{"href":"https:\/\/sarmacjabedzin.pl\/index.php\/wp-json\/wp\/v2\/media?parent=9886"}],"wp:term":[{"taxonomy":"category","embeddable":true,"href":"https:\/\/sarmacjabedzin.pl\/index.php\/wp-json\/wp\/v2\/categories?post=9886"},{"taxonomy":"post_tag","embeddable":true,"href":"https:\/\/sarmacjabedzin.pl\/index.php\/wp-json\/wp\/v2\/tags?post=9886"}],"curies":[{"name":"wp","href":"https:\/\/api.w.org\/{rel}","templated":true}]}}