{"id":9902,"date":"2026-03-09T12:40:59","date_gmt":"2026-03-09T11:40:59","guid":{"rendered":"https:\/\/sarmacjabedzin.pl\/?p=9902"},"modified":"2026-03-09T12:45:23","modified_gmt":"2026-03-09T11:45:23","slug":"podsumowanie-przygotowan-4","status":"publish","type":"post","link":"https:\/\/sarmacjabedzin.pl\/index.php\/2026\/03\/09\/podsumowanie-przygotowan-4\/","title":{"rendered":"Podsumowanie przygotowa\u0144!"},"content":{"rendered":"<p>Po kilku tygodniach zimowych przygotowa\u0144 pi\u0142karze BKS Sarmacji B\u0119dzin s\u0105 gotowi do rozpocz\u0119cia rundy rewan\u017cowej sezonu 2025\/2026. Okres przygotowawczy by\u0142 dla b\u0119dzinian bardzo intensywny \u2013 zesp\u00f3\u0142 rozegra\u0142 dziewi\u0119\u0107 sparing\u00f3w, sprawdzi\u0142 kilku m\u0142odych zawodnik\u00f3w oraz wzmocni\u0142 kadr\u0119 przed walk\u0105 o ligowe punkty. Ju\u017c w najbli\u017csz\u0105 sobot\u0119 podopieczni trenera <strong data-start=\"494\" data-end=\"512\">Tomasza Nowaka<\/strong> zainauguruj\u0105 rund\u0119 wiosenn\u0105 meczem przed w\u0142asn\u0105 publiczno\u015bci\u0105 z dru\u017cyn\u0105 <strong data-start=\"585\" data-end=\"601\">Wawela Wirek<\/strong>.<\/p>\n<p class=\"Textbody\">W wi\u0119kszo\u015bci gier testowych Sarmacja mierzy\u0142a si\u0119 z rywalami z tzw. wy\u017cszej p\u00f3\u0142ki. Mimo to a\u017c pi\u0119\u0107 z tych spotka\u0144 zako\u0144czy\u0142o si\u0119 naszym zwyci\u0119stwem:<br \/>\nSp\u00f3jnia Landek 2:1<br \/>\nRozbark Bytom 10:1<br \/>\nCKS Czelad\u017a 2:0<br \/>\nLKS II Gocza\u0142kowice-Zdr\u00f3j 8:3<br \/>\nTramwaj Krak\u00f3w 7:3<\/p>\n<p class=\"Textbody\">Jedno spotkanie \u2013 z Uni\u0105 D\u0105browa G\u00f3rnicza \u2013 zako\u0144czy\u0142o si\u0119 remisem 1:1.<\/p>\n<p class=\"Textbody\">Tylko trzykrotnie Sarmaci schodzili z boiska pokonani:<br \/>\nVictoria Jaworzno 0:4,<br \/>\nRozw\u00f3j Katowice 1:5<br \/>\noraz Przemsza Siewierz 3:4.<\/p>\n<p class=\"Textbody\">Bilans bramkowy zespo\u0142u to 34 zdobyte i 22 stracone gole.<\/p>\n<h3 class=\"Textbody\"><strong><span class=\"StrongEmphasis\">Lista strzelc\u00f3w:<\/span><\/strong><\/h3>\n<p class=\"Textbody\">Popczyk \u2013 9<br \/>\nJasi\u0144ski \u2013 7<br \/>\nSych \u2013 4<br \/>\nKami\u0144ski \u2013 4<br \/>\nSamborski \u2013 2<br \/>\nKocot \u2013 2<br \/>\nG\u00f3ral \u2013 1<br \/>\nHabrat \u2013 1<br \/>\nHajdara \u2013 1<br \/>\nMatwiejczuk \u2013 1<br \/>\nWidurski \u2013 1<br \/>\nWnuk \u2013 1<\/p>\n<p class=\"Textbody\">W okresie przygotowawczym trener b\u0119dzinian mia\u0142 okazj\u0119 dokona\u0107 przegl\u0105du kadry, daj\u0105c r\u00f3wnie\u017c szans\u0119 m\u0142odym zawodnikom. Z ca\u0142\u0105 pewno\u015bci\u0105 jednym z tych, kt\u00f3rzy najlepiej wykorzystali swoj\u0105 szans\u0119, by\u0142 <strong>Olivier Zaj\u0105c<\/strong>. Z bardzo dobrej strony zaprezentowa\u0142 si\u0119 tak\u017ce <strong>16-letni Olaf Matwiejczuk<\/strong>, kt\u00f3ry w meczu z solidn\u0105 Uni\u0105 D\u0105browa G\u00f3rnicza zdoby\u0142 debiutanckiego gola w barwach seniorskich Sarmacji B\u0119dzin.<\/p>\n<p class=\"Textbody\">W rundzie wiosennej w barwach Sarmacji zobaczymy r\u00f3wnie\u017c dwie nowe twarze, kt\u00f3re maj\u0105 by\u0107 solidnym wzmocnieniem kadry.<\/p>\n<h4 class=\"Textbody\"><strong><span class=\"StrongEmphasis\">Daniel Kami\u0144ski \u2013 pomocnik<\/span><\/strong><\/h4>\n<p class=\"Textbody\">W swojej dotychczasowej karierze zanotowa\u0142 wyst\u0119py na poziomie II ligi. Reprezentowa\u0142 mi\u0119dzy innymi takie kluby jak: Rozw\u00f3j Katowice, KKS 1925 Kalisz, Rekord Bielsko-Bia\u0142a, GKS Wikielec oraz Pni\u00f3wek Paw\u0142owice.<\/p>\n<h4 class=\"Textbody\"><strong><span class=\"StrongEmphasis\">Maciej Hajdara \u2013 obro\u0144ca<\/span><\/strong><\/h4>\n<p class=\"Textbody\">W swoim pi\u0142karskim CV ma wyst\u0119py w III-ligowym Podhalu Nowy Targ oraz w rezerwach Wis\u0142y Krak\u00f3w. Na szczeblu juniorskim reprezentowa\u0142 mi\u0119dzy innymi barwy Cracovii, G\u00f3rnika Zabrze oraz rezerw Hutnika Krak\u00f3w.<\/p>\n<p class=\"Textbody\">Z ca\u0142\u0105 pewno\u015bci\u0105 podopieczni trenera Tomasza Nowaka przyst\u0105pi\u0105 do pierwszego meczu ligowego w pe\u0142nej gotowo\u015bci. Okres przygotowawczy zosta\u0142 przepracowany bardzo solidnie, co mo\u017ce napawa\u0107 optymizmem. Forma ro\u015bnie, a pi\u0142karze ju\u017c nie mog\u0105 doczeka\u0107 si\u0119 wznowienia rozgrywek. Ju\u017c w najbli\u017csz\u0105 sobot\u0119 pi\u0142karze BKS Sarmacji B\u0119dzin w pierwszym meczu rundy rewan\u017cowej sezonu 2025\/2026 zmierz\u0105 si\u0119 przed w\u0142asn\u0105 publiczno\u015bci\u0105 z dru\u017cyn\u0105 Wawela Wirek.\u00a0Mamy nadziej\u0119, \u017ce uraz \u0141ukasza Habrata odniesiony w meczu z LKS II Gocza\u0142kowice-Zdr\u00f3j nie spowoduje u niego d\u0142u\u017cszej przerwy w grze. \u017byczymy mu szybkiego powrotu do zdrowia.<\/p>\n<p class=\"Textbody\">Nie pozostaje nam wi\u0119c nic innego, jak ju\u017c dzi\u015b zaprosi\u0107 wszystkich kibic\u00f3w na pierwszy mecz rundy wiosennej z Wawelem Wirek. Z ca\u0142\u0105 pewno\u015bci\u0105 nie zabraknie emocji!<\/p>\n<p><a href=\"http:\/\/sarmacjabedzin.pl\/wp-content\/uploads\/2026\/03\/Podsumowanie_2026.jpg\"><img loading=\"lazy\" decoding=\"async\" class=\"aligncenter size-full wp-image-9903\" src=\"http:\/\/sarmacjabedzin.pl\/wp-content\/uploads\/2026\/03\/Podsumowanie_2026.jpg\" alt=\"\" width=\"1080\" height=\"1350\" \/><\/a><\/p>\n","protected":false},"excerpt":{"rendered":"<p>Po kilku tygodniach zimowych przygotowa\u0144 pi\u0142karze BKS Sarmacji B\u0119dzin s\u0105 gotowi do rozpocz\u0119cia rundy rewan\u017cowej sezonu 2025\/2026. Okres przygotowawczy by\u0142 dla b\u0119dzinian bardzo intensywny \u2013 zesp\u00f3\u0142 rozegra\u0142 dziewi\u0119\u0107 sparing\u00f3w, sprawdzi\u0142 kilku m\u0142odych zawodnik\u00f3w oraz wzmocni\u0142 kadr\u0119 przed walk\u0105 o ligowe punkty. Ju\u017c w najbli\u017csz\u0105 sobot\u0119 podopieczni trenera Tomasza Nowaka zainauguruj\u0105 rund\u0119 wiosenn\u0105 meczem przed w\u0142asn\u0105&#8230;<\/p>\n","protected":false},"author":1,"featured_media":9863,"comment_status":"closed","ping_status":"closed","sticky":false,"template":"","format":"standard","meta":{"footnotes":""},"categories":[1,59],"tags":[],"class_list":["post-9902","post","type-post","status-publish","format-standard","has-post-thumbnail","hentry","category-aktualnosci","category-blog"],"yoast_head":"<!-- This site is optimized with the Yoast SEO plugin v25.8 - https:\/\/yoast.com\/wordpress\/plugins\/seo\/ -->\n<title>Podsumowanie przygotowa\u0144! | BKS Sarmacja B\u0119dzin<\/title>\n<meta name=\"robots\" content=\"index, follow, max-snippet:-1, max-image-preview:large, max-video-preview:-1\" \/>\n<link rel=\"canonical\" href=\"https:\/\/sarmacjabedzin.pl\/index.php\/2026\/03\/09\/podsumowanie-przygotowan-4\/\" \/>\n<meta property=\"og:locale\" content=\"pl_PL\" \/>\n<meta property=\"og:type\" content=\"article\" \/>\n<meta property=\"og:title\" content=\"Podsumowanie przygotowa\u0144! | BKS Sarmacja B\u0119dzin\" \/>\n<meta property=\"og:description\" content=\"Po kilku tygodniach zimowych przygotowa\u0144 pi\u0142karze BKS Sarmacji B\u0119dzin s\u0105 gotowi do rozpocz\u0119cia rundy rewan\u017cowej sezonu 2025\/2026. Okres przygotowawczy by\u0142 dla b\u0119dzinian bardzo intensywny \u2013 zesp\u00f3\u0142 rozegra\u0142 dziewi\u0119\u0107 sparing\u00f3w, sprawdzi\u0142 kilku m\u0142odych zawodnik\u00f3w oraz wzmocni\u0142 kadr\u0119 przed walk\u0105 o ligowe punkty. Ju\u017c w najbli\u017csz\u0105 sobot\u0119 podopieczni trenera Tomasza Nowaka zainauguruj\u0105 rund\u0119 wiosenn\u0105 meczem przed w\u0142asn\u0105...\" \/>\n<meta property=\"og:url\" content=\"https:\/\/sarmacjabedzin.pl\/index.php\/2026\/03\/09\/podsumowanie-przygotowan-4\/\" \/>\n<meta property=\"og:site_name\" content=\"BKS Sarmacja B\u0119dzin\" \/>\n<meta property=\"article:publisher\" content=\"https:\/\/www.facebook.com\/SarmacjaBedzin\" \/>\n<meta property=\"article:published_time\" content=\"2026-03-09T11:40:59+00:00\" \/>\n<meta property=\"article:modified_time\" content=\"2026-03-09T11:45:23+00:00\" \/>\n<meta property=\"og:image\" content=\"http:\/\/sarmacjabedzin.pl\/wp-content\/uploads\/2026\/02\/IMG_0008.jpeg\" \/>\n\t<meta property=\"og:image:width\" content=\"1920\" \/>\n\t<meta property=\"og:image:height\" content=\"1080\" \/>\n\t<meta property=\"og:image:type\" content=\"image\/jpeg\" \/>\n<meta name=\"author\" content=\"tyrtak\" \/>\n<meta name=\"twitter:card\" content=\"summary_large_image\" \/>\n<meta name=\"twitter:label1\" content=\"Napisane przez\" \/>\n\t<meta name=\"twitter:data1\" content=\"tyrtak\" \/>\n\t<meta name=\"twitter:label2\" content=\"Szacowany czas czytania\" \/>\n\t<meta name=\"twitter:data2\" content=\"3 minuty\" \/>\n<script type=\"application\/ld+json\" class=\"yoast-schema-graph\">{\"@context\":\"https:\/\/schema.org\",\"@graph\":[{\"@type\":\"WebPage\",\"@id\":\"https:\/\/sarmacjabedzin.pl\/index.php\/2026\/03\/09\/podsumowanie-przygotowan-4\/\",\"url\":\"https:\/\/sarmacjabedzin.pl\/index.php\/2026\/03\/09\/podsumowanie-przygotowan-4\/\",\"name\":\"Podsumowanie przygotowa\u0144! | BKS Sarmacja B\u0119dzin\",\"isPartOf\":{\"@id\":\"https:\/\/sarmacjabedzin.pl\/#website\"},\"primaryImageOfPage\":{\"@id\":\"https:\/\/sarmacjabedzin.pl\/index.php\/2026\/03\/09\/podsumowanie-przygotowan-4\/#primaryimage\"},\"image\":{\"@id\":\"https:\/\/sarmacjabedzin.pl\/index.php\/2026\/03\/09\/podsumowanie-przygotowan-4\/#primaryimage\"},\"thumbnailUrl\":\"https:\/\/sarmacjabedzin.pl\/wp-content\/uploads\/2026\/02\/IMG_0008.jpeg\",\"datePublished\":\"2026-03-09T11:40:59+00:00\",\"dateModified\":\"2026-03-09T11:45:23+00:00\",\"author\":{\"@id\":\"https:\/\/sarmacjabedzin.pl\/#\/schema\/person\/5417ea7b03bcd9adf58298a2265ce03a\"},\"breadcrumb\":{\"@id\":\"https:\/\/sarmacjabedzin.pl\/index.php\/2026\/03\/09\/podsumowanie-przygotowan-4\/#breadcrumb\"},\"inLanguage\":\"pl-PL\",\"potentialAction\":[{\"@type\":\"ReadAction\",\"target\":[\"https:\/\/sarmacjabedzin.pl\/index.php\/2026\/03\/09\/podsumowanie-przygotowan-4\/\"]}]},{\"@type\":\"ImageObject\",\"inLanguage\":\"pl-PL\",\"@id\":\"https:\/\/sarmacjabedzin.pl\/index.php\/2026\/03\/09\/podsumowanie-przygotowan-4\/#primaryimage\",\"url\":\"https:\/\/sarmacjabedzin.pl\/wp-content\/uploads\/2026\/02\/IMG_0008.jpeg\",\"contentUrl\":\"https:\/\/sarmacjabedzin.pl\/wp-content\/uploads\/2026\/02\/IMG_0008.jpeg\",\"width\":1920,\"height\":1080},{\"@type\":\"BreadcrumbList\",\"@id\":\"https:\/\/sarmacjabedzin.pl\/index.php\/2026\/03\/09\/podsumowanie-przygotowan-4\/#breadcrumb\",\"itemListElement\":[{\"@type\":\"ListItem\",\"position\":1,\"name\":\"Strona g\u0142\u00f3wna\",\"item\":\"https:\/\/sarmacjabedzin.pl\/\"},{\"@type\":\"ListItem\",\"position\":2,\"name\":\"Podsumowanie przygotowa\u0144!\"}]},{\"@type\":\"WebSite\",\"@id\":\"https:\/\/sarmacjabedzin.pl\/#website\",\"url\":\"https:\/\/sarmacjabedzin.pl\/\",\"name\":\"BKS Sarmacja B\u0119dzin \u2013 Nieoficjalny serwis\",\"description\":\"Nieoficjalny serwis B\u0119dzi\u0144skiego Klubu Sportowego &quot;Sarmacja&quot;\",\"potentialAction\":[{\"@type\":\"SearchAction\",\"target\":{\"@type\":\"EntryPoint\",\"urlTemplate\":\"https:\/\/sarmacjabedzin.pl\/?s={search_term_string}\"},\"query-input\":{\"@type\":\"PropertyValueSpecification\",\"valueRequired\":true,\"valueName\":\"search_term_string\"}}],\"inLanguage\":\"pl-PL\"},{\"@type\":\"Person\",\"@id\":\"https:\/\/sarmacjabedzin.pl\/#\/schema\/person\/5417ea7b03bcd9adf58298a2265ce03a\",\"name\":\"tyrtak\",\"image\":{\"@type\":\"ImageObject\",\"inLanguage\":\"pl-PL\",\"@id\":\"https:\/\/sarmacjabedzin.pl\/#\/schema\/person\/image\/\",\"url\":\"https:\/\/secure.gravatar.com\/avatar\/49b7734c6795cf524710e96813a9fedc1ae3816e479d92490236b4cfc47a5ae1?s=96&d=mm&r=g\",\"contentUrl\":\"https:\/\/secure.gravatar.com\/avatar\/49b7734c6795cf524710e96813a9fedc1ae3816e479d92490236b4cfc47a5ae1?s=96&d=mm&r=g\",\"caption\":\"tyrtak\"}}]}<\/script>\n<!-- \/ Yoast SEO plugin. -->","yoast_head_json":{"title":"Podsumowanie przygotowa\u0144! | BKS Sarmacja B\u0119dzin","robots":{"index":"index","follow":"follow","max-snippet":"max-snippet:-1","max-image-preview":"max-image-preview:large","max-video-preview":"max-video-preview:-1"},"canonical":"https:\/\/sarmacjabedzin.pl\/index.php\/2026\/03\/09\/podsumowanie-przygotowan-4\/","og_locale":"pl_PL","og_type":"article","og_title":"Podsumowanie przygotowa\u0144! | BKS Sarmacja B\u0119dzin","og_description":"Po kilku tygodniach zimowych przygotowa\u0144 pi\u0142karze BKS Sarmacji B\u0119dzin s\u0105 gotowi do rozpocz\u0119cia rundy rewan\u017cowej sezonu 2025\/2026. Okres przygotowawczy by\u0142 dla b\u0119dzinian bardzo intensywny \u2013 zesp\u00f3\u0142 rozegra\u0142 dziewi\u0119\u0107 sparing\u00f3w, sprawdzi\u0142 kilku m\u0142odych zawodnik\u00f3w oraz wzmocni\u0142 kadr\u0119 przed walk\u0105 o ligowe punkty. Ju\u017c w najbli\u017csz\u0105 sobot\u0119 podopieczni trenera Tomasza Nowaka zainauguruj\u0105 rund\u0119 wiosenn\u0105 meczem przed w\u0142asn\u0105...","og_url":"https:\/\/sarmacjabedzin.pl\/index.php\/2026\/03\/09\/podsumowanie-przygotowan-4\/","og_site_name":"BKS Sarmacja B\u0119dzin","article_publisher":"https:\/\/www.facebook.com\/SarmacjaBedzin","article_published_time":"2026-03-09T11:40:59+00:00","article_modified_time":"2026-03-09T11:45:23+00:00","og_image":[{"width":1920,"height":1080,"url":"http:\/\/sarmacjabedzin.pl\/wp-content\/uploads\/2026\/02\/IMG_0008.jpeg","type":"image\/jpeg"}],"author":"tyrtak","twitter_card":"summary_large_image","twitter_misc":{"Napisane przez":"tyrtak","Szacowany czas czytania":"3 minuty"},"schema":{"@context":"https:\/\/schema.org","@graph":[{"@type":"WebPage","@id":"https:\/\/sarmacjabedzin.pl\/index.php\/2026\/03\/09\/podsumowanie-przygotowan-4\/","url":"https:\/\/sarmacjabedzin.pl\/index.php\/2026\/03\/09\/podsumowanie-przygotowan-4\/","name":"Podsumowanie przygotowa\u0144! | BKS Sarmacja B\u0119dzin","isPartOf":{"@id":"https:\/\/sarmacjabedzin.pl\/#website"},"primaryImageOfPage":{"@id":"https:\/\/sarmacjabedzin.pl\/index.php\/2026\/03\/09\/podsumowanie-przygotowan-4\/#primaryimage"},"image":{"@id":"https:\/\/sarmacjabedzin.pl\/index.php\/2026\/03\/09\/podsumowanie-przygotowan-4\/#primaryimage"},"thumbnailUrl":"https:\/\/sarmacjabedzin.pl\/wp-content\/uploads\/2026\/02\/IMG_0008.jpeg","datePublished":"2026-03-09T11:40:59+00:00","dateModified":"2026-03-09T11:45:23+00:00","author":{"@id":"https:\/\/sarmacjabedzin.pl\/#\/schema\/person\/5417ea7b03bcd9adf58298a2265ce03a"},"breadcrumb":{"@id":"https:\/\/sarmacjabedzin.pl\/index.php\/2026\/03\/09\/podsumowanie-przygotowan-4\/#breadcrumb"},"inLanguage":"pl-PL","potentialAction":[{"@type":"ReadAction","target":["https:\/\/sarmacjabedzin.pl\/index.php\/2026\/03\/09\/podsumowanie-przygotowan-4\/"]}]},{"@type":"ImageObject","inLanguage":"pl-PL","@id":"https:\/\/sarmacjabedzin.pl\/index.php\/2026\/03\/09\/podsumowanie-przygotowan-4\/#primaryimage","url":"https:\/\/sarmacjabedzin.pl\/wp-content\/uploads\/2026\/02\/IMG_0008.jpeg","contentUrl":"https:\/\/sarmacjabedzin.pl\/wp-content\/uploads\/2026\/02\/IMG_0008.jpeg","width":1920,"height":1080},{"@type":"BreadcrumbList","@id":"https:\/\/sarmacjabedzin.pl\/index.php\/2026\/03\/09\/podsumowanie-przygotowan-4\/#breadcrumb","itemListElement":[{"@type":"ListItem","position":1,"name":"Strona g\u0142\u00f3wna","item":"https:\/\/sarmacjabedzin.pl\/"},{"@type":"ListItem","position":2,"name":"Podsumowanie przygotowa\u0144!"}]},{"@type":"WebSite","@id":"https:\/\/sarmacjabedzin.pl\/#website","url":"https:\/\/sarmacjabedzin.pl\/","name":"BKS Sarmacja B\u0119dzin \u2013 Nieoficjalny serwis","description":"Nieoficjalny serwis B\u0119dzi\u0144skiego Klubu Sportowego &quot;Sarmacja&quot;","potentialAction":[{"@type":"SearchAction","target":{"@type":"EntryPoint","urlTemplate":"https:\/\/sarmacjabedzin.pl\/?s={search_term_string}"},"query-input":{"@type":"PropertyValueSpecification","valueRequired":true,"valueName":"search_term_string"}}],"inLanguage":"pl-PL"},{"@type":"Person","@id":"https:\/\/sarmacjabedzin.pl\/#\/schema\/person\/5417ea7b03bcd9adf58298a2265ce03a","name":"tyrtak","image":{"@type":"ImageObject","inLanguage":"pl-PL","@id":"https:\/\/sarmacjabedzin.pl\/#\/schema\/person\/image\/","url":"https:\/\/secure.gravatar.com\/avatar\/49b7734c6795cf524710e96813a9fedc1ae3816e479d92490236b4cfc47a5ae1?s=96&d=mm&r=g","contentUrl":"https:\/\/secure.gravatar.com\/avatar\/49b7734c6795cf524710e96813a9fedc1ae3816e479d92490236b4cfc47a5ae1?s=96&d=mm&r=g","caption":"tyrtak"}}]}},"rttpg_featured_image_url":{"full":["https:\/\/sarmacjabedzin.pl\/wp-content\/uploads\/2026\/02\/IMG_0008.jpeg",1920,1080,false],"landscape":["https:\/\/sarmacjabedzin.pl\/wp-content\/uploads\/2026\/02\/IMG_0008.jpeg",1920,1080,false],"portraits":["https:\/\/sarmacjabedzin.pl\/wp-content\/uploads\/2026\/02\/IMG_0008.jpeg",1920,1080,false],"thumbnail":["https:\/\/sarmacjabedzin.pl\/wp-content\/uploads\/2026\/02\/IMG_0008.jpeg",150,84,false],"medium":["https:\/\/sarmacjabedzin.pl\/wp-content\/uploads\/2026\/02\/IMG_0008.jpeg",300,169,false],"large":["https:\/\/sarmacjabedzin.pl\/wp-content\/uploads\/2026\/02\/IMG_0008.jpeg",1024,576,false],"1536x1536":["https:\/\/sarmacjabedzin.pl\/wp-content\/uploads\/2026\/02\/IMG_0008.jpeg",1536,864,false],"2048x2048":["https:\/\/sarmacjabedzin.pl\/wp-content\/uploads\/2026\/02\/IMG_0008.jpeg",1920,1080,false],"sportspress-crop-medium":["https:\/\/sarmacjabedzin.pl\/wp-content\/uploads\/2026\/02\/IMG_0008.jpeg",300,169,false],"sportspress-fit-medium":["https:\/\/sarmacjabedzin.pl\/wp-content\/uploads\/2026\/02\/IMG_0008.jpeg",300,169,false],"sportspress-fit-icon":["https:\/\/sarmacjabedzin.pl\/wp-content\/uploads\/2026\/02\/IMG_0008.jpeg",128,72,false],"sportspress-fit-mini":["https:\/\/sarmacjabedzin.pl\/wp-content\/uploads\/2026\/02\/IMG_0008.jpeg",32,18,false],"ultp_layout_landscape_large":["https:\/\/sarmacjabedzin.pl\/wp-content\/uploads\/2026\/02\/IMG_0008.jpeg",1200,675,false],"ultp_layout_landscape":["https:\/\/sarmacjabedzin.pl\/wp-content\/uploads\/2026\/02\/IMG_0008.jpeg",870,489,false],"ultp_layout_portrait":["https:\/\/sarmacjabedzin.pl\/wp-content\/uploads\/2026\/02\/IMG_0008.jpeg",600,338,false],"ultp_layout_square":["https:\/\/sarmacjabedzin.pl\/wp-content\/uploads\/2026\/02\/IMG_0008.jpeg",600,338,false],"stm-1140-666":["https:\/\/sarmacjabedzin.pl\/wp-content\/uploads\/2026\/02\/IMG_0008.jpeg",1140,641,false],"stm-1170-650":["https:\/\/sarmacjabedzin.pl\/wp-content\/uploads\/2026\/02\/IMG_0008.jpeg",1156,650,false],"stm-570-350":["https:\/\/sarmacjabedzin.pl\/wp-content\/uploads\/2026\/02\/IMG_0008.jpeg",570,321,false],"stm-570-250":["https:\/\/sarmacjabedzin.pl\/wp-content\/uploads\/2026\/02\/IMG_0008.jpeg",444,250,false],"stm-270-370":["https:\/\/sarmacjabedzin.pl\/wp-content\/uploads\/2026\/02\/IMG_0008.jpeg",270,152,false],"stm-540-500":["https:\/\/sarmacjabedzin.pl\/wp-content\/uploads\/2026\/02\/IMG_0008.jpeg",540,304,false],"stm-270-530":["https:\/\/sarmacjabedzin.pl\/wp-content\/uploads\/2026\/02\/IMG_0008.jpeg",270,152,false],"stm-200-200":["https:\/\/sarmacjabedzin.pl\/wp-content\/uploads\/2026\/02\/IMG_0008.jpeg",200,113,false],"stm-85-105":["https:\/\/sarmacjabedzin.pl\/wp-content\/uploads\/2026\/02\/IMG_0008.jpeg",85,48,false],"stm-255-255":["https:\/\/sarmacjabedzin.pl\/wp-content\/uploads\/2026\/02\/IMG_0008.jpeg",255,143,false],"stm-360-240":["https:\/\/sarmacjabedzin.pl\/wp-content\/uploads\/2026\/02\/IMG_0008.jpeg",360,203,false],"stm-360-495":["https:\/\/sarmacjabedzin.pl\/wp-content\/uploads\/2026\/02\/IMG_0008.jpeg",360,203,false],"stm-445-400":["https:\/\/sarmacjabedzin.pl\/wp-content\/uploads\/2026\/02\/IMG_0008.jpeg",445,250,false],"stm-735-240":["https:\/\/sarmacjabedzin.pl\/wp-content\/uploads\/2026\/02\/IMG_0008.jpeg",427,240,false],"stm-255-183":["https:\/\/sarmacjabedzin.pl\/wp-content\/uploads\/2026\/02\/IMG_0008.jpeg",255,143,false],"stm-350-250":["https:\/\/sarmacjabedzin.pl\/wp-content\/uploads\/2026\/02\/IMG_0008.jpeg",350,197,false],"blog_list":["https:\/\/sarmacjabedzin.pl\/wp-content\/uploads\/2026\/02\/IMG_0008.jpeg",270,152,false],"blog_list_medium":["https:\/\/sarmacjabedzin.pl\/wp-content\/uploads\/2026\/02\/IMG_0008.jpeg",390,219,false],"gallery_thumbnail":["https:\/\/sarmacjabedzin.pl\/wp-content\/uploads\/2026\/02\/IMG_0008.jpeg",80,45,false],"gallery_image":["https:\/\/sarmacjabedzin.pl\/wp-content\/uploads\/2026\/02\/IMG_0008.jpeg",560,315,false],"gallery_image_mini":["https:\/\/sarmacjabedzin.pl\/wp-content\/uploads\/2026\/02\/IMG_0008.jpeg",143,80,false],"player_photo":["https:\/\/sarmacjabedzin.pl\/wp-content\/uploads\/2026\/02\/IMG_0008.jpeg",740,416,false],"team_logo":["https:\/\/sarmacjabedzin.pl\/wp-content\/uploads\/2026\/02\/IMG_0008.jpeg",98,55,false],"player_stat_ava":["https:\/\/sarmacjabedzin.pl\/wp-content\/uploads\/2026\/02\/IMG_0008.jpeg",550,309,false],"post-350-220":["https:\/\/sarmacjabedzin.pl\/wp-content\/uploads\/2026\/02\/IMG_0008.jpeg",350,197,false],"post-275-142":["https:\/\/sarmacjabedzin.pl\/wp-content\/uploads\/2026\/02\/IMG_0008.jpeg",252,142,false],"post-160-120":["https:\/\/sarmacjabedzin.pl\/wp-content\/uploads\/2026\/02\/IMG_0008.jpeg",160,90,false],"post-110-70":["https:\/\/sarmacjabedzin.pl\/wp-content\/uploads\/2026\/02\/IMG_0008.jpeg",110,62,false],"post-770-450":["https:\/\/sarmacjabedzin.pl\/wp-content\/uploads\/2026\/02\/IMG_0008.jpeg",770,433,false],"post-370-210":["https:\/\/sarmacjabedzin.pl\/wp-content\/uploads\/2026\/02\/IMG_0008.jpeg",370,208,false],"post-457-470":["https:\/\/sarmacjabedzin.pl\/wp-content\/uploads\/2026\/02\/IMG_0008.jpeg",457,257,false],"post-370-420":["https:\/\/sarmacjabedzin.pl\/wp-content\/uploads\/2026\/02\/IMG_0008.jpeg",370,208,false],"stm-445-445":["https:\/\/sarmacjabedzin.pl\/wp-content\/uploads\/2026\/02\/IMG_0008.jpeg",445,250,false],"stm-555-460":["https:\/\/sarmacjabedzin.pl\/wp-content\/uploads\/2026\/02\/IMG_0008.jpeg",555,312,false],"stm-350-450":["https:\/\/sarmacjabedzin.pl\/wp-content\/uploads\/2026\/02\/IMG_0008.jpeg",350,197,false],"stm-720-440":["https:\/\/sarmacjabedzin.pl\/wp-content\/uploads\/2026\/02\/IMG_0008.jpeg",720,405,false],"stm-270-270":["https:\/\/sarmacjabedzin.pl\/wp-content\/uploads\/2026\/02\/IMG_0008.jpeg",270,152,false],"stm-760-450":["https:\/\/sarmacjabedzin.pl\/wp-content\/uploads\/2026\/02\/IMG_0008.jpeg",760,428,false]},"rttpg_author":{"display_name":"tyrtak","author_link":false},"rttpg_comment":0,"rttpg_category":"<a href=\"https:\/\/sarmacjabedzin.pl\/index.php\/category\/aktualnosci\/\" rel=\"category tag\">Aktualno\u015bci<\/a> <a href=\"https:\/\/sarmacjabedzin.pl\/index.php\/category\/blog\/\" rel=\"category tag\">Sparingi<\/a>","rttpg_excerpt":"Po kilku tygodniach zimowych przygotowa\u0144 pi\u0142karze BKS Sarmacji B\u0119dzin s\u0105 gotowi do rozpocz\u0119cia rundy rewan\u017cowej sezonu 2025\/2026. Okres przygotowawczy by\u0142 dla b\u0119dzinian bardzo intensywny \u2013 zesp\u00f3\u0142 rozegra\u0142 dziewi\u0119\u0107 sparing\u00f3w, sprawdzi\u0142 kilku m\u0142odych zawodnik\u00f3w oraz wzmocni\u0142 kadr\u0119 przed walk\u0105 o ligowe punkty. Ju\u017c w najbli\u017csz\u0105 sobot\u0119 podopieczni trenera Tomasza Nowaka zainauguruj\u0105 rund\u0119 wiosenn\u0105 meczem przed w\u0142asn\u0105...","_links":{"self":[{"href":"https:\/\/sarmacjabedzin.pl\/index.php\/wp-json\/wp\/v2\/posts\/9902","targetHints":{"allow":["GET"]}}],"collection":[{"href":"https:\/\/sarmacjabedzin.pl\/index.php\/wp-json\/wp\/v2\/posts"}],"about":[{"href":"https:\/\/sarmacjabedzin.pl\/index.php\/wp-json\/wp\/v2\/types\/post"}],"author":[{"embeddable":true,"href":"https:\/\/sarmacjabedzin.pl\/index.php\/wp-json\/wp\/v2\/users\/1"}],"replies":[{"embeddable":true,"href":"https:\/\/sarmacjabedzin.pl\/index.php\/wp-json\/wp\/v2\/comments?post=9902"}],"version-history":[{"count":5,"href":"https:\/\/sarmacjabedzin.pl\/index.php\/wp-json\/wp\/v2\/posts\/9902\/revisions"}],"predecessor-version":[{"id":9908,"href":"https:\/\/sarmacjabedzin.pl\/index.php\/wp-json\/wp\/v2\/posts\/9902\/revisions\/9908"}],"wp:featuredmedia":[{"embeddable":true,"href":"https:\/\/sarmacjabedzin.pl\/index.php\/wp-json\/wp\/v2\/media\/9863"}],"wp:attachment":[{"href":"https:\/\/sarmacjabedzin.pl\/index.php\/wp-json\/wp\/v2\/media?parent=9902"}],"wp:term":[{"taxonomy":"category","embeddable":true,"href":"https:\/\/sarmacjabedzin.pl\/index.php\/wp-json\/wp\/v2\/categories?post=9902"},{"taxonomy":"post_tag","embeddable":true,"href":"https:\/\/sarmacjabedzin.pl\/index.php\/wp-json\/wp\/v2\/tags?post=9902"}],"curies":[{"name":"wp","href":"https:\/\/api.w.org\/{rel}","templated":true}]}}