{"id":9909,"date":"2026-03-09T19:28:56","date_gmt":"2026-03-09T18:28:56","guid":{"rendered":"https:\/\/sarmacjabedzin.pl\/?p=9909"},"modified":"2026-03-09T19:37:18","modified_gmt":"2026-03-09T18:37:18","slug":"wracamy-do-gry-3","status":"publish","type":"post","link":"https:\/\/sarmacjabedzin.pl\/index.php\/2026\/03\/09\/wracamy-do-gry-3\/","title":{"rendered":"Wracamy do gry!"},"content":{"rendered":"<p class=\"Textbody\">Ju\u017c w sobot\u0119, 14 marca o godzinie 11.00, na stadionie w B\u0119dzinie ponownie zapanuj\u0105 ligowe emocje. Pi\u0142karze Sarmacji rozpoczn\u0105 rund\u0119 wiosenn\u0105 sezonu 2025\/2026 przed w\u0142asn\u0105 publiczno\u015bci\u0105, a ich pierwszym rywalem b\u0119dzie solidny zesp\u00f3\u0142 Wawelu Wirek. Spotkanie zapowiada si\u0119 niezwykle interesuj\u0105co, bo naprzeciw siebie stan\u0105 dru\u017cyny z czo\u0142\u00f3wki tabeli, kt\u00f3re wci\u0105\u017c maj\u0105 realne ambicje walki o najwy\u017csze cele. Dla gospodarzy b\u0119dzie to nie tylko powr\u00f3t do ligowej rywalizacji po zimowej przerwie, ale tak\u017ce wa\u017cny krok w walce o utrzymanie pozycji lidera.<\/p>\n<h4>\ud83d\udcca <strong>Tabela po rundzie jesiennej:<\/strong><\/h4>\n<p>Go\u015bcie z dorobkiem 31 punkt\u00f3w zajmuj\u0105 obecnie 4 miejsce w tabeli. Do lideruj\u0105cej Sarmacji trac\u0105 zaledwie 5 punkt\u00f3w, dlatego zapowiada si\u0119 niezwykle ciekawy i emocjonuj\u0105cy pojedynek dw\u00f3ch kandydat\u00f3w do awansu.<\/p>\n<h4>\ud83d\udcc8 <strong>Ostatni mecz:<\/strong><\/h4>\n<p>Dru\u017cyna Wawel Wirek ma ju\u017c za sob\u0105 pierwszy mecz ligowy w roku 2026. 7 marca rozegra\u0142a zaleg\u0142e spotkanie wyjazdowe z Pogoni\u0105 Imielin, odnosz\u0105c w nim remis 1:1.<\/p>\n<h4>\u2694\ufe0f <strong>Ostatnie ligowe starcie:<\/strong><\/h4>\n<p>Jesieni\u0105 Sarmaci nie pozostawili rywalom z\u0142udze\u0144, gromi\u0105c ich na wyje\u017adzie a\u017c 7:1! Bramki dla naszego zespo\u0142u zdobyli:<br \/>\n\u26bd 3\u00d7 Jasi\u0144ski<br \/>\n\u26bd Popczyk<br \/>\n\u26bd Kocot<br \/>\n\u26bd Sych<br \/>\n\u26bd Chmielowski<\/p>\n<p>Jak b\u0119dzie tym razem? Przekonamy si\u0119 ju\u017c w najbli\u017csz\u0105 sobot\u0119! To spotkanie mo\u017ce mie\u0107 kluczowe znaczenie dla uk\u0142adu tabeli, dlatego emocji na pewno nie zabraknie. Zapraszamy wszystkich kibic\u00f3w i sympatyk\u00f3w pi\u0142ki no\u017cnej w B\u0119dzinie na stadion! Lider rozgrywek liczy na Wasze wsparcie!<\/p>\n<p><a href=\"http:\/\/sarmacjabedzin.pl\/wp-content\/uploads\/2026\/03\/Zapowiedz-Wawel-1.jpg\"><img loading=\"lazy\" decoding=\"async\" class=\"aligncenter size-full wp-image-9914\" src=\"http:\/\/sarmacjabedzin.pl\/wp-content\/uploads\/2026\/03\/Zapowiedz-Wawel-1.jpg\" alt=\"\" width=\"1080\" height=\"1350\" \/><\/a><\/p>\n","protected":false},"excerpt":{"rendered":"<p>Ju\u017c w sobot\u0119, 14 marca o godzinie 11.00, na stadionie w B\u0119dzinie ponownie zapanuj\u0105 ligowe emocje. Pi\u0142karze Sarmacji rozpoczn\u0105 rund\u0119 wiosenn\u0105 sezonu 2025\/2026 przed w\u0142asn\u0105 publiczno\u015bci\u0105, a ich pierwszym rywalem b\u0119dzie solidny zesp\u00f3\u0142 Wawelu Wirek. Spotkanie zapowiada si\u0119 niezwykle interesuj\u0105co, bo naprzeciw siebie stan\u0105 dru\u017cyny z czo\u0142\u00f3wki tabeli, kt\u00f3re wci\u0105\u017c maj\u0105 realne ambicje walki o&#8230;<\/p>\n","protected":false},"author":1,"featured_media":9910,"comment_status":"closed","ping_status":"closed","sticky":false,"template":"","format":"standard","meta":{"footnotes":""},"categories":[64,141],"tags":[],"class_list":["post-9909","post","type-post","status-publish","format-standard","has-post-thumbnail","hentry","category-soccer","category-zapowiedz-meczu"],"yoast_head":"<!-- This site is optimized with the Yoast SEO plugin v25.8 - https:\/\/yoast.com\/wordpress\/plugins\/seo\/ -->\n<title>Wracamy do gry! | BKS Sarmacja B\u0119dzin<\/title>\n<meta name=\"robots\" content=\"index, follow, max-snippet:-1, max-image-preview:large, max-video-preview:-1\" \/>\n<link rel=\"canonical\" href=\"https:\/\/sarmacjabedzin.pl\/index.php\/2026\/03\/09\/wracamy-do-gry-3\/\" \/>\n<meta property=\"og:locale\" content=\"pl_PL\" \/>\n<meta property=\"og:type\" content=\"article\" \/>\n<meta property=\"og:title\" content=\"Wracamy do gry! | BKS Sarmacja B\u0119dzin\" \/>\n<meta property=\"og:description\" content=\"Ju\u017c w sobot\u0119, 14 marca o godzinie 11.00, na stadionie w B\u0119dzinie ponownie zapanuj\u0105 ligowe emocje. Pi\u0142karze Sarmacji rozpoczn\u0105 rund\u0119 wiosenn\u0105 sezonu 2025\/2026 przed w\u0142asn\u0105 publiczno\u015bci\u0105, a ich pierwszym rywalem b\u0119dzie solidny zesp\u00f3\u0142 Wawelu Wirek. Spotkanie zapowiada si\u0119 niezwykle interesuj\u0105co, bo naprzeciw siebie stan\u0105 dru\u017cyny z czo\u0142\u00f3wki tabeli, kt\u00f3re wci\u0105\u017c maj\u0105 realne ambicje walki o...\" \/>\n<meta property=\"og:url\" content=\"https:\/\/sarmacjabedzin.pl\/index.php\/2026\/03\/09\/wracamy-do-gry-3\/\" \/>\n<meta property=\"og:site_name\" content=\"BKS Sarmacja B\u0119dzin\" \/>\n<meta property=\"article:publisher\" content=\"https:\/\/www.facebook.com\/SarmacjaBedzin\" \/>\n<meta property=\"article:published_time\" content=\"2026-03-09T18:28:56+00:00\" \/>\n<meta property=\"article:modified_time\" content=\"2026-03-09T18:37:18+00:00\" \/>\n<meta property=\"og:image\" content=\"http:\/\/sarmacjabedzin.pl\/wp-content\/uploads\/2026\/03\/Wawel_www.jpg\" \/>\n\t<meta property=\"og:image:width\" content=\"1920\" \/>\n\t<meta property=\"og:image:height\" content=\"1080\" \/>\n\t<meta property=\"og:image:type\" content=\"image\/jpeg\" \/>\n<meta name=\"author\" content=\"tyrtak\" \/>\n<meta name=\"twitter:card\" content=\"summary_large_image\" \/>\n<meta name=\"twitter:label1\" content=\"Napisane przez\" \/>\n\t<meta name=\"twitter:data1\" content=\"tyrtak\" \/>\n\t<meta name=\"twitter:label2\" content=\"Szacowany czas czytania\" \/>\n\t<meta name=\"twitter:data2\" content=\"2 minuty\" \/>\n<script type=\"application\/ld+json\" class=\"yoast-schema-graph\">{\"@context\":\"https:\/\/schema.org\",\"@graph\":[{\"@type\":\"WebPage\",\"@id\":\"https:\/\/sarmacjabedzin.pl\/index.php\/2026\/03\/09\/wracamy-do-gry-3\/\",\"url\":\"https:\/\/sarmacjabedzin.pl\/index.php\/2026\/03\/09\/wracamy-do-gry-3\/\",\"name\":\"Wracamy do gry! | BKS Sarmacja B\u0119dzin\",\"isPartOf\":{\"@id\":\"https:\/\/sarmacjabedzin.pl\/#website\"},\"primaryImageOfPage\":{\"@id\":\"https:\/\/sarmacjabedzin.pl\/index.php\/2026\/03\/09\/wracamy-do-gry-3\/#primaryimage\"},\"image\":{\"@id\":\"https:\/\/sarmacjabedzin.pl\/index.php\/2026\/03\/09\/wracamy-do-gry-3\/#primaryimage\"},\"thumbnailUrl\":\"https:\/\/sarmacjabedzin.pl\/wp-content\/uploads\/2026\/03\/Wawel_www.jpg\",\"datePublished\":\"2026-03-09T18:28:56+00:00\",\"dateModified\":\"2026-03-09T18:37:18+00:00\",\"author\":{\"@id\":\"https:\/\/sarmacjabedzin.pl\/#\/schema\/person\/5417ea7b03bcd9adf58298a2265ce03a\"},\"breadcrumb\":{\"@id\":\"https:\/\/sarmacjabedzin.pl\/index.php\/2026\/03\/09\/wracamy-do-gry-3\/#breadcrumb\"},\"inLanguage\":\"pl-PL\",\"potentialAction\":[{\"@type\":\"ReadAction\",\"target\":[\"https:\/\/sarmacjabedzin.pl\/index.php\/2026\/03\/09\/wracamy-do-gry-3\/\"]}]},{\"@type\":\"ImageObject\",\"inLanguage\":\"pl-PL\",\"@id\":\"https:\/\/sarmacjabedzin.pl\/index.php\/2026\/03\/09\/wracamy-do-gry-3\/#primaryimage\",\"url\":\"https:\/\/sarmacjabedzin.pl\/wp-content\/uploads\/2026\/03\/Wawel_www.jpg\",\"contentUrl\":\"https:\/\/sarmacjabedzin.pl\/wp-content\/uploads\/2026\/03\/Wawel_www.jpg\",\"width\":1920,\"height\":1080},{\"@type\":\"BreadcrumbList\",\"@id\":\"https:\/\/sarmacjabedzin.pl\/index.php\/2026\/03\/09\/wracamy-do-gry-3\/#breadcrumb\",\"itemListElement\":[{\"@type\":\"ListItem\",\"position\":1,\"name\":\"Strona g\u0142\u00f3wna\",\"item\":\"https:\/\/sarmacjabedzin.pl\/\"},{\"@type\":\"ListItem\",\"position\":2,\"name\":\"Wracamy do gry!\"}]},{\"@type\":\"WebSite\",\"@id\":\"https:\/\/sarmacjabedzin.pl\/#website\",\"url\":\"https:\/\/sarmacjabedzin.pl\/\",\"name\":\"BKS Sarmacja B\u0119dzin \u2013 Nieoficjalny serwis\",\"description\":\"Nieoficjalny serwis B\u0119dzi\u0144skiego Klubu Sportowego &quot;Sarmacja&quot;\",\"potentialAction\":[{\"@type\":\"SearchAction\",\"target\":{\"@type\":\"EntryPoint\",\"urlTemplate\":\"https:\/\/sarmacjabedzin.pl\/?s={search_term_string}\"},\"query-input\":{\"@type\":\"PropertyValueSpecification\",\"valueRequired\":true,\"valueName\":\"search_term_string\"}}],\"inLanguage\":\"pl-PL\"},{\"@type\":\"Person\",\"@id\":\"https:\/\/sarmacjabedzin.pl\/#\/schema\/person\/5417ea7b03bcd9adf58298a2265ce03a\",\"name\":\"tyrtak\",\"image\":{\"@type\":\"ImageObject\",\"inLanguage\":\"pl-PL\",\"@id\":\"https:\/\/sarmacjabedzin.pl\/#\/schema\/person\/image\/\",\"url\":\"https:\/\/secure.gravatar.com\/avatar\/49b7734c6795cf524710e96813a9fedc1ae3816e479d92490236b4cfc47a5ae1?s=96&d=mm&r=g\",\"contentUrl\":\"https:\/\/secure.gravatar.com\/avatar\/49b7734c6795cf524710e96813a9fedc1ae3816e479d92490236b4cfc47a5ae1?s=96&d=mm&r=g\",\"caption\":\"tyrtak\"}}]}<\/script>\n<!-- \/ Yoast SEO plugin. -->","yoast_head_json":{"title":"Wracamy do gry! | BKS Sarmacja B\u0119dzin","robots":{"index":"index","follow":"follow","max-snippet":"max-snippet:-1","max-image-preview":"max-image-preview:large","max-video-preview":"max-video-preview:-1"},"canonical":"https:\/\/sarmacjabedzin.pl\/index.php\/2026\/03\/09\/wracamy-do-gry-3\/","og_locale":"pl_PL","og_type":"article","og_title":"Wracamy do gry! | BKS Sarmacja B\u0119dzin","og_description":"Ju\u017c w sobot\u0119, 14 marca o godzinie 11.00, na stadionie w B\u0119dzinie ponownie zapanuj\u0105 ligowe emocje. Pi\u0142karze Sarmacji rozpoczn\u0105 rund\u0119 wiosenn\u0105 sezonu 2025\/2026 przed w\u0142asn\u0105 publiczno\u015bci\u0105, a ich pierwszym rywalem b\u0119dzie solidny zesp\u00f3\u0142 Wawelu Wirek. Spotkanie zapowiada si\u0119 niezwykle interesuj\u0105co, bo naprzeciw siebie stan\u0105 dru\u017cyny z czo\u0142\u00f3wki tabeli, kt\u00f3re wci\u0105\u017c maj\u0105 realne ambicje walki o...","og_url":"https:\/\/sarmacjabedzin.pl\/index.php\/2026\/03\/09\/wracamy-do-gry-3\/","og_site_name":"BKS Sarmacja B\u0119dzin","article_publisher":"https:\/\/www.facebook.com\/SarmacjaBedzin","article_published_time":"2026-03-09T18:28:56+00:00","article_modified_time":"2026-03-09T18:37:18+00:00","og_image":[{"width":1920,"height":1080,"url":"http:\/\/sarmacjabedzin.pl\/wp-content\/uploads\/2026\/03\/Wawel_www.jpg","type":"image\/jpeg"}],"author":"tyrtak","twitter_card":"summary_large_image","twitter_misc":{"Napisane przez":"tyrtak","Szacowany czas czytania":"2 minuty"},"schema":{"@context":"https:\/\/schema.org","@graph":[{"@type":"WebPage","@id":"https:\/\/sarmacjabedzin.pl\/index.php\/2026\/03\/09\/wracamy-do-gry-3\/","url":"https:\/\/sarmacjabedzin.pl\/index.php\/2026\/03\/09\/wracamy-do-gry-3\/","name":"Wracamy do gry! | BKS Sarmacja B\u0119dzin","isPartOf":{"@id":"https:\/\/sarmacjabedzin.pl\/#website"},"primaryImageOfPage":{"@id":"https:\/\/sarmacjabedzin.pl\/index.php\/2026\/03\/09\/wracamy-do-gry-3\/#primaryimage"},"image":{"@id":"https:\/\/sarmacjabedzin.pl\/index.php\/2026\/03\/09\/wracamy-do-gry-3\/#primaryimage"},"thumbnailUrl":"https:\/\/sarmacjabedzin.pl\/wp-content\/uploads\/2026\/03\/Wawel_www.jpg","datePublished":"2026-03-09T18:28:56+00:00","dateModified":"2026-03-09T18:37:18+00:00","author":{"@id":"https:\/\/sarmacjabedzin.pl\/#\/schema\/person\/5417ea7b03bcd9adf58298a2265ce03a"},"breadcrumb":{"@id":"https:\/\/sarmacjabedzin.pl\/index.php\/2026\/03\/09\/wracamy-do-gry-3\/#breadcrumb"},"inLanguage":"pl-PL","potentialAction":[{"@type":"ReadAction","target":["https:\/\/sarmacjabedzin.pl\/index.php\/2026\/03\/09\/wracamy-do-gry-3\/"]}]},{"@type":"ImageObject","inLanguage":"pl-PL","@id":"https:\/\/sarmacjabedzin.pl\/index.php\/2026\/03\/09\/wracamy-do-gry-3\/#primaryimage","url":"https:\/\/sarmacjabedzin.pl\/wp-content\/uploads\/2026\/03\/Wawel_www.jpg","contentUrl":"https:\/\/sarmacjabedzin.pl\/wp-content\/uploads\/2026\/03\/Wawel_www.jpg","width":1920,"height":1080},{"@type":"BreadcrumbList","@id":"https:\/\/sarmacjabedzin.pl\/index.php\/2026\/03\/09\/wracamy-do-gry-3\/#breadcrumb","itemListElement":[{"@type":"ListItem","position":1,"name":"Strona g\u0142\u00f3wna","item":"https:\/\/sarmacjabedzin.pl\/"},{"@type":"ListItem","position":2,"name":"Wracamy do gry!"}]},{"@type":"WebSite","@id":"https:\/\/sarmacjabedzin.pl\/#website","url":"https:\/\/sarmacjabedzin.pl\/","name":"BKS Sarmacja B\u0119dzin \u2013 Nieoficjalny serwis","description":"Nieoficjalny serwis B\u0119dzi\u0144skiego Klubu Sportowego &quot;Sarmacja&quot;","potentialAction":[{"@type":"SearchAction","target":{"@type":"EntryPoint","urlTemplate":"https:\/\/sarmacjabedzin.pl\/?s={search_term_string}"},"query-input":{"@type":"PropertyValueSpecification","valueRequired":true,"valueName":"search_term_string"}}],"inLanguage":"pl-PL"},{"@type":"Person","@id":"https:\/\/sarmacjabedzin.pl\/#\/schema\/person\/5417ea7b03bcd9adf58298a2265ce03a","name":"tyrtak","image":{"@type":"ImageObject","inLanguage":"pl-PL","@id":"https:\/\/sarmacjabedzin.pl\/#\/schema\/person\/image\/","url":"https:\/\/secure.gravatar.com\/avatar\/49b7734c6795cf524710e96813a9fedc1ae3816e479d92490236b4cfc47a5ae1?s=96&d=mm&r=g","contentUrl":"https:\/\/secure.gravatar.com\/avatar\/49b7734c6795cf524710e96813a9fedc1ae3816e479d92490236b4cfc47a5ae1?s=96&d=mm&r=g","caption":"tyrtak"}}]}},"rttpg_featured_image_url":{"full":["https:\/\/sarmacjabedzin.pl\/wp-content\/uploads\/2026\/03\/Wawel_www.jpg",1920,1080,false],"landscape":["https:\/\/sarmacjabedzin.pl\/wp-content\/uploads\/2026\/03\/Wawel_www.jpg",1920,1080,false],"portraits":["https:\/\/sarmacjabedzin.pl\/wp-content\/uploads\/2026\/03\/Wawel_www.jpg",1920,1080,false],"thumbnail":["https:\/\/sarmacjabedzin.pl\/wp-content\/uploads\/2026\/03\/Wawel_www.jpg",150,84,false],"medium":["https:\/\/sarmacjabedzin.pl\/wp-content\/uploads\/2026\/03\/Wawel_www.jpg",300,169,false],"large":["https:\/\/sarmacjabedzin.pl\/wp-content\/uploads\/2026\/03\/Wawel_www.jpg",1024,576,false],"1536x1536":["https:\/\/sarmacjabedzin.pl\/wp-content\/uploads\/2026\/03\/Wawel_www.jpg",1536,864,false],"2048x2048":["https:\/\/sarmacjabedzin.pl\/wp-content\/uploads\/2026\/03\/Wawel_www.jpg",1920,1080,false],"sportspress-crop-medium":["https:\/\/sarmacjabedzin.pl\/wp-content\/uploads\/2026\/03\/Wawel_www.jpg",300,169,false],"sportspress-fit-medium":["https:\/\/sarmacjabedzin.pl\/wp-content\/uploads\/2026\/03\/Wawel_www.jpg",300,169,false],"sportspress-fit-icon":["https:\/\/sarmacjabedzin.pl\/wp-content\/uploads\/2026\/03\/Wawel_www.jpg",128,72,false],"sportspress-fit-mini":["https:\/\/sarmacjabedzin.pl\/wp-content\/uploads\/2026\/03\/Wawel_www.jpg",32,18,false],"ultp_layout_landscape_large":["https:\/\/sarmacjabedzin.pl\/wp-content\/uploads\/2026\/03\/Wawel_www.jpg",1200,675,false],"ultp_layout_landscape":["https:\/\/sarmacjabedzin.pl\/wp-content\/uploads\/2026\/03\/Wawel_www.jpg",870,489,false],"ultp_layout_portrait":["https:\/\/sarmacjabedzin.pl\/wp-content\/uploads\/2026\/03\/Wawel_www.jpg",600,338,false],"ultp_layout_square":["https:\/\/sarmacjabedzin.pl\/wp-content\/uploads\/2026\/03\/Wawel_www.jpg",600,338,false],"stm-1140-666":["https:\/\/sarmacjabedzin.pl\/wp-content\/uploads\/2026\/03\/Wawel_www.jpg",1140,641,false],"stm-1170-650":["https:\/\/sarmacjabedzin.pl\/wp-content\/uploads\/2026\/03\/Wawel_www.jpg",1156,650,false],"stm-570-350":["https:\/\/sarmacjabedzin.pl\/wp-content\/uploads\/2026\/03\/Wawel_www.jpg",570,321,false],"stm-570-250":["https:\/\/sarmacjabedzin.pl\/wp-content\/uploads\/2026\/03\/Wawel_www.jpg",444,250,false],"stm-270-370":["https:\/\/sarmacjabedzin.pl\/wp-content\/uploads\/2026\/03\/Wawel_www.jpg",270,152,false],"stm-540-500":["https:\/\/sarmacjabedzin.pl\/wp-content\/uploads\/2026\/03\/Wawel_www.jpg",540,304,false],"stm-270-530":["https:\/\/sarmacjabedzin.pl\/wp-content\/uploads\/2026\/03\/Wawel_www.jpg",270,152,false],"stm-200-200":["https:\/\/sarmacjabedzin.pl\/wp-content\/uploads\/2026\/03\/Wawel_www.jpg",200,113,false],"stm-85-105":["https:\/\/sarmacjabedzin.pl\/wp-content\/uploads\/2026\/03\/Wawel_www.jpg",85,48,false],"stm-255-255":["https:\/\/sarmacjabedzin.pl\/wp-content\/uploads\/2026\/03\/Wawel_www.jpg",255,143,false],"stm-360-240":["https:\/\/sarmacjabedzin.pl\/wp-content\/uploads\/2026\/03\/Wawel_www.jpg",360,203,false],"stm-360-495":["https:\/\/sarmacjabedzin.pl\/wp-content\/uploads\/2026\/03\/Wawel_www.jpg",360,203,false],"stm-445-400":["https:\/\/sarmacjabedzin.pl\/wp-content\/uploads\/2026\/03\/Wawel_www.jpg",445,250,false],"stm-735-240":["https:\/\/sarmacjabedzin.pl\/wp-content\/uploads\/2026\/03\/Wawel_www.jpg",427,240,false],"stm-255-183":["https:\/\/sarmacjabedzin.pl\/wp-content\/uploads\/2026\/03\/Wawel_www.jpg",255,143,false],"stm-350-250":["https:\/\/sarmacjabedzin.pl\/wp-content\/uploads\/2026\/03\/Wawel_www.jpg",350,197,false],"blog_list":["https:\/\/sarmacjabedzin.pl\/wp-content\/uploads\/2026\/03\/Wawel_www.jpg",270,152,false],"blog_list_medium":["https:\/\/sarmacjabedzin.pl\/wp-content\/uploads\/2026\/03\/Wawel_www.jpg",390,219,false],"gallery_thumbnail":["https:\/\/sarmacjabedzin.pl\/wp-content\/uploads\/2026\/03\/Wawel_www.jpg",80,45,false],"gallery_image":["https:\/\/sarmacjabedzin.pl\/wp-content\/uploads\/2026\/03\/Wawel_www.jpg",560,315,false],"gallery_image_mini":["https:\/\/sarmacjabedzin.pl\/wp-content\/uploads\/2026\/03\/Wawel_www.jpg",143,80,false],"player_photo":["https:\/\/sarmacjabedzin.pl\/wp-content\/uploads\/2026\/03\/Wawel_www.jpg",740,416,false],"team_logo":["https:\/\/sarmacjabedzin.pl\/wp-content\/uploads\/2026\/03\/Wawel_www.jpg",98,55,false],"player_stat_ava":["https:\/\/sarmacjabedzin.pl\/wp-content\/uploads\/2026\/03\/Wawel_www.jpg",550,309,false],"post-350-220":["https:\/\/sarmacjabedzin.pl\/wp-content\/uploads\/2026\/03\/Wawel_www.jpg",350,197,false],"post-275-142":["https:\/\/sarmacjabedzin.pl\/wp-content\/uploads\/2026\/03\/Wawel_www.jpg",252,142,false],"post-160-120":["https:\/\/sarmacjabedzin.pl\/wp-content\/uploads\/2026\/03\/Wawel_www.jpg",160,90,false],"post-110-70":["https:\/\/sarmacjabedzin.pl\/wp-content\/uploads\/2026\/03\/Wawel_www.jpg",110,62,false],"post-770-450":["https:\/\/sarmacjabedzin.pl\/wp-content\/uploads\/2026\/03\/Wawel_www.jpg",770,433,false],"post-370-210":["https:\/\/sarmacjabedzin.pl\/wp-content\/uploads\/2026\/03\/Wawel_www.jpg",370,208,false],"post-457-470":["https:\/\/sarmacjabedzin.pl\/wp-content\/uploads\/2026\/03\/Wawel_www.jpg",457,257,false],"post-370-420":["https:\/\/sarmacjabedzin.pl\/wp-content\/uploads\/2026\/03\/Wawel_www.jpg",370,208,false],"stm-445-445":["https:\/\/sarmacjabedzin.pl\/wp-content\/uploads\/2026\/03\/Wawel_www.jpg",445,250,false],"stm-555-460":["https:\/\/sarmacjabedzin.pl\/wp-content\/uploads\/2026\/03\/Wawel_www.jpg",555,312,false],"stm-350-450":["https:\/\/sarmacjabedzin.pl\/wp-content\/uploads\/2026\/03\/Wawel_www.jpg",350,197,false],"stm-720-440":["https:\/\/sarmacjabedzin.pl\/wp-content\/uploads\/2026\/03\/Wawel_www.jpg",720,405,false],"stm-270-270":["https:\/\/sarmacjabedzin.pl\/wp-content\/uploads\/2026\/03\/Wawel_www.jpg",270,152,false],"stm-760-450":["https:\/\/sarmacjabedzin.pl\/wp-content\/uploads\/2026\/03\/Wawel_www.jpg",760,428,false]},"rttpg_author":{"display_name":"tyrtak","author_link":false},"rttpg_comment":0,"rttpg_category":"<a href=\"https:\/\/sarmacjabedzin.pl\/index.php\/category\/soccer\/\" rel=\"category tag\">Liga<\/a> <a href=\"https:\/\/sarmacjabedzin.pl\/index.php\/category\/soccer\/zapowiedz-meczu\/\" rel=\"category tag\">Zapowied\u017a meczu<\/a>","rttpg_excerpt":"Ju\u017c w sobot\u0119, 14 marca o godzinie 11.00, na stadionie w B\u0119dzinie ponownie zapanuj\u0105 ligowe emocje. Pi\u0142karze Sarmacji rozpoczn\u0105 rund\u0119 wiosenn\u0105 sezonu 2025\/2026 przed w\u0142asn\u0105 publiczno\u015bci\u0105, a ich pierwszym rywalem b\u0119dzie solidny zesp\u00f3\u0142 Wawelu Wirek. Spotkanie zapowiada si\u0119 niezwykle interesuj\u0105co, bo naprzeciw siebie stan\u0105 dru\u017cyny z czo\u0142\u00f3wki tabeli, kt\u00f3re wci\u0105\u017c maj\u0105 realne ambicje walki o...","_links":{"self":[{"href":"https:\/\/sarmacjabedzin.pl\/index.php\/wp-json\/wp\/v2\/posts\/9909","targetHints":{"allow":["GET"]}}],"collection":[{"href":"https:\/\/sarmacjabedzin.pl\/index.php\/wp-json\/wp\/v2\/posts"}],"about":[{"href":"https:\/\/sarmacjabedzin.pl\/index.php\/wp-json\/wp\/v2\/types\/post"}],"author":[{"embeddable":true,"href":"https:\/\/sarmacjabedzin.pl\/index.php\/wp-json\/wp\/v2\/users\/1"}],"replies":[{"embeddable":true,"href":"https:\/\/sarmacjabedzin.pl\/index.php\/wp-json\/wp\/v2\/comments?post=9909"}],"version-history":[{"count":4,"href":"https:\/\/sarmacjabedzin.pl\/index.php\/wp-json\/wp\/v2\/posts\/9909\/revisions"}],"predecessor-version":[{"id":9916,"href":"https:\/\/sarmacjabedzin.pl\/index.php\/wp-json\/wp\/v2\/posts\/9909\/revisions\/9916"}],"wp:featuredmedia":[{"embeddable":true,"href":"https:\/\/sarmacjabedzin.pl\/index.php\/wp-json\/wp\/v2\/media\/9910"}],"wp:attachment":[{"href":"https:\/\/sarmacjabedzin.pl\/index.php\/wp-json\/wp\/v2\/media?parent=9909"}],"wp:term":[{"taxonomy":"category","embeddable":true,"href":"https:\/\/sarmacjabedzin.pl\/index.php\/wp-json\/wp\/v2\/categories?post=9909"},{"taxonomy":"post_tag","embeddable":true,"href":"https:\/\/sarmacjabedzin.pl\/index.php\/wp-json\/wp\/v2\/tags?post=9909"}],"curies":[{"name":"wp","href":"https:\/\/api.w.org\/{rel}","templated":true}]}}