{"id":9919,"date":"2026-03-14T14:33:59","date_gmt":"2026-03-14T13:33:59","guid":{"rendered":"https:\/\/sarmacjabedzin.pl\/?p=9919"},"modified":"2026-03-14T14:50:06","modified_gmt":"2026-03-14T13:50:06","slug":"grad-bramek-na-inauguracje","status":"publish","type":"post","link":"https:\/\/sarmacjabedzin.pl\/index.php\/2026\/03\/14\/grad-bramek-na-inauguracje\/","title":{"rendered":"Grad bramek na inauguracj\u0119!"},"content":{"rendered":"<p data-start=\"175\" data-end=\"486\">14 marca 2026 roku o godzinie 11:00 pi\u0142karze Sarmacji B\u0119dzin na w\u0142asnym stadionie wznowili ligowe zmagania. W pierwszym meczu rundy wiosennej sezonu 2025\/2026 zmierzyli si\u0119 z zespo\u0142em Wawelu Wirek. Go\u015bcie, z dorobkiem 31 punkt\u00f3w, zajmowali czwarte miejsce w tabeli i tracili do Sarmacji zaledwie pi\u0119\u0107 punkt\u00f3w.<\/p>\n<p data-start=\"488\" data-end=\"694\">Jesieni\u0105 Sarmaci nie pozostawili rywalom z\u0142udze\u0144, gromi\u0105c ich na wyje\u017adzie a\u017c 7:1. Bramki dla naszego zespo\u0142u zdobyli: trzy Kacper Jasi\u0144ski oraz po jednej Mateusz Popczyk, Marek Kocot, Sych i Chmielowski.<\/p>\n<p data-start=\"696\" data-end=\"987\">Przed meczem wszyscy z niecierpliwo\u015bci\u0105 oczekiwali pierwszego gwizdka s\u0119dziego. Go\u015bcie, kt\u00f3rzy wci\u0105\u017c mieli nadziej\u0119 w\u0142\u0105czy\u0107 si\u0119 do walki o awans, przyjechali do B\u0119dzina walczy\u0107 o komplet punkt\u00f3w. Gospodarze mieli jednak w\u0142asny cel \u2013 ju\u017c dzi\u015b wyeliminowa\u0107 jednego z najgro\u017aniejszych rywali.<\/p>\n<p data-start=\"989\" data-end=\"1386\">Od pierwszych minut Sarmaci narzucili sw\u00f3j styl i tempo gry. Ju\u017c w 1. minucie Marek Kocot sprawdzi\u0142 czujno\u015b\u0107 bramkarza go\u015bci, kt\u00f3ry z du\u017cym trudem obroni\u0142 jego strza\u0142. W 8. minucie pi\u0142ka po g\u0142\u00f3wce Mateusza Popczyka przelecia\u0142a tu\u017c obok bramki rywala. Zaledwie trzy minuty p\u00f3\u017aniej, po kolejnej g\u0142\u00f3wce \u201ePopiego\u201d, futbol\u00f3wka trafi\u0142a w r\u0119k\u0119 obro\u0144cy go\u015bci. S\u0119dzia bez wahania wskaza\u0142 na jedenasty metr.<\/p>\n<p data-start=\"1388\" data-end=\"1495\">Do pi\u0142ki podszed\u0142 <strong data-start=\"1406\" data-end=\"1425\">Kacper Jasi\u0144ski<\/strong> i pewnym strza\u0142em otworzy\u0142 wynik spotkania \u2013 <strong data-start=\"1471\" data-end=\"1492\">1:0 dla b\u0119dzinian<\/strong>.<\/p>\n<p data-start=\"1497\" data-end=\"1744\">W 30. minucie mog\u0142o by\u0107 ju\u017c 2:0, lecz bramkarz Wirka znakomicie poradzi\u0142 sobie z gro\u017an\u0105 g\u0142\u00f3wk\u0105 Macieja Widurskiego, przenosz\u0105c pi\u0142k\u0119 nad poprzeczk\u0105. W 36. minucie Rafa\u0142 Dawid mia\u0142 sporo problem\u00f3w pod w\u0142asn\u0105 bramk\u0105, jednak zdo\u0142a\u0142 wyj\u015b\u0107 z opresji.<\/p>\n<p data-start=\"1746\" data-end=\"1948\">Trzy minuty p\u00f3\u017aniej ogromn\u0105 przewag\u0119 Sarmacji potwierdzi\u0142 drugi gol. <strong data-start=\"1815\" data-end=\"1834\">Daniel Kami\u0144ski<\/strong> popisa\u0142 si\u0119 znakomit\u0105 wrzutk\u0105 w pole karne, a <strong data-start=\"1881\" data-end=\"1900\">Maciej Widurski<\/strong> celn\u0105 g\u0142\u00f3wk\u0105 skierowa\u0142 pi\u0142k\u0119 do siatki go\u015bci.<\/p>\n<p data-start=\"1950\" data-end=\"2049\">Do przerwy wynik nie uleg\u0142 ju\u017c zmianie i Sarmaci schodzili do szatni z dwubramkowym prowadzeniem.<\/p>\n<p data-start=\"2051\" data-end=\"2290\">Pocz\u0105tek drugiej po\u0142owy nie u\u0142o\u017cy\u0142 si\u0119 jednak po my\u015bli gospodarzy. Zaledwie pi\u0119\u0107 minut po wznowieniu gry go\u015bcie zdobyli bramk\u0119 kontaktow\u0105. Pierwszy strza\u0142 obroni\u0142 Rafa\u0142 Dawid, lecz dobitka z bliskiej odleg\u0142o\u015bci okaza\u0142a si\u0119 ju\u017c skuteczna.<\/p>\n<p data-start=\"2292\" data-end=\"2590\">Podra\u017cnieni takim obrotem sprawy Sarmaci ruszyli po kolejne trafienia. W 61. minucie s\u0119dzia podyktowa\u0142 rzut wolny dla gospodarzy. Do pi\u0142ki podszed\u0142 <strong data-start=\"2440\" data-end=\"2455\">Marek Kocot<\/strong>, kt\u00f3ry popisa\u0142 si\u0119 kapitalnym uderzeniem z oko\u0142o 20 metr\u00f3w. Pi\u0142ka odbi\u0142a si\u0119 od poprzeczki, a nast\u0119pnie od ziemi i wpad\u0142a do bramki.<\/p>\n<p data-start=\"2592\" data-end=\"2782\">S\u0119dzia liniowy zasygnalizowa\u0142, \u017ce futbol\u00f3wka przekroczy\u0142a lini\u0119 bramkow\u0105, a arbiter g\u0142\u00f3wny uzna\u0142 gola. Protesty go\u015bci zako\u0144czy\u0142y si\u0119 \u017c\u00f3\u0142tymi kartkami dla trenera oraz jednego z zawodnik\u00f3w.<\/p>\n<p data-start=\"2784\" data-end=\"2887\">Ostatni kwadrans meczu by\u0142 prawdziwym koncertem gry w wykonaniu podopiecznych trenera Tomasza Nowaka.<\/p>\n<p data-start=\"2889\" data-end=\"3087\">W 77. minucie Sarmacja prowadzi\u0142a ju\u017c <strong data-start=\"2927\" data-end=\"2934\">4:1<\/strong>. Daniel Kami\u0144ski zanotowa\u0142 kolejn\u0105 asyst\u0119, idealnie wyk\u0142adaj\u0105c pi\u0142k\u0119 <strong data-start=\"3004\" data-end=\"3029\">Mateuszowi Popczykowi<\/strong>, kt\u00f3ry w sytuacji sam na sam nie da\u0142 szans bramkarzowi.<\/p>\n<p data-start=\"3089\" data-end=\"3204\">W 85. minucie Mateusz Popczyk ponownie znalaz\u0142 si\u0119 sam przed golkiperem Wawelu i po raz kolejny trafi\u0142 do siatki.<\/p>\n<p data-start=\"3206\" data-end=\"3302\">Minut\u0119 p\u00f3\u017aniej by\u0142o ju\u017c <strong data-start=\"3230\" data-end=\"3237\">6:1<\/strong> \u2013 tym razem na list\u0119 strzelc\u00f3w wpisa\u0142 si\u0119 <strong data-start=\"3280\" data-end=\"3299\">Oliwer Zalewski<\/strong>.<\/p>\n<p data-start=\"3304\" data-end=\"3569\">W 88. minucie Popczyk zosta\u0142 sfaulowany w polu karnym, a s\u0119dzia bez wahania podyktowa\u0142 rzut karny. Do pi\u0142ki podszed\u0142 sam poszkodowany i pewnym strza\u0142em ustali\u0142 wynik spotkania na <strong data-start=\"3483\" data-end=\"3490\">7:1<\/strong>, kompletuj\u0105c swojego drugiego ligowego hat-tricka w barwach Sarmacji B\u0119dzin.<\/p>\n<p data-start=\"3571\" data-end=\"3620\">Do ko\u0144ca spotkania wynik nie uleg\u0142 ju\u017c zmianie.<\/p>\n<p data-start=\"3622\" data-end=\"3943\">Lider tabeli pokaza\u0142 dzi\u015b zar\u00f3wno rywalowi, jak i licznie zgromadzonym kibicom, \u017ce jego cel jest jeden. Dru\u017cyna Tomasza Nowaka prezentuje prawdziwy kolektyw, kt\u00f3ry tworzy jeden silny organizm. Zwyci\u0119stwo <strong data-start=\"3826\" data-end=\"3941\">7:1 nad jednym z g\u0142\u00f3wnych rywali do awansu \u2013 po raz drugi w sezonie \u2013 praktycznie eliminuje go z dalszej walki.<\/strong><\/p>\n<p data-start=\"3945\" data-end=\"4009\">O\u015bmiopunktowa przewaga w tabeli wydaje si\u0119 ju\u017c bardzo solidna.<\/p>\n<p data-start=\"4011\" data-end=\"4275\">Brawo dla dru\u017cyny i trenera za to, \u017ce mimo ogromnej presji potrafili udokumentowa\u0107 swoj\u0105 wy\u017cszo\u015b\u0107 nad rywalem i to w tak efektownym stylu. Teraz pozostaje czeka\u0107 na wyniki G\u00f3rnika Piaski oraz G\u00f3rnika Wojkowice, kt\u00f3rzy wci\u0105\u017c mog\u0105 jeszcze zagrozi\u0107 naszej dru\u017cynie.<\/p>\n<p data-start=\"4277\" data-end=\"4438\">Ju\u017c za tydzie\u0144 Sarmaci zmierz\u0105 si\u0119 na wyje\u017adzie z Cyklonem Rogo\u017anik. Nie b\u0119dzie to \u0142atwy mecz, ale jak przysta\u0142o na lidera, powalcz\u0105 o kolejny komplet punkt\u00f3w.<\/p>\n<hr data-start=\"4440\" data-end=\"4443\" \/>\n<h3 data-start=\"4445\" data-end=\"4490\"><strong data-start=\"4445\" data-end=\"4488\">Sarmacja B\u0119dzin \u2013 Wawel Wirek 7:1 (2:0)<\/strong><\/h3>\n<p data-start=\"4492\" data-end=\"4534\"><strong data-start=\"4492\" data-end=\"4503\">S\u0119dzia:<\/strong> Robert Kowalczyk (Cz\u0119stochowa)<\/p>\n<p data-start=\"4536\" data-end=\"4642\"><strong data-start=\"4536\" data-end=\"4547\">Bramki:<\/strong><br data-start=\"4547\" data-end=\"4550\" \/>12&#8242;(k) Jasi\u0144ski<br data-start=\"4565\" data-end=\"4568\" \/>39&#8242;(g) Widurski<br data-start=\"4583\" data-end=\"4586\" \/>61&#8242;(w) Kocot<br data-start=\"4598\" data-end=\"4601\" \/>77&#8242;, 85&#8242;, 88&#8242;(k) Popczyk<br data-start=\"4625\" data-end=\"4628\" \/>86&#8242; Zalewski<br \/>\n________________<br \/>\n50&#8242;<\/p>\n<p data-start=\"4651\" data-end=\"4696\"><strong data-start=\"4651\" data-end=\"4668\">\u017b\u00f3\u0142te kartki:<\/strong><br data-start=\"4668\" data-end=\"4671\" \/>22&#8242; Wnuk<br data-start=\"4679\" data-end=\"4682\" \/>47&#8242; Jasi\u0144ski<\/p>\n<p data-start=\"4698\" data-end=\"4851\"><strong data-start=\"4698\" data-end=\"4718\">Sarmacja B\u0119dzin:<\/strong><br data-start=\"4718\" data-end=\"4721\" \/>Dawid \u2013 Dul, Habrat, Wnuk, Kami\u0144ski, Sych (64&#8242; Samborski), Nowak, Widurski (64&#8242; Zalewski), Kocot, Jasi\u0144ski (72&#8242; G\u00f3ral), Popczyk.<\/p>\n<p data-start=\"4853\" data-end=\"4878\"><strong data-start=\"4853\" data-end=\"4864\">Trener:<\/strong> Tomasz Nowak.<\/p>\n<p data-start=\"4853\" data-end=\"4878\"><a href=\"http:\/\/sarmacjabedzin.pl\/wp-content\/uploads\/2026\/03\/WAWEL-social.jpg\"><img loading=\"lazy\" decoding=\"async\" class=\"aligncenter size-full wp-image-9917\" src=\"http:\/\/sarmacjabedzin.pl\/wp-content\/uploads\/2026\/03\/WAWEL-social.jpg\" alt=\"\" width=\"1080\" height=\"1350\" \/><\/a><\/p>\n","protected":false},"excerpt":{"rendered":"<p>14 marca 2026 roku o godzinie 11:00 pi\u0142karze Sarmacji B\u0119dzin na w\u0142asnym stadionie wznowili ligowe zmagania. W pierwszym meczu rundy wiosennej sezonu 2025\/2026 zmierzyli si\u0119 z zespo\u0142em Wawelu Wirek. Go\u015bcie, z dorobkiem 31 punkt\u00f3w, zajmowali czwarte miejsce w tabeli i tracili do Sarmacji zaledwie pi\u0119\u0107 punkt\u00f3w. Jesieni\u0105 Sarmaci nie pozostawili rywalom z\u0142udze\u0144, gromi\u0105c ich na&#8230;<\/p>\n","protected":false},"author":1,"featured_media":9920,"comment_status":"closed","ping_status":"closed","sticky":false,"template":"","format":"standard","meta":{"footnotes":""},"categories":[64,142],"tags":[],"class_list":["post-9919","post","type-post","status-publish","format-standard","has-post-thumbnail","hentry","category-soccer","category-relacja-z-meczu"],"yoast_head":"<!-- This site is optimized with the Yoast SEO plugin v25.8 - https:\/\/yoast.com\/wordpress\/plugins\/seo\/ -->\n<title>Grad bramek na inauguracj\u0119! | BKS Sarmacja B\u0119dzin<\/title>\n<meta name=\"robots\" content=\"index, follow, max-snippet:-1, max-image-preview:large, max-video-preview:-1\" \/>\n<link rel=\"canonical\" href=\"https:\/\/sarmacjabedzin.pl\/index.php\/2026\/03\/14\/grad-bramek-na-inauguracje\/\" \/>\n<meta property=\"og:locale\" content=\"pl_PL\" \/>\n<meta property=\"og:type\" content=\"article\" \/>\n<meta property=\"og:title\" content=\"Grad bramek na inauguracj\u0119! | BKS Sarmacja B\u0119dzin\" \/>\n<meta property=\"og:description\" content=\"14 marca 2026 roku o godzinie 11:00 pi\u0142karze Sarmacji B\u0119dzin na w\u0142asnym stadionie wznowili ligowe zmagania. W pierwszym meczu rundy wiosennej sezonu 2025\/2026 zmierzyli si\u0119 z zespo\u0142em Wawelu Wirek. Go\u015bcie, z dorobkiem 31 punkt\u00f3w, zajmowali czwarte miejsce w tabeli i tracili do Sarmacji zaledwie pi\u0119\u0107 punkt\u00f3w. Jesieni\u0105 Sarmaci nie pozostawili rywalom z\u0142udze\u0144, gromi\u0105c ich na...\" \/>\n<meta property=\"og:url\" content=\"https:\/\/sarmacjabedzin.pl\/index.php\/2026\/03\/14\/grad-bramek-na-inauguracje\/\" \/>\n<meta property=\"og:site_name\" content=\"BKS Sarmacja B\u0119dzin\" \/>\n<meta property=\"article:publisher\" content=\"https:\/\/www.facebook.com\/SarmacjaBedzin\" \/>\n<meta property=\"article:published_time\" content=\"2026-03-14T13:33:59+00:00\" \/>\n<meta property=\"article:modified_time\" content=\"2026-03-14T13:50:06+00:00\" \/>\n<meta property=\"og:image\" content=\"http:\/\/sarmacjabedzin.pl\/wp-content\/uploads\/2026\/03\/DAN_7798.jpg\" \/>\n\t<meta property=\"og:image:width\" content=\"2048\" \/>\n\t<meta property=\"og:image:height\" content=\"1365\" \/>\n\t<meta property=\"og:image:type\" content=\"image\/jpeg\" \/>\n<meta name=\"author\" content=\"tyrtak\" \/>\n<meta name=\"twitter:card\" content=\"summary_large_image\" \/>\n<meta name=\"twitter:label1\" content=\"Napisane przez\" \/>\n\t<meta name=\"twitter:data1\" content=\"tyrtak\" \/>\n\t<meta name=\"twitter:label2\" content=\"Szacowany czas czytania\" \/>\n\t<meta name=\"twitter:data2\" content=\"5 minut\" \/>\n<script type=\"application\/ld+json\" class=\"yoast-schema-graph\">{\"@context\":\"https:\/\/schema.org\",\"@graph\":[{\"@type\":\"WebPage\",\"@id\":\"https:\/\/sarmacjabedzin.pl\/index.php\/2026\/03\/14\/grad-bramek-na-inauguracje\/\",\"url\":\"https:\/\/sarmacjabedzin.pl\/index.php\/2026\/03\/14\/grad-bramek-na-inauguracje\/\",\"name\":\"Grad bramek na inauguracj\u0119! | BKS Sarmacja B\u0119dzin\",\"isPartOf\":{\"@id\":\"https:\/\/sarmacjabedzin.pl\/#website\"},\"primaryImageOfPage\":{\"@id\":\"https:\/\/sarmacjabedzin.pl\/index.php\/2026\/03\/14\/grad-bramek-na-inauguracje\/#primaryimage\"},\"image\":{\"@id\":\"https:\/\/sarmacjabedzin.pl\/index.php\/2026\/03\/14\/grad-bramek-na-inauguracje\/#primaryimage\"},\"thumbnailUrl\":\"https:\/\/sarmacjabedzin.pl\/wp-content\/uploads\/2026\/03\/DAN_7798.jpg\",\"datePublished\":\"2026-03-14T13:33:59+00:00\",\"dateModified\":\"2026-03-14T13:50:06+00:00\",\"author\":{\"@id\":\"https:\/\/sarmacjabedzin.pl\/#\/schema\/person\/5417ea7b03bcd9adf58298a2265ce03a\"},\"breadcrumb\":{\"@id\":\"https:\/\/sarmacjabedzin.pl\/index.php\/2026\/03\/14\/grad-bramek-na-inauguracje\/#breadcrumb\"},\"inLanguage\":\"pl-PL\",\"potentialAction\":[{\"@type\":\"ReadAction\",\"target\":[\"https:\/\/sarmacjabedzin.pl\/index.php\/2026\/03\/14\/grad-bramek-na-inauguracje\/\"]}]},{\"@type\":\"ImageObject\",\"inLanguage\":\"pl-PL\",\"@id\":\"https:\/\/sarmacjabedzin.pl\/index.php\/2026\/03\/14\/grad-bramek-na-inauguracje\/#primaryimage\",\"url\":\"https:\/\/sarmacjabedzin.pl\/wp-content\/uploads\/2026\/03\/DAN_7798.jpg\",\"contentUrl\":\"https:\/\/sarmacjabedzin.pl\/wp-content\/uploads\/2026\/03\/DAN_7798.jpg\",\"width\":2048,\"height\":1365},{\"@type\":\"BreadcrumbList\",\"@id\":\"https:\/\/sarmacjabedzin.pl\/index.php\/2026\/03\/14\/grad-bramek-na-inauguracje\/#breadcrumb\",\"itemListElement\":[{\"@type\":\"ListItem\",\"position\":1,\"name\":\"Strona g\u0142\u00f3wna\",\"item\":\"https:\/\/sarmacjabedzin.pl\/\"},{\"@type\":\"ListItem\",\"position\":2,\"name\":\"Grad bramek na inauguracj\u0119!\"}]},{\"@type\":\"WebSite\",\"@id\":\"https:\/\/sarmacjabedzin.pl\/#website\",\"url\":\"https:\/\/sarmacjabedzin.pl\/\",\"name\":\"BKS Sarmacja B\u0119dzin \u2013 Nieoficjalny serwis\",\"description\":\"Nieoficjalny serwis B\u0119dzi\u0144skiego Klubu Sportowego &quot;Sarmacja&quot;\",\"potentialAction\":[{\"@type\":\"SearchAction\",\"target\":{\"@type\":\"EntryPoint\",\"urlTemplate\":\"https:\/\/sarmacjabedzin.pl\/?s={search_term_string}\"},\"query-input\":{\"@type\":\"PropertyValueSpecification\",\"valueRequired\":true,\"valueName\":\"search_term_string\"}}],\"inLanguage\":\"pl-PL\"},{\"@type\":\"Person\",\"@id\":\"https:\/\/sarmacjabedzin.pl\/#\/schema\/person\/5417ea7b03bcd9adf58298a2265ce03a\",\"name\":\"tyrtak\",\"image\":{\"@type\":\"ImageObject\",\"inLanguage\":\"pl-PL\",\"@id\":\"https:\/\/sarmacjabedzin.pl\/#\/schema\/person\/image\/\",\"url\":\"https:\/\/secure.gravatar.com\/avatar\/49b7734c6795cf524710e96813a9fedc1ae3816e479d92490236b4cfc47a5ae1?s=96&d=mm&r=g\",\"contentUrl\":\"https:\/\/secure.gravatar.com\/avatar\/49b7734c6795cf524710e96813a9fedc1ae3816e479d92490236b4cfc47a5ae1?s=96&d=mm&r=g\",\"caption\":\"tyrtak\"}}]}<\/script>\n<!-- \/ Yoast SEO plugin. -->","yoast_head_json":{"title":"Grad bramek na inauguracj\u0119! | BKS Sarmacja B\u0119dzin","robots":{"index":"index","follow":"follow","max-snippet":"max-snippet:-1","max-image-preview":"max-image-preview:large","max-video-preview":"max-video-preview:-1"},"canonical":"https:\/\/sarmacjabedzin.pl\/index.php\/2026\/03\/14\/grad-bramek-na-inauguracje\/","og_locale":"pl_PL","og_type":"article","og_title":"Grad bramek na inauguracj\u0119! | BKS Sarmacja B\u0119dzin","og_description":"14 marca 2026 roku o godzinie 11:00 pi\u0142karze Sarmacji B\u0119dzin na w\u0142asnym stadionie wznowili ligowe zmagania. W pierwszym meczu rundy wiosennej sezonu 2025\/2026 zmierzyli si\u0119 z zespo\u0142em Wawelu Wirek. Go\u015bcie, z dorobkiem 31 punkt\u00f3w, zajmowali czwarte miejsce w tabeli i tracili do Sarmacji zaledwie pi\u0119\u0107 punkt\u00f3w. Jesieni\u0105 Sarmaci nie pozostawili rywalom z\u0142udze\u0144, gromi\u0105c ich na...","og_url":"https:\/\/sarmacjabedzin.pl\/index.php\/2026\/03\/14\/grad-bramek-na-inauguracje\/","og_site_name":"BKS Sarmacja B\u0119dzin","article_publisher":"https:\/\/www.facebook.com\/SarmacjaBedzin","article_published_time":"2026-03-14T13:33:59+00:00","article_modified_time":"2026-03-14T13:50:06+00:00","og_image":[{"width":2048,"height":1365,"url":"http:\/\/sarmacjabedzin.pl\/wp-content\/uploads\/2026\/03\/DAN_7798.jpg","type":"image\/jpeg"}],"author":"tyrtak","twitter_card":"summary_large_image","twitter_misc":{"Napisane przez":"tyrtak","Szacowany czas czytania":"5 minut"},"schema":{"@context":"https:\/\/schema.org","@graph":[{"@type":"WebPage","@id":"https:\/\/sarmacjabedzin.pl\/index.php\/2026\/03\/14\/grad-bramek-na-inauguracje\/","url":"https:\/\/sarmacjabedzin.pl\/index.php\/2026\/03\/14\/grad-bramek-na-inauguracje\/","name":"Grad bramek na inauguracj\u0119! | BKS Sarmacja B\u0119dzin","isPartOf":{"@id":"https:\/\/sarmacjabedzin.pl\/#website"},"primaryImageOfPage":{"@id":"https:\/\/sarmacjabedzin.pl\/index.php\/2026\/03\/14\/grad-bramek-na-inauguracje\/#primaryimage"},"image":{"@id":"https:\/\/sarmacjabedzin.pl\/index.php\/2026\/03\/14\/grad-bramek-na-inauguracje\/#primaryimage"},"thumbnailUrl":"https:\/\/sarmacjabedzin.pl\/wp-content\/uploads\/2026\/03\/DAN_7798.jpg","datePublished":"2026-03-14T13:33:59+00:00","dateModified":"2026-03-14T13:50:06+00:00","author":{"@id":"https:\/\/sarmacjabedzin.pl\/#\/schema\/person\/5417ea7b03bcd9adf58298a2265ce03a"},"breadcrumb":{"@id":"https:\/\/sarmacjabedzin.pl\/index.php\/2026\/03\/14\/grad-bramek-na-inauguracje\/#breadcrumb"},"inLanguage":"pl-PL","potentialAction":[{"@type":"ReadAction","target":["https:\/\/sarmacjabedzin.pl\/index.php\/2026\/03\/14\/grad-bramek-na-inauguracje\/"]}]},{"@type":"ImageObject","inLanguage":"pl-PL","@id":"https:\/\/sarmacjabedzin.pl\/index.php\/2026\/03\/14\/grad-bramek-na-inauguracje\/#primaryimage","url":"https:\/\/sarmacjabedzin.pl\/wp-content\/uploads\/2026\/03\/DAN_7798.jpg","contentUrl":"https:\/\/sarmacjabedzin.pl\/wp-content\/uploads\/2026\/03\/DAN_7798.jpg","width":2048,"height":1365},{"@type":"BreadcrumbList","@id":"https:\/\/sarmacjabedzin.pl\/index.php\/2026\/03\/14\/grad-bramek-na-inauguracje\/#breadcrumb","itemListElement":[{"@type":"ListItem","position":1,"name":"Strona g\u0142\u00f3wna","item":"https:\/\/sarmacjabedzin.pl\/"},{"@type":"ListItem","position":2,"name":"Grad bramek na inauguracj\u0119!"}]},{"@type":"WebSite","@id":"https:\/\/sarmacjabedzin.pl\/#website","url":"https:\/\/sarmacjabedzin.pl\/","name":"BKS Sarmacja B\u0119dzin \u2013 Nieoficjalny serwis","description":"Nieoficjalny serwis B\u0119dzi\u0144skiego Klubu Sportowego &quot;Sarmacja&quot;","potentialAction":[{"@type":"SearchAction","target":{"@type":"EntryPoint","urlTemplate":"https:\/\/sarmacjabedzin.pl\/?s={search_term_string}"},"query-input":{"@type":"PropertyValueSpecification","valueRequired":true,"valueName":"search_term_string"}}],"inLanguage":"pl-PL"},{"@type":"Person","@id":"https:\/\/sarmacjabedzin.pl\/#\/schema\/person\/5417ea7b03bcd9adf58298a2265ce03a","name":"tyrtak","image":{"@type":"ImageObject","inLanguage":"pl-PL","@id":"https:\/\/sarmacjabedzin.pl\/#\/schema\/person\/image\/","url":"https:\/\/secure.gravatar.com\/avatar\/49b7734c6795cf524710e96813a9fedc1ae3816e479d92490236b4cfc47a5ae1?s=96&d=mm&r=g","contentUrl":"https:\/\/secure.gravatar.com\/avatar\/49b7734c6795cf524710e96813a9fedc1ae3816e479d92490236b4cfc47a5ae1?s=96&d=mm&r=g","caption":"tyrtak"}}]}},"rttpg_featured_image_url":{"full":["https:\/\/sarmacjabedzin.pl\/wp-content\/uploads\/2026\/03\/DAN_7798.jpg",2048,1365,false],"landscape":["https:\/\/sarmacjabedzin.pl\/wp-content\/uploads\/2026\/03\/DAN_7798.jpg",2048,1365,false],"portraits":["https:\/\/sarmacjabedzin.pl\/wp-content\/uploads\/2026\/03\/DAN_7798.jpg",2048,1365,false],"thumbnail":["https:\/\/sarmacjabedzin.pl\/wp-content\/uploads\/2026\/03\/DAN_7798.jpg",150,100,false],"medium":["https:\/\/sarmacjabedzin.pl\/wp-content\/uploads\/2026\/03\/DAN_7798.jpg",300,200,false],"large":["https:\/\/sarmacjabedzin.pl\/wp-content\/uploads\/2026\/03\/DAN_7798.jpg",1024,683,false],"1536x1536":["https:\/\/sarmacjabedzin.pl\/wp-content\/uploads\/2026\/03\/DAN_7798.jpg",1536,1024,false],"2048x2048":["https:\/\/sarmacjabedzin.pl\/wp-content\/uploads\/2026\/03\/DAN_7798.jpg",2048,1365,false],"sportspress-crop-medium":["https:\/\/sarmacjabedzin.pl\/wp-content\/uploads\/2026\/03\/DAN_7798.jpg",300,200,false],"sportspress-fit-medium":["https:\/\/sarmacjabedzin.pl\/wp-content\/uploads\/2026\/03\/DAN_7798.jpg",300,200,false],"sportspress-fit-icon":["https:\/\/sarmacjabedzin.pl\/wp-content\/uploads\/2026\/03\/DAN_7798.jpg",128,85,false],"sportspress-fit-mini":["https:\/\/sarmacjabedzin.pl\/wp-content\/uploads\/2026\/03\/DAN_7798.jpg",32,21,false],"ultp_layout_landscape_large":["https:\/\/sarmacjabedzin.pl\/wp-content\/uploads\/2026\/03\/DAN_7798.jpg",1200,800,false],"ultp_layout_landscape":["https:\/\/sarmacjabedzin.pl\/wp-content\/uploads\/2026\/03\/DAN_7798.jpg",855,570,false],"ultp_layout_portrait":["https:\/\/sarmacjabedzin.pl\/wp-content\/uploads\/2026\/03\/DAN_7798.jpg",600,400,false],"ultp_layout_square":["https:\/\/sarmacjabedzin.pl\/wp-content\/uploads\/2026\/03\/DAN_7798.jpg",600,400,false],"stm-1140-666":["https:\/\/sarmacjabedzin.pl\/wp-content\/uploads\/2026\/03\/DAN_7798.jpg",999,666,false],"stm-1170-650":["https:\/\/sarmacjabedzin.pl\/wp-content\/uploads\/2026\/03\/DAN_7798.jpg",975,650,false],"stm-570-350":["https:\/\/sarmacjabedzin.pl\/wp-content\/uploads\/2026\/03\/DAN_7798.jpg",525,350,false],"stm-570-250":["https:\/\/sarmacjabedzin.pl\/wp-content\/uploads\/2026\/03\/DAN_7798.jpg",375,250,false],"stm-270-370":["https:\/\/sarmacjabedzin.pl\/wp-content\/uploads\/2026\/03\/DAN_7798.jpg",270,180,false],"stm-540-500":["https:\/\/sarmacjabedzin.pl\/wp-content\/uploads\/2026\/03\/DAN_7798.jpg",540,360,false],"stm-270-530":["https:\/\/sarmacjabedzin.pl\/wp-content\/uploads\/2026\/03\/DAN_7798.jpg",270,180,false],"stm-200-200":["https:\/\/sarmacjabedzin.pl\/wp-content\/uploads\/2026\/03\/DAN_7798.jpg",200,133,false],"stm-85-105":["https:\/\/sarmacjabedzin.pl\/wp-content\/uploads\/2026\/03\/DAN_7798.jpg",85,57,false],"stm-255-255":["https:\/\/sarmacjabedzin.pl\/wp-content\/uploads\/2026\/03\/DAN_7798.jpg",255,170,false],"stm-360-240":["https:\/\/sarmacjabedzin.pl\/wp-content\/uploads\/2026\/03\/DAN_7798.jpg",360,240,false],"stm-360-495":["https:\/\/sarmacjabedzin.pl\/wp-content\/uploads\/2026\/03\/DAN_7798.jpg",360,240,false],"stm-445-400":["https:\/\/sarmacjabedzin.pl\/wp-content\/uploads\/2026\/03\/DAN_7798.jpg",445,297,false],"stm-735-240":["https:\/\/sarmacjabedzin.pl\/wp-content\/uploads\/2026\/03\/DAN_7798.jpg",360,240,false],"stm-255-183":["https:\/\/sarmacjabedzin.pl\/wp-content\/uploads\/2026\/03\/DAN_7798.jpg",255,170,false],"stm-350-250":["https:\/\/sarmacjabedzin.pl\/wp-content\/uploads\/2026\/03\/DAN_7798.jpg",350,233,false],"blog_list":["https:\/\/sarmacjabedzin.pl\/wp-content\/uploads\/2026\/03\/DAN_7798.jpg",270,180,false],"blog_list_medium":["https:\/\/sarmacjabedzin.pl\/wp-content\/uploads\/2026\/03\/DAN_7798.jpg",390,260,false],"gallery_thumbnail":["https:\/\/sarmacjabedzin.pl\/wp-content\/uploads\/2026\/03\/DAN_7798.jpg",80,53,false],"gallery_image":["https:\/\/sarmacjabedzin.pl\/wp-content\/uploads\/2026\/03\/DAN_7798.jpg",551,367,false],"gallery_image_mini":["https:\/\/sarmacjabedzin.pl\/wp-content\/uploads\/2026\/03\/DAN_7798.jpg",143,95,false],"player_photo":["https:\/\/sarmacjabedzin.pl\/wp-content\/uploads\/2026\/03\/DAN_7798.jpg",740,493,false],"team_logo":["https:\/\/sarmacjabedzin.pl\/wp-content\/uploads\/2026\/03\/DAN_7798.jpg",98,65,false],"player_stat_ava":["https:\/\/sarmacjabedzin.pl\/wp-content\/uploads\/2026\/03\/DAN_7798.jpg",550,367,false],"post-350-220":["https:\/\/sarmacjabedzin.pl\/wp-content\/uploads\/2026\/03\/DAN_7798.jpg",330,220,false],"post-275-142":["https:\/\/sarmacjabedzin.pl\/wp-content\/uploads\/2026\/03\/DAN_7798.jpg",213,142,false],"post-160-120":["https:\/\/sarmacjabedzin.pl\/wp-content\/uploads\/2026\/03\/DAN_7798.jpg",160,107,false],"post-110-70":["https:\/\/sarmacjabedzin.pl\/wp-content\/uploads\/2026\/03\/DAN_7798.jpg",105,70,false],"post-770-450":["https:\/\/sarmacjabedzin.pl\/wp-content\/uploads\/2026\/03\/DAN_7798.jpg",675,450,false],"post-370-210":["https:\/\/sarmacjabedzin.pl\/wp-content\/uploads\/2026\/03\/DAN_7798.jpg",315,210,false],"post-457-470":["https:\/\/sarmacjabedzin.pl\/wp-content\/uploads\/2026\/03\/DAN_7798.jpg",457,305,false],"post-370-420":["https:\/\/sarmacjabedzin.pl\/wp-content\/uploads\/2026\/03\/DAN_7798.jpg",370,247,false],"stm-445-445":["https:\/\/sarmacjabedzin.pl\/wp-content\/uploads\/2026\/03\/DAN_7798.jpg",445,297,false],"stm-555-460":["https:\/\/sarmacjabedzin.pl\/wp-content\/uploads\/2026\/03\/DAN_7798.jpg",555,370,false],"stm-350-450":["https:\/\/sarmacjabedzin.pl\/wp-content\/uploads\/2026\/03\/DAN_7798.jpg",350,233,false],"stm-720-440":["https:\/\/sarmacjabedzin.pl\/wp-content\/uploads\/2026\/03\/DAN_7798.jpg",660,440,false],"stm-270-270":["https:\/\/sarmacjabedzin.pl\/wp-content\/uploads\/2026\/03\/DAN_7798.jpg",270,180,false],"stm-760-450":["https:\/\/sarmacjabedzin.pl\/wp-content\/uploads\/2026\/03\/DAN_7798.jpg",675,450,false]},"rttpg_author":{"display_name":"tyrtak","author_link":false},"rttpg_comment":0,"rttpg_category":"<a href=\"https:\/\/sarmacjabedzin.pl\/index.php\/category\/soccer\/\" rel=\"category tag\">Liga<\/a> <a href=\"https:\/\/sarmacjabedzin.pl\/index.php\/category\/soccer\/relacja-z-meczu\/\" rel=\"category tag\">Relacja z meczu<\/a>","rttpg_excerpt":"14 marca 2026 roku o godzinie 11:00 pi\u0142karze Sarmacji B\u0119dzin na w\u0142asnym stadionie wznowili ligowe zmagania. W pierwszym meczu rundy wiosennej sezonu 2025\/2026 zmierzyli si\u0119 z zespo\u0142em Wawelu Wirek. Go\u015bcie, z dorobkiem 31 punkt\u00f3w, zajmowali czwarte miejsce w tabeli i tracili do Sarmacji zaledwie pi\u0119\u0107 punkt\u00f3w. Jesieni\u0105 Sarmaci nie pozostawili rywalom z\u0142udze\u0144, gromi\u0105c ich na...","_links":{"self":[{"href":"https:\/\/sarmacjabedzin.pl\/index.php\/wp-json\/wp\/v2\/posts\/9919","targetHints":{"allow":["GET"]}}],"collection":[{"href":"https:\/\/sarmacjabedzin.pl\/index.php\/wp-json\/wp\/v2\/posts"}],"about":[{"href":"https:\/\/sarmacjabedzin.pl\/index.php\/wp-json\/wp\/v2\/types\/post"}],"author":[{"embeddable":true,"href":"https:\/\/sarmacjabedzin.pl\/index.php\/wp-json\/wp\/v2\/users\/1"}],"replies":[{"embeddable":true,"href":"https:\/\/sarmacjabedzin.pl\/index.php\/wp-json\/wp\/v2\/comments?post=9919"}],"version-history":[{"count":3,"href":"https:\/\/sarmacjabedzin.pl\/index.php\/wp-json\/wp\/v2\/posts\/9919\/revisions"}],"predecessor-version":[{"id":9925,"href":"https:\/\/sarmacjabedzin.pl\/index.php\/wp-json\/wp\/v2\/posts\/9919\/revisions\/9925"}],"wp:featuredmedia":[{"embeddable":true,"href":"https:\/\/sarmacjabedzin.pl\/index.php\/wp-json\/wp\/v2\/media\/9920"}],"wp:attachment":[{"href":"https:\/\/sarmacjabedzin.pl\/index.php\/wp-json\/wp\/v2\/media?parent=9919"}],"wp:term":[{"taxonomy":"category","embeddable":true,"href":"https:\/\/sarmacjabedzin.pl\/index.php\/wp-json\/wp\/v2\/categories?post=9919"},{"taxonomy":"post_tag","embeddable":true,"href":"https:\/\/sarmacjabedzin.pl\/index.php\/wp-json\/wp\/v2\/tags?post=9919"}],"curies":[{"name":"wp","href":"https:\/\/api.w.org\/{rel}","templated":true}]}}