{"id":9928,"date":"2026-03-18T09:21:38","date_gmt":"2026-03-18T08:21:38","guid":{"rendered":"https:\/\/sarmacjabedzin.pl\/?p=9928"},"modified":"2026-03-18T10:12:52","modified_gmt":"2026-03-18T09:12:52","slug":"pomeczowa-wypowiedz-lukasza-girka","status":"publish","type":"post","link":"https:\/\/sarmacjabedzin.pl\/index.php\/2026\/03\/18\/pomeczowa-wypowiedz-lukasza-girka\/","title":{"rendered":"Pomeczowa wypowied\u017a \u0141ukasza Girka"},"content":{"rendered":"<p class=\"Standard\">Inauguracja rundy wiosennej sezonu 2025\/2026 w wykonaniu Sarmacji B\u0119dzin wypad\u0142a niezwykle imponuj\u0105co. Podopieczni trenera Tomasza Nowaka przed w\u0142asn\u0105 publiczno\u015bci\u0105 rozgromili Wawel Wirek 7:1!, tym samym utrzymali pozycj\u0119 lidera rozgrywek.<\/p>\n<p class=\"Standard\"><strong>Oto co po meczu powiedzia\u0142 nam Asystent Trenera oraz Cz\u0142onek Zarz\u0105du klubu \u0141ukasz Girek:<\/strong><\/p>\n<blockquote>\n<p class=\"Standard\"><a href=\"http:\/\/sarmacjabedzin.pl\/wp-content\/uploads\/2026\/03\/Girek-cytat-Wawel-1.jpg\"><img loading=\"lazy\" decoding=\"async\" class=\" wp-image-9932 alignleft\" src=\"http:\/\/sarmacjabedzin.pl\/wp-content\/uploads\/2026\/03\/Girek-cytat-Wawel-1.jpg\" alt=\"\" width=\"300\" height=\"375\" \/><\/a>\u201eTo by\u0142 wymarzony pocz\u0105tek rundy wiosennej! Oczywi\u015bcie wszyscy liczyli\u015bmy na takie otwarcie, mamy bowiem \u015bwiadomo\u015b\u0107 jak\u0105 si\u0142\u0105 dysponujemy, jak permanentnie rozwijamy si\u0119 indywidualnie i dru\u017cynowo, natomiast zazwyczaj inauguracja rozgrywek wywo\u0142uje dodatkowe emocje, kt\u00f3re w jakim\u015b stopniu mog\u0105 prze\u0142o\u017cy\u0107 si\u0119 na gr\u0119. Mamy sw\u00f3j cel, jakim jest awans do wy\u017cszej ligi, dodatkowo chcemy to zrobi\u0107 na w\u0142asnych zasadach, graj\u0105c nie tylko skutecznie, ale te\u017c efektownie, wi\u0119c sami zawiesili\u015bmy sobie poprzeczk\u0119 wysoko. W sobot\u0119 by\u0142o wszystko! \u015awietna gra w ka\u017cdej formacji, mn\u00f3stwo goli, sporo kibic\u00f3w na trybunach i potwierdzenie tego, \u017ce w przerwie zimowej nasi trenerzy i pi\u0142karze wykonali kapitaln\u0105 robot\u0119. Powiem tak, nie tylko jestem wychowankiem, a dzisiaj pracownikiem klubu, jestem te\u017c kibicem Sarmacji B\u0119dzin i tak\u0105 dyspozycj\u0119 naszej dru\u017cyny chcia\u0142bym ogl\u0105da\u0107 zawsze. Obserwowanie naszego zespo\u0142u w sezonie 2025\/26 to czysta przyjemno\u015b\u0107, a fakt, \u017ce w sobot\u0119 na trybunach byli prezesi, trenerzy, skauci i pi\u0142karze z innych klub\u00f3w, z r\u00f3\u017cnych lig, r\u00f3wnie\u017c wy\u017cszych ni\u017c nasza, tak\u017ce jest \u015bwiadectwem tego, \u017ce Tomasz Nowak i jego ludzie robi\u0105 ogromne post\u0119py. Naprawd\u0119 by\u0142o na co patrze\u0107! Udany debiut zaliczy\u0142 Daniel Kami\u0144ski, kt\u00f3ry do\u0142\u0105czy\u0142 do nas zim\u0105, a jestem przekonany, \u017ce to dopiero namiastka tego co nasi kibice zobacz\u0105 w jego wykonaniu. Daniel jest te\u017c przyk\u0142adem naszej \u015bwiadomej i konsekwentnej polityki transferowej. Mamy bardzo m\u0142ody i perspektywiczny zesp\u00f3\u0142. Chcemy budowa\u0107 go w oparciu o wychowank\u00f3w i ludzi, kt\u00f3rzy gwarantuj\u0105 wysok\u0105 jako\u015b\u0107 gry, a przede wszystkim oddaj\u0105 Sarmacji serce, pasj\u0119 i zaanga\u017cowanie. Daniel wszed\u0142 do naszego klubu ca\u0142ym sob\u0105, jest ogromnym wzmocnieniem dru\u017cyny senior\u00f3w, a dodatkowo wspiera swoimi umiej\u0119tno\u015bciami, wiedz\u0105 i niema\u0142ym ju\u017c do\u015bwiadczeniem w futbolu zawodowym trener\u00f3w naszych dru\u017cyn dzieci\u0119cych i m\u0142odzie\u017cowych. A propos dzieciak\u00f3w z Sarmacji&#8230; Ch\u0142opcy, kt\u00f3rzy w sobot\u0119 byli odpowiedzialni za podawanie pi\u0142ek wywi\u0105zali si\u0119 ze swoich zada\u0144 rewelacyjnie. Przez 90 minut stanowili integraln\u0105 cz\u0119\u015b\u0107 dru\u017cyny, dlatego trener Tomasz Nowak zaprosi\u0142 ich po meczu do wsp\u00f3lnego \u015bwi\u0119towania. Wszyscy razem tworzymy Sarmacj\u0119 B\u0119dzin! Wielkie s\u0142owa uznania nale\u017c\u0105 si\u0119 ludziom z Zarz\u0105du, kt\u00f3rzy stworzyli nam znakomite warunki do pracy. Coraz lepsze wyniki i w og\u00f3le dynamiczny rozw\u00f3j klubu to ich ogromna zas\u0142uga. Przy okazji meczu z Wawelem us\u0142ysza\u0142em wiele buduj\u0105cych opinii na temat tego co dzieje si\u0119 w B\u0119dzinie, \u015brodowisko pi\u0142karskie dostrzega i docenia nasz rozw\u00f3j sportowy, organizacyjny i infrastrukturalny. Wspania\u0142e jest to, \u017ce tak wiele os\u00f3b, w r\u00f3\u017cnych obszarach, zaanga\u017cowa\u0142o si\u0119 w rozw\u00f3j pi\u0142ki no\u017cnej w naszym mie\u015bcie, a ten pierwszy mecz to sygna\u0142, \u017ce wszystko zmierza we w\u0142a\u015bciwym kierunku!\u201d<\/p>\n<\/blockquote>\n","protected":false},"excerpt":{"rendered":"<p>Inauguracja rundy wiosennej sezonu 2025\/2026 w wykonaniu Sarmacji B\u0119dzin wypad\u0142a niezwykle imponuj\u0105co. Podopieczni trenera Tomasza Nowaka przed w\u0142asn\u0105 publiczno\u015bci\u0105 rozgromili Wawel Wirek 7:1!, tym samym utrzymali pozycj\u0119 lidera rozgrywek. Oto co po meczu powiedzia\u0142 nam Asystent Trenera oraz Cz\u0142onek Zarz\u0105du klubu \u0141ukasz Girek: \u201eTo by\u0142 wymarzony pocz\u0105tek rundy wiosennej! Oczywi\u015bcie wszyscy liczyli\u015bmy na takie otwarcie,&#8230;<\/p>\n","protected":false},"author":1,"featured_media":9930,"comment_status":"closed","ping_status":"closed","sticky":false,"template":"","format":"standard","meta":{"footnotes":""},"categories":[64,143],"tags":[],"class_list":["post-9928","post","type-post","status-publish","format-standard","has-post-thumbnail","hentry","category-soccer","category-wypowiedz"],"yoast_head":"<!-- This site is optimized with the Yoast SEO plugin v25.8 - https:\/\/yoast.com\/wordpress\/plugins\/seo\/ -->\n<title>Pomeczowa wypowied\u017a \u0141ukasza Girka | BKS Sarmacja B\u0119dzin<\/title>\n<meta name=\"robots\" content=\"index, follow, max-snippet:-1, max-image-preview:large, max-video-preview:-1\" \/>\n<link rel=\"canonical\" href=\"https:\/\/sarmacjabedzin.pl\/index.php\/2026\/03\/18\/pomeczowa-wypowiedz-lukasza-girka\/\" \/>\n<meta property=\"og:locale\" content=\"pl_PL\" \/>\n<meta property=\"og:type\" content=\"article\" \/>\n<meta property=\"og:title\" content=\"Pomeczowa wypowied\u017a \u0141ukasza Girka | BKS Sarmacja B\u0119dzin\" \/>\n<meta property=\"og:description\" content=\"Inauguracja rundy wiosennej sezonu 2025\/2026 w wykonaniu Sarmacji B\u0119dzin wypad\u0142a niezwykle imponuj\u0105co. Podopieczni trenera Tomasza Nowaka przed w\u0142asn\u0105 publiczno\u015bci\u0105 rozgromili Wawel Wirek 7:1!, tym samym utrzymali pozycj\u0119 lidera rozgrywek. Oto co po meczu powiedzia\u0142 nam Asystent Trenera oraz Cz\u0142onek Zarz\u0105du klubu \u0141ukasz Girek: \u201eTo by\u0142 wymarzony pocz\u0105tek rundy wiosennej! Oczywi\u015bcie wszyscy liczyli\u015bmy na takie otwarcie,...\" \/>\n<meta property=\"og:url\" content=\"https:\/\/sarmacjabedzin.pl\/index.php\/2026\/03\/18\/pomeczowa-wypowiedz-lukasza-girka\/\" \/>\n<meta property=\"og:site_name\" content=\"BKS Sarmacja B\u0119dzin\" \/>\n<meta property=\"article:publisher\" content=\"https:\/\/www.facebook.com\/SarmacjaBedzin\" \/>\n<meta property=\"article:published_time\" content=\"2026-03-18T08:21:38+00:00\" \/>\n<meta property=\"article:modified_time\" content=\"2026-03-18T09:12:52+00:00\" \/>\n<meta property=\"og:image\" content=\"http:\/\/sarmacjabedzin.pl\/wp-content\/uploads\/2026\/03\/Girek-cytat-Wawel.jpg\" \/>\n\t<meta property=\"og:image:width\" content=\"1080\" \/>\n\t<meta property=\"og:image:height\" content=\"1350\" \/>\n\t<meta property=\"og:image:type\" content=\"image\/jpeg\" \/>\n<meta name=\"author\" content=\"tyrtak\" \/>\n<meta name=\"twitter:card\" content=\"summary_large_image\" \/>\n<meta name=\"twitter:label1\" content=\"Napisane przez\" \/>\n\t<meta name=\"twitter:data1\" content=\"tyrtak\" \/>\n\t<meta name=\"twitter:label2\" content=\"Szacowany czas czytania\" \/>\n\t<meta name=\"twitter:data2\" content=\"1 minuta\" \/>\n<script type=\"application\/ld+json\" class=\"yoast-schema-graph\">{\"@context\":\"https:\/\/schema.org\",\"@graph\":[{\"@type\":\"WebPage\",\"@id\":\"https:\/\/sarmacjabedzin.pl\/index.php\/2026\/03\/18\/pomeczowa-wypowiedz-lukasza-girka\/\",\"url\":\"https:\/\/sarmacjabedzin.pl\/index.php\/2026\/03\/18\/pomeczowa-wypowiedz-lukasza-girka\/\",\"name\":\"Pomeczowa wypowied\u017a \u0141ukasza Girka | BKS Sarmacja B\u0119dzin\",\"isPartOf\":{\"@id\":\"https:\/\/sarmacjabedzin.pl\/#website\"},\"primaryImageOfPage\":{\"@id\":\"https:\/\/sarmacjabedzin.pl\/index.php\/2026\/03\/18\/pomeczowa-wypowiedz-lukasza-girka\/#primaryimage\"},\"image\":{\"@id\":\"https:\/\/sarmacjabedzin.pl\/index.php\/2026\/03\/18\/pomeczowa-wypowiedz-lukasza-girka\/#primaryimage\"},\"thumbnailUrl\":\"https:\/\/sarmacjabedzin.pl\/wp-content\/uploads\/2026\/03\/Girek-Lukasz-cytat-Wawel-www.jpg\",\"datePublished\":\"2026-03-18T08:21:38+00:00\",\"dateModified\":\"2026-03-18T09:12:52+00:00\",\"author\":{\"@id\":\"https:\/\/sarmacjabedzin.pl\/#\/schema\/person\/5417ea7b03bcd9adf58298a2265ce03a\"},\"breadcrumb\":{\"@id\":\"https:\/\/sarmacjabedzin.pl\/index.php\/2026\/03\/18\/pomeczowa-wypowiedz-lukasza-girka\/#breadcrumb\"},\"inLanguage\":\"pl-PL\",\"potentialAction\":[{\"@type\":\"ReadAction\",\"target\":[\"https:\/\/sarmacjabedzin.pl\/index.php\/2026\/03\/18\/pomeczowa-wypowiedz-lukasza-girka\/\"]}]},{\"@type\":\"ImageObject\",\"inLanguage\":\"pl-PL\",\"@id\":\"https:\/\/sarmacjabedzin.pl\/index.php\/2026\/03\/18\/pomeczowa-wypowiedz-lukasza-girka\/#primaryimage\",\"url\":\"https:\/\/sarmacjabedzin.pl\/wp-content\/uploads\/2026\/03\/Girek-Lukasz-cytat-Wawel-www.jpg\",\"contentUrl\":\"https:\/\/sarmacjabedzin.pl\/wp-content\/uploads\/2026\/03\/Girek-Lukasz-cytat-Wawel-www.jpg\",\"width\":2048,\"height\":1365},{\"@type\":\"BreadcrumbList\",\"@id\":\"https:\/\/sarmacjabedzin.pl\/index.php\/2026\/03\/18\/pomeczowa-wypowiedz-lukasza-girka\/#breadcrumb\",\"itemListElement\":[{\"@type\":\"ListItem\",\"position\":1,\"name\":\"Strona g\u0142\u00f3wna\",\"item\":\"https:\/\/sarmacjabedzin.pl\/\"},{\"@type\":\"ListItem\",\"position\":2,\"name\":\"Pomeczowa wypowied\u017a \u0141ukasza Girka\"}]},{\"@type\":\"WebSite\",\"@id\":\"https:\/\/sarmacjabedzin.pl\/#website\",\"url\":\"https:\/\/sarmacjabedzin.pl\/\",\"name\":\"BKS Sarmacja B\u0119dzin \u2013 Nieoficjalny serwis\",\"description\":\"Nieoficjalny serwis B\u0119dzi\u0144skiego Klubu Sportowego &quot;Sarmacja&quot;\",\"potentialAction\":[{\"@type\":\"SearchAction\",\"target\":{\"@type\":\"EntryPoint\",\"urlTemplate\":\"https:\/\/sarmacjabedzin.pl\/?s={search_term_string}\"},\"query-input\":{\"@type\":\"PropertyValueSpecification\",\"valueRequired\":true,\"valueName\":\"search_term_string\"}}],\"inLanguage\":\"pl-PL\"},{\"@type\":\"Person\",\"@id\":\"https:\/\/sarmacjabedzin.pl\/#\/schema\/person\/5417ea7b03bcd9adf58298a2265ce03a\",\"name\":\"tyrtak\",\"image\":{\"@type\":\"ImageObject\",\"inLanguage\":\"pl-PL\",\"@id\":\"https:\/\/sarmacjabedzin.pl\/#\/schema\/person\/image\/\",\"url\":\"https:\/\/secure.gravatar.com\/avatar\/49b7734c6795cf524710e96813a9fedc1ae3816e479d92490236b4cfc47a5ae1?s=96&d=mm&r=g\",\"contentUrl\":\"https:\/\/secure.gravatar.com\/avatar\/49b7734c6795cf524710e96813a9fedc1ae3816e479d92490236b4cfc47a5ae1?s=96&d=mm&r=g\",\"caption\":\"tyrtak\"}}]}<\/script>\n<!-- \/ Yoast SEO plugin. -->","yoast_head_json":{"title":"Pomeczowa wypowied\u017a \u0141ukasza Girka | BKS Sarmacja B\u0119dzin","robots":{"index":"index","follow":"follow","max-snippet":"max-snippet:-1","max-image-preview":"max-image-preview:large","max-video-preview":"max-video-preview:-1"},"canonical":"https:\/\/sarmacjabedzin.pl\/index.php\/2026\/03\/18\/pomeczowa-wypowiedz-lukasza-girka\/","og_locale":"pl_PL","og_type":"article","og_title":"Pomeczowa wypowied\u017a \u0141ukasza Girka | BKS Sarmacja B\u0119dzin","og_description":"Inauguracja rundy wiosennej sezonu 2025\/2026 w wykonaniu Sarmacji B\u0119dzin wypad\u0142a niezwykle imponuj\u0105co. Podopieczni trenera Tomasza Nowaka przed w\u0142asn\u0105 publiczno\u015bci\u0105 rozgromili Wawel Wirek 7:1!, tym samym utrzymali pozycj\u0119 lidera rozgrywek. Oto co po meczu powiedzia\u0142 nam Asystent Trenera oraz Cz\u0142onek Zarz\u0105du klubu \u0141ukasz Girek: \u201eTo by\u0142 wymarzony pocz\u0105tek rundy wiosennej! Oczywi\u015bcie wszyscy liczyli\u015bmy na takie otwarcie,...","og_url":"https:\/\/sarmacjabedzin.pl\/index.php\/2026\/03\/18\/pomeczowa-wypowiedz-lukasza-girka\/","og_site_name":"BKS Sarmacja B\u0119dzin","article_publisher":"https:\/\/www.facebook.com\/SarmacjaBedzin","article_published_time":"2026-03-18T08:21:38+00:00","article_modified_time":"2026-03-18T09:12:52+00:00","og_image":[{"width":1080,"height":1350,"url":"http:\/\/sarmacjabedzin.pl\/wp-content\/uploads\/2026\/03\/Girek-cytat-Wawel.jpg","type":"image\/jpeg"}],"author":"tyrtak","twitter_card":"summary_large_image","twitter_misc":{"Napisane przez":"tyrtak","Szacowany czas czytania":"1 minuta"},"schema":{"@context":"https:\/\/schema.org","@graph":[{"@type":"WebPage","@id":"https:\/\/sarmacjabedzin.pl\/index.php\/2026\/03\/18\/pomeczowa-wypowiedz-lukasza-girka\/","url":"https:\/\/sarmacjabedzin.pl\/index.php\/2026\/03\/18\/pomeczowa-wypowiedz-lukasza-girka\/","name":"Pomeczowa wypowied\u017a \u0141ukasza Girka | BKS Sarmacja B\u0119dzin","isPartOf":{"@id":"https:\/\/sarmacjabedzin.pl\/#website"},"primaryImageOfPage":{"@id":"https:\/\/sarmacjabedzin.pl\/index.php\/2026\/03\/18\/pomeczowa-wypowiedz-lukasza-girka\/#primaryimage"},"image":{"@id":"https:\/\/sarmacjabedzin.pl\/index.php\/2026\/03\/18\/pomeczowa-wypowiedz-lukasza-girka\/#primaryimage"},"thumbnailUrl":"https:\/\/sarmacjabedzin.pl\/wp-content\/uploads\/2026\/03\/Girek-Lukasz-cytat-Wawel-www.jpg","datePublished":"2026-03-18T08:21:38+00:00","dateModified":"2026-03-18T09:12:52+00:00","author":{"@id":"https:\/\/sarmacjabedzin.pl\/#\/schema\/person\/5417ea7b03bcd9adf58298a2265ce03a"},"breadcrumb":{"@id":"https:\/\/sarmacjabedzin.pl\/index.php\/2026\/03\/18\/pomeczowa-wypowiedz-lukasza-girka\/#breadcrumb"},"inLanguage":"pl-PL","potentialAction":[{"@type":"ReadAction","target":["https:\/\/sarmacjabedzin.pl\/index.php\/2026\/03\/18\/pomeczowa-wypowiedz-lukasza-girka\/"]}]},{"@type":"ImageObject","inLanguage":"pl-PL","@id":"https:\/\/sarmacjabedzin.pl\/index.php\/2026\/03\/18\/pomeczowa-wypowiedz-lukasza-girka\/#primaryimage","url":"https:\/\/sarmacjabedzin.pl\/wp-content\/uploads\/2026\/03\/Girek-Lukasz-cytat-Wawel-www.jpg","contentUrl":"https:\/\/sarmacjabedzin.pl\/wp-content\/uploads\/2026\/03\/Girek-Lukasz-cytat-Wawel-www.jpg","width":2048,"height":1365},{"@type":"BreadcrumbList","@id":"https:\/\/sarmacjabedzin.pl\/index.php\/2026\/03\/18\/pomeczowa-wypowiedz-lukasza-girka\/#breadcrumb","itemListElement":[{"@type":"ListItem","position":1,"name":"Strona g\u0142\u00f3wna","item":"https:\/\/sarmacjabedzin.pl\/"},{"@type":"ListItem","position":2,"name":"Pomeczowa wypowied\u017a \u0141ukasza Girka"}]},{"@type":"WebSite","@id":"https:\/\/sarmacjabedzin.pl\/#website","url":"https:\/\/sarmacjabedzin.pl\/","name":"BKS Sarmacja B\u0119dzin \u2013 Nieoficjalny serwis","description":"Nieoficjalny serwis B\u0119dzi\u0144skiego Klubu Sportowego &quot;Sarmacja&quot;","potentialAction":[{"@type":"SearchAction","target":{"@type":"EntryPoint","urlTemplate":"https:\/\/sarmacjabedzin.pl\/?s={search_term_string}"},"query-input":{"@type":"PropertyValueSpecification","valueRequired":true,"valueName":"search_term_string"}}],"inLanguage":"pl-PL"},{"@type":"Person","@id":"https:\/\/sarmacjabedzin.pl\/#\/schema\/person\/5417ea7b03bcd9adf58298a2265ce03a","name":"tyrtak","image":{"@type":"ImageObject","inLanguage":"pl-PL","@id":"https:\/\/sarmacjabedzin.pl\/#\/schema\/person\/image\/","url":"https:\/\/secure.gravatar.com\/avatar\/49b7734c6795cf524710e96813a9fedc1ae3816e479d92490236b4cfc47a5ae1?s=96&d=mm&r=g","contentUrl":"https:\/\/secure.gravatar.com\/avatar\/49b7734c6795cf524710e96813a9fedc1ae3816e479d92490236b4cfc47a5ae1?s=96&d=mm&r=g","caption":"tyrtak"}}]}},"rttpg_featured_image_url":{"full":["https:\/\/sarmacjabedzin.pl\/wp-content\/uploads\/2026\/03\/Girek-Lukasz-cytat-Wawel-www.jpg",2048,1365,false],"landscape":["https:\/\/sarmacjabedzin.pl\/wp-content\/uploads\/2026\/03\/Girek-Lukasz-cytat-Wawel-www.jpg",2048,1365,false],"portraits":["https:\/\/sarmacjabedzin.pl\/wp-content\/uploads\/2026\/03\/Girek-Lukasz-cytat-Wawel-www.jpg",2048,1365,false],"thumbnail":["https:\/\/sarmacjabedzin.pl\/wp-content\/uploads\/2026\/03\/Girek-Lukasz-cytat-Wawel-www.jpg",150,100,false],"medium":["https:\/\/sarmacjabedzin.pl\/wp-content\/uploads\/2026\/03\/Girek-Lukasz-cytat-Wawel-www.jpg",300,200,false],"large":["https:\/\/sarmacjabedzin.pl\/wp-content\/uploads\/2026\/03\/Girek-Lukasz-cytat-Wawel-www.jpg",1024,683,false],"1536x1536":["https:\/\/sarmacjabedzin.pl\/wp-content\/uploads\/2026\/03\/Girek-Lukasz-cytat-Wawel-www.jpg",1536,1024,false],"2048x2048":["https:\/\/sarmacjabedzin.pl\/wp-content\/uploads\/2026\/03\/Girek-Lukasz-cytat-Wawel-www.jpg",2048,1365,false],"sportspress-crop-medium":["https:\/\/sarmacjabedzin.pl\/wp-content\/uploads\/2026\/03\/Girek-Lukasz-cytat-Wawel-www.jpg",300,200,false],"sportspress-fit-medium":["https:\/\/sarmacjabedzin.pl\/wp-content\/uploads\/2026\/03\/Girek-Lukasz-cytat-Wawel-www.jpg",300,200,false],"sportspress-fit-icon":["https:\/\/sarmacjabedzin.pl\/wp-content\/uploads\/2026\/03\/Girek-Lukasz-cytat-Wawel-www.jpg",128,85,false],"sportspress-fit-mini":["https:\/\/sarmacjabedzin.pl\/wp-content\/uploads\/2026\/03\/Girek-Lukasz-cytat-Wawel-www.jpg",32,21,false],"ultp_layout_landscape_large":["https:\/\/sarmacjabedzin.pl\/wp-content\/uploads\/2026\/03\/Girek-Lukasz-cytat-Wawel-www.jpg",1200,800,false],"ultp_layout_landscape":["https:\/\/sarmacjabedzin.pl\/wp-content\/uploads\/2026\/03\/Girek-Lukasz-cytat-Wawel-www.jpg",855,570,false],"ultp_layout_portrait":["https:\/\/sarmacjabedzin.pl\/wp-content\/uploads\/2026\/03\/Girek-Lukasz-cytat-Wawel-www.jpg",600,400,false],"ultp_layout_square":["https:\/\/sarmacjabedzin.pl\/wp-content\/uploads\/2026\/03\/Girek-Lukasz-cytat-Wawel-www.jpg",600,400,false],"stm-1140-666":["https:\/\/sarmacjabedzin.pl\/wp-content\/uploads\/2026\/03\/Girek-Lukasz-cytat-Wawel-www.jpg",999,666,false],"stm-1170-650":["https:\/\/sarmacjabedzin.pl\/wp-content\/uploads\/2026\/03\/Girek-Lukasz-cytat-Wawel-www.jpg",975,650,false],"stm-570-350":["https:\/\/sarmacjabedzin.pl\/wp-content\/uploads\/2026\/03\/Girek-Lukasz-cytat-Wawel-www.jpg",525,350,false],"stm-570-250":["https:\/\/sarmacjabedzin.pl\/wp-content\/uploads\/2026\/03\/Girek-Lukasz-cytat-Wawel-www.jpg",375,250,false],"stm-270-370":["https:\/\/sarmacjabedzin.pl\/wp-content\/uploads\/2026\/03\/Girek-Lukasz-cytat-Wawel-www.jpg",270,180,false],"stm-540-500":["https:\/\/sarmacjabedzin.pl\/wp-content\/uploads\/2026\/03\/Girek-Lukasz-cytat-Wawel-www.jpg",540,360,false],"stm-270-530":["https:\/\/sarmacjabedzin.pl\/wp-content\/uploads\/2026\/03\/Girek-Lukasz-cytat-Wawel-www.jpg",270,180,false],"stm-200-200":["https:\/\/sarmacjabedzin.pl\/wp-content\/uploads\/2026\/03\/Girek-Lukasz-cytat-Wawel-www.jpg",200,133,false],"stm-85-105":["https:\/\/sarmacjabedzin.pl\/wp-content\/uploads\/2026\/03\/Girek-Lukasz-cytat-Wawel-www.jpg",85,57,false],"stm-255-255":["https:\/\/sarmacjabedzin.pl\/wp-content\/uploads\/2026\/03\/Girek-Lukasz-cytat-Wawel-www.jpg",255,170,false],"stm-360-240":["https:\/\/sarmacjabedzin.pl\/wp-content\/uploads\/2026\/03\/Girek-Lukasz-cytat-Wawel-www.jpg",360,240,false],"stm-360-495":["https:\/\/sarmacjabedzin.pl\/wp-content\/uploads\/2026\/03\/Girek-Lukasz-cytat-Wawel-www.jpg",360,240,false],"stm-445-400":["https:\/\/sarmacjabedzin.pl\/wp-content\/uploads\/2026\/03\/Girek-Lukasz-cytat-Wawel-www.jpg",445,297,false],"stm-735-240":["https:\/\/sarmacjabedzin.pl\/wp-content\/uploads\/2026\/03\/Girek-Lukasz-cytat-Wawel-www.jpg",360,240,false],"stm-255-183":["https:\/\/sarmacjabedzin.pl\/wp-content\/uploads\/2026\/03\/Girek-Lukasz-cytat-Wawel-www.jpg",255,170,false],"stm-350-250":["https:\/\/sarmacjabedzin.pl\/wp-content\/uploads\/2026\/03\/Girek-Lukasz-cytat-Wawel-www.jpg",350,233,false],"blog_list":["https:\/\/sarmacjabedzin.pl\/wp-content\/uploads\/2026\/03\/Girek-Lukasz-cytat-Wawel-www.jpg",270,180,false],"blog_list_medium":["https:\/\/sarmacjabedzin.pl\/wp-content\/uploads\/2026\/03\/Girek-Lukasz-cytat-Wawel-www.jpg",390,260,false],"gallery_thumbnail":["https:\/\/sarmacjabedzin.pl\/wp-content\/uploads\/2026\/03\/Girek-Lukasz-cytat-Wawel-www.jpg",80,53,false],"gallery_image":["https:\/\/sarmacjabedzin.pl\/wp-content\/uploads\/2026\/03\/Girek-Lukasz-cytat-Wawel-www.jpg",551,367,false],"gallery_image_mini":["https:\/\/sarmacjabedzin.pl\/wp-content\/uploads\/2026\/03\/Girek-Lukasz-cytat-Wawel-www.jpg",143,95,false],"player_photo":["https:\/\/sarmacjabedzin.pl\/wp-content\/uploads\/2026\/03\/Girek-Lukasz-cytat-Wawel-www.jpg",740,493,false],"team_logo":["https:\/\/sarmacjabedzin.pl\/wp-content\/uploads\/2026\/03\/Girek-Lukasz-cytat-Wawel-www.jpg",98,65,false],"player_stat_ava":["https:\/\/sarmacjabedzin.pl\/wp-content\/uploads\/2026\/03\/Girek-Lukasz-cytat-Wawel-www.jpg",550,367,false],"post-350-220":["https:\/\/sarmacjabedzin.pl\/wp-content\/uploads\/2026\/03\/Girek-Lukasz-cytat-Wawel-www.jpg",330,220,false],"post-275-142":["https:\/\/sarmacjabedzin.pl\/wp-content\/uploads\/2026\/03\/Girek-Lukasz-cytat-Wawel-www.jpg",213,142,false],"post-160-120":["https:\/\/sarmacjabedzin.pl\/wp-content\/uploads\/2026\/03\/Girek-Lukasz-cytat-Wawel-www.jpg",160,107,false],"post-110-70":["https:\/\/sarmacjabedzin.pl\/wp-content\/uploads\/2026\/03\/Girek-Lukasz-cytat-Wawel-www.jpg",105,70,false],"post-770-450":["https:\/\/sarmacjabedzin.pl\/wp-content\/uploads\/2026\/03\/Girek-Lukasz-cytat-Wawel-www.jpg",675,450,false],"post-370-210":["https:\/\/sarmacjabedzin.pl\/wp-content\/uploads\/2026\/03\/Girek-Lukasz-cytat-Wawel-www.jpg",315,210,false],"post-457-470":["https:\/\/sarmacjabedzin.pl\/wp-content\/uploads\/2026\/03\/Girek-Lukasz-cytat-Wawel-www.jpg",457,305,false],"post-370-420":["https:\/\/sarmacjabedzin.pl\/wp-content\/uploads\/2026\/03\/Girek-Lukasz-cytat-Wawel-www.jpg",370,247,false],"stm-445-445":["https:\/\/sarmacjabedzin.pl\/wp-content\/uploads\/2026\/03\/Girek-Lukasz-cytat-Wawel-www.jpg",445,297,false],"stm-555-460":["https:\/\/sarmacjabedzin.pl\/wp-content\/uploads\/2026\/03\/Girek-Lukasz-cytat-Wawel-www.jpg",555,370,false],"stm-350-450":["https:\/\/sarmacjabedzin.pl\/wp-content\/uploads\/2026\/03\/Girek-Lukasz-cytat-Wawel-www.jpg",350,233,false],"stm-720-440":["https:\/\/sarmacjabedzin.pl\/wp-content\/uploads\/2026\/03\/Girek-Lukasz-cytat-Wawel-www.jpg",660,440,false],"stm-270-270":["https:\/\/sarmacjabedzin.pl\/wp-content\/uploads\/2026\/03\/Girek-Lukasz-cytat-Wawel-www.jpg",270,180,false],"stm-760-450":["https:\/\/sarmacjabedzin.pl\/wp-content\/uploads\/2026\/03\/Girek-Lukasz-cytat-Wawel-www.jpg",675,450,false]},"rttpg_author":{"display_name":"tyrtak","author_link":false},"rttpg_comment":0,"rttpg_category":"<a href=\"https:\/\/sarmacjabedzin.pl\/index.php\/category\/soccer\/\" rel=\"category tag\">Liga<\/a> <a href=\"https:\/\/sarmacjabedzin.pl\/index.php\/category\/soccer\/wypowiedz\/\" rel=\"category tag\">Wypowied\u017a<\/a>","rttpg_excerpt":"Inauguracja rundy wiosennej sezonu 2025\/2026 w wykonaniu Sarmacji B\u0119dzin wypad\u0142a niezwykle imponuj\u0105co. Podopieczni trenera Tomasza Nowaka przed w\u0142asn\u0105 publiczno\u015bci\u0105 rozgromili Wawel Wirek 7:1!, tym samym utrzymali pozycj\u0119 lidera rozgrywek. Oto co po meczu powiedzia\u0142 nam Asystent Trenera oraz Cz\u0142onek Zarz\u0105du klubu \u0141ukasz Girek: \u201eTo by\u0142 wymarzony pocz\u0105tek rundy wiosennej! Oczywi\u015bcie wszyscy liczyli\u015bmy na takie otwarcie,...","_links":{"self":[{"href":"https:\/\/sarmacjabedzin.pl\/index.php\/wp-json\/wp\/v2\/posts\/9928","targetHints":{"allow":["GET"]}}],"collection":[{"href":"https:\/\/sarmacjabedzin.pl\/index.php\/wp-json\/wp\/v2\/posts"}],"about":[{"href":"https:\/\/sarmacjabedzin.pl\/index.php\/wp-json\/wp\/v2\/types\/post"}],"author":[{"embeddable":true,"href":"https:\/\/sarmacjabedzin.pl\/index.php\/wp-json\/wp\/v2\/users\/1"}],"replies":[{"embeddable":true,"href":"https:\/\/sarmacjabedzin.pl\/index.php\/wp-json\/wp\/v2\/comments?post=9928"}],"version-history":[{"count":2,"href":"https:\/\/sarmacjabedzin.pl\/index.php\/wp-json\/wp\/v2\/posts\/9928\/revisions"}],"predecessor-version":[{"id":9933,"href":"https:\/\/sarmacjabedzin.pl\/index.php\/wp-json\/wp\/v2\/posts\/9928\/revisions\/9933"}],"wp:featuredmedia":[{"embeddable":true,"href":"https:\/\/sarmacjabedzin.pl\/index.php\/wp-json\/wp\/v2\/media\/9930"}],"wp:attachment":[{"href":"https:\/\/sarmacjabedzin.pl\/index.php\/wp-json\/wp\/v2\/media?parent=9928"}],"wp:term":[{"taxonomy":"category","embeddable":true,"href":"https:\/\/sarmacjabedzin.pl\/index.php\/wp-json\/wp\/v2\/categories?post=9928"},{"taxonomy":"post_tag","embeddable":true,"href":"https:\/\/sarmacjabedzin.pl\/index.php\/wp-json\/wp\/v2\/tags?post=9928"}],"curies":[{"name":"wp","href":"https:\/\/api.w.org\/{rel}","templated":true}]}}