{"id":993,"date":"2017-04-22T21:47:04","date_gmt":"2017-04-22T19:47:04","guid":{"rendered":"http:\/\/sarmacjabedzin.pl\/index.php\/2017\/04\/22\/porazka-z-cidrami\/"},"modified":"2017-04-22T21:47:04","modified_gmt":"2017-04-22T19:47:04","slug":"porazka-z-cidrami","status":"publish","type":"post","link":"https:\/\/sarmacjabedzin.pl\/index.php\/2017\/04\/22\/porazka-z-cidrami\/","title":{"rendered":"Pora\u017cka z Cidrami!"},"content":{"rendered":"<p style=\"margin-bottom: 0cm;\">Dzi\u015b 22.04.2017r o godz.17.00 Sarmacja B\u0119dzin rozegra\u0142a wyjazdowe spotkanie ligowe z Ruchem Radzionk\u00f3w. Po ostatniej pora\u017cce b\u0119dzinian potyczka ta mia\u0142a udowodni\u0107, czy by\u0142 to jedynie wypadek przy pracy czy znaczna obni\u017cka formy. <br \/>Pierwszy strza\u0142 na bramk\u0119 oddali Sarmaci. W 4 minucie Micha\u0142 Dyrda g\u0142ow\u0105 zagra\u0142 pi\u0142k\u0119 do Artura Nowaka, kt\u00f3ry zbyt lekko uderzy\u0142 j\u0105 w kierunku bramki rywala. Golkiper gospodarzy bez najmniejszych k\u0142opot\u00f3w zdo\u0142a\u0142 j\u0105 wy\u0142apa\u0107.<br \/>Niestety w 13 minucie b\u0119dzi\u0144ska obrona nie zdo\u0142a\u0142a za\u017cegna\u0107 utracie gola. Po akcji przeprowadzonej praw\u0105 stron\u0105 boiska miejscowi zdo\u0142ali odda\u0107 strza\u0142 po d\u0142ugim s\u0142upku bramki Tomasza Lewandowskiego. Pi\u0142ka lec\u0105c tu\u017c obok s\u0142upka wyl\u0105dowa\u0142a w siatce za\u0142amanych go\u015bci. Gola dla miejscowych zdoby\u0142 Tomasz Leszczy\u0144ski.<\/p>\n<p style=\"margin-bottom: 0cm;\">Cztery minuty p\u00f3\u017aniej, w odpowiedzi Artur Nowak zagra\u0142 w pole karne do Remigiusza Malickiego. I tym razem strza\u0142 naszego napastnika by\u0142 zbyt s\u0142aby, aby m\u00f3g\u0142 zaskoczy\u0107 dobrze ustawionego bramkarza miejscowych. <br \/>W 23 minucie pi\u0142karze Ruchu postraszyli b\u0119dzinian uderzeniem nad poprzeczk\u0105 bramki.<\/p>\n<p style=\"margin-bottom: 0cm;\">Kolejne minuty nie przynosi\u0142y zmiany rezultatu. W 43 minucie gospodarze podeszli do rzutu wolnego z lewej strony pola karnego. Na szcz\u0119\u015bcie pi\u0142ka po strzale zawodnika \u201eCidr\u00f3w\u201d trafi\u0142a zaledwie w boczn\u0105 siatk\u0119 bramki.<\/p>\n<p style=\"margin-bottom: 0cm;\">Do przerwy wynik nie uleg\u0142 zmianie.<br \/>Na drug\u0105 po\u0142ow\u0119 Sarmaci wyszli bardziej zdeterminowani. Ruszyli na gospodarzy z wi\u0119kszym impetem. Ci jednak nie dali si\u0119 zaskoczy\u0107 popisuj\u0105c si\u0119 poprawn\u0105 gr\u0105 obronn\u0105.<\/p>\n<p style=\"margin-bottom: 0cm;\">Z ka\u017cd\u0105 minut\u0105 atakuj\u0105cy b\u0119dzinianie nara\u017cali si\u0119 na coraz gro\u017aniejsze kontry.<\/p>\n<p style=\"margin-bottom: 0cm;\">Po jednej z nich w 74 minucie pi\u0142ka poszybowa\u0142a nad bramk\u0105 przyjezdnych.<\/p>\n<p style=\"margin-bottom: 0cm;\">Chwil\u0119 potem po \u015bwietnej interwencji bramkarz Sarmacji zderzy\u0142 si\u0119 z zawodnikiem rywala i dozna\u0142 lekkiego urazu. Na szcz\u0119\u015bcie wszystko sko\u0144czy\u0142o si\u0119 dla niego dobrze. <br \/>Po tej akcji b\u0119dzinianie jeszcze bardziej podkr\u0119cili tempo siej\u0105c postrach pod bramk\u0105 radzionkowian.<br \/>W 78 minucie p\u0119dz\u0105cy lewym skrzyd\u0142em Alex Tyszczak, kt\u00f3ry zast\u0105pi\u0142 Rafa\u0142a J\u0119drzejczyka zagra\u0142 pi\u0142k\u0119 w pole karne rywala wprost pod nogi Daniela Sroki. Ten jednak nie zdo\u0142a\u0142 odda\u0107 silnego strza\u0142u i trafi\u0142 wprost w golkipera \u201eCidr\u00f3w\u201d.<\/p>\n<p style=\"margin-bottom: 0cm;\">Chwil\u0119 potem strza\u0142 Micha\u0142a Dyrdy trafi\u0142 w obro\u0144c\u0119, a nast\u0119pnie wylecia\u0142 na r\u00f3g. W nast\u0119pnej akcji J\u00f3zefowi Misztalowi zabrak\u0142o precyzji i pi\u0142ka po uderzeniu g\u0142ow\u0105 przelecia\u0142a obok bramki.<br \/>W 84 minucie potkni\u0119cie naszego obro\u0144cy, kt\u00f3ry na \u015bliskiej murawie nie zdo\u0142a\u0142 utrzyma\u0107 si\u0119 na nogach o ma\u0142y w\u0142os mog\u0142o kosztowa\u0107 nas utrat\u0119 kolejnego gola. Napastnik miejscowych przejmuj\u0105c pi\u0142k\u0119 pogna\u0142 z ni\u0105 wprost na wybiegaj\u0105cego do niego golkipera b\u0119dzinian.<\/p>\n<p style=\"margin-bottom: 0cm;\">Ten \u015bwietn\u0105 interwencj\u0105 nie da\u0142 si\u0119 pokona\u0107 i zdo\u0142a\u0142 wybi\u0107 nog\u0105 pi\u0142k\u0119 na rzut ro\u017cny. <br \/>Trzy minuty p\u00f3\u017aniej przed kolejn\u0105 szans\u0105 na gola stan\u0119li radzionkowianie. Tym razem b\u0119d\u0105cy sam na sam z Tomaszem Lewandowskim zawodnik Ruchu zdo\u0142a\u0142 go okiwa\u0107 i maj\u0105c przed sob\u0105 pust\u0105 bramk\u0119 trafi\u0142 w s\u0142upek. Pi\u0142ka wylecia\u0142a w pole karne, gdzie dobieg\u0142 do niej pi\u0142karz gospodarzy i pr\u00f3buj\u0105c dobitki solidnie przestrzeli\u0142. <br \/>Mimo kilku zmian dokonanych przez trenera Krzysztofa Kie\u0142ba Sarmaci zeszli z boiska pokonani. W dru\u017cynie zadebiutowa\u0142 dzi\u015b Daniel Wieczorek. Szans\u0119 gry od pierwszych minut dosta\u0142 kolejny junior Damian Kowalczyk. Niestety za kartki pauzowa\u0142 dzi\u015b filar naszej pomocy Bartosz Derlatka, kt\u00f3rego zast\u0105pi\u0142 jego brat Marcin.<\/p>\n<p style=\"margin-bottom: 0cm;\">Dzisiejsza pora\u017cka b\u0119dzinian przy zwyci\u0119stwie Gwarka Tarnowskie G\u00f3ry pozbawi\u0142a ich ju\u017c teoretycznie szans na walk\u0119 o awans. Lider ma ju\u017c 12 punkt\u00f3w przewagi, kt\u00f3re powinny zapewni\u0107 im ko\u0144cowy sukces. Naszym pi\u0142karzom pozosta\u0142a ju\u017c tylko walka o utrzymanie si\u0119 na podium.<\/p>\n<p style=\"margin-bottom: 0cm;\">Za tydzie\u0144 Sarmaci go\u015bci\u0107 b\u0119d\u0105 na swoim stadionie lidera. By\u0107 mo\u017ce w tym spotkaniu nasi pi\u0142karze zn\u00f3w przypomn\u0105 sobie o skuteczno\u015bci, kt\u00f3r\u0105 zatracili w ostatnich meczach. <br \/>Mamy nadziej\u0119, \u017ce w\u0142a\u015bnie tak si\u0119 stanie i kibice zn\u00f3w zobacz\u0105 dobr\u0105 gr\u0119 w wykonaniu swoich zawodnik\u00f3w.<\/p>\n<p><strong>Ruch Radzionk\u00f3w &#8211; Sarmacja B\u0119dzin 1:0 (1:0)<\/strong><br \/><strong>S\u0119dzia:<\/strong> Majcher (Katowice)<br \/><strong>Bramki:<\/strong><br \/>13&#8242; Leszczy\u0144ski<\/p>\n<p><strong>\u017b\u00f3\u0142te kartki:<\/strong><br \/>54&#8242; Dyrda<br \/>59&#8242; Kita<\/p>\n<p><strong>Sarmacja:<\/strong> Lewandowski &#8211; Majka, Buchcik, Kita, Misztal, Dyrda, Malicki, M. Derlatka, J\u0119drzejczyk (74&#8242; Tyszczak), Kowalczyk (46&#8242; Wieczorek), Nowak (67&#8242; Sroka)<\/p>\n<p>\u00a0<\/p>\n<p><strong>Ruch:<\/strong> Kucharski &#8211; Bana\u015b, Staszowski, Harmata, B\u0105k, Dziewulski, Trzcionka (90&#8242; Kuli\u0144ski), Nowara, Cepek (84&#8242; Borowiec), Leszczy\u0144ski (74&#8242; Wojsyk), Hermasz (77&#8242; Rocki).Trener: Rakoczy<\/p>\n<p>{gallery}radzionkowwyjazd{\/gallery}<\/p>\n","protected":false},"excerpt":{"rendered":"<p>Dzi\u015b 22.04.2017r o godz.17.00 Sarmacja B\u0119dzin rozegra\u0142a wyjazdowe spotkanie ligowe z Ruchem Radzionk\u00f3w. Po ostatniej pora\u017cce b\u0119dzinian potyczka ta mia\u0142a udowodni\u0107, czy by\u0142 to jedynie wypadek przy pracy czy znaczna obni\u017cka formy. Pierwszy strza\u0142 na bramk\u0119 oddali Sarmaci. W 4 minucie Micha\u0142 Dyrda g\u0142ow\u0105 zagra\u0142 pi\u0142k\u0119 do Artura Nowaka, kt\u00f3ry zbyt lekko uderzy\u0142 j\u0105 w&#8230;<\/p>\n","protected":false},"author":1,"featured_media":992,"comment_status":"open","ping_status":"open","sticky":false,"template":"","format":"standard","meta":{"footnotes":""},"categories":[64],"tags":[],"class_list":["post-993","post","type-post","status-publish","format-standard","has-post-thumbnail","hentry","category-soccer"],"yoast_head":"<!-- This site is optimized with the Yoast SEO plugin v25.8 - https:\/\/yoast.com\/wordpress\/plugins\/seo\/ -->\n<title>Pora\u017cka z Cidrami! | BKS Sarmacja B\u0119dzin<\/title>\n<meta name=\"robots\" content=\"index, follow, max-snippet:-1, max-image-preview:large, max-video-preview:-1\" \/>\n<link rel=\"canonical\" href=\"https:\/\/sarmacjabedzin.pl\/index.php\/2017\/04\/22\/porazka-z-cidrami\/\" \/>\n<meta property=\"og:locale\" content=\"pl_PL\" \/>\n<meta property=\"og:type\" content=\"article\" \/>\n<meta property=\"og:title\" content=\"Pora\u017cka z Cidrami! | BKS Sarmacja B\u0119dzin\" \/>\n<meta property=\"og:description\" content=\"Dzi\u015b 22.04.2017r o godz.17.00 Sarmacja B\u0119dzin rozegra\u0142a wyjazdowe spotkanie ligowe z Ruchem Radzionk\u00f3w. Po ostatniej pora\u017cce b\u0119dzinian potyczka ta mia\u0142a udowodni\u0107, czy by\u0142 to jedynie wypadek przy pracy czy znaczna obni\u017cka formy. Pierwszy strza\u0142 na bramk\u0119 oddali Sarmaci. W 4 minucie Micha\u0142 Dyrda g\u0142ow\u0105 zagra\u0142 pi\u0142k\u0119 do Artura Nowaka, kt\u00f3ry zbyt lekko uderzy\u0142 j\u0105 w...\" \/>\n<meta property=\"og:url\" content=\"https:\/\/sarmacjabedzin.pl\/index.php\/2017\/04\/22\/porazka-z-cidrami\/\" \/>\n<meta property=\"og:site_name\" content=\"BKS Sarmacja B\u0119dzin\" \/>\n<meta property=\"article:publisher\" content=\"https:\/\/www.facebook.com\/SarmacjaBedzin\" \/>\n<meta property=\"article:published_time\" content=\"2017-04-22T19:47:04+00:00\" \/>\n<meta property=\"og:image\" content=\"https:\/\/sarmacjabedzin.pl\/wp-content\/uploads\/2017\/04\/radzionkow-wyjazd.jpg\" \/>\n\t<meta property=\"og:image:width\" content=\"1280\" \/>\n\t<meta property=\"og:image:height\" content=\"720\" \/>\n\t<meta property=\"og:image:type\" content=\"image\/jpeg\" \/>\n<meta name=\"author\" content=\"tyrtak\" \/>\n<meta name=\"twitter:card\" content=\"summary_large_image\" \/>\n<meta name=\"twitter:label1\" content=\"Napisane przez\" \/>\n\t<meta name=\"twitter:data1\" content=\"tyrtak\" \/>\n\t<meta name=\"twitter:label2\" content=\"Szacowany czas czytania\" \/>\n\t<meta name=\"twitter:data2\" content=\"4 minuty\" \/>\n<script type=\"application\/ld+json\" class=\"yoast-schema-graph\">{\"@context\":\"https:\/\/schema.org\",\"@graph\":[{\"@type\":\"WebPage\",\"@id\":\"https:\/\/sarmacjabedzin.pl\/index.php\/2017\/04\/22\/porazka-z-cidrami\/\",\"url\":\"https:\/\/sarmacjabedzin.pl\/index.php\/2017\/04\/22\/porazka-z-cidrami\/\",\"name\":\"Pora\u017cka z Cidrami! | BKS Sarmacja B\u0119dzin\",\"isPartOf\":{\"@id\":\"https:\/\/sarmacjabedzin.pl\/#website\"},\"primaryImageOfPage\":{\"@id\":\"https:\/\/sarmacjabedzin.pl\/index.php\/2017\/04\/22\/porazka-z-cidrami\/#primaryimage\"},\"image\":{\"@id\":\"https:\/\/sarmacjabedzin.pl\/index.php\/2017\/04\/22\/porazka-z-cidrami\/#primaryimage\"},\"thumbnailUrl\":\"https:\/\/sarmacjabedzin.pl\/wp-content\/uploads\/2017\/04\/radzionkow-wyjazd.jpg\",\"datePublished\":\"2017-04-22T19:47:04+00:00\",\"author\":{\"@id\":\"https:\/\/sarmacjabedzin.pl\/#\/schema\/person\/5417ea7b03bcd9adf58298a2265ce03a\"},\"breadcrumb\":{\"@id\":\"https:\/\/sarmacjabedzin.pl\/index.php\/2017\/04\/22\/porazka-z-cidrami\/#breadcrumb\"},\"inLanguage\":\"pl-PL\",\"potentialAction\":[{\"@type\":\"ReadAction\",\"target\":[\"https:\/\/sarmacjabedzin.pl\/index.php\/2017\/04\/22\/porazka-z-cidrami\/\"]}]},{\"@type\":\"ImageObject\",\"inLanguage\":\"pl-PL\",\"@id\":\"https:\/\/sarmacjabedzin.pl\/index.php\/2017\/04\/22\/porazka-z-cidrami\/#primaryimage\",\"url\":\"https:\/\/sarmacjabedzin.pl\/wp-content\/uploads\/2017\/04\/radzionkow-wyjazd.jpg\",\"contentUrl\":\"https:\/\/sarmacjabedzin.pl\/wp-content\/uploads\/2017\/04\/radzionkow-wyjazd.jpg\",\"width\":1280,\"height\":720},{\"@type\":\"BreadcrumbList\",\"@id\":\"https:\/\/sarmacjabedzin.pl\/index.php\/2017\/04\/22\/porazka-z-cidrami\/#breadcrumb\",\"itemListElement\":[{\"@type\":\"ListItem\",\"position\":1,\"name\":\"Strona g\u0142\u00f3wna\",\"item\":\"https:\/\/sarmacjabedzin.pl\/\"},{\"@type\":\"ListItem\",\"position\":2,\"name\":\"Pora\u017cka z Cidrami!\"}]},{\"@type\":\"WebSite\",\"@id\":\"https:\/\/sarmacjabedzin.pl\/#website\",\"url\":\"https:\/\/sarmacjabedzin.pl\/\",\"name\":\"BKS Sarmacja B\u0119dzin \u2013 Nieoficjalny serwis\",\"description\":\"Nieoficjalny serwis B\u0119dzi\u0144skiego Klubu Sportowego &quot;Sarmacja&quot;\",\"potentialAction\":[{\"@type\":\"SearchAction\",\"target\":{\"@type\":\"EntryPoint\",\"urlTemplate\":\"https:\/\/sarmacjabedzin.pl\/?s={search_term_string}\"},\"query-input\":{\"@type\":\"PropertyValueSpecification\",\"valueRequired\":true,\"valueName\":\"search_term_string\"}}],\"inLanguage\":\"pl-PL\"},{\"@type\":\"Person\",\"@id\":\"https:\/\/sarmacjabedzin.pl\/#\/schema\/person\/5417ea7b03bcd9adf58298a2265ce03a\",\"name\":\"tyrtak\",\"image\":{\"@type\":\"ImageObject\",\"inLanguage\":\"pl-PL\",\"@id\":\"https:\/\/sarmacjabedzin.pl\/#\/schema\/person\/image\/\",\"url\":\"https:\/\/secure.gravatar.com\/avatar\/49b7734c6795cf524710e96813a9fedc1ae3816e479d92490236b4cfc47a5ae1?s=96&d=mm&r=g\",\"contentUrl\":\"https:\/\/secure.gravatar.com\/avatar\/49b7734c6795cf524710e96813a9fedc1ae3816e479d92490236b4cfc47a5ae1?s=96&d=mm&r=g\",\"caption\":\"tyrtak\"}}]}<\/script>\n<!-- \/ Yoast SEO plugin. -->","yoast_head_json":{"title":"Pora\u017cka z Cidrami! | BKS Sarmacja B\u0119dzin","robots":{"index":"index","follow":"follow","max-snippet":"max-snippet:-1","max-image-preview":"max-image-preview:large","max-video-preview":"max-video-preview:-1"},"canonical":"https:\/\/sarmacjabedzin.pl\/index.php\/2017\/04\/22\/porazka-z-cidrami\/","og_locale":"pl_PL","og_type":"article","og_title":"Pora\u017cka z Cidrami! | BKS Sarmacja B\u0119dzin","og_description":"Dzi\u015b 22.04.2017r o godz.17.00 Sarmacja B\u0119dzin rozegra\u0142a wyjazdowe spotkanie ligowe z Ruchem Radzionk\u00f3w. Po ostatniej pora\u017cce b\u0119dzinian potyczka ta mia\u0142a udowodni\u0107, czy by\u0142 to jedynie wypadek przy pracy czy znaczna obni\u017cka formy. Pierwszy strza\u0142 na bramk\u0119 oddali Sarmaci. W 4 minucie Micha\u0142 Dyrda g\u0142ow\u0105 zagra\u0142 pi\u0142k\u0119 do Artura Nowaka, kt\u00f3ry zbyt lekko uderzy\u0142 j\u0105 w...","og_url":"https:\/\/sarmacjabedzin.pl\/index.php\/2017\/04\/22\/porazka-z-cidrami\/","og_site_name":"BKS Sarmacja B\u0119dzin","article_publisher":"https:\/\/www.facebook.com\/SarmacjaBedzin","article_published_time":"2017-04-22T19:47:04+00:00","og_image":[{"width":1280,"height":720,"url":"https:\/\/sarmacjabedzin.pl\/wp-content\/uploads\/2017\/04\/radzionkow-wyjazd.jpg","type":"image\/jpeg"}],"author":"tyrtak","twitter_card":"summary_large_image","twitter_misc":{"Napisane przez":"tyrtak","Szacowany czas czytania":"4 minuty"},"schema":{"@context":"https:\/\/schema.org","@graph":[{"@type":"WebPage","@id":"https:\/\/sarmacjabedzin.pl\/index.php\/2017\/04\/22\/porazka-z-cidrami\/","url":"https:\/\/sarmacjabedzin.pl\/index.php\/2017\/04\/22\/porazka-z-cidrami\/","name":"Pora\u017cka z Cidrami! | BKS Sarmacja B\u0119dzin","isPartOf":{"@id":"https:\/\/sarmacjabedzin.pl\/#website"},"primaryImageOfPage":{"@id":"https:\/\/sarmacjabedzin.pl\/index.php\/2017\/04\/22\/porazka-z-cidrami\/#primaryimage"},"image":{"@id":"https:\/\/sarmacjabedzin.pl\/index.php\/2017\/04\/22\/porazka-z-cidrami\/#primaryimage"},"thumbnailUrl":"https:\/\/sarmacjabedzin.pl\/wp-content\/uploads\/2017\/04\/radzionkow-wyjazd.jpg","datePublished":"2017-04-22T19:47:04+00:00","author":{"@id":"https:\/\/sarmacjabedzin.pl\/#\/schema\/person\/5417ea7b03bcd9adf58298a2265ce03a"},"breadcrumb":{"@id":"https:\/\/sarmacjabedzin.pl\/index.php\/2017\/04\/22\/porazka-z-cidrami\/#breadcrumb"},"inLanguage":"pl-PL","potentialAction":[{"@type":"ReadAction","target":["https:\/\/sarmacjabedzin.pl\/index.php\/2017\/04\/22\/porazka-z-cidrami\/"]}]},{"@type":"ImageObject","inLanguage":"pl-PL","@id":"https:\/\/sarmacjabedzin.pl\/index.php\/2017\/04\/22\/porazka-z-cidrami\/#primaryimage","url":"https:\/\/sarmacjabedzin.pl\/wp-content\/uploads\/2017\/04\/radzionkow-wyjazd.jpg","contentUrl":"https:\/\/sarmacjabedzin.pl\/wp-content\/uploads\/2017\/04\/radzionkow-wyjazd.jpg","width":1280,"height":720},{"@type":"BreadcrumbList","@id":"https:\/\/sarmacjabedzin.pl\/index.php\/2017\/04\/22\/porazka-z-cidrami\/#breadcrumb","itemListElement":[{"@type":"ListItem","position":1,"name":"Strona g\u0142\u00f3wna","item":"https:\/\/sarmacjabedzin.pl\/"},{"@type":"ListItem","position":2,"name":"Pora\u017cka z Cidrami!"}]},{"@type":"WebSite","@id":"https:\/\/sarmacjabedzin.pl\/#website","url":"https:\/\/sarmacjabedzin.pl\/","name":"BKS Sarmacja B\u0119dzin \u2013 Nieoficjalny serwis","description":"Nieoficjalny serwis B\u0119dzi\u0144skiego Klubu Sportowego &quot;Sarmacja&quot;","potentialAction":[{"@type":"SearchAction","target":{"@type":"EntryPoint","urlTemplate":"https:\/\/sarmacjabedzin.pl\/?s={search_term_string}"},"query-input":{"@type":"PropertyValueSpecification","valueRequired":true,"valueName":"search_term_string"}}],"inLanguage":"pl-PL"},{"@type":"Person","@id":"https:\/\/sarmacjabedzin.pl\/#\/schema\/person\/5417ea7b03bcd9adf58298a2265ce03a","name":"tyrtak","image":{"@type":"ImageObject","inLanguage":"pl-PL","@id":"https:\/\/sarmacjabedzin.pl\/#\/schema\/person\/image\/","url":"https:\/\/secure.gravatar.com\/avatar\/49b7734c6795cf524710e96813a9fedc1ae3816e479d92490236b4cfc47a5ae1?s=96&d=mm&r=g","contentUrl":"https:\/\/secure.gravatar.com\/avatar\/49b7734c6795cf524710e96813a9fedc1ae3816e479d92490236b4cfc47a5ae1?s=96&d=mm&r=g","caption":"tyrtak"}}]}},"rttpg_featured_image_url":{"full":["https:\/\/sarmacjabedzin.pl\/wp-content\/uploads\/2017\/04\/radzionkow-wyjazd.jpg",1280,720,false],"landscape":["https:\/\/sarmacjabedzin.pl\/wp-content\/uploads\/2017\/04\/radzionkow-wyjazd.jpg",1280,720,false],"portraits":["https:\/\/sarmacjabedzin.pl\/wp-content\/uploads\/2017\/04\/radzionkow-wyjazd.jpg",1280,720,false],"thumbnail":["https:\/\/sarmacjabedzin.pl\/wp-content\/uploads\/2017\/04\/radzionkow-wyjazd-150x150.jpg",150,150,true],"medium":["https:\/\/sarmacjabedzin.pl\/wp-content\/uploads\/2017\/04\/radzionkow-wyjazd-300x169.jpg",300,169,true],"large":["https:\/\/sarmacjabedzin.pl\/wp-content\/uploads\/2017\/04\/radzionkow-wyjazd-1024x576.jpg",1024,576,true],"1536x1536":["https:\/\/sarmacjabedzin.pl\/wp-content\/uploads\/2017\/04\/radzionkow-wyjazd.jpg",1280,720,false],"2048x2048":["https:\/\/sarmacjabedzin.pl\/wp-content\/uploads\/2017\/04\/radzionkow-wyjazd.jpg",1280,720,false],"sportspress-crop-medium":["https:\/\/sarmacjabedzin.pl\/wp-content\/uploads\/2017\/04\/radzionkow-wyjazd-300x300.jpg",300,300,true],"sportspress-fit-medium":["https:\/\/sarmacjabedzin.pl\/wp-content\/uploads\/2017\/04\/radzionkow-wyjazd-300x169.jpg",300,169,true],"sportspress-fit-icon":["https:\/\/sarmacjabedzin.pl\/wp-content\/uploads\/2017\/04\/radzionkow-wyjazd-128x72.jpg",128,72,true],"sportspress-fit-mini":["https:\/\/sarmacjabedzin.pl\/wp-content\/uploads\/2017\/04\/radzionkow-wyjazd-32x18.jpg",32,18,true],"ultp_layout_landscape_large":["https:\/\/sarmacjabedzin.pl\/wp-content\/uploads\/2017\/04\/radzionkow-wyjazd.jpg",1200,675,false],"ultp_layout_landscape":["https:\/\/sarmacjabedzin.pl\/wp-content\/uploads\/2017\/04\/radzionkow-wyjazd.jpg",870,489,false],"ultp_layout_portrait":["https:\/\/sarmacjabedzin.pl\/wp-content\/uploads\/2017\/04\/radzionkow-wyjazd.jpg",600,338,false],"ultp_layout_square":["https:\/\/sarmacjabedzin.pl\/wp-content\/uploads\/2017\/04\/radzionkow-wyjazd.jpg",600,338,false],"stm-1140-666":["https:\/\/sarmacjabedzin.pl\/wp-content\/uploads\/2017\/04\/radzionkow-wyjazd-1140x666.jpg",1140,666,true],"stm-1170-650":["https:\/\/sarmacjabedzin.pl\/wp-content\/uploads\/2017\/04\/radzionkow-wyjazd-1170x650.jpg",1170,650,true],"stm-570-350":["https:\/\/sarmacjabedzin.pl\/wp-content\/uploads\/2017\/04\/radzionkow-wyjazd-570x350.jpg",570,350,true],"stm-570-250":["https:\/\/sarmacjabedzin.pl\/wp-content\/uploads\/2017\/04\/radzionkow-wyjazd-570x250.jpg",570,250,true],"stm-270-370":["https:\/\/sarmacjabedzin.pl\/wp-content\/uploads\/2017\/04\/radzionkow-wyjazd-270x370.jpg",270,370,true],"stm-540-500":["https:\/\/sarmacjabedzin.pl\/wp-content\/uploads\/2017\/04\/radzionkow-wyjazd-540x500.jpg",540,500,true],"stm-270-530":["https:\/\/sarmacjabedzin.pl\/wp-content\/uploads\/2017\/04\/radzionkow-wyjazd-270x530.jpg",270,530,true],"stm-200-200":["https:\/\/sarmacjabedzin.pl\/wp-content\/uploads\/2017\/04\/radzionkow-wyjazd-200x200.jpg",200,200,true],"stm-85-105":["https:\/\/sarmacjabedzin.pl\/wp-content\/uploads\/2017\/04\/radzionkow-wyjazd-85x105.jpg",85,105,true],"stm-255-255":["https:\/\/sarmacjabedzin.pl\/wp-content\/uploads\/2017\/04\/radzionkow-wyjazd-255x255.jpg",255,255,true],"stm-360-240":["https:\/\/sarmacjabedzin.pl\/wp-content\/uploads\/2017\/04\/radzionkow-wyjazd-360x240.jpg",360,240,true],"stm-360-495":["https:\/\/sarmacjabedzin.pl\/wp-content\/uploads\/2017\/04\/radzionkow-wyjazd-360x495.jpg",360,495,true],"stm-445-400":["https:\/\/sarmacjabedzin.pl\/wp-content\/uploads\/2017\/04\/radzionkow-wyjazd-445x400.jpg",445,400,true],"stm-735-240":["https:\/\/sarmacjabedzin.pl\/wp-content\/uploads\/2017\/04\/radzionkow-wyjazd-735x240.jpg",735,240,true],"stm-255-183":["https:\/\/sarmacjabedzin.pl\/wp-content\/uploads\/2017\/04\/radzionkow-wyjazd-255x183.jpg",255,183,true],"stm-350-250":["https:\/\/sarmacjabedzin.pl\/wp-content\/uploads\/2017\/04\/radzionkow-wyjazd-350x250.jpg",350,250,true],"blog_list":["https:\/\/sarmacjabedzin.pl\/wp-content\/uploads\/2017\/04\/radzionkow-wyjazd-270x220.jpg",270,220,true],"blog_list_medium":["https:\/\/sarmacjabedzin.pl\/wp-content\/uploads\/2017\/04\/radzionkow-wyjazd-390x345.jpg",390,345,true],"gallery_thumbnail":["https:\/\/sarmacjabedzin.pl\/wp-content\/uploads\/2017\/04\/radzionkow-wyjazd-80x80.jpg",80,80,true],"gallery_image":["https:\/\/sarmacjabedzin.pl\/wp-content\/uploads\/2017\/04\/radzionkow-wyjazd-560x367.jpg",560,367,true],"gallery_image_mini":["https:\/\/sarmacjabedzin.pl\/wp-content\/uploads\/2017\/04\/radzionkow-wyjazd-143x116.jpg",143,116,true],"player_photo":["https:\/\/sarmacjabedzin.pl\/wp-content\/uploads\/2017\/04\/radzionkow-wyjazd-740x720.jpg",740,720,true],"team_logo":["https:\/\/sarmacjabedzin.pl\/wp-content\/uploads\/2017\/04\/radzionkow-wyjazd-98x55.jpg",98,55,true],"player_stat_ava":["https:\/\/sarmacjabedzin.pl\/wp-content\/uploads\/2017\/04\/radzionkow-wyjazd-550x580.jpg",550,580,true],"post-350-220":["https:\/\/sarmacjabedzin.pl\/wp-content\/uploads\/2017\/04\/radzionkow-wyjazd-350x220.jpg",350,220,true],"post-275-142":["https:\/\/sarmacjabedzin.pl\/wp-content\/uploads\/2017\/04\/radzionkow-wyjazd-275x142.jpg",275,142,true],"post-160-120":["https:\/\/sarmacjabedzin.pl\/wp-content\/uploads\/2017\/04\/radzionkow-wyjazd-160x120.jpg",160,120,true],"post-110-70":["https:\/\/sarmacjabedzin.pl\/wp-content\/uploads\/2017\/04\/radzionkow-wyjazd-110x70.jpg",110,70,true],"post-770-450":["https:\/\/sarmacjabedzin.pl\/wp-content\/uploads\/2017\/04\/radzionkow-wyjazd-770x450.jpg",770,450,true],"post-370-210":["https:\/\/sarmacjabedzin.pl\/wp-content\/uploads\/2017\/04\/radzionkow-wyjazd-370x210.jpg",370,210,true],"post-457-470":["https:\/\/sarmacjabedzin.pl\/wp-content\/uploads\/2017\/04\/radzionkow-wyjazd-457x470.jpg",457,470,true],"post-370-420":["https:\/\/sarmacjabedzin.pl\/wp-content\/uploads\/2017\/04\/radzionkow-wyjazd-370x420.jpg",370,420,true],"stm-445-445":["https:\/\/sarmacjabedzin.pl\/wp-content\/uploads\/2017\/04\/radzionkow-wyjazd-445x445.jpg",445,445,true],"stm-555-460":["https:\/\/sarmacjabedzin.pl\/wp-content\/uploads\/2017\/04\/radzionkow-wyjazd-555x460.jpg",555,460,true],"stm-350-450":["https:\/\/sarmacjabedzin.pl\/wp-content\/uploads\/2017\/04\/radzionkow-wyjazd-350x450.jpg",350,450,true],"stm-720-440":["https:\/\/sarmacjabedzin.pl\/wp-content\/uploads\/2017\/04\/radzionkow-wyjazd-720x440.jpg",720,440,true],"stm-270-270":["https:\/\/sarmacjabedzin.pl\/wp-content\/uploads\/2017\/04\/radzionkow-wyjazd.jpg",270,152,false],"stm-760-450":["https:\/\/sarmacjabedzin.pl\/wp-content\/uploads\/2017\/04\/radzionkow-wyjazd.jpg",760,428,false]},"rttpg_author":{"display_name":"tyrtak","author_link":false},"rttpg_comment":0,"rttpg_category":"<a href=\"https:\/\/sarmacjabedzin.pl\/index.php\/category\/soccer\/\" rel=\"category tag\">Liga<\/a>","rttpg_excerpt":"Dzi\u015b 22.04.2017r o godz.17.00 Sarmacja B\u0119dzin rozegra\u0142a wyjazdowe spotkanie ligowe z Ruchem Radzionk\u00f3w. Po ostatniej pora\u017cce b\u0119dzinian potyczka ta mia\u0142a udowodni\u0107, czy by\u0142 to jedynie wypadek przy pracy czy znaczna obni\u017cka formy. Pierwszy strza\u0142 na bramk\u0119 oddali Sarmaci. W 4 minucie Micha\u0142 Dyrda g\u0142ow\u0105 zagra\u0142 pi\u0142k\u0119 do Artura Nowaka, kt\u00f3ry zbyt lekko uderzy\u0142 j\u0105 w...","_links":{"self":[{"href":"https:\/\/sarmacjabedzin.pl\/index.php\/wp-json\/wp\/v2\/posts\/993","targetHints":{"allow":["GET"]}}],"collection":[{"href":"https:\/\/sarmacjabedzin.pl\/index.php\/wp-json\/wp\/v2\/posts"}],"about":[{"href":"https:\/\/sarmacjabedzin.pl\/index.php\/wp-json\/wp\/v2\/types\/post"}],"author":[{"embeddable":true,"href":"https:\/\/sarmacjabedzin.pl\/index.php\/wp-json\/wp\/v2\/users\/1"}],"replies":[{"embeddable":true,"href":"https:\/\/sarmacjabedzin.pl\/index.php\/wp-json\/wp\/v2\/comments?post=993"}],"version-history":[{"count":0,"href":"https:\/\/sarmacjabedzin.pl\/index.php\/wp-json\/wp\/v2\/posts\/993\/revisions"}],"wp:featuredmedia":[{"embeddable":true,"href":"https:\/\/sarmacjabedzin.pl\/index.php\/wp-json\/wp\/v2\/media\/992"}],"wp:attachment":[{"href":"https:\/\/sarmacjabedzin.pl\/index.php\/wp-json\/wp\/v2\/media?parent=993"}],"wp:term":[{"taxonomy":"category","embeddable":true,"href":"https:\/\/sarmacjabedzin.pl\/index.php\/wp-json\/wp\/v2\/categories?post=993"},{"taxonomy":"post_tag","embeddable":true,"href":"https:\/\/sarmacjabedzin.pl\/index.php\/wp-json\/wp\/v2\/tags?post=993"}],"curies":[{"name":"wp","href":"https:\/\/api.w.org\/{rel}","templated":true}]}}