{"id":9951,"date":"2026-03-23T15:57:24","date_gmt":"2026-03-23T14:57:24","guid":{"rendered":"https:\/\/sarmacjabedzin.pl\/?p=9951"},"modified":"2026-03-23T16:08:05","modified_gmt":"2026-03-23T15:08:05","slug":"pomeczowa-wypowiedz-mateusza-popczyka","status":"publish","type":"post","link":"https:\/\/sarmacjabedzin.pl\/index.php\/2026\/03\/23\/pomeczowa-wypowiedz-mateusza-popczyka\/","title":{"rendered":"Pomeczowa wypowied\u017a Mateusza Popczyka"},"content":{"rendered":"<p class=\"Standard\">W drugiej kolejce rundy wiosennej sezonu 2025\/2026 Sarmacja B\u0119dzin odnios\u0142a pewne wyjazdowe zwyci\u0119stwo nad Cyklonem Rogo\u017anik 5:2 (2:1). Mimo falstartu podopieczni trenera Tomasza Nowaka szybko odzyskali r\u00f3wnowag\u0119 i przej\u0119li inicjatyw\u0119, kontroluj\u0105c przebieg tego spotkania. Z ka\u017cd\u0105 minut\u0105 b\u0119dzinianie prezentowali si\u0119 coraz lepiej, co prze\u0142o\u017cy\u0142o si\u0119 na wysok\u0105 wygran\u0105.<\/p>\n<p class=\"Textbody\">Jednym z bohater\u00f3w meczu by\u0142 Mateusz Popczyk, kt\u00f3ry popisa\u0142 si\u0119 \u201ehat-trickiem\u201d &#8211; ju\u017c trzecim w tym sezonie ligowym w barwach Sarmacji.<\/p>\n<p class=\"Textbody\">By\u0142 to bardzo udany pierwszy dzie\u0144 wiosny dla naszego zespo\u0142u. Dzi\u0119ki remisowi G\u00f3rnika Piaski z G\u00f3rnikiem Wojkowice (1:1), Sarmacja powi\u0119kszy\u0142a przewag\u0119 nad zespo\u0142em z Czeladzi do 3 punkt\u00f3w, a nad dru\u017cyn\u0105 z Wojkowic ju\u017c do 7 oczek.<\/p>\n<p class=\"Textbody\"><strong><a href=\"http:\/\/sarmacjabedzin.pl\/wp-content\/uploads\/2026\/03\/Popczyk_cytat_Cyklon-1.jpg\"><img loading=\"lazy\" decoding=\"async\" class=\" wp-image-9956 alignleft\" src=\"http:\/\/sarmacjabedzin.pl\/wp-content\/uploads\/2026\/03\/Popczyk_cytat_Cyklon-1.jpg\" alt=\"\" width=\"347\" height=\"434\" \/><\/a>Po spotkaniu najlepszy strzelec zespo\u0142u, Mateusz Popczyk (15 goli), powiedzia\u0142:<\/strong><\/p>\n<blockquote>\n<p class=\"Textbody\">\u201eJestem bardzo zadowolony z tego spotkania. Pokazali\u015bmy, \u017ce mimo trudnego pocz\u0105tku i szybko straconej bramki potrafimy odrobi\u0107 straty i zako\u0144czy\u0107 mecz z wyra\u017an\u0105 przewag\u0105. Brawo dla ca\u0142ej dru\u017cyny za zaanga\u017cowanie, walk\u0119 i dominacj\u0119. Idziemy po kolejne zwyci\u0119stwa \u2013 mamy jeden cel, kt\u00f3ry wszyscy znamy i chcemy go osi\u0105gn\u0105\u0107.\u201d<\/p>\n<\/blockquote>\n","protected":false},"excerpt":{"rendered":"<p>W drugiej kolejce rundy wiosennej sezonu 2025\/2026 Sarmacja B\u0119dzin odnios\u0142a pewne wyjazdowe zwyci\u0119stwo nad Cyklonem Rogo\u017anik 5:2 (2:1). Mimo falstartu podopieczni trenera Tomasza Nowaka szybko odzyskali r\u00f3wnowag\u0119 i przej\u0119li inicjatyw\u0119, kontroluj\u0105c przebieg tego spotkania. Z ka\u017cd\u0105 minut\u0105 b\u0119dzinianie prezentowali si\u0119 coraz lepiej, co prze\u0142o\u017cy\u0142o si\u0119 na wysok\u0105 wygran\u0105. Jednym z bohater\u00f3w meczu by\u0142 Mateusz Popczyk,&#8230;<\/p>\n","protected":false},"author":1,"featured_media":9952,"comment_status":"closed","ping_status":"closed","sticky":false,"template":"","format":"standard","meta":{"footnotes":""},"categories":[64,143],"tags":[],"class_list":["post-9951","post","type-post","status-publish","format-standard","has-post-thumbnail","hentry","category-soccer","category-wypowiedz"],"yoast_head":"<!-- This site is optimized with the Yoast SEO plugin v25.8 - https:\/\/yoast.com\/wordpress\/plugins\/seo\/ -->\n<title>Pomeczowa wypowied\u017a Mateusza Popczyka | BKS Sarmacja B\u0119dzin<\/title>\n<meta name=\"robots\" content=\"index, follow, max-snippet:-1, max-image-preview:large, max-video-preview:-1\" \/>\n<link rel=\"canonical\" href=\"https:\/\/sarmacjabedzin.pl\/index.php\/2026\/03\/23\/pomeczowa-wypowiedz-mateusza-popczyka\/\" \/>\n<meta property=\"og:locale\" content=\"pl_PL\" \/>\n<meta property=\"og:type\" content=\"article\" \/>\n<meta property=\"og:title\" content=\"Pomeczowa wypowied\u017a Mateusza Popczyka | BKS Sarmacja B\u0119dzin\" \/>\n<meta property=\"og:description\" content=\"W drugiej kolejce rundy wiosennej sezonu 2025\/2026 Sarmacja B\u0119dzin odnios\u0142a pewne wyjazdowe zwyci\u0119stwo nad Cyklonem Rogo\u017anik 5:2 (2:1). Mimo falstartu podopieczni trenera Tomasza Nowaka szybko odzyskali r\u00f3wnowag\u0119 i przej\u0119li inicjatyw\u0119, kontroluj\u0105c przebieg tego spotkania. Z ka\u017cd\u0105 minut\u0105 b\u0119dzinianie prezentowali si\u0119 coraz lepiej, co prze\u0142o\u017cy\u0142o si\u0119 na wysok\u0105 wygran\u0105. Jednym z bohater\u00f3w meczu by\u0142 Mateusz Popczyk,...\" \/>\n<meta property=\"og:url\" content=\"https:\/\/sarmacjabedzin.pl\/index.php\/2026\/03\/23\/pomeczowa-wypowiedz-mateusza-popczyka\/\" \/>\n<meta property=\"og:site_name\" content=\"BKS Sarmacja B\u0119dzin\" \/>\n<meta property=\"article:publisher\" content=\"https:\/\/www.facebook.com\/SarmacjaBedzin\" \/>\n<meta property=\"article:published_time\" content=\"2026-03-23T14:57:24+00:00\" \/>\n<meta property=\"article:modified_time\" content=\"2026-03-23T15:08:05+00:00\" \/>\n<meta property=\"og:image\" content=\"http:\/\/sarmacjabedzin.pl\/wp-content\/uploads\/2026\/03\/DAN_7813.jpg\" \/>\n\t<meta property=\"og:image:width\" content=\"2048\" \/>\n\t<meta property=\"og:image:height\" content=\"1365\" \/>\n\t<meta property=\"og:image:type\" content=\"image\/jpeg\" \/>\n<meta name=\"author\" content=\"tyrtak\" \/>\n<meta name=\"twitter:card\" content=\"summary_large_image\" \/>\n<meta name=\"twitter:label1\" content=\"Napisane przez\" \/>\n\t<meta name=\"twitter:data1\" content=\"tyrtak\" \/>\n\t<meta name=\"twitter:label2\" content=\"Szacowany czas czytania\" \/>\n\t<meta name=\"twitter:data2\" content=\"2 minuty\" \/>\n<script type=\"application\/ld+json\" class=\"yoast-schema-graph\">{\"@context\":\"https:\/\/schema.org\",\"@graph\":[{\"@type\":\"WebPage\",\"@id\":\"https:\/\/sarmacjabedzin.pl\/index.php\/2026\/03\/23\/pomeczowa-wypowiedz-mateusza-popczyka\/\",\"url\":\"https:\/\/sarmacjabedzin.pl\/index.php\/2026\/03\/23\/pomeczowa-wypowiedz-mateusza-popczyka\/\",\"name\":\"Pomeczowa wypowied\u017a Mateusza Popczyka | BKS Sarmacja B\u0119dzin\",\"isPartOf\":{\"@id\":\"https:\/\/sarmacjabedzin.pl\/#website\"},\"primaryImageOfPage\":{\"@id\":\"https:\/\/sarmacjabedzin.pl\/index.php\/2026\/03\/23\/pomeczowa-wypowiedz-mateusza-popczyka\/#primaryimage\"},\"image\":{\"@id\":\"https:\/\/sarmacjabedzin.pl\/index.php\/2026\/03\/23\/pomeczowa-wypowiedz-mateusza-popczyka\/#primaryimage\"},\"thumbnailUrl\":\"https:\/\/sarmacjabedzin.pl\/wp-content\/uploads\/2026\/03\/DAN_7813.jpg\",\"datePublished\":\"2026-03-23T14:57:24+00:00\",\"dateModified\":\"2026-03-23T15:08:05+00:00\",\"author\":{\"@id\":\"https:\/\/sarmacjabedzin.pl\/#\/schema\/person\/5417ea7b03bcd9adf58298a2265ce03a\"},\"breadcrumb\":{\"@id\":\"https:\/\/sarmacjabedzin.pl\/index.php\/2026\/03\/23\/pomeczowa-wypowiedz-mateusza-popczyka\/#breadcrumb\"},\"inLanguage\":\"pl-PL\",\"potentialAction\":[{\"@type\":\"ReadAction\",\"target\":[\"https:\/\/sarmacjabedzin.pl\/index.php\/2026\/03\/23\/pomeczowa-wypowiedz-mateusza-popczyka\/\"]}]},{\"@type\":\"ImageObject\",\"inLanguage\":\"pl-PL\",\"@id\":\"https:\/\/sarmacjabedzin.pl\/index.php\/2026\/03\/23\/pomeczowa-wypowiedz-mateusza-popczyka\/#primaryimage\",\"url\":\"https:\/\/sarmacjabedzin.pl\/wp-content\/uploads\/2026\/03\/DAN_7813.jpg\",\"contentUrl\":\"https:\/\/sarmacjabedzin.pl\/wp-content\/uploads\/2026\/03\/DAN_7813.jpg\",\"width\":2048,\"height\":1365},{\"@type\":\"BreadcrumbList\",\"@id\":\"https:\/\/sarmacjabedzin.pl\/index.php\/2026\/03\/23\/pomeczowa-wypowiedz-mateusza-popczyka\/#breadcrumb\",\"itemListElement\":[{\"@type\":\"ListItem\",\"position\":1,\"name\":\"Strona g\u0142\u00f3wna\",\"item\":\"https:\/\/sarmacjabedzin.pl\/\"},{\"@type\":\"ListItem\",\"position\":2,\"name\":\"Pomeczowa wypowied\u017a Mateusza Popczyka\"}]},{\"@type\":\"WebSite\",\"@id\":\"https:\/\/sarmacjabedzin.pl\/#website\",\"url\":\"https:\/\/sarmacjabedzin.pl\/\",\"name\":\"BKS Sarmacja B\u0119dzin \u2013 Nieoficjalny serwis\",\"description\":\"Nieoficjalny serwis B\u0119dzi\u0144skiego Klubu Sportowego &quot;Sarmacja&quot;\",\"potentialAction\":[{\"@type\":\"SearchAction\",\"target\":{\"@type\":\"EntryPoint\",\"urlTemplate\":\"https:\/\/sarmacjabedzin.pl\/?s={search_term_string}\"},\"query-input\":{\"@type\":\"PropertyValueSpecification\",\"valueRequired\":true,\"valueName\":\"search_term_string\"}}],\"inLanguage\":\"pl-PL\"},{\"@type\":\"Person\",\"@id\":\"https:\/\/sarmacjabedzin.pl\/#\/schema\/person\/5417ea7b03bcd9adf58298a2265ce03a\",\"name\":\"tyrtak\",\"image\":{\"@type\":\"ImageObject\",\"inLanguage\":\"pl-PL\",\"@id\":\"https:\/\/sarmacjabedzin.pl\/#\/schema\/person\/image\/\",\"url\":\"https:\/\/secure.gravatar.com\/avatar\/49b7734c6795cf524710e96813a9fedc1ae3816e479d92490236b4cfc47a5ae1?s=96&d=mm&r=g\",\"contentUrl\":\"https:\/\/secure.gravatar.com\/avatar\/49b7734c6795cf524710e96813a9fedc1ae3816e479d92490236b4cfc47a5ae1?s=96&d=mm&r=g\",\"caption\":\"tyrtak\"}}]}<\/script>\n<!-- \/ Yoast SEO plugin. -->","yoast_head_json":{"title":"Pomeczowa wypowied\u017a Mateusza Popczyka | BKS Sarmacja B\u0119dzin","robots":{"index":"index","follow":"follow","max-snippet":"max-snippet:-1","max-image-preview":"max-image-preview:large","max-video-preview":"max-video-preview:-1"},"canonical":"https:\/\/sarmacjabedzin.pl\/index.php\/2026\/03\/23\/pomeczowa-wypowiedz-mateusza-popczyka\/","og_locale":"pl_PL","og_type":"article","og_title":"Pomeczowa wypowied\u017a Mateusza Popczyka | BKS Sarmacja B\u0119dzin","og_description":"W drugiej kolejce rundy wiosennej sezonu 2025\/2026 Sarmacja B\u0119dzin odnios\u0142a pewne wyjazdowe zwyci\u0119stwo nad Cyklonem Rogo\u017anik 5:2 (2:1). Mimo falstartu podopieczni trenera Tomasza Nowaka szybko odzyskali r\u00f3wnowag\u0119 i przej\u0119li inicjatyw\u0119, kontroluj\u0105c przebieg tego spotkania. Z ka\u017cd\u0105 minut\u0105 b\u0119dzinianie prezentowali si\u0119 coraz lepiej, co prze\u0142o\u017cy\u0142o si\u0119 na wysok\u0105 wygran\u0105. Jednym z bohater\u00f3w meczu by\u0142 Mateusz Popczyk,...","og_url":"https:\/\/sarmacjabedzin.pl\/index.php\/2026\/03\/23\/pomeczowa-wypowiedz-mateusza-popczyka\/","og_site_name":"BKS Sarmacja B\u0119dzin","article_publisher":"https:\/\/www.facebook.com\/SarmacjaBedzin","article_published_time":"2026-03-23T14:57:24+00:00","article_modified_time":"2026-03-23T15:08:05+00:00","og_image":[{"width":2048,"height":1365,"url":"http:\/\/sarmacjabedzin.pl\/wp-content\/uploads\/2026\/03\/DAN_7813.jpg","type":"image\/jpeg"}],"author":"tyrtak","twitter_card":"summary_large_image","twitter_misc":{"Napisane przez":"tyrtak","Szacowany czas czytania":"2 minuty"},"schema":{"@context":"https:\/\/schema.org","@graph":[{"@type":"WebPage","@id":"https:\/\/sarmacjabedzin.pl\/index.php\/2026\/03\/23\/pomeczowa-wypowiedz-mateusza-popczyka\/","url":"https:\/\/sarmacjabedzin.pl\/index.php\/2026\/03\/23\/pomeczowa-wypowiedz-mateusza-popczyka\/","name":"Pomeczowa wypowied\u017a Mateusza Popczyka | BKS Sarmacja B\u0119dzin","isPartOf":{"@id":"https:\/\/sarmacjabedzin.pl\/#website"},"primaryImageOfPage":{"@id":"https:\/\/sarmacjabedzin.pl\/index.php\/2026\/03\/23\/pomeczowa-wypowiedz-mateusza-popczyka\/#primaryimage"},"image":{"@id":"https:\/\/sarmacjabedzin.pl\/index.php\/2026\/03\/23\/pomeczowa-wypowiedz-mateusza-popczyka\/#primaryimage"},"thumbnailUrl":"https:\/\/sarmacjabedzin.pl\/wp-content\/uploads\/2026\/03\/DAN_7813.jpg","datePublished":"2026-03-23T14:57:24+00:00","dateModified":"2026-03-23T15:08:05+00:00","author":{"@id":"https:\/\/sarmacjabedzin.pl\/#\/schema\/person\/5417ea7b03bcd9adf58298a2265ce03a"},"breadcrumb":{"@id":"https:\/\/sarmacjabedzin.pl\/index.php\/2026\/03\/23\/pomeczowa-wypowiedz-mateusza-popczyka\/#breadcrumb"},"inLanguage":"pl-PL","potentialAction":[{"@type":"ReadAction","target":["https:\/\/sarmacjabedzin.pl\/index.php\/2026\/03\/23\/pomeczowa-wypowiedz-mateusza-popczyka\/"]}]},{"@type":"ImageObject","inLanguage":"pl-PL","@id":"https:\/\/sarmacjabedzin.pl\/index.php\/2026\/03\/23\/pomeczowa-wypowiedz-mateusza-popczyka\/#primaryimage","url":"https:\/\/sarmacjabedzin.pl\/wp-content\/uploads\/2026\/03\/DAN_7813.jpg","contentUrl":"https:\/\/sarmacjabedzin.pl\/wp-content\/uploads\/2026\/03\/DAN_7813.jpg","width":2048,"height":1365},{"@type":"BreadcrumbList","@id":"https:\/\/sarmacjabedzin.pl\/index.php\/2026\/03\/23\/pomeczowa-wypowiedz-mateusza-popczyka\/#breadcrumb","itemListElement":[{"@type":"ListItem","position":1,"name":"Strona g\u0142\u00f3wna","item":"https:\/\/sarmacjabedzin.pl\/"},{"@type":"ListItem","position":2,"name":"Pomeczowa wypowied\u017a Mateusza Popczyka"}]},{"@type":"WebSite","@id":"https:\/\/sarmacjabedzin.pl\/#website","url":"https:\/\/sarmacjabedzin.pl\/","name":"BKS Sarmacja B\u0119dzin \u2013 Nieoficjalny serwis","description":"Nieoficjalny serwis B\u0119dzi\u0144skiego Klubu Sportowego &quot;Sarmacja&quot;","potentialAction":[{"@type":"SearchAction","target":{"@type":"EntryPoint","urlTemplate":"https:\/\/sarmacjabedzin.pl\/?s={search_term_string}"},"query-input":{"@type":"PropertyValueSpecification","valueRequired":true,"valueName":"search_term_string"}}],"inLanguage":"pl-PL"},{"@type":"Person","@id":"https:\/\/sarmacjabedzin.pl\/#\/schema\/person\/5417ea7b03bcd9adf58298a2265ce03a","name":"tyrtak","image":{"@type":"ImageObject","inLanguage":"pl-PL","@id":"https:\/\/sarmacjabedzin.pl\/#\/schema\/person\/image\/","url":"https:\/\/secure.gravatar.com\/avatar\/49b7734c6795cf524710e96813a9fedc1ae3816e479d92490236b4cfc47a5ae1?s=96&d=mm&r=g","contentUrl":"https:\/\/secure.gravatar.com\/avatar\/49b7734c6795cf524710e96813a9fedc1ae3816e479d92490236b4cfc47a5ae1?s=96&d=mm&r=g","caption":"tyrtak"}}]}},"rttpg_featured_image_url":{"full":["https:\/\/sarmacjabedzin.pl\/wp-content\/uploads\/2026\/03\/DAN_7813.jpg",2048,1365,false],"landscape":["https:\/\/sarmacjabedzin.pl\/wp-content\/uploads\/2026\/03\/DAN_7813.jpg",2048,1365,false],"portraits":["https:\/\/sarmacjabedzin.pl\/wp-content\/uploads\/2026\/03\/DAN_7813.jpg",2048,1365,false],"thumbnail":["https:\/\/sarmacjabedzin.pl\/wp-content\/uploads\/2026\/03\/DAN_7813.jpg",150,100,false],"medium":["https:\/\/sarmacjabedzin.pl\/wp-content\/uploads\/2026\/03\/DAN_7813.jpg",300,200,false],"large":["https:\/\/sarmacjabedzin.pl\/wp-content\/uploads\/2026\/03\/DAN_7813.jpg",1024,683,false],"1536x1536":["https:\/\/sarmacjabedzin.pl\/wp-content\/uploads\/2026\/03\/DAN_7813.jpg",1536,1024,false],"2048x2048":["https:\/\/sarmacjabedzin.pl\/wp-content\/uploads\/2026\/03\/DAN_7813.jpg",2048,1365,false],"sportspress-crop-medium":["https:\/\/sarmacjabedzin.pl\/wp-content\/uploads\/2026\/03\/DAN_7813.jpg",300,200,false],"sportspress-fit-medium":["https:\/\/sarmacjabedzin.pl\/wp-content\/uploads\/2026\/03\/DAN_7813.jpg",300,200,false],"sportspress-fit-icon":["https:\/\/sarmacjabedzin.pl\/wp-content\/uploads\/2026\/03\/DAN_7813.jpg",128,85,false],"sportspress-fit-mini":["https:\/\/sarmacjabedzin.pl\/wp-content\/uploads\/2026\/03\/DAN_7813.jpg",32,21,false],"ultp_layout_landscape_large":["https:\/\/sarmacjabedzin.pl\/wp-content\/uploads\/2026\/03\/DAN_7813.jpg",1200,800,false],"ultp_layout_landscape":["https:\/\/sarmacjabedzin.pl\/wp-content\/uploads\/2026\/03\/DAN_7813.jpg",855,570,false],"ultp_layout_portrait":["https:\/\/sarmacjabedzin.pl\/wp-content\/uploads\/2026\/03\/DAN_7813.jpg",600,400,false],"ultp_layout_square":["https:\/\/sarmacjabedzin.pl\/wp-content\/uploads\/2026\/03\/DAN_7813.jpg",600,400,false],"stm-1140-666":["https:\/\/sarmacjabedzin.pl\/wp-content\/uploads\/2026\/03\/DAN_7813.jpg",999,666,false],"stm-1170-650":["https:\/\/sarmacjabedzin.pl\/wp-content\/uploads\/2026\/03\/DAN_7813.jpg",975,650,false],"stm-570-350":["https:\/\/sarmacjabedzin.pl\/wp-content\/uploads\/2026\/03\/DAN_7813.jpg",525,350,false],"stm-570-250":["https:\/\/sarmacjabedzin.pl\/wp-content\/uploads\/2026\/03\/DAN_7813.jpg",375,250,false],"stm-270-370":["https:\/\/sarmacjabedzin.pl\/wp-content\/uploads\/2026\/03\/DAN_7813.jpg",270,180,false],"stm-540-500":["https:\/\/sarmacjabedzin.pl\/wp-content\/uploads\/2026\/03\/DAN_7813.jpg",540,360,false],"stm-270-530":["https:\/\/sarmacjabedzin.pl\/wp-content\/uploads\/2026\/03\/DAN_7813.jpg",270,180,false],"stm-200-200":["https:\/\/sarmacjabedzin.pl\/wp-content\/uploads\/2026\/03\/DAN_7813.jpg",200,133,false],"stm-85-105":["https:\/\/sarmacjabedzin.pl\/wp-content\/uploads\/2026\/03\/DAN_7813.jpg",85,57,false],"stm-255-255":["https:\/\/sarmacjabedzin.pl\/wp-content\/uploads\/2026\/03\/DAN_7813.jpg",255,170,false],"stm-360-240":["https:\/\/sarmacjabedzin.pl\/wp-content\/uploads\/2026\/03\/DAN_7813.jpg",360,240,false],"stm-360-495":["https:\/\/sarmacjabedzin.pl\/wp-content\/uploads\/2026\/03\/DAN_7813.jpg",360,240,false],"stm-445-400":["https:\/\/sarmacjabedzin.pl\/wp-content\/uploads\/2026\/03\/DAN_7813.jpg",445,297,false],"stm-735-240":["https:\/\/sarmacjabedzin.pl\/wp-content\/uploads\/2026\/03\/DAN_7813.jpg",360,240,false],"stm-255-183":["https:\/\/sarmacjabedzin.pl\/wp-content\/uploads\/2026\/03\/DAN_7813.jpg",255,170,false],"stm-350-250":["https:\/\/sarmacjabedzin.pl\/wp-content\/uploads\/2026\/03\/DAN_7813.jpg",350,233,false],"blog_list":["https:\/\/sarmacjabedzin.pl\/wp-content\/uploads\/2026\/03\/DAN_7813.jpg",270,180,false],"blog_list_medium":["https:\/\/sarmacjabedzin.pl\/wp-content\/uploads\/2026\/03\/DAN_7813.jpg",390,260,false],"gallery_thumbnail":["https:\/\/sarmacjabedzin.pl\/wp-content\/uploads\/2026\/03\/DAN_7813.jpg",80,53,false],"gallery_image":["https:\/\/sarmacjabedzin.pl\/wp-content\/uploads\/2026\/03\/DAN_7813.jpg",551,367,false],"gallery_image_mini":["https:\/\/sarmacjabedzin.pl\/wp-content\/uploads\/2026\/03\/DAN_7813.jpg",143,95,false],"player_photo":["https:\/\/sarmacjabedzin.pl\/wp-content\/uploads\/2026\/03\/DAN_7813.jpg",740,493,false],"team_logo":["https:\/\/sarmacjabedzin.pl\/wp-content\/uploads\/2026\/03\/DAN_7813.jpg",98,65,false],"player_stat_ava":["https:\/\/sarmacjabedzin.pl\/wp-content\/uploads\/2026\/03\/DAN_7813.jpg",550,367,false],"post-350-220":["https:\/\/sarmacjabedzin.pl\/wp-content\/uploads\/2026\/03\/DAN_7813.jpg",330,220,false],"post-275-142":["https:\/\/sarmacjabedzin.pl\/wp-content\/uploads\/2026\/03\/DAN_7813.jpg",213,142,false],"post-160-120":["https:\/\/sarmacjabedzin.pl\/wp-content\/uploads\/2026\/03\/DAN_7813.jpg",160,107,false],"post-110-70":["https:\/\/sarmacjabedzin.pl\/wp-content\/uploads\/2026\/03\/DAN_7813.jpg",105,70,false],"post-770-450":["https:\/\/sarmacjabedzin.pl\/wp-content\/uploads\/2026\/03\/DAN_7813.jpg",675,450,false],"post-370-210":["https:\/\/sarmacjabedzin.pl\/wp-content\/uploads\/2026\/03\/DAN_7813.jpg",315,210,false],"post-457-470":["https:\/\/sarmacjabedzin.pl\/wp-content\/uploads\/2026\/03\/DAN_7813.jpg",457,305,false],"post-370-420":["https:\/\/sarmacjabedzin.pl\/wp-content\/uploads\/2026\/03\/DAN_7813.jpg",370,247,false],"stm-445-445":["https:\/\/sarmacjabedzin.pl\/wp-content\/uploads\/2026\/03\/DAN_7813.jpg",445,297,false],"stm-555-460":["https:\/\/sarmacjabedzin.pl\/wp-content\/uploads\/2026\/03\/DAN_7813.jpg",555,370,false],"stm-350-450":["https:\/\/sarmacjabedzin.pl\/wp-content\/uploads\/2026\/03\/DAN_7813.jpg",350,233,false],"stm-720-440":["https:\/\/sarmacjabedzin.pl\/wp-content\/uploads\/2026\/03\/DAN_7813.jpg",660,440,false],"stm-270-270":["https:\/\/sarmacjabedzin.pl\/wp-content\/uploads\/2026\/03\/DAN_7813.jpg",270,180,false],"stm-760-450":["https:\/\/sarmacjabedzin.pl\/wp-content\/uploads\/2026\/03\/DAN_7813.jpg",675,450,false]},"rttpg_author":{"display_name":"tyrtak","author_link":false},"rttpg_comment":0,"rttpg_category":"<a href=\"https:\/\/sarmacjabedzin.pl\/index.php\/category\/soccer\/\" rel=\"category tag\">Liga<\/a> <a href=\"https:\/\/sarmacjabedzin.pl\/index.php\/category\/soccer\/wypowiedz\/\" rel=\"category tag\">Wypowied\u017a<\/a>","rttpg_excerpt":"W drugiej kolejce rundy wiosennej sezonu 2025\/2026 Sarmacja B\u0119dzin odnios\u0142a pewne wyjazdowe zwyci\u0119stwo nad Cyklonem Rogo\u017anik 5:2 (2:1). Mimo falstartu podopieczni trenera Tomasza Nowaka szybko odzyskali r\u00f3wnowag\u0119 i przej\u0119li inicjatyw\u0119, kontroluj\u0105c przebieg tego spotkania. Z ka\u017cd\u0105 minut\u0105 b\u0119dzinianie prezentowali si\u0119 coraz lepiej, co prze\u0142o\u017cy\u0142o si\u0119 na wysok\u0105 wygran\u0105. Jednym z bohater\u00f3w meczu by\u0142 Mateusz Popczyk,...","_links":{"self":[{"href":"https:\/\/sarmacjabedzin.pl\/index.php\/wp-json\/wp\/v2\/posts\/9951","targetHints":{"allow":["GET"]}}],"collection":[{"href":"https:\/\/sarmacjabedzin.pl\/index.php\/wp-json\/wp\/v2\/posts"}],"about":[{"href":"https:\/\/sarmacjabedzin.pl\/index.php\/wp-json\/wp\/v2\/types\/post"}],"author":[{"embeddable":true,"href":"https:\/\/sarmacjabedzin.pl\/index.php\/wp-json\/wp\/v2\/users\/1"}],"replies":[{"embeddable":true,"href":"https:\/\/sarmacjabedzin.pl\/index.php\/wp-json\/wp\/v2\/comments?post=9951"}],"version-history":[{"count":4,"href":"https:\/\/sarmacjabedzin.pl\/index.php\/wp-json\/wp\/v2\/posts\/9951\/revisions"}],"predecessor-version":[{"id":9958,"href":"https:\/\/sarmacjabedzin.pl\/index.php\/wp-json\/wp\/v2\/posts\/9951\/revisions\/9958"}],"wp:featuredmedia":[{"embeddable":true,"href":"https:\/\/sarmacjabedzin.pl\/index.php\/wp-json\/wp\/v2\/media\/9952"}],"wp:attachment":[{"href":"https:\/\/sarmacjabedzin.pl\/index.php\/wp-json\/wp\/v2\/media?parent=9951"}],"wp:term":[{"taxonomy":"category","embeddable":true,"href":"https:\/\/sarmacjabedzin.pl\/index.php\/wp-json\/wp\/v2\/categories?post=9951"},{"taxonomy":"post_tag","embeddable":true,"href":"https:\/\/sarmacjabedzin.pl\/index.php\/wp-json\/wp\/v2\/tags?post=9951"}],"curies":[{"name":"wp","href":"https:\/\/api.w.org\/{rel}","templated":true}]}}