{"id":9964,"date":"2026-03-28T15:33:21","date_gmt":"2026-03-28T14:33:21","guid":{"rendered":"https:\/\/sarmacjabedzin.pl\/?p=9964"},"modified":"2026-03-28T15:41:38","modified_gmt":"2026-03-28T14:41:38","slug":"festiwal-bramek-w-bedzinie","status":"publish","type":"post","link":"https:\/\/sarmacjabedzin.pl\/index.php\/2026\/03\/28\/festiwal-bramek-w-bedzinie\/","title":{"rendered":"Festiwal bramek w B\u0119dzinie!"},"content":{"rendered":"<p data-start=\"93\" data-end=\"283\"><strong data-start=\"93\" data-end=\"142\">W sobot\u0119, 28 marca 2026 roku o godzinie 11:00<\/strong>, pi\u0142karze Sarmacji B\u0119dzin rozegrali na w\u0142asnym stadionie spotkanie 18 kolejki ligowej, w kt\u00f3rym zmierzyli si\u0119 z dru\u017cyn\u0105 G\u00f3rnika Sosnowiec.<\/p>\n<p data-start=\"285\" data-end=\"432\">Go\u015bcie z dorobkiem 11 punkt\u00f3w zajmowali 14 miejsce w tabeli, natomiast b\u0119dzinianie, zasiadaj\u0105cy na fotelu lidera, mi\u0119li na swoim koncie 42 oczka.<\/p>\n<p data-start=\"434\" data-end=\"669\">W ostatniej kolejce ligowej G\u00f3rnik sprawi\u0142 swoim kibicom mi\u0142\u0105 niespodziank\u0119, pokonuj\u0105c na w\u0142asnym boisku Wawel Wirek 1:0. Z kolei Sarmaci potwierdzili swoj\u0105 wysok\u0105 form\u0119, odnosz\u0105c pewne wyjazdowe zwyci\u0119stwo nad Cyklonem Rogo\u017anik 5:2.<\/p>\n<p data-start=\"671\" data-end=\"900\">Jesieni\u0105, w meczu rozegranym na terenie G\u00f3rnika Sosnowiec, b\u0119dzinianie nie dali rywalom \u017cadnych szans, wygrywaj\u0105c a\u017c 6:0. Na list\u0119 strzelc\u00f3w wpisali si\u0119 w\u00f3wczas: dwukrotnie Nowak, a tak\u017ce Sych, Jasi\u0144ski, Kaczmarek oraz Popczyk.<\/p>\n<p data-start=\"902\" data-end=\"987\">Go\u015bcie, podbudowani ostatnim zwyci\u0119stwem ligowym, liczyli na kolejn\u0105 niespodziank\u0119.<\/p>\n<p data-start=\"989\" data-end=\"1286\">Pi\u0142karze obu dru\u017cyn wyszli na muraw\u0119 w towarzystwie m\u0142odzik\u00f3w, przy akompaniamencie nowego hymnu Sarmacji. Ju\u017c w 1. minucie Hubert Sych ostemplowa\u0142 poprzeczk\u0119. Dwie minuty p\u00f3\u017aniej ten sam zawodnik dogra\u0142 do Mateusza Popczyka, kt\u00f3ry min\u0105\u0142 bramkarza, lecz spud\u0142owa\u0142, maj\u0105c przed sob\u0105 pust\u0105 bramk\u0119.<\/p>\n<p data-start=\"1288\" data-end=\"1531\">W 10. minucie ponownie poprzeczka uratowa\u0142a go\u015bci \u2014 tym razem po strzale Macieja Widurskiego. Chwil\u0119 p\u00f3\u017aniej pi\u0142ka przelecia\u0142a nad bramk\u0105 Sarmacji. W 16. minucie gro\u017an\u0105 sytuacj\u0119 stworzyli zawodnicy z Zag\u00f3rza, jednak futbol\u00f3wka min\u0119\u0142a s\u0142upek.<\/p>\n<p data-start=\"1533\" data-end=\"1677\">Dwie minuty p\u00f3\u017aniej po g\u0142\u00f3wce Mateusza Popka pi\u0142ka przelecia\u0142a nad poprzeczk\u0105, a w 21. minucie Kacper Jasi\u0144ski uderzy\u0142 z dystansu obok s\u0142upka.<\/p>\n<p data-start=\"1679\" data-end=\"1963\">Gospodarze d\u0142ugo nie mogli znale\u017a\u0107 sposobu na sforsowanie defensywy G\u00f3rnika. Prze\u0142amanie nast\u0105pi\u0142o w 26. minucie, kiedy w polu karnym sfaulowany zosta\u0142 Maciej Widurski. Rzut karny pewnie wykorzysta\u0142 Kacper Jasi\u0144ski, rehabilituj\u0105c si\u0119 za niewykorzystan\u0105 \u201ejedenastk\u0119\u201d sprzed tygodnia.<\/p>\n<p data-start=\"1965\" data-end=\"2104\">Zaledwie dwie minuty p\u00f3\u017aniej by\u0142o ju\u017c 2:0. Jasi\u0144ski \u015bwietnie poda\u0142 do Marka Kocota, kt\u00f3ry nie zmarnowa\u0142 sytuacji sam na sam z bramkarzem.<\/p>\n<p data-start=\"2106\" data-end=\"2216\">W 32. minucie Sarmacja prowadzi\u0142a ju\u017c 3:0 \u2014 ponownie asystowa\u0142 Jasi\u0144ski, a do siatki trafi\u0142 Mateusz Popczyk.<\/p>\n<p data-start=\"2218\" data-end=\"2454\">Tu\u017c przed przerw\u0105 bliski podwy\u017cszenia wyniku by\u0142 jeszcze \u0141ukasz Habrat, lecz bramkarz go\u015bci popisa\u0142 si\u0119 znakomit\u0105 interwencj\u0105. W ko\u0144c\u00f3wce pierwszej po\u0142owy swoje okazje mieli jeszcze Jasi\u0144ski i Kocot, jednak obaj nie trafili do siatki.<\/p>\n<p data-start=\"2456\" data-end=\"2504\"><strong data-start=\"2456\" data-end=\"2502\">Do przerwy Sarmacja prowadzi\u0142a pewnie 3:0.<\/strong><\/p>\n<p data-start=\"2506\" data-end=\"2675\">Drug\u0105 po\u0142ow\u0119 gospodarze rozpocz\u0119li r\u00f3wnie ofensywnie. W 51. minucie po do\u015brodkowaniu Daniela Kami\u0144skiego z rzutu ro\u017cnego Oliwer Zalewski g\u0142ow\u0105 podwy\u017cszy\u0142 wynik na 4:0.<\/p>\n<p data-start=\"2677\" data-end=\"2779\">Dziewi\u0119\u0107 minut p\u00f3\u017aniej Kami\u0144ski sam wpisa\u0142 si\u0119 na list\u0119 strzelc\u00f3w efektownym uderzeniem z p\u00f3\u0142obrotu.<\/p>\n<p data-start=\"2781\" data-end=\"2903\">W 70. minucie by\u0142o ju\u017c 6:0 \u2014 ponownie po rzucie ro\u017cnym Kami\u0144skiego, tym razem skutecznie wyko\u0144czonym przez Marka Kocota.<\/p>\n<p data-start=\"2905\" data-end=\"3020\">Minut\u0119 p\u00f3\u017aniej kapitan Sarmacji skompletowa\u0142 hat-tricka, dobijaj\u0105c pi\u0142k\u0119 po strzale Oliwera Zalewskiego w s\u0142upek.<\/p>\n<p data-start=\"3022\" data-end=\"3248\">Do ko\u0144ca spotkania gospodarze kontrolowali przebieg gry, cho\u0107 nie brakowa\u0142o kolejnych okazji. Blisko gola by\u0142 m.in. Kami\u0144ski po efektownym uderzeniu w 74. minucie, a w 76. minucie poprzeczka uratowa\u0142a go\u015bci po rzucie wolnym.<\/p>\n<p data-start=\"3250\" data-end=\"3447\"><strong data-start=\"3250\" data-end=\"3309\">Ostatecznie Sarmacja odnios\u0142a efektowne zwyci\u0119stwo 7:0.<\/strong> Mimo mro\u017anej pogody na trybunach panowa\u0142a znakomita atmosfera, a kibice mogli ogl\u0105da\u0107 prawdziwy festiwal ofensywnej gry swojej dru\u017cyny.<\/p>\n<p data-start=\"3449\" data-end=\"3616\">Dzi\u0119ki tej wygranej oraz pora\u017cce wicelidera G\u00f3rnika Piaski z Wart\u0105 Zawiercie (1:3), Sarmacja umocni\u0142a si\u0119 na pozycji lidera, zwi\u0119kszaj\u0105c przewag\u0119 do sze\u015bciu punkt\u00f3w.<\/p>\n<p data-start=\"3618\" data-end=\"3783\">Ju\u017c za tydzie\u0144 lider zmierzy si\u0119 na wyje\u017adzie ze Slavi\u0105 Ruda \u015al\u0105ska, kt\u00f3ra w tej kolejce pokona\u0142a Cyklon Rogo\u017anik 4:2. Sarmacja pojedzie tam po kolejne zwyci\u0119stwo.<\/p>\n<h3 data-start=\"3790\" data-end=\"3840\"><strong data-start=\"3790\" data-end=\"3838\">Sarmacja B\u0119dzin \u2013 G\u00f3rnik Sosnowiec 7:0 (3:0)<\/strong><\/h3>\n<p data-start=\"3842\" data-end=\"3944\"><strong data-start=\"3842\" data-end=\"3853\">Bramki:<\/strong><br data-start=\"3853\" data-end=\"3856\" \/>27&#8242; (k) Jasi\u0144ski<br data-start=\"3872\" data-end=\"3875\" \/>29&#8242;, 70&#8242;, 71&#8242; Kocot<br data-start=\"3894\" data-end=\"3897\" \/>32&#8242; Popczyk<br data-start=\"3908\" data-end=\"3911\" \/>51&#8242; (g) Zalewski<br data-start=\"3927\" data-end=\"3930\" \/>61&#8242; Kami\u0144ski<\/p>\n<p data-start=\"3946\" data-end=\"3976\"><strong data-start=\"3946\" data-end=\"3963\">\u017b\u00f3\u0142te kartki:<\/strong><br data-start=\"3963\" data-end=\"3966\" \/>44&#8242; Sych<\/p>\n<p data-start=\"3978\" data-end=\"4201\"><strong data-start=\"3978\" data-end=\"3998\">Sarmacja B\u0119dzin:<\/strong><br data-start=\"3998\" data-end=\"4001\" \/>Dawid \u2013 Dul (60&#8242; Rumi\u0144ski), Habrat (70&#8242; Hajdara), Wnuk, Kami\u0144ski, Sych (60&#8242; G\u00f3ral), Nowak, Widurski (46&#8242; Zalewski), Kocot, Jasi\u0144ski (60&#8242; Kasprzyk), Popczyk (46&#8242; Samborski).<\/p>\n<p data-start=\"3978\" data-end=\"4201\"><strong data-start=\"4174\" data-end=\"4185\">Trener:<\/strong> Tomasz Nowak.<\/p>\n<p data-start=\"3978\" data-end=\"4201\"><a href=\"http:\/\/sarmacjabedzin.pl\/wp-content\/uploads\/2026\/03\/Go\u0301rnik-social-wynik.jpg\"><img loading=\"lazy\" decoding=\"async\" class=\"aligncenter size-full wp-image-9966\" src=\"http:\/\/sarmacjabedzin.pl\/wp-content\/uploads\/2026\/03\/Go\u0301rnik-social-wynik.jpg\" alt=\"\" width=\"1080\" height=\"1350\" \/><\/a><\/p>\n","protected":false},"excerpt":{"rendered":"<p>W sobot\u0119, 28 marca 2026 roku o godzinie 11:00, pi\u0142karze Sarmacji B\u0119dzin rozegrali na w\u0142asnym stadionie spotkanie 18 kolejki ligowej, w kt\u00f3rym zmierzyli si\u0119 z dru\u017cyn\u0105 G\u00f3rnika Sosnowiec. Go\u015bcie z dorobkiem 11 punkt\u00f3w zajmowali 14 miejsce w tabeli, natomiast b\u0119dzinianie, zasiadaj\u0105cy na fotelu lidera, mi\u0119li na swoim koncie 42 oczka. W ostatniej kolejce ligowej G\u00f3rnik&#8230;<\/p>\n","protected":false},"author":1,"featured_media":9965,"comment_status":"closed","ping_status":"closed","sticky":false,"template":"","format":"standard","meta":{"footnotes":""},"categories":[64,142],"tags":[],"class_list":["post-9964","post","type-post","status-publish","format-standard","has-post-thumbnail","hentry","category-soccer","category-relacja-z-meczu"],"yoast_head":"<!-- This site is optimized with the Yoast SEO plugin v25.8 - https:\/\/yoast.com\/wordpress\/plugins\/seo\/ -->\n<title>Festiwal bramek w B\u0119dzinie! | BKS Sarmacja B\u0119dzin<\/title>\n<meta name=\"robots\" content=\"index, follow, max-snippet:-1, max-image-preview:large, max-video-preview:-1\" \/>\n<link rel=\"canonical\" href=\"https:\/\/sarmacjabedzin.pl\/index.php\/2026\/03\/28\/festiwal-bramek-w-bedzinie\/\" \/>\n<meta property=\"og:locale\" content=\"pl_PL\" \/>\n<meta property=\"og:type\" content=\"article\" \/>\n<meta property=\"og:title\" content=\"Festiwal bramek w B\u0119dzinie! | BKS Sarmacja B\u0119dzin\" \/>\n<meta property=\"og:description\" content=\"W sobot\u0119, 28 marca 2026 roku o godzinie 11:00, pi\u0142karze Sarmacji B\u0119dzin rozegrali na w\u0142asnym stadionie spotkanie 18 kolejki ligowej, w kt\u00f3rym zmierzyli si\u0119 z dru\u017cyn\u0105 G\u00f3rnika Sosnowiec. Go\u015bcie z dorobkiem 11 punkt\u00f3w zajmowali 14 miejsce w tabeli, natomiast b\u0119dzinianie, zasiadaj\u0105cy na fotelu lidera, mi\u0119li na swoim koncie 42 oczka. W ostatniej kolejce ligowej G\u00f3rnik...\" \/>\n<meta property=\"og:url\" content=\"https:\/\/sarmacjabedzin.pl\/index.php\/2026\/03\/28\/festiwal-bramek-w-bedzinie\/\" \/>\n<meta property=\"og:site_name\" content=\"BKS Sarmacja B\u0119dzin\" \/>\n<meta property=\"article:publisher\" content=\"https:\/\/www.facebook.com\/SarmacjaBedzin\" \/>\n<meta property=\"article:published_time\" content=\"2026-03-28T14:33:21+00:00\" \/>\n<meta property=\"article:modified_time\" content=\"2026-03-28T14:41:38+00:00\" \/>\n<meta property=\"og:image\" content=\"http:\/\/sarmacjabedzin.pl\/wp-content\/uploads\/2026\/03\/Go\u0301rnik-social-www.jpg\" \/>\n\t<meta property=\"og:image:width\" content=\"1920\" \/>\n\t<meta property=\"og:image:height\" content=\"1280\" \/>\n\t<meta property=\"og:image:type\" content=\"image\/jpeg\" \/>\n<meta name=\"author\" content=\"tyrtak\" \/>\n<meta name=\"twitter:card\" content=\"summary_large_image\" \/>\n<meta name=\"twitter:label1\" content=\"Napisane przez\" \/>\n\t<meta name=\"twitter:data1\" content=\"tyrtak\" \/>\n\t<meta name=\"twitter:label2\" content=\"Szacowany czas czytania\" \/>\n\t<meta name=\"twitter:data2\" content=\"4 minuty\" \/>\n<script type=\"application\/ld+json\" class=\"yoast-schema-graph\">{\"@context\":\"https:\/\/schema.org\",\"@graph\":[{\"@type\":\"WebPage\",\"@id\":\"https:\/\/sarmacjabedzin.pl\/index.php\/2026\/03\/28\/festiwal-bramek-w-bedzinie\/\",\"url\":\"https:\/\/sarmacjabedzin.pl\/index.php\/2026\/03\/28\/festiwal-bramek-w-bedzinie\/\",\"name\":\"Festiwal bramek w B\u0119dzinie! | BKS Sarmacja B\u0119dzin\",\"isPartOf\":{\"@id\":\"https:\/\/sarmacjabedzin.pl\/#website\"},\"primaryImageOfPage\":{\"@id\":\"https:\/\/sarmacjabedzin.pl\/index.php\/2026\/03\/28\/festiwal-bramek-w-bedzinie\/#primaryimage\"},\"image\":{\"@id\":\"https:\/\/sarmacjabedzin.pl\/index.php\/2026\/03\/28\/festiwal-bramek-w-bedzinie\/#primaryimage\"},\"thumbnailUrl\":\"https:\/\/sarmacjabedzin.pl\/wp-content\/uploads\/2026\/03\/Go\u0301rnik-social-www.jpg\",\"datePublished\":\"2026-03-28T14:33:21+00:00\",\"dateModified\":\"2026-03-28T14:41:38+00:00\",\"author\":{\"@id\":\"https:\/\/sarmacjabedzin.pl\/#\/schema\/person\/5417ea7b03bcd9adf58298a2265ce03a\"},\"breadcrumb\":{\"@id\":\"https:\/\/sarmacjabedzin.pl\/index.php\/2026\/03\/28\/festiwal-bramek-w-bedzinie\/#breadcrumb\"},\"inLanguage\":\"pl-PL\",\"potentialAction\":[{\"@type\":\"ReadAction\",\"target\":[\"https:\/\/sarmacjabedzin.pl\/index.php\/2026\/03\/28\/festiwal-bramek-w-bedzinie\/\"]}]},{\"@type\":\"ImageObject\",\"inLanguage\":\"pl-PL\",\"@id\":\"https:\/\/sarmacjabedzin.pl\/index.php\/2026\/03\/28\/festiwal-bramek-w-bedzinie\/#primaryimage\",\"url\":\"https:\/\/sarmacjabedzin.pl\/wp-content\/uploads\/2026\/03\/Go\u0301rnik-social-www.jpg\",\"contentUrl\":\"https:\/\/sarmacjabedzin.pl\/wp-content\/uploads\/2026\/03\/Go\u0301rnik-social-www.jpg\",\"width\":1920,\"height\":1280},{\"@type\":\"BreadcrumbList\",\"@id\":\"https:\/\/sarmacjabedzin.pl\/index.php\/2026\/03\/28\/festiwal-bramek-w-bedzinie\/#breadcrumb\",\"itemListElement\":[{\"@type\":\"ListItem\",\"position\":1,\"name\":\"Strona g\u0142\u00f3wna\",\"item\":\"https:\/\/sarmacjabedzin.pl\/\"},{\"@type\":\"ListItem\",\"position\":2,\"name\":\"Festiwal bramek w B\u0119dzinie!\"}]},{\"@type\":\"WebSite\",\"@id\":\"https:\/\/sarmacjabedzin.pl\/#website\",\"url\":\"https:\/\/sarmacjabedzin.pl\/\",\"name\":\"BKS Sarmacja B\u0119dzin \u2013 Nieoficjalny serwis\",\"description\":\"Nieoficjalny serwis B\u0119dzi\u0144skiego Klubu Sportowego &quot;Sarmacja&quot;\",\"potentialAction\":[{\"@type\":\"SearchAction\",\"target\":{\"@type\":\"EntryPoint\",\"urlTemplate\":\"https:\/\/sarmacjabedzin.pl\/?s={search_term_string}\"},\"query-input\":{\"@type\":\"PropertyValueSpecification\",\"valueRequired\":true,\"valueName\":\"search_term_string\"}}],\"inLanguage\":\"pl-PL\"},{\"@type\":\"Person\",\"@id\":\"https:\/\/sarmacjabedzin.pl\/#\/schema\/person\/5417ea7b03bcd9adf58298a2265ce03a\",\"name\":\"tyrtak\",\"image\":{\"@type\":\"ImageObject\",\"inLanguage\":\"pl-PL\",\"@id\":\"https:\/\/sarmacjabedzin.pl\/#\/schema\/person\/image\/\",\"url\":\"https:\/\/secure.gravatar.com\/avatar\/49b7734c6795cf524710e96813a9fedc1ae3816e479d92490236b4cfc47a5ae1?s=96&d=mm&r=g\",\"contentUrl\":\"https:\/\/secure.gravatar.com\/avatar\/49b7734c6795cf524710e96813a9fedc1ae3816e479d92490236b4cfc47a5ae1?s=96&d=mm&r=g\",\"caption\":\"tyrtak\"}}]}<\/script>\n<!-- \/ Yoast SEO plugin. -->","yoast_head_json":{"title":"Festiwal bramek w B\u0119dzinie! | BKS Sarmacja B\u0119dzin","robots":{"index":"index","follow":"follow","max-snippet":"max-snippet:-1","max-image-preview":"max-image-preview:large","max-video-preview":"max-video-preview:-1"},"canonical":"https:\/\/sarmacjabedzin.pl\/index.php\/2026\/03\/28\/festiwal-bramek-w-bedzinie\/","og_locale":"pl_PL","og_type":"article","og_title":"Festiwal bramek w B\u0119dzinie! | BKS Sarmacja B\u0119dzin","og_description":"W sobot\u0119, 28 marca 2026 roku o godzinie 11:00, pi\u0142karze Sarmacji B\u0119dzin rozegrali na w\u0142asnym stadionie spotkanie 18 kolejki ligowej, w kt\u00f3rym zmierzyli si\u0119 z dru\u017cyn\u0105 G\u00f3rnika Sosnowiec. Go\u015bcie z dorobkiem 11 punkt\u00f3w zajmowali 14 miejsce w tabeli, natomiast b\u0119dzinianie, zasiadaj\u0105cy na fotelu lidera, mi\u0119li na swoim koncie 42 oczka. W ostatniej kolejce ligowej G\u00f3rnik...","og_url":"https:\/\/sarmacjabedzin.pl\/index.php\/2026\/03\/28\/festiwal-bramek-w-bedzinie\/","og_site_name":"BKS Sarmacja B\u0119dzin","article_publisher":"https:\/\/www.facebook.com\/SarmacjaBedzin","article_published_time":"2026-03-28T14:33:21+00:00","article_modified_time":"2026-03-28T14:41:38+00:00","og_image":[{"width":1920,"height":1280,"url":"http:\/\/sarmacjabedzin.pl\/wp-content\/uploads\/2026\/03\/Go\u0301rnik-social-www.jpg","type":"image\/jpeg"}],"author":"tyrtak","twitter_card":"summary_large_image","twitter_misc":{"Napisane przez":"tyrtak","Szacowany czas czytania":"4 minuty"},"schema":{"@context":"https:\/\/schema.org","@graph":[{"@type":"WebPage","@id":"https:\/\/sarmacjabedzin.pl\/index.php\/2026\/03\/28\/festiwal-bramek-w-bedzinie\/","url":"https:\/\/sarmacjabedzin.pl\/index.php\/2026\/03\/28\/festiwal-bramek-w-bedzinie\/","name":"Festiwal bramek w B\u0119dzinie! | BKS Sarmacja B\u0119dzin","isPartOf":{"@id":"https:\/\/sarmacjabedzin.pl\/#website"},"primaryImageOfPage":{"@id":"https:\/\/sarmacjabedzin.pl\/index.php\/2026\/03\/28\/festiwal-bramek-w-bedzinie\/#primaryimage"},"image":{"@id":"https:\/\/sarmacjabedzin.pl\/index.php\/2026\/03\/28\/festiwal-bramek-w-bedzinie\/#primaryimage"},"thumbnailUrl":"https:\/\/sarmacjabedzin.pl\/wp-content\/uploads\/2026\/03\/Go\u0301rnik-social-www.jpg","datePublished":"2026-03-28T14:33:21+00:00","dateModified":"2026-03-28T14:41:38+00:00","author":{"@id":"https:\/\/sarmacjabedzin.pl\/#\/schema\/person\/5417ea7b03bcd9adf58298a2265ce03a"},"breadcrumb":{"@id":"https:\/\/sarmacjabedzin.pl\/index.php\/2026\/03\/28\/festiwal-bramek-w-bedzinie\/#breadcrumb"},"inLanguage":"pl-PL","potentialAction":[{"@type":"ReadAction","target":["https:\/\/sarmacjabedzin.pl\/index.php\/2026\/03\/28\/festiwal-bramek-w-bedzinie\/"]}]},{"@type":"ImageObject","inLanguage":"pl-PL","@id":"https:\/\/sarmacjabedzin.pl\/index.php\/2026\/03\/28\/festiwal-bramek-w-bedzinie\/#primaryimage","url":"https:\/\/sarmacjabedzin.pl\/wp-content\/uploads\/2026\/03\/Go\u0301rnik-social-www.jpg","contentUrl":"https:\/\/sarmacjabedzin.pl\/wp-content\/uploads\/2026\/03\/Go\u0301rnik-social-www.jpg","width":1920,"height":1280},{"@type":"BreadcrumbList","@id":"https:\/\/sarmacjabedzin.pl\/index.php\/2026\/03\/28\/festiwal-bramek-w-bedzinie\/#breadcrumb","itemListElement":[{"@type":"ListItem","position":1,"name":"Strona g\u0142\u00f3wna","item":"https:\/\/sarmacjabedzin.pl\/"},{"@type":"ListItem","position":2,"name":"Festiwal bramek w B\u0119dzinie!"}]},{"@type":"WebSite","@id":"https:\/\/sarmacjabedzin.pl\/#website","url":"https:\/\/sarmacjabedzin.pl\/","name":"BKS Sarmacja B\u0119dzin \u2013 Nieoficjalny serwis","description":"Nieoficjalny serwis B\u0119dzi\u0144skiego Klubu Sportowego &quot;Sarmacja&quot;","potentialAction":[{"@type":"SearchAction","target":{"@type":"EntryPoint","urlTemplate":"https:\/\/sarmacjabedzin.pl\/?s={search_term_string}"},"query-input":{"@type":"PropertyValueSpecification","valueRequired":true,"valueName":"search_term_string"}}],"inLanguage":"pl-PL"},{"@type":"Person","@id":"https:\/\/sarmacjabedzin.pl\/#\/schema\/person\/5417ea7b03bcd9adf58298a2265ce03a","name":"tyrtak","image":{"@type":"ImageObject","inLanguage":"pl-PL","@id":"https:\/\/sarmacjabedzin.pl\/#\/schema\/person\/image\/","url":"https:\/\/secure.gravatar.com\/avatar\/49b7734c6795cf524710e96813a9fedc1ae3816e479d92490236b4cfc47a5ae1?s=96&d=mm&r=g","contentUrl":"https:\/\/secure.gravatar.com\/avatar\/49b7734c6795cf524710e96813a9fedc1ae3816e479d92490236b4cfc47a5ae1?s=96&d=mm&r=g","caption":"tyrtak"}}]}},"rttpg_featured_image_url":{"full":["https:\/\/sarmacjabedzin.pl\/wp-content\/uploads\/2026\/03\/Go\u0301rnik-social-www.jpg",1920,1280,false],"landscape":["https:\/\/sarmacjabedzin.pl\/wp-content\/uploads\/2026\/03\/Go\u0301rnik-social-www.jpg",1920,1280,false],"portraits":["https:\/\/sarmacjabedzin.pl\/wp-content\/uploads\/2026\/03\/Go\u0301rnik-social-www.jpg",1920,1280,false],"thumbnail":["https:\/\/sarmacjabedzin.pl\/wp-content\/uploads\/2026\/03\/Go\u0301rnik-social-www.jpg",150,100,false],"medium":["https:\/\/sarmacjabedzin.pl\/wp-content\/uploads\/2026\/03\/Go\u0301rnik-social-www.jpg",300,200,false],"large":["https:\/\/sarmacjabedzin.pl\/wp-content\/uploads\/2026\/03\/Go\u0301rnik-social-www.jpg",1024,683,false],"1536x1536":["https:\/\/sarmacjabedzin.pl\/wp-content\/uploads\/2026\/03\/Go\u0301rnik-social-www.jpg",1536,1024,false],"2048x2048":["https:\/\/sarmacjabedzin.pl\/wp-content\/uploads\/2026\/03\/Go\u0301rnik-social-www.jpg",1920,1280,false],"sportspress-crop-medium":["https:\/\/sarmacjabedzin.pl\/wp-content\/uploads\/2026\/03\/Go\u0301rnik-social-www.jpg",300,200,false],"sportspress-fit-medium":["https:\/\/sarmacjabedzin.pl\/wp-content\/uploads\/2026\/03\/Go\u0301rnik-social-www.jpg",300,200,false],"sportspress-fit-icon":["https:\/\/sarmacjabedzin.pl\/wp-content\/uploads\/2026\/03\/Go\u0301rnik-social-www.jpg",128,85,false],"sportspress-fit-mini":["https:\/\/sarmacjabedzin.pl\/wp-content\/uploads\/2026\/03\/Go\u0301rnik-social-www.jpg",32,21,false],"ultp_layout_landscape_large":["https:\/\/sarmacjabedzin.pl\/wp-content\/uploads\/2026\/03\/Go\u0301rnik-social-www.jpg",1200,800,false],"ultp_layout_landscape":["https:\/\/sarmacjabedzin.pl\/wp-content\/uploads\/2026\/03\/Go\u0301rnik-social-www.jpg",855,570,false],"ultp_layout_portrait":["https:\/\/sarmacjabedzin.pl\/wp-content\/uploads\/2026\/03\/Go\u0301rnik-social-www.jpg",600,400,false],"ultp_layout_square":["https:\/\/sarmacjabedzin.pl\/wp-content\/uploads\/2026\/03\/Go\u0301rnik-social-www.jpg",600,400,false],"stm-1140-666":["https:\/\/sarmacjabedzin.pl\/wp-content\/uploads\/2026\/03\/Go\u0301rnik-social-www.jpg",999,666,false],"stm-1170-650":["https:\/\/sarmacjabedzin.pl\/wp-content\/uploads\/2026\/03\/Go\u0301rnik-social-www.jpg",975,650,false],"stm-570-350":["https:\/\/sarmacjabedzin.pl\/wp-content\/uploads\/2026\/03\/Go\u0301rnik-social-www.jpg",525,350,false],"stm-570-250":["https:\/\/sarmacjabedzin.pl\/wp-content\/uploads\/2026\/03\/Go\u0301rnik-social-www.jpg",375,250,false],"stm-270-370":["https:\/\/sarmacjabedzin.pl\/wp-content\/uploads\/2026\/03\/Go\u0301rnik-social-www.jpg",270,180,false],"stm-540-500":["https:\/\/sarmacjabedzin.pl\/wp-content\/uploads\/2026\/03\/Go\u0301rnik-social-www.jpg",540,360,false],"stm-270-530":["https:\/\/sarmacjabedzin.pl\/wp-content\/uploads\/2026\/03\/Go\u0301rnik-social-www.jpg",270,180,false],"stm-200-200":["https:\/\/sarmacjabedzin.pl\/wp-content\/uploads\/2026\/03\/Go\u0301rnik-social-www.jpg",200,133,false],"stm-85-105":["https:\/\/sarmacjabedzin.pl\/wp-content\/uploads\/2026\/03\/Go\u0301rnik-social-www.jpg",85,57,false],"stm-255-255":["https:\/\/sarmacjabedzin.pl\/wp-content\/uploads\/2026\/03\/Go\u0301rnik-social-www.jpg",255,170,false],"stm-360-240":["https:\/\/sarmacjabedzin.pl\/wp-content\/uploads\/2026\/03\/Go\u0301rnik-social-www.jpg",360,240,false],"stm-360-495":["https:\/\/sarmacjabedzin.pl\/wp-content\/uploads\/2026\/03\/Go\u0301rnik-social-www.jpg",360,240,false],"stm-445-400":["https:\/\/sarmacjabedzin.pl\/wp-content\/uploads\/2026\/03\/Go\u0301rnik-social-www.jpg",445,297,false],"stm-735-240":["https:\/\/sarmacjabedzin.pl\/wp-content\/uploads\/2026\/03\/Go\u0301rnik-social-www.jpg",360,240,false],"stm-255-183":["https:\/\/sarmacjabedzin.pl\/wp-content\/uploads\/2026\/03\/Go\u0301rnik-social-www.jpg",255,170,false],"stm-350-250":["https:\/\/sarmacjabedzin.pl\/wp-content\/uploads\/2026\/03\/Go\u0301rnik-social-www.jpg",350,233,false],"blog_list":["https:\/\/sarmacjabedzin.pl\/wp-content\/uploads\/2026\/03\/Go\u0301rnik-social-www.jpg",270,180,false],"blog_list_medium":["https:\/\/sarmacjabedzin.pl\/wp-content\/uploads\/2026\/03\/Go\u0301rnik-social-www.jpg",390,260,false],"gallery_thumbnail":["https:\/\/sarmacjabedzin.pl\/wp-content\/uploads\/2026\/03\/Go\u0301rnik-social-www.jpg",80,53,false],"gallery_image":["https:\/\/sarmacjabedzin.pl\/wp-content\/uploads\/2026\/03\/Go\u0301rnik-social-www.jpg",551,367,false],"gallery_image_mini":["https:\/\/sarmacjabedzin.pl\/wp-content\/uploads\/2026\/03\/Go\u0301rnik-social-www.jpg",143,95,false],"player_photo":["https:\/\/sarmacjabedzin.pl\/wp-content\/uploads\/2026\/03\/Go\u0301rnik-social-www.jpg",740,493,false],"team_logo":["https:\/\/sarmacjabedzin.pl\/wp-content\/uploads\/2026\/03\/Go\u0301rnik-social-www.jpg",98,65,false],"player_stat_ava":["https:\/\/sarmacjabedzin.pl\/wp-content\/uploads\/2026\/03\/Go\u0301rnik-social-www.jpg",550,367,false],"post-350-220":["https:\/\/sarmacjabedzin.pl\/wp-content\/uploads\/2026\/03\/Go\u0301rnik-social-www.jpg",330,220,false],"post-275-142":["https:\/\/sarmacjabedzin.pl\/wp-content\/uploads\/2026\/03\/Go\u0301rnik-social-www.jpg",213,142,false],"post-160-120":["https:\/\/sarmacjabedzin.pl\/wp-content\/uploads\/2026\/03\/Go\u0301rnik-social-www.jpg",160,107,false],"post-110-70":["https:\/\/sarmacjabedzin.pl\/wp-content\/uploads\/2026\/03\/Go\u0301rnik-social-www.jpg",105,70,false],"post-770-450":["https:\/\/sarmacjabedzin.pl\/wp-content\/uploads\/2026\/03\/Go\u0301rnik-social-www.jpg",675,450,false],"post-370-210":["https:\/\/sarmacjabedzin.pl\/wp-content\/uploads\/2026\/03\/Go\u0301rnik-social-www.jpg",315,210,false],"post-457-470":["https:\/\/sarmacjabedzin.pl\/wp-content\/uploads\/2026\/03\/Go\u0301rnik-social-www.jpg",457,305,false],"post-370-420":["https:\/\/sarmacjabedzin.pl\/wp-content\/uploads\/2026\/03\/Go\u0301rnik-social-www.jpg",370,247,false],"stm-445-445":["https:\/\/sarmacjabedzin.pl\/wp-content\/uploads\/2026\/03\/Go\u0301rnik-social-www.jpg",445,297,false],"stm-555-460":["https:\/\/sarmacjabedzin.pl\/wp-content\/uploads\/2026\/03\/Go\u0301rnik-social-www.jpg",555,370,false],"stm-350-450":["https:\/\/sarmacjabedzin.pl\/wp-content\/uploads\/2026\/03\/Go\u0301rnik-social-www.jpg",350,233,false],"stm-720-440":["https:\/\/sarmacjabedzin.pl\/wp-content\/uploads\/2026\/03\/Go\u0301rnik-social-www.jpg",660,440,false],"stm-270-270":["https:\/\/sarmacjabedzin.pl\/wp-content\/uploads\/2026\/03\/Go\u0301rnik-social-www.jpg",270,180,false],"stm-760-450":["https:\/\/sarmacjabedzin.pl\/wp-content\/uploads\/2026\/03\/Go\u0301rnik-social-www.jpg",675,450,false]},"rttpg_author":{"display_name":"tyrtak","author_link":false},"rttpg_comment":0,"rttpg_category":"<a href=\"https:\/\/sarmacjabedzin.pl\/index.php\/category\/soccer\/\" rel=\"category tag\">Liga<\/a> <a href=\"https:\/\/sarmacjabedzin.pl\/index.php\/category\/soccer\/relacja-z-meczu\/\" rel=\"category tag\">Relacja z meczu<\/a>","rttpg_excerpt":"W sobot\u0119, 28 marca 2026 roku o godzinie 11:00, pi\u0142karze Sarmacji B\u0119dzin rozegrali na w\u0142asnym stadionie spotkanie 18 kolejki ligowej, w kt\u00f3rym zmierzyli si\u0119 z dru\u017cyn\u0105 G\u00f3rnika Sosnowiec. Go\u015bcie z dorobkiem 11 punkt\u00f3w zajmowali 14 miejsce w tabeli, natomiast b\u0119dzinianie, zasiadaj\u0105cy na fotelu lidera, mi\u0119li na swoim koncie 42 oczka. W ostatniej kolejce ligowej G\u00f3rnik...","_links":{"self":[{"href":"https:\/\/sarmacjabedzin.pl\/index.php\/wp-json\/wp\/v2\/posts\/9964","targetHints":{"allow":["GET"]}}],"collection":[{"href":"https:\/\/sarmacjabedzin.pl\/index.php\/wp-json\/wp\/v2\/posts"}],"about":[{"href":"https:\/\/sarmacjabedzin.pl\/index.php\/wp-json\/wp\/v2\/types\/post"}],"author":[{"embeddable":true,"href":"https:\/\/sarmacjabedzin.pl\/index.php\/wp-json\/wp\/v2\/users\/1"}],"replies":[{"embeddable":true,"href":"https:\/\/sarmacjabedzin.pl\/index.php\/wp-json\/wp\/v2\/comments?post=9964"}],"version-history":[{"count":3,"href":"https:\/\/sarmacjabedzin.pl\/index.php\/wp-json\/wp\/v2\/posts\/9964\/revisions"}],"predecessor-version":[{"id":9970,"href":"https:\/\/sarmacjabedzin.pl\/index.php\/wp-json\/wp\/v2\/posts\/9964\/revisions\/9970"}],"wp:featuredmedia":[{"embeddable":true,"href":"https:\/\/sarmacjabedzin.pl\/index.php\/wp-json\/wp\/v2\/media\/9965"}],"wp:attachment":[{"href":"https:\/\/sarmacjabedzin.pl\/index.php\/wp-json\/wp\/v2\/media?parent=9964"}],"wp:term":[{"taxonomy":"category","embeddable":true,"href":"https:\/\/sarmacjabedzin.pl\/index.php\/wp-json\/wp\/v2\/categories?post=9964"},{"taxonomy":"post_tag","embeddable":true,"href":"https:\/\/sarmacjabedzin.pl\/index.php\/wp-json\/wp\/v2\/tags?post=9964"}],"curies":[{"name":"wp","href":"https:\/\/api.w.org\/{rel}","templated":true}]}}